{"id":107901,"date":"2023-04-03T19:38:00","date_gmt":"2023-04-03T22:38:00","guid":{"rendered":"https:\/\/www.blogsoestado.com\/danielmatos\/?p=107901"},"modified":"2023-04-03T19:38:00","modified_gmt":"2023-04-03T22:38:00","slug":"prefeito-julinho-e-condenado-pela-justica-federal-a-por-fim-a-invasoes-na-orla-de-sao-jose-de-ribamar","status":"publish","type":"post","link":"https:\/\/www.blogsoestado.com\/danielmatos\/prefeito-julinho-e-condenado-pela-justica-federal-a-por-fim-a-invasoes-na-orla-de-sao-jose-de-ribamar\/","title":{"rendered":"Prefeito Julinho \u00e9 condenado pela Justi\u00e7a Federal a por fim a invas\u00f5es na orla de S\u00e3o Jos\u00e9 de Ribamar"},"content":{"rendered":"\n<p><strong><span class=\"has-inline-color has-vivid-red-color\">Gestor municipal est\u00e1 sujeito ao pagamento de multa di\u00e1ria de R$ 100 mil em caso de descumprimento da decis\u00e3o, que<\/span><\/strong><span class=\"has-inline-color has-vivid-red-color\" style=\"\"><b> \u00e9 fruto de a\u00e7\u00e3o ajuizada pelo Minist\u00e9rio P\u00fablico Federal em defesa do meio ambiente local<\/b><\/span><\/p>\n\n\n\n<div class=\"wp-block-image\"><figure class=\"aligncenter size-large\"><a href=\"https:\/\/www.blogsoestado.com\/danielmatos\/files\/2023\/04\/Screenshot_20230403-1939442.png\"><img decoding=\"async\" src=\"https:\/\/www.blogsoestado.com\/danielmatos\/files\/2023\/04\/Screenshot_20230403-1939442.png\" alt=\"\" class=\"wp-image-107904\"\/><\/a><figcaption>Praia de Ju\u00e7atuba \u00e9 alvo frequente de invas\u00f5es, facilitadas pela falta de fiscaliza\u00e7\u00e3o, o que legou \u00e0 condena\u00e7\u00e3o da Prefeitura de S\u00e3o Jos\u00e9 de Ribamar pela Justi\u00e7a Federal <\/figcaption><\/figure><\/div>\n\n\n\n<p>O Minist\u00e9rio P\u00fablico Federal (MPF) obteve senten\u00e7a condenat\u00f3ria determinando \u00e0 Uni\u00e3o e ao Munic\u00edpio de S\u00e3o Jos\u00e9 de Ribamar (MA), cujo prefeito \u00e9 o m\u00e9dico J\u00falio Matos, conhecido como Dr. Julinho, que adotem medidas para cessar qualquer ocupa\u00e7\u00e3o indevida em \u00c1rea de Preserva\u00e7\u00e3o Permanente (APP) ou faixa de praia em trecho localizado no povoado de Ju\u00e7atuba, compreendendo as regi\u00f5es costeiras conhecidas como Aribuau, da Mo\u00e7a e da Unicamping, no litoral maranhense, na ilha de S\u00e3o Lu\u00eds.<\/p>\n\n\n\n<p>A decis\u00e3o aponta, em especial, a edifica\u00e7\u00e3o de casas e estabelecimentos comerciais, a coloca\u00e7\u00e3o de muros, cercas e quaisquer outras benfeitorias nas dunas e nas praias ali situadas, inclusive mantendo fiscaliza\u00e7\u00e3o permanente do espa\u00e7o e adotando medidas afetas ao poder de pol\u00edcia.<\/p>\n\n\n\n<p>A senten\u00e7a \u00e9 resultado de a\u00e7\u00e3o civil p\u00fablica (ACP), com pedido de tutela de urg\u00eancia, ajuizada pelo MPF e que tem por objetivo o reconhecimento de responsabilidade civil \u2014 de natureza ambiental \u2014 que decorre da ocupa\u00e7\u00e3o irregular e venda ilegal de terras de terrenos de marinha e seus acrescidos e \u00e1rea de mangue naquela localidade. Al\u00e9m disso, a ACP aponta a aus\u00eancia de livre acesso \u00e0 praia, em raz\u00e3o de constru\u00e7\u00f5es indevidas e omiss\u00e3o do munic\u00edpio em adotar provid\u00eancias para o controle da ocupa\u00e7\u00e3o.<\/p>\n\n\n\n<p>Por fim, a Uni\u00e3o e o Munic\u00edpio de S\u00e3o Jos\u00e9 de Ribamar tamb\u00e9m foram condenados a:<\/p>\n\n\n\n<p>\u2022 identificar, de maneira detalhada, os ocupantes dessas edifica\u00e7\u00f5es, benfeitorias ou lotes (inclusive quanto ao fundamento da posse no local);<br \/>\u2022 retirar as cercas em faixas de praia e colocar placas indicando que a faixa de praia \u00e9 da Uni\u00e3o, indicando tamb\u00e9m a proibi\u00e7\u00e3o da edifica\u00e7\u00e3o em \u00e1reas de preserva\u00e7\u00e3o permanente;<br \/>\u2022 delimitar faixas de acesso \u00e0 praia, de forma a garantir o livre acesso de bem de uso comum do povo, inclusive em face dos particulares que eventualmente estejam a colocar obst\u00e1culos \u00e0 passagem, com a ado\u00e7\u00e3o de provid\u00eancias administrativas e judiciais necess\u00e1rias<br \/><br \/>Em caso de descumprimento, os r\u00e9us estar\u00e3o sujeitos ao pagamento de multa di\u00e1ria no valor de R$ 100 mil.<\/p>\n\n\n\n<p><a href=\"https:\/\/www.mpf.mp.br\/ma\/sala-de-imprensa\/docs\/processo-0025031-53-2016-4-01.3700\" target=\"_blank\" rel=\"noreferrer noopener\">\u00cdntegra&nbsp;<\/a>da senten\u00e7a.<\/p>\n","protected":false},"excerpt":{"rendered":"<p>Gestor municipal est\u00e1 sujeito ao pagamento de multa di\u00e1ria de R$ 100 mil em caso de descumprimento da decis\u00e3o, que [&hellip;]<\/p>\n","protected":false},"author":0,"featured_media":0,"comment_status":"open","ping_status":"open","sticky":false,"template":"","format":"standard","meta":{"site-sidebar-layout":"default","site-content-layout":"","ast-site-content-layout":"default","site-content-style":"default","site-sidebar-style":"default","ast-global-header-display":"","ast-banner-title-visibility":"","ast-main-header-display":"","ast-hfb-above-header-display":"","ast-hfb-below-header-display":"","ast-hfb-mobile-header-display":"","site-post-title":"","ast-breadcrumbs-content":"","ast-featured-img":"","footer-sml-layout":"","ast-disable-related-posts":"","theme-transparent-header-meta":"","adv-header-id-meta":"","stick-header-meta":"","header-above-stick-meta":"","header-main-stick-meta":"","header-below-stick-meta":"","astra-migrate-meta-layouts":"default","ast-page-background-enabled":"default","ast-page-background-meta":{"desktop":{"background-color":"var(--ast-global-color-5)","background-image":"","background-repeat":"repeat","background-position":"center center","background-size":"auto","background-attachment":"scroll","background-type":"","background-media":"","overlay-type":"","overlay-color":"","overlay-opacity":"","overlay-gradient":""},"tablet":{"background-color":"","background-image":"","background-repeat":"repeat","background-position":"center center","background-size":"auto","background-attachment":"scroll","background-type":"","background-media":"","overlay-type":"","overlay-color":"","overlay-opacity":"","overlay-gradient":""},"mobile":{"background-color":"","background-image":"","background-repeat":"repeat","background-position":"center center","background-size":"auto","background-attachment":"scroll","background-type":"","background-media":"","overlay-type":"","overlay-color":"","overlay-opacity":"","overlay-gradient":""}},"ast-content-background-meta":{"desktop":{"background-color":"var(--ast-global-color-4)","background-image":"","background-repeat":"repeat","background-position":"center center","background-size":"auto","background-attachment":"scroll","background-type":"","background-media":"","overlay-type":"","overlay-color":"","overlay-opacity":"","overlay-gradient":""},"tablet":{"background-color":"var(--ast-global-color-4)","background-image":"","background-repeat":"repeat","background-position":"center center","background-size":"auto","background-attachment":"scroll","background-type":"","background-media":"","overlay-type":"","overlay-color":"","overlay-opacity":"","overlay-gradient":""},"mobile":{"background-color":"var(--ast-global-color-4)","background-image":"","background-repeat":"repeat","background-position":"center center","background-size":"auto","background-attachment":"scroll","background-type":"","background-media":"","overlay-type":"","overlay-color":"","overlay-opacity":"","overlay-gradient":""}},"footnotes":""},"categories":[1],"tags":[],"class_list":["post-107901","post","type-post","status-publish","format-standard","hentry","category-sem-categoria"],"yoast_head":"<!-- This site is optimized with the Yoast SEO plugin v26.6 - https:\/\/yoast.com\/wordpress\/plugins\/seo\/ -->\n<title>Prefeito Julinho \u00e9 condenado pela Justi\u00e7a Federal a por fim a invas\u00f5es na orla de S\u00e3o Jos\u00e9 de Ribamar - Daniel Matos<\/title>\n<meta name=\"robots\" content=\"index, follow, max-snippet:-1, max-image-preview:large, max-video-preview:-1\" \/>\n<link rel=\"canonical\" href=\"https:\/\/www.blogsoestado.com\/danielmatos\/prefeito-julinho-e-condenado-pela-justica-federal-a-por-fim-a-invasoes-na-orla-de-sao-jose-de-ribamar\/\" \/>\n<meta property=\"og:locale\" content=\"pt_BR\" \/>\n<meta property=\"og:type\" content=\"article\" \/>\n<meta property=\"og:title\" content=\"Prefeito Julinho \u00e9 condenado pela Justi\u00e7a Federal a por fim a invas\u00f5es na orla de S\u00e3o Jos\u00e9 de Ribamar - Daniel Matos\" \/>\n<meta property=\"og:description\" content=\"Gestor municipal est\u00e1 sujeito ao pagamento de multa di\u00e1ria de R$ 100 mil em caso de descumprimento da decis\u00e3o, que [&hellip;]\" \/>\n<meta property=\"og:url\" content=\"https:\/\/www.blogsoestado.com\/danielmatos\/prefeito-julinho-e-condenado-pela-justica-federal-a-por-fim-a-invasoes-na-orla-de-sao-jose-de-ribamar\/\" \/>\n<meta property=\"og:site_name\" content=\"Daniel Matos\" \/>\n<meta property=\"article:published_time\" content=\"2023-04-03T22:38:00+00:00\" \/>\n<meta property=\"og:image\" content=\"https:\/\/www.blogsoestado.com\/danielmatos\/files\/2023\/04\/Screenshot_20230403-1939442.png\" \/>\n<meta name=\"twitter:card\" content=\"summary_large_image\" \/>\n<meta name=\"twitter:label1\" content=\"Est. tempo de leitura\" \/>\n\t<meta name=\"twitter:data1\" content=\"2 minutos\" \/>\n<script type=\"application\/ld+json\" class=\"yoast-schema-graph\">{\"@context\":\"https:\/\/schema.org\",\"@graph\":[{\"@type\":\"WebPage\",\"@id\":\"https:\/\/www.blogsoestado.com\/danielmatos\/prefeito-julinho-e-condenado-pela-justica-federal-a-por-fim-a-invasoes-na-orla-de-sao-jose-de-ribamar\/\",\"url\":\"https:\/\/www.blogsoestado.com\/danielmatos\/prefeito-julinho-e-condenado-pela-justica-federal-a-por-fim-a-invasoes-na-orla-de-sao-jose-de-ribamar\/\",\"name\":\"Prefeito Julinho \u00e9 condenado pela Justi\u00e7a Federal a por fim a invas\u00f5es na orla de S\u00e3o Jos\u00e9 de Ribamar - Daniel Matos\",\"isPartOf\":{\"@id\":\"https:\/\/www.blogsoestado.com\/danielmatos\/#website\"},\"primaryImageOfPage\":{\"@id\":\"https:\/\/www.blogsoestado.com\/danielmatos\/prefeito-julinho-e-condenado-pela-justica-federal-a-por-fim-a-invasoes-na-orla-de-sao-jose-de-ribamar\/#primaryimage\"},\"image\":{\"@id\":\"https:\/\/www.blogsoestado.com\/danielmatos\/prefeito-julinho-e-condenado-pela-justica-federal-a-por-fim-a-invasoes-na-orla-de-sao-jose-de-ribamar\/#primaryimage\"},\"thumbnailUrl\":\"https:\/\/www.blogsoestado.com\/danielmatos\/files\/2023\/04\/Screenshot_20230403-1939442.png\",\"datePublished\":\"2023-04-03T22:38:00+00:00\",\"author\":{\"@id\":\"\"},\"breadcrumb\":{\"@id\":\"https:\/\/www.blogsoestado.com\/danielmatos\/prefeito-julinho-e-condenado-pela-justica-federal-a-por-fim-a-invasoes-na-orla-de-sao-jose-de-ribamar\/#breadcrumb\"},\"inLanguage\":\"pt-BR\",\"potentialAction\":[{\"@type\":\"ReadAction\",\"target\":[\"https:\/\/www.blogsoestado.com\/danielmatos\/prefeito-julinho-e-condenado-pela-justica-federal-a-por-fim-a-invasoes-na-orla-de-sao-jose-de-ribamar\/\"]}]},{\"@type\":\"ImageObject\",\"inLanguage\":\"pt-BR\",\"@id\":\"https:\/\/www.blogsoestado.com\/danielmatos\/prefeito-julinho-e-condenado-pela-justica-federal-a-por-fim-a-invasoes-na-orla-de-sao-jose-de-ribamar\/#primaryimage\",\"url\":\"https:\/\/www.blogsoestado.com\/danielmatos\/files\/2023\/04\/Screenshot_20230403-1939442.png\",\"contentUrl\":\"https:\/\/www.blogsoestado.com\/danielmatos\/files\/2023\/04\/Screenshot_20230403-1939442.png\"},{\"@type\":\"BreadcrumbList\",\"@id\":\"https:\/\/www.blogsoestado.com\/danielmatos\/prefeito-julinho-e-condenado-pela-justica-federal-a-por-fim-a-invasoes-na-orla-de-sao-jose-de-ribamar\/#breadcrumb\",\"itemListElement\":[{\"@type\":\"ListItem\",\"position\":1,\"name\":\"In\u00edcio\",\"item\":\"https:\/\/www.blogsoestado.com\/danielmatos\/\"},{\"@type\":\"ListItem\",\"position\":2,\"name\":\"Prefeito Julinho \u00e9 condenado pela Justi\u00e7a Federal a por fim a invas\u00f5es na orla de S\u00e3o Jos\u00e9 de Ribamar\"}]},{\"@type\":\"WebSite\",\"@id\":\"https:\/\/www.blogsoestado.com\/danielmatos\/#website\",\"url\":\"https:\/\/www.blogsoestado.com\/danielmatos\/\",\"name\":\"Daniel Matos\",\"description\":\"\",\"potentialAction\":[{\"@type\":\"SearchAction\",\"target\":{\"@type\":\"EntryPoint\",\"urlTemplate\":\"https:\/\/www.blogsoestado.com\/danielmatos\/?s={search_term_string}\"},\"query-input\":{\"@type\":\"PropertyValueSpecification\",\"valueRequired\":true,\"valueName\":\"search_term_string\"}}],\"inLanguage\":\"pt-BR\"}]}<\/script>\n<!-- \/ Yoast SEO plugin. -->","yoast_head_json":{"title":"Prefeito Julinho \u00e9 condenado pela Justi\u00e7a Federal a por fim a invas\u00f5es na orla de S\u00e3o Jos\u00e9 de Ribamar - Daniel Matos","robots":{"index":"index","follow":"follow","max-snippet":"max-snippet:-1","max-image-preview":"max-image-preview:large","max-video-preview":"max-video-preview:-1"},"canonical":"https:\/\/www.blogsoestado.com\/danielmatos\/prefeito-julinho-e-condenado-pela-justica-federal-a-por-fim-a-invasoes-na-orla-de-sao-jose-de-ribamar\/","og_locale":"pt_BR","og_type":"article","og_title":"Prefeito Julinho \u00e9 condenado pela Justi\u00e7a Federal a por fim a invas\u00f5es na orla de S\u00e3o Jos\u00e9 de Ribamar - Daniel Matos","og_description":"Gestor municipal est\u00e1 sujeito ao pagamento de multa di\u00e1ria de R$ 100 mil em caso de descumprimento da decis\u00e3o, que [&hellip;]","og_url":"https:\/\/www.blogsoestado.com\/danielmatos\/prefeito-julinho-e-condenado-pela-justica-federal-a-por-fim-a-invasoes-na-orla-de-sao-jose-de-ribamar\/","og_site_name":"Daniel Matos","article_published_time":"2023-04-03T22:38:00+00:00","og_image":[{"url":"https:\/\/www.blogsoestado.com\/danielmatos\/files\/2023\/04\/Screenshot_20230403-1939442.png","type":"","width":"","height":""}],"twitter_card":"summary_large_image","twitter_misc":{"Est. tempo de leitura":"2 minutos"},"schema":{"@context":"https:\/\/schema.org","@graph":[{"@type":"WebPage","@id":"https:\/\/www.blogsoestado.com\/danielmatos\/prefeito-julinho-e-condenado-pela-justica-federal-a-por-fim-a-invasoes-na-orla-de-sao-jose-de-ribamar\/","url":"https:\/\/www.blogsoestado.com\/danielmatos\/prefeito-julinho-e-condenado-pela-justica-federal-a-por-fim-a-invasoes-na-orla-de-sao-jose-de-ribamar\/","name":"Prefeito Julinho \u00e9 condenado pela Justi\u00e7a Federal a por fim a invas\u00f5es na orla de S\u00e3o Jos\u00e9 de Ribamar - Daniel Matos","isPartOf":{"@id":"https:\/\/www.blogsoestado.com\/danielmatos\/#website"},"primaryImageOfPage":{"@id":"https:\/\/www.blogsoestado.com\/danielmatos\/prefeito-julinho-e-condenado-pela-justica-federal-a-por-fim-a-invasoes-na-orla-de-sao-jose-de-ribamar\/#primaryimage"},"image":{"@id":"https:\/\/www.blogsoestado.com\/danielmatos\/prefeito-julinho-e-condenado-pela-justica-federal-a-por-fim-a-invasoes-na-orla-de-sao-jose-de-ribamar\/#primaryimage"},"thumbnailUrl":"https:\/\/www.blogsoestado.com\/danielmatos\/files\/2023\/04\/Screenshot_20230403-1939442.png","datePublished":"2023-04-03T22:38:00+00:00","author":{"@id":""},"breadcrumb":{"@id":"https:\/\/www.blogsoestado.com\/danielmatos\/prefeito-julinho-e-condenado-pela-justica-federal-a-por-fim-a-invasoes-na-orla-de-sao-jose-de-ribamar\/#breadcrumb"},"inLanguage":"pt-BR","potentialAction":[{"@type":"ReadAction","target":["https:\/\/www.blogsoestado.com\/danielmatos\/prefeito-julinho-e-condenado-pela-justica-federal-a-por-fim-a-invasoes-na-orla-de-sao-jose-de-ribamar\/"]}]},{"@type":"ImageObject","inLanguage":"pt-BR","@id":"https:\/\/www.blogsoestado.com\/danielmatos\/prefeito-julinho-e-condenado-pela-justica-federal-a-por-fim-a-invasoes-na-orla-de-sao-jose-de-ribamar\/#primaryimage","url":"https:\/\/www.blogsoestado.com\/danielmatos\/files\/2023\/04\/Screenshot_20230403-1939442.png","contentUrl":"https:\/\/www.blogsoestado.com\/danielmatos\/files\/2023\/04\/Screenshot_20230403-1939442.png"},{"@type":"BreadcrumbList","@id":"https:\/\/www.blogsoestado.com\/danielmatos\/prefeito-julinho-e-condenado-pela-justica-federal-a-por-fim-a-invasoes-na-orla-de-sao-jose-de-ribamar\/#breadcrumb","itemListElement":[{"@type":"ListItem","position":1,"name":"In\u00edcio","item":"https:\/\/www.blogsoestado.com\/danielmatos\/"},{"@type":"ListItem","position":2,"name":"Prefeito Julinho \u00e9 condenado pela Justi\u00e7a Federal a por fim a invas\u00f5es na orla de S\u00e3o Jos\u00e9 de Ribamar"}]},{"@type":"WebSite","@id":"https:\/\/www.blogsoestado.com\/danielmatos\/#website","url":"https:\/\/www.blogsoestado.com\/danielmatos\/","name":"Daniel Matos","description":"","potentialAction":[{"@type":"SearchAction","target":{"@type":"EntryPoint","urlTemplate":"https:\/\/www.blogsoestado.com\/danielmatos\/?s={search_term_string}"},"query-input":{"@type":"PropertyValueSpecification","valueRequired":true,"valueName":"search_term_string"}}],"inLanguage":"pt-BR"}]}},"jetpack_featured_media_url":"","_links":{"self":[{"href":"https:\/\/www.blogsoestado.com\/danielmatos\/wp-json\/wp\/v2\/posts\/107901","targetHints":{"allow":["GET"]}}],"collection":[{"href":"https:\/\/www.blogsoestado.com\/danielmatos\/wp-json\/wp\/v2\/posts"}],"about":[{"href":"https:\/\/www.blogsoestado.com\/danielmatos\/wp-json\/wp\/v2\/types\/post"}],"replies":[{"embeddable":true,"href":"https:\/\/www.blogsoestado.com\/danielmatos\/wp-json\/wp\/v2\/comments?post=107901"}],"version-history":[{"count":0,"href":"https:\/\/www.blogsoestado.com\/danielmatos\/wp-json\/wp\/v2\/posts\/107901\/revisions"}],"wp:attachment":[{"href":"https:\/\/www.blogsoestado.com\/danielmatos\/wp-json\/wp\/v2\/media?parent=107901"}],"wp:term":[{"taxonomy":"category","embeddable":true,"href":"https:\/\/www.blogsoestado.com\/danielmatos\/wp-json\/wp\/v2\/categories?post=107901"},{"taxonomy":"post_tag","embeddable":true,"href":"https:\/\/www.blogsoestado.com\/danielmatos\/wp-json\/wp\/v2\/tags?post=107901"}],"curies":[{"name":"wp","href":"https:\/\/api.w.org\/{rel}","templated":true}]}}