{"id":107932,"date":"2023-04-04T11:00:00","date_gmt":"2023-04-04T14:00:00","guid":{"rendered":"https:\/\/www.blogsoestado.com\/danielmatos\/?p=107932"},"modified":"2023-04-04T11:00:00","modified_gmt":"2023-04-04T14:00:00","slug":"estudantes-com-transtorno-do-espectro-autista-visitam-parque-ambiental-da-alumar","status":"publish","type":"post","link":"https:\/\/www.blogsoestado.com\/danielmatos\/estudantes-com-transtorno-do-espectro-autista-visitam-parque-ambiental-da-alumar\/","title":{"rendered":"Estudantes com transtorno do espectro autista visitam Parque Ambiental da Alumar"},"content":{"rendered":"\n<div class=\"wp-block-image\"><figure class=\"aligncenter size-large\"><a href=\"https:\/\/www.blogsoestado.com\/danielmatos\/files\/2023\/04\/Screenshot_20230404-1106292.png\"><img decoding=\"async\" src=\"https:\/\/www.blogsoestado.com\/danielmatos\/files\/2023\/04\/Screenshot_20230404-1106292.png\" alt=\"\" class=\"wp-image-107935\"\/><\/a><figcaption>Acompanhados pelas monitoras do Parque Ambiental, os estudantes e professores participaram de atividades recreativas, oficinas ambientais e da trilha ecol\u00f3gica do marfim, especialmente a al\u00e7a do Pequi<\/figcaption><\/figure><\/div>\n\n\n\n<p>\u201cMais do que um passeio, foi uma oportunidade de promover intera\u00e7\u00f5es, trocas de experi\u00eancias e est\u00edmulo sensorial em meio a um cen\u00e1rio exuberante e de educa\u00e7\u00e3o ambiental\u201d. Assim, definiu a professora de Recursos, Helena Duarte, coordenadora de um grupo de 40 estudantes, dos quais a metade \u00e9 autista, do Centro de Ensino C\u00f4nego Ribamar Carvalho, ao mencionar o resultado da visita ao Parque Ambiental da Alumar. A a\u00e7\u00e3o aconteceu na \u00faltima quarta-feira, dia 28 de mar\u00e7o, e faz parte da programa\u00e7\u00e3o da escola ao Dia Mundial da Conscientiza\u00e7\u00e3o do Autismo, data comemorada em 02 de abril.<\/p>\n\n\n\n<p>Acompanhados pelas monitoras do Parque Ambiental, os estudantes e professores participaram de atividades recreativas, oficinas ambientais e da trilha ecol\u00f3gica do marfim, especialmente a al\u00e7a do Pequi. Ao final, a garotada tamb\u00e9m se divertiu com lanches oferecido pelo Parque.<\/p>\n\n\n\n<p>\u201cEstamos duplamente felizes em receber os estudantes do C\u00f4nego Ribamar Carvalho: primeiro, porque estamos inclu\u00eddos na programa\u00e7\u00e3o escolar do Dia de Conscientiza\u00e7\u00e3o do Autismo; segundo, por constatar que o Parque Ambiental Alumar cumpre com o seu prop\u00f3sito de equidade social, sobretudo, por ser um espa\u00e7o de conserva\u00e7\u00e3o ambiental criado pela Alumar, de forma volunt\u00e1ria, para a comunidade de S\u00e3o Lu\u00eds\u201d, disse a Gerente de Rela\u00e7\u00f5es Institucionais e Seguran\u00e7a Empresarial, Dulcimar Soares.<\/p>\n\n\n\n<p>A estudante Manuele Cristine, 16 anos, ressaltou a import\u00e2ncia da visita. \u201cAqui, a gente observa o que aprendeu na escola sobre a flora e fauna\u201d, disse ela, acrescentando a participa\u00e7\u00e3o dos estudantes autistas, \u201cal\u00e9m de ter sido divertido, acho que esse contato com a natureza vai ajud\u00e1-los de alguma forma no conv\u00edvio social\u201d, afirmou.<\/p>\n\n\n\n<p>Celebrada em 2 de abril, o Dia Mundial da Conscientiza\u00e7\u00e3o do Autismo foi institu\u00eddo pela Organiza\u00e7\u00e3o das Na\u00e7\u00f5es Unidas (ONU) para informar sobre o autismo e reduzir a discrimina\u00e7\u00e3o e o preconceito em rela\u00e7\u00e3o \u00e0s pessoas afetadas pelo transtorno.<\/p>\n","protected":false},"excerpt":{"rendered":"<p>\u201cMais do que um passeio, foi uma oportunidade de promover intera\u00e7\u00f5es, trocas de experi\u00eancias e est\u00edmulo sensorial em meio a [&hellip;]<\/p>\n","protected":false},"author":0,"featured_media":0,"comment_status":"open","ping_status":"open","sticky":false,"template":"","format":"standard","meta":{"site-sidebar-layout":"default","site-content-layout":"","ast-site-content-layout":"default","site-content-style":"default","site-sidebar-style":"default","ast-global-header-display":"","ast-banner-title-visibility":"","ast-main-header-display":"","ast-hfb-above-header-display":"","ast-hfb-below-header-display":"","ast-hfb-mobile-header-display":"","site-post-title":"","ast-breadcrumbs-content":"","ast-featured-img":"","footer-sml-layout":"","ast-disable-related-posts":"","theme-transparent-header-meta":"","adv-header-id-meta":"","stick-header-meta":"","header-above-stick-meta":"","header-main-stick-meta":"","header-below-stick-meta":"","astra-migrate-meta-layouts":"default","ast-page-background-enabled":"default","ast-page-background-meta":{"desktop":{"background-color":"var(--ast-global-color-5)","background-image":"","background-repeat":"repeat","background-position":"center center","background-size":"auto","background-attachment":"scroll","background-type":"","background-media":"","overlay-type":"","overlay-color":"","overlay-opacity":"","overlay-gradient":""},"tablet":{"background-color":"","background-image":"","background-repeat":"repeat","background-position":"center center","background-size":"auto","background-attachment":"scroll","background-type":"","background-media":"","overlay-type":"","overlay-color":"","overlay-opacity":"","overlay-gradient":""},"mobile":{"background-color":"","background-image":"","background-repeat":"repeat","background-position":"center center","background-size":"auto","background-attachment":"scroll","background-type":"","background-media":"","overlay-type":"","overlay-color":"","overlay-opacity":"","overlay-gradient":""}},"ast-content-background-meta":{"desktop":{"background-color":"var(--ast-global-color-4)","background-image":"","background-repeat":"repeat","background-position":"center center","background-size":"auto","background-attachment":"scroll","background-type":"","background-media":"","overlay-type":"","overlay-color":"","overlay-opacity":"","overlay-gradient":""},"tablet":{"background-color":"var(--ast-global-color-4)","background-image":"","background-repeat":"repeat","background-position":"center center","background-size":"auto","background-attachment":"scroll","background-type":"","background-media":"","overlay-type":"","overlay-color":"","overlay-opacity":"","overlay-gradient":""},"mobile":{"background-color":"var(--ast-global-color-4)","background-image":"","background-repeat":"repeat","background-position":"center center","background-size":"auto","background-attachment":"scroll","background-type":"","background-media":"","overlay-type":"","overlay-color":"","overlay-opacity":"","overlay-gradient":""}},"footnotes":""},"categories":[1],"tags":[],"class_list":["post-107932","post","type-post","status-publish","format-standard","hentry","category-sem-categoria"],"yoast_head":"<!-- This site is optimized with the Yoast SEO plugin v26.6 - https:\/\/yoast.com\/wordpress\/plugins\/seo\/ -->\n<title>Estudantes com transtorno do espectro autista visitam Parque Ambiental da Alumar - Daniel Matos<\/title>\n<meta name=\"robots\" content=\"index, follow, max-snippet:-1, max-image-preview:large, max-video-preview:-1\" \/>\n<link rel=\"canonical\" href=\"https:\/\/www.blogsoestado.com\/danielmatos\/estudantes-com-transtorno-do-espectro-autista-visitam-parque-ambiental-da-alumar\/\" \/>\n<meta property=\"og:locale\" content=\"pt_BR\" \/>\n<meta property=\"og:type\" content=\"article\" \/>\n<meta property=\"og:title\" content=\"Estudantes com transtorno do espectro autista visitam Parque Ambiental da Alumar - Daniel Matos\" \/>\n<meta property=\"og:description\" content=\"\u201cMais do que um passeio, foi uma oportunidade de promover intera\u00e7\u00f5es, trocas de experi\u00eancias e est\u00edmulo sensorial em meio a [&hellip;]\" \/>\n<meta property=\"og:url\" content=\"https:\/\/www.blogsoestado.com\/danielmatos\/estudantes-com-transtorno-do-espectro-autista-visitam-parque-ambiental-da-alumar\/\" \/>\n<meta property=\"og:site_name\" content=\"Daniel Matos\" \/>\n<meta property=\"article:published_time\" content=\"2023-04-04T14:00:00+00:00\" \/>\n<meta property=\"og:image\" content=\"https:\/\/www.blogsoestado.com\/danielmatos\/files\/2023\/04\/Screenshot_20230404-1106292.png\" \/>\n<meta name=\"twitter:card\" content=\"summary_large_image\" \/>\n<meta name=\"twitter:label1\" content=\"Est. tempo de leitura\" \/>\n\t<meta name=\"twitter:data1\" content=\"2 minutos\" \/>\n<script type=\"application\/ld+json\" class=\"yoast-schema-graph\">{\"@context\":\"https:\/\/schema.org\",\"@graph\":[{\"@type\":\"WebPage\",\"@id\":\"https:\/\/www.blogsoestado.com\/danielmatos\/estudantes-com-transtorno-do-espectro-autista-visitam-parque-ambiental-da-alumar\/\",\"url\":\"https:\/\/www.blogsoestado.com\/danielmatos\/estudantes-com-transtorno-do-espectro-autista-visitam-parque-ambiental-da-alumar\/\",\"name\":\"Estudantes com transtorno do espectro autista visitam Parque Ambiental da Alumar - Daniel Matos\",\"isPartOf\":{\"@id\":\"https:\/\/www.blogsoestado.com\/danielmatos\/#website\"},\"primaryImageOfPage\":{\"@id\":\"https:\/\/www.blogsoestado.com\/danielmatos\/estudantes-com-transtorno-do-espectro-autista-visitam-parque-ambiental-da-alumar\/#primaryimage\"},\"image\":{\"@id\":\"https:\/\/www.blogsoestado.com\/danielmatos\/estudantes-com-transtorno-do-espectro-autista-visitam-parque-ambiental-da-alumar\/#primaryimage\"},\"thumbnailUrl\":\"https:\/\/www.blogsoestado.com\/danielmatos\/files\/2023\/04\/Screenshot_20230404-1106292.png\",\"datePublished\":\"2023-04-04T14:00:00+00:00\",\"author\":{\"@id\":\"\"},\"breadcrumb\":{\"@id\":\"https:\/\/www.blogsoestado.com\/danielmatos\/estudantes-com-transtorno-do-espectro-autista-visitam-parque-ambiental-da-alumar\/#breadcrumb\"},\"inLanguage\":\"pt-BR\",\"potentialAction\":[{\"@type\":\"ReadAction\",\"target\":[\"https:\/\/www.blogsoestado.com\/danielmatos\/estudantes-com-transtorno-do-espectro-autista-visitam-parque-ambiental-da-alumar\/\"]}]},{\"@type\":\"ImageObject\",\"inLanguage\":\"pt-BR\",\"@id\":\"https:\/\/www.blogsoestado.com\/danielmatos\/estudantes-com-transtorno-do-espectro-autista-visitam-parque-ambiental-da-alumar\/#primaryimage\",\"url\":\"https:\/\/www.blogsoestado.com\/danielmatos\/files\/2023\/04\/Screenshot_20230404-1106292.png\",\"contentUrl\":\"https:\/\/www.blogsoestado.com\/danielmatos\/files\/2023\/04\/Screenshot_20230404-1106292.png\"},{\"@type\":\"BreadcrumbList\",\"@id\":\"https:\/\/www.blogsoestado.com\/danielmatos\/estudantes-com-transtorno-do-espectro-autista-visitam-parque-ambiental-da-alumar\/#breadcrumb\",\"itemListElement\":[{\"@type\":\"ListItem\",\"position\":1,\"name\":\"In\u00edcio\",\"item\":\"https:\/\/www.blogsoestado.com\/danielmatos\/\"},{\"@type\":\"ListItem\",\"position\":2,\"name\":\"Estudantes com transtorno do espectro autista visitam Parque Ambiental da Alumar\"}]},{\"@type\":\"WebSite\",\"@id\":\"https:\/\/www.blogsoestado.com\/danielmatos\/#website\",\"url\":\"https:\/\/www.blogsoestado.com\/danielmatos\/\",\"name\":\"Daniel Matos\",\"description\":\"\",\"potentialAction\":[{\"@type\":\"SearchAction\",\"target\":{\"@type\":\"EntryPoint\",\"urlTemplate\":\"https:\/\/www.blogsoestado.com\/danielmatos\/?s={search_term_string}\"},\"query-input\":{\"@type\":\"PropertyValueSpecification\",\"valueRequired\":true,\"valueName\":\"search_term_string\"}}],\"inLanguage\":\"pt-BR\"}]}<\/script>\n<!-- \/ Yoast SEO plugin. -->","yoast_head_json":{"title":"Estudantes com transtorno do espectro autista visitam Parque Ambiental da Alumar - Daniel Matos","robots":{"index":"index","follow":"follow","max-snippet":"max-snippet:-1","max-image-preview":"max-image-preview:large","max-video-preview":"max-video-preview:-1"},"canonical":"https:\/\/www.blogsoestado.com\/danielmatos\/estudantes-com-transtorno-do-espectro-autista-visitam-parque-ambiental-da-alumar\/","og_locale":"pt_BR","og_type":"article","og_title":"Estudantes com transtorno do espectro autista visitam Parque Ambiental da Alumar - Daniel Matos","og_description":"\u201cMais do que um passeio, foi uma oportunidade de promover intera\u00e7\u00f5es, trocas de experi\u00eancias e est\u00edmulo sensorial em meio a [&hellip;]","og_url":"https:\/\/www.blogsoestado.com\/danielmatos\/estudantes-com-transtorno-do-espectro-autista-visitam-parque-ambiental-da-alumar\/","og_site_name":"Daniel Matos","article_published_time":"2023-04-04T14:00:00+00:00","og_image":[{"url":"https:\/\/www.blogsoestado.com\/danielmatos\/files\/2023\/04\/Screenshot_20230404-1106292.png","type":"","width":"","height":""}],"twitter_card":"summary_large_image","twitter_misc":{"Est. tempo de leitura":"2 minutos"},"schema":{"@context":"https:\/\/schema.org","@graph":[{"@type":"WebPage","@id":"https:\/\/www.blogsoestado.com\/danielmatos\/estudantes-com-transtorno-do-espectro-autista-visitam-parque-ambiental-da-alumar\/","url":"https:\/\/www.blogsoestado.com\/danielmatos\/estudantes-com-transtorno-do-espectro-autista-visitam-parque-ambiental-da-alumar\/","name":"Estudantes com transtorno do espectro autista visitam Parque Ambiental da Alumar - Daniel Matos","isPartOf":{"@id":"https:\/\/www.blogsoestado.com\/danielmatos\/#website"},"primaryImageOfPage":{"@id":"https:\/\/www.blogsoestado.com\/danielmatos\/estudantes-com-transtorno-do-espectro-autista-visitam-parque-ambiental-da-alumar\/#primaryimage"},"image":{"@id":"https:\/\/www.blogsoestado.com\/danielmatos\/estudantes-com-transtorno-do-espectro-autista-visitam-parque-ambiental-da-alumar\/#primaryimage"},"thumbnailUrl":"https:\/\/www.blogsoestado.com\/danielmatos\/files\/2023\/04\/Screenshot_20230404-1106292.png","datePublished":"2023-04-04T14:00:00+00:00","author":{"@id":""},"breadcrumb":{"@id":"https:\/\/www.blogsoestado.com\/danielmatos\/estudantes-com-transtorno-do-espectro-autista-visitam-parque-ambiental-da-alumar\/#breadcrumb"},"inLanguage":"pt-BR","potentialAction":[{"@type":"ReadAction","target":["https:\/\/www.blogsoestado.com\/danielmatos\/estudantes-com-transtorno-do-espectro-autista-visitam-parque-ambiental-da-alumar\/"]}]},{"@type":"ImageObject","inLanguage":"pt-BR","@id":"https:\/\/www.blogsoestado.com\/danielmatos\/estudantes-com-transtorno-do-espectro-autista-visitam-parque-ambiental-da-alumar\/#primaryimage","url":"https:\/\/www.blogsoestado.com\/danielmatos\/files\/2023\/04\/Screenshot_20230404-1106292.png","contentUrl":"https:\/\/www.blogsoestado.com\/danielmatos\/files\/2023\/04\/Screenshot_20230404-1106292.png"},{"@type":"BreadcrumbList","@id":"https:\/\/www.blogsoestado.com\/danielmatos\/estudantes-com-transtorno-do-espectro-autista-visitam-parque-ambiental-da-alumar\/#breadcrumb","itemListElement":[{"@type":"ListItem","position":1,"name":"In\u00edcio","item":"https:\/\/www.blogsoestado.com\/danielmatos\/"},{"@type":"ListItem","position":2,"name":"Estudantes com transtorno do espectro autista visitam Parque Ambiental da Alumar"}]},{"@type":"WebSite","@id":"https:\/\/www.blogsoestado.com\/danielmatos\/#website","url":"https:\/\/www.blogsoestado.com\/danielmatos\/","name":"Daniel Matos","description":"","potentialAction":[{"@type":"SearchAction","target":{"@type":"EntryPoint","urlTemplate":"https:\/\/www.blogsoestado.com\/danielmatos\/?s={search_term_string}"},"query-input":{"@type":"PropertyValueSpecification","valueRequired":true,"valueName":"search_term_string"}}],"inLanguage":"pt-BR"}]}},"jetpack_featured_media_url":"","_links":{"self":[{"href":"https:\/\/www.blogsoestado.com\/danielmatos\/wp-json\/wp\/v2\/posts\/107932","targetHints":{"allow":["GET"]}}],"collection":[{"href":"https:\/\/www.blogsoestado.com\/danielmatos\/wp-json\/wp\/v2\/posts"}],"about":[{"href":"https:\/\/www.blogsoestado.com\/danielmatos\/wp-json\/wp\/v2\/types\/post"}],"replies":[{"embeddable":true,"href":"https:\/\/www.blogsoestado.com\/danielmatos\/wp-json\/wp\/v2\/comments?post=107932"}],"version-history":[{"count":0,"href":"https:\/\/www.blogsoestado.com\/danielmatos\/wp-json\/wp\/v2\/posts\/107932\/revisions"}],"wp:attachment":[{"href":"https:\/\/www.blogsoestado.com\/danielmatos\/wp-json\/wp\/v2\/media?parent=107932"}],"wp:term":[{"taxonomy":"category","embeddable":true,"href":"https:\/\/www.blogsoestado.com\/danielmatos\/wp-json\/wp\/v2\/categories?post=107932"},{"taxonomy":"post_tag","embeddable":true,"href":"https:\/\/www.blogsoestado.com\/danielmatos\/wp-json\/wp\/v2\/tags?post=107932"}],"curies":[{"name":"wp","href":"https:\/\/api.w.org\/{rel}","templated":true}]}}