{"id":107949,"date":"2023-04-04T17:28:28","date_gmt":"2023-04-04T20:28:28","guid":{"rendered":"https:\/\/www.blogsoestado.com\/danielmatos\/?p=107949"},"modified":"2023-04-04T17:28:28","modified_gmt":"2023-04-04T20:28:28","slug":"decisao-inedita-no-maranhao-criancas-vao-morar-com-pai-e-mae-de-forma-alternada-no-imovel-da-familia-apos-separacao-do-casal","status":"publish","type":"post","link":"https:\/\/www.blogsoestado.com\/danielmatos\/decisao-inedita-no-maranhao-criancas-vao-morar-com-pai-e-mae-de-forma-alternada-no-imovel-da-familia-apos-separacao-do-casal\/","title":{"rendered":"Decis\u00e3o in\u00e9dita no Maranh\u00e3o: crian\u00e7as v\u00e3o morar com pai e m\u00e3e de forma alternada no im\u00f3vel da fam\u00edlia ap\u00f3s separa\u00e7\u00e3o do casal"},"content":{"rendered":"\n<div class=\"wp-block-image\"><figure class=\"aligncenter size-large\"><a href=\"https:\/\/www.blogsoestado.com\/danielmatos\/files\/2023\/04\/Screenshot_20230404-1729522.png\"><img decoding=\"async\" src=\"https:\/\/www.blogsoestado.com\/danielmatos\/files\/2023\/04\/Screenshot_20230404-1729522.png\" alt=\"\" class=\"wp-image-107952\"\/><\/a><\/figure><\/div>\n\n\n\n<p>Um acordo firmado esta semana entre \u00a0o pai e a m\u00e3e de duas crian\u00e7as, no Centro de Concilia\u00e7\u00e3o e Media\u00e7\u00e3o de Fam\u00edlia do F\u00f3rum Des. Sarney Costa (Calhau), garantiu a guarda compartilhada, na modalidade ninho (guarda nidal). A medida, in\u00e9dita no Maranh\u00e3o, \u00e9 resultado de a\u00e7\u00e3o de reconhecimento e dissolu\u00e7\u00e3o de uni\u00e3o est\u00e1vel com guarda e alimentos, proposta pelo casal. Com a decis\u00e3o, as\u00a0 filhas \u2013 de seis e dois anos de idade \u2013 continuam morando na resid\u00eancia onde o casal vivia, alternando-se a presen\u00e7a dos genitores.<\/p>\n\n\n\n<p>A coordenadora do Centro de Concilia\u00e7\u00e3o, ju\u00edza Joseane de Jesus Corr\u00eaa Bezerra, titular da 3\u00aa Vara de Fam\u00edlia de S\u00e3o Lu\u00eds, que homologou, por senten\u00e7a, o desejo dos pais das duas crian\u00e7as, explica que a guarda compartilhada na modalidade nidal (ninho), ocorre quando o casal termina o casamento, sai do im\u00f3vel e as crian\u00e7as permanecem na casa que servia de resid\u00eancia \u00e0 fam\u00edlia, mantendo toda a rotina e estrutura dos filhos e os genitores ficam se revezando na casa, conforme os dias estabelecidos para cada um.<\/p>\n\n\n\n<p>A magistrada destaca que os pais passam a ter a obriga\u00e7\u00e3o de ir para onde as filhas permanecem. E, segundo a ju\u00edza, isso s\u00f3 \u00e9 poss\u00edvel quando h\u00e1 uma condi\u00e7\u00e3o financeira e maturidade do casal para que o princ\u00edpio do superior interesse das crian\u00e7as seja efetivado. \u201cEsses pais, com maturidade emocional, conscientes de que os la\u00e7os conjugais se extinguiram, mas os la\u00e7os parentais permanecem para sempre, as crian\u00e7as n\u00e3o sofrem tanto com a mudan\u00e7a de vida e aus\u00eancia dos pais, como quando essa guarda compartilhada ou unilateral a resid\u00eancia das crian\u00e7as \u00e9 fixada pelo domic\u00edlio de um dos genitores, que \u00e9 o guardi\u00e3o\u201d, explicou.<\/p>\n\n\n\n<p>A ju\u00edza Joseane de Jesus Corr\u00eaa disse que a guarda nidal, tamb\u00e9m chamada de aninhamento, \u00e9 muito favor\u00e1vel e bastante utilizada em pa\u00edses da Europa e nos Estados Unidos. No Maranh\u00e3o \u00e9 a primeira guarda concedida nessa modalidade. \u201cEsse casal \u00e9 maduro e respons\u00e1vel, optando por manter as filhas com essa possibilidade de n\u00e3o haver uma mudan\u00e7a efetiva na rotina das crian\u00e7as que moram com os pais, apenas alternando a presen\u00e7a de cada um na resid\u00eancia\u201d, afirmou.<\/p>\n\n\n\n<p>Os pais arcar\u00e3o, cada um, com as despesas das filhas, referentes a alimentos, moradia, escola, material de higiene e limpeza, lazer, sa\u00fade, entre outras, conforme ficou estabelecido em comum acordo. Na senten\u00e7a, a ju\u00edza destaca que os principais objetivos dos genitores ao escolherem a guarda nidal \u00e9 proporcionar \u00e0s crian\u00e7as estrutura consciente para a continuidade da vida familiar apesar da separa\u00e7\u00e3o do casal, propiciar seguran\u00e7a e estabilidade aos filhos e eliminar quaisquer conflitos oriundos do fim do matrim\u00f4nio.<\/p>\n","protected":false},"excerpt":{"rendered":"<p>Um acordo firmado esta semana entre \u00a0o pai e a m\u00e3e de duas crian\u00e7as, no Centro de Concilia\u00e7\u00e3o e Media\u00e7\u00e3o [&hellip;]<\/p>\n","protected":false},"author":0,"featured_media":0,"comment_status":"open","ping_status":"open","sticky":false,"template":"","format":"standard","meta":{"site-sidebar-layout":"default","site-content-layout":"","ast-site-content-layout":"default","site-content-style":"default","site-sidebar-style":"default","ast-global-header-display":"","ast-banner-title-visibility":"","ast-main-header-display":"","ast-hfb-above-header-display":"","ast-hfb-below-header-display":"","ast-hfb-mobile-header-display":"","site-post-title":"","ast-breadcrumbs-content":"","ast-featured-img":"","footer-sml-layout":"","ast-disable-related-posts":"","theme-transparent-header-meta":"","adv-header-id-meta":"","stick-header-meta":"","header-above-stick-meta":"","header-main-stick-meta":"","header-below-stick-meta":"","astra-migrate-meta-layouts":"default","ast-page-background-enabled":"default","ast-page-background-meta":{"desktop":{"background-color":"var(--ast-global-color-5)","background-image":"","background-repeat":"repeat","background-position":"center center","background-size":"auto","background-attachment":"scroll","background-type":"","background-media":"","overlay-type":"","overlay-color":"","overlay-opacity":"","overlay-gradient":""},"tablet":{"background-color":"","background-image":"","background-repeat":"repeat","background-position":"center center","background-size":"auto","background-attachment":"scroll","background-type":"","background-media":"","overlay-type":"","overlay-color":"","overlay-opacity":"","overlay-gradient":""},"mobile":{"background-color":"","background-image":"","background-repeat":"repeat","background-position":"center center","background-size":"auto","background-attachment":"scroll","background-type":"","background-media":"","overlay-type":"","overlay-color":"","overlay-opacity":"","overlay-gradient":""}},"ast-content-background-meta":{"desktop":{"background-color":"var(--ast-global-color-4)","background-image":"","background-repeat":"repeat","background-position":"center center","background-size":"auto","background-attachment":"scroll","background-type":"","background-media":"","overlay-type":"","overlay-color":"","overlay-opacity":"","overlay-gradient":""},"tablet":{"background-color":"var(--ast-global-color-4)","background-image":"","background-repeat":"repeat","background-position":"center center","background-size":"auto","background-attachment":"scroll","background-type":"","background-media":"","overlay-type":"","overlay-color":"","overlay-opacity":"","overlay-gradient":""},"mobile":{"background-color":"var(--ast-global-color-4)","background-image":"","background-repeat":"repeat","background-position":"center center","background-size":"auto","background-attachment":"scroll","background-type":"","background-media":"","overlay-type":"","overlay-color":"","overlay-opacity":"","overlay-gradient":""}},"footnotes":""},"categories":[1],"tags":[],"class_list":["post-107949","post","type-post","status-publish","format-standard","hentry","category-sem-categoria"],"yoast_head":"<!-- This site is optimized with the Yoast SEO plugin v26.6 - https:\/\/yoast.com\/wordpress\/plugins\/seo\/ -->\n<title>Decis\u00e3o in\u00e9dita no Maranh\u00e3o: crian\u00e7as v\u00e3o morar com pai e m\u00e3e de forma alternada no im\u00f3vel da fam\u00edlia ap\u00f3s separa\u00e7\u00e3o do casal - Daniel Matos<\/title>\n<meta name=\"robots\" content=\"index, follow, max-snippet:-1, max-image-preview:large, max-video-preview:-1\" \/>\n<link rel=\"canonical\" href=\"https:\/\/www.blogsoestado.com\/danielmatos\/decisao-inedita-no-maranhao-criancas-vao-morar-com-pai-e-mae-de-forma-alternada-no-imovel-da-familia-apos-separacao-do-casal\/\" \/>\n<meta property=\"og:locale\" content=\"pt_BR\" \/>\n<meta property=\"og:type\" content=\"article\" \/>\n<meta property=\"og:title\" content=\"Decis\u00e3o in\u00e9dita no Maranh\u00e3o: crian\u00e7as v\u00e3o morar com pai e m\u00e3e de forma alternada no im\u00f3vel da fam\u00edlia ap\u00f3s separa\u00e7\u00e3o do casal - Daniel Matos\" \/>\n<meta property=\"og:description\" content=\"Um acordo firmado esta semana entre \u00a0o pai e a m\u00e3e de duas crian\u00e7as, no Centro de Concilia\u00e7\u00e3o e Media\u00e7\u00e3o [&hellip;]\" \/>\n<meta property=\"og:url\" content=\"https:\/\/www.blogsoestado.com\/danielmatos\/decisao-inedita-no-maranhao-criancas-vao-morar-com-pai-e-mae-de-forma-alternada-no-imovel-da-familia-apos-separacao-do-casal\/\" \/>\n<meta property=\"og:site_name\" content=\"Daniel Matos\" \/>\n<meta property=\"article:published_time\" content=\"2023-04-04T20:28:28+00:00\" \/>\n<meta property=\"og:image\" content=\"https:\/\/www.blogsoestado.com\/danielmatos\/files\/2023\/04\/Screenshot_20230404-1729522.png\" \/>\n<meta name=\"twitter:card\" content=\"summary_large_image\" \/>\n<meta name=\"twitter:label1\" content=\"Est. tempo de leitura\" \/>\n\t<meta name=\"twitter:data1\" content=\"3 minutos\" \/>\n<script type=\"application\/ld+json\" class=\"yoast-schema-graph\">{\"@context\":\"https:\/\/schema.org\",\"@graph\":[{\"@type\":\"WebPage\",\"@id\":\"https:\/\/www.blogsoestado.com\/danielmatos\/decisao-inedita-no-maranhao-criancas-vao-morar-com-pai-e-mae-de-forma-alternada-no-imovel-da-familia-apos-separacao-do-casal\/\",\"url\":\"https:\/\/www.blogsoestado.com\/danielmatos\/decisao-inedita-no-maranhao-criancas-vao-morar-com-pai-e-mae-de-forma-alternada-no-imovel-da-familia-apos-separacao-do-casal\/\",\"name\":\"Decis\u00e3o in\u00e9dita no Maranh\u00e3o: crian\u00e7as v\u00e3o morar com pai e m\u00e3e de forma alternada no im\u00f3vel da fam\u00edlia ap\u00f3s separa\u00e7\u00e3o do casal - Daniel Matos\",\"isPartOf\":{\"@id\":\"https:\/\/www.blogsoestado.com\/danielmatos\/#website\"},\"primaryImageOfPage\":{\"@id\":\"https:\/\/www.blogsoestado.com\/danielmatos\/decisao-inedita-no-maranhao-criancas-vao-morar-com-pai-e-mae-de-forma-alternada-no-imovel-da-familia-apos-separacao-do-casal\/#primaryimage\"},\"image\":{\"@id\":\"https:\/\/www.blogsoestado.com\/danielmatos\/decisao-inedita-no-maranhao-criancas-vao-morar-com-pai-e-mae-de-forma-alternada-no-imovel-da-familia-apos-separacao-do-casal\/#primaryimage\"},\"thumbnailUrl\":\"https:\/\/www.blogsoestado.com\/danielmatos\/files\/2023\/04\/Screenshot_20230404-1729522.png\",\"datePublished\":\"2023-04-04T20:28:28+00:00\",\"author\":{\"@id\":\"\"},\"breadcrumb\":{\"@id\":\"https:\/\/www.blogsoestado.com\/danielmatos\/decisao-inedita-no-maranhao-criancas-vao-morar-com-pai-e-mae-de-forma-alternada-no-imovel-da-familia-apos-separacao-do-casal\/#breadcrumb\"},\"inLanguage\":\"pt-BR\",\"potentialAction\":[{\"@type\":\"ReadAction\",\"target\":[\"https:\/\/www.blogsoestado.com\/danielmatos\/decisao-inedita-no-maranhao-criancas-vao-morar-com-pai-e-mae-de-forma-alternada-no-imovel-da-familia-apos-separacao-do-casal\/\"]}]},{\"@type\":\"ImageObject\",\"inLanguage\":\"pt-BR\",\"@id\":\"https:\/\/www.blogsoestado.com\/danielmatos\/decisao-inedita-no-maranhao-criancas-vao-morar-com-pai-e-mae-de-forma-alternada-no-imovel-da-familia-apos-separacao-do-casal\/#primaryimage\",\"url\":\"https:\/\/www.blogsoestado.com\/danielmatos\/files\/2023\/04\/Screenshot_20230404-1729522.png\",\"contentUrl\":\"https:\/\/www.blogsoestado.com\/danielmatos\/files\/2023\/04\/Screenshot_20230404-1729522.png\"},{\"@type\":\"BreadcrumbList\",\"@id\":\"https:\/\/www.blogsoestado.com\/danielmatos\/decisao-inedita-no-maranhao-criancas-vao-morar-com-pai-e-mae-de-forma-alternada-no-imovel-da-familia-apos-separacao-do-casal\/#breadcrumb\",\"itemListElement\":[{\"@type\":\"ListItem\",\"position\":1,\"name\":\"In\u00edcio\",\"item\":\"https:\/\/www.blogsoestado.com\/danielmatos\/\"},{\"@type\":\"ListItem\",\"position\":2,\"name\":\"Decis\u00e3o in\u00e9dita no Maranh\u00e3o: crian\u00e7as v\u00e3o morar com pai e m\u00e3e de forma alternada no im\u00f3vel da fam\u00edlia ap\u00f3s separa\u00e7\u00e3o do casal\"}]},{\"@type\":\"WebSite\",\"@id\":\"https:\/\/www.blogsoestado.com\/danielmatos\/#website\",\"url\":\"https:\/\/www.blogsoestado.com\/danielmatos\/\",\"name\":\"Daniel Matos\",\"description\":\"\",\"potentialAction\":[{\"@type\":\"SearchAction\",\"target\":{\"@type\":\"EntryPoint\",\"urlTemplate\":\"https:\/\/www.blogsoestado.com\/danielmatos\/?s={search_term_string}\"},\"query-input\":{\"@type\":\"PropertyValueSpecification\",\"valueRequired\":true,\"valueName\":\"search_term_string\"}}],\"inLanguage\":\"pt-BR\"}]}<\/script>\n<!-- \/ Yoast SEO plugin. -->","yoast_head_json":{"title":"Decis\u00e3o in\u00e9dita no Maranh\u00e3o: crian\u00e7as v\u00e3o morar com pai e m\u00e3e de forma alternada no im\u00f3vel da fam\u00edlia ap\u00f3s separa\u00e7\u00e3o do casal - Daniel Matos","robots":{"index":"index","follow":"follow","max-snippet":"max-snippet:-1","max-image-preview":"max-image-preview:large","max-video-preview":"max-video-preview:-1"},"canonical":"https:\/\/www.blogsoestado.com\/danielmatos\/decisao-inedita-no-maranhao-criancas-vao-morar-com-pai-e-mae-de-forma-alternada-no-imovel-da-familia-apos-separacao-do-casal\/","og_locale":"pt_BR","og_type":"article","og_title":"Decis\u00e3o in\u00e9dita no Maranh\u00e3o: crian\u00e7as v\u00e3o morar com pai e m\u00e3e de forma alternada no im\u00f3vel da fam\u00edlia ap\u00f3s separa\u00e7\u00e3o do casal - Daniel Matos","og_description":"Um acordo firmado esta semana entre \u00a0o pai e a m\u00e3e de duas crian\u00e7as, no Centro de Concilia\u00e7\u00e3o e Media\u00e7\u00e3o [&hellip;]","og_url":"https:\/\/www.blogsoestado.com\/danielmatos\/decisao-inedita-no-maranhao-criancas-vao-morar-com-pai-e-mae-de-forma-alternada-no-imovel-da-familia-apos-separacao-do-casal\/","og_site_name":"Daniel Matos","article_published_time":"2023-04-04T20:28:28+00:00","og_image":[{"url":"https:\/\/www.blogsoestado.com\/danielmatos\/files\/2023\/04\/Screenshot_20230404-1729522.png","type":"","width":"","height":""}],"twitter_card":"summary_large_image","twitter_misc":{"Est. tempo de leitura":"3 minutos"},"schema":{"@context":"https:\/\/schema.org","@graph":[{"@type":"WebPage","@id":"https:\/\/www.blogsoestado.com\/danielmatos\/decisao-inedita-no-maranhao-criancas-vao-morar-com-pai-e-mae-de-forma-alternada-no-imovel-da-familia-apos-separacao-do-casal\/","url":"https:\/\/www.blogsoestado.com\/danielmatos\/decisao-inedita-no-maranhao-criancas-vao-morar-com-pai-e-mae-de-forma-alternada-no-imovel-da-familia-apos-separacao-do-casal\/","name":"Decis\u00e3o in\u00e9dita no Maranh\u00e3o: crian\u00e7as v\u00e3o morar com pai e m\u00e3e de forma alternada no im\u00f3vel da fam\u00edlia ap\u00f3s separa\u00e7\u00e3o do casal - Daniel Matos","isPartOf":{"@id":"https:\/\/www.blogsoestado.com\/danielmatos\/#website"},"primaryImageOfPage":{"@id":"https:\/\/www.blogsoestado.com\/danielmatos\/decisao-inedita-no-maranhao-criancas-vao-morar-com-pai-e-mae-de-forma-alternada-no-imovel-da-familia-apos-separacao-do-casal\/#primaryimage"},"image":{"@id":"https:\/\/www.blogsoestado.com\/danielmatos\/decisao-inedita-no-maranhao-criancas-vao-morar-com-pai-e-mae-de-forma-alternada-no-imovel-da-familia-apos-separacao-do-casal\/#primaryimage"},"thumbnailUrl":"https:\/\/www.blogsoestado.com\/danielmatos\/files\/2023\/04\/Screenshot_20230404-1729522.png","datePublished":"2023-04-04T20:28:28+00:00","author":{"@id":""},"breadcrumb":{"@id":"https:\/\/www.blogsoestado.com\/danielmatos\/decisao-inedita-no-maranhao-criancas-vao-morar-com-pai-e-mae-de-forma-alternada-no-imovel-da-familia-apos-separacao-do-casal\/#breadcrumb"},"inLanguage":"pt-BR","potentialAction":[{"@type":"ReadAction","target":["https:\/\/www.blogsoestado.com\/danielmatos\/decisao-inedita-no-maranhao-criancas-vao-morar-com-pai-e-mae-de-forma-alternada-no-imovel-da-familia-apos-separacao-do-casal\/"]}]},{"@type":"ImageObject","inLanguage":"pt-BR","@id":"https:\/\/www.blogsoestado.com\/danielmatos\/decisao-inedita-no-maranhao-criancas-vao-morar-com-pai-e-mae-de-forma-alternada-no-imovel-da-familia-apos-separacao-do-casal\/#primaryimage","url":"https:\/\/www.blogsoestado.com\/danielmatos\/files\/2023\/04\/Screenshot_20230404-1729522.png","contentUrl":"https:\/\/www.blogsoestado.com\/danielmatos\/files\/2023\/04\/Screenshot_20230404-1729522.png"},{"@type":"BreadcrumbList","@id":"https:\/\/www.blogsoestado.com\/danielmatos\/decisao-inedita-no-maranhao-criancas-vao-morar-com-pai-e-mae-de-forma-alternada-no-imovel-da-familia-apos-separacao-do-casal\/#breadcrumb","itemListElement":[{"@type":"ListItem","position":1,"name":"In\u00edcio","item":"https:\/\/www.blogsoestado.com\/danielmatos\/"},{"@type":"ListItem","position":2,"name":"Decis\u00e3o in\u00e9dita no Maranh\u00e3o: crian\u00e7as v\u00e3o morar com pai e m\u00e3e de forma alternada no im\u00f3vel da fam\u00edlia ap\u00f3s separa\u00e7\u00e3o do casal"}]},{"@type":"WebSite","@id":"https:\/\/www.blogsoestado.com\/danielmatos\/#website","url":"https:\/\/www.blogsoestado.com\/danielmatos\/","name":"Daniel Matos","description":"","potentialAction":[{"@type":"SearchAction","target":{"@type":"EntryPoint","urlTemplate":"https:\/\/www.blogsoestado.com\/danielmatos\/?s={search_term_string}"},"query-input":{"@type":"PropertyValueSpecification","valueRequired":true,"valueName":"search_term_string"}}],"inLanguage":"pt-BR"}]}},"jetpack_featured_media_url":"","_links":{"self":[{"href":"https:\/\/www.blogsoestado.com\/danielmatos\/wp-json\/wp\/v2\/posts\/107949","targetHints":{"allow":["GET"]}}],"collection":[{"href":"https:\/\/www.blogsoestado.com\/danielmatos\/wp-json\/wp\/v2\/posts"}],"about":[{"href":"https:\/\/www.blogsoestado.com\/danielmatos\/wp-json\/wp\/v2\/types\/post"}],"replies":[{"embeddable":true,"href":"https:\/\/www.blogsoestado.com\/danielmatos\/wp-json\/wp\/v2\/comments?post=107949"}],"version-history":[{"count":0,"href":"https:\/\/www.blogsoestado.com\/danielmatos\/wp-json\/wp\/v2\/posts\/107949\/revisions"}],"wp:attachment":[{"href":"https:\/\/www.blogsoestado.com\/danielmatos\/wp-json\/wp\/v2\/media?parent=107949"}],"wp:term":[{"taxonomy":"category","embeddable":true,"href":"https:\/\/www.blogsoestado.com\/danielmatos\/wp-json\/wp\/v2\/categories?post=107949"},{"taxonomy":"post_tag","embeddable":true,"href":"https:\/\/www.blogsoestado.com\/danielmatos\/wp-json\/wp\/v2\/tags?post=107949"}],"curies":[{"name":"wp","href":"https:\/\/api.w.org\/{rel}","templated":true}]}}