{"id":107957,"date":"2023-04-04T19:03:22","date_gmt":"2023-04-04T22:03:22","guid":{"rendered":"https:\/\/www.blogsoestado.com\/danielmatos\/?p=107957"},"modified":"2023-04-04T19:03:22","modified_gmt":"2023-04-04T22:03:22","slug":"justica-libera-saida-temporaria-na-semana-santa-a-quase-800-presos-na-ilha-de-sao-luis","status":"publish","type":"post","link":"https:\/\/www.blogsoestado.com\/danielmatos\/justica-libera-saida-temporaria-na-semana-santa-a-quase-800-presos-na-ilha-de-sao-luis\/","title":{"rendered":"Justi\u00e7a libera sa\u00edda tempor\u00e1ria na Semana Santa a quase 800 presos na Ilha de S\u00e3o Lu\u00eds"},"content":{"rendered":"\n<div class=\"wp-block-image\"><figure class=\"aligncenter size-large\"><a href=\"https:\/\/www.blogsoestado.com\/danielmatos\/files\/2023\/04\/Screenshot_20230404-1913452.png\"><img decoding=\"async\" src=\"https:\/\/www.blogsoestado.com\/danielmatos\/files\/2023\/04\/Screenshot_20230404-1913452.png\" alt=\"\" class=\"wp-image-107960\"\/><\/a><\/figure><\/div>\n\n\n\n<p>O juiz Rommel Cruz Vi\u00e9gas (1\u00aa Vara das Execu\u00e7\u00f5es Penais de S\u00e3o Lu\u00eds) comunicou ao sistema penitenci\u00e1rio a sa\u00edda tempor\u00e1ria de P\u00e1scoa de 787 pessoas presas, para visita aos familiares, conforme a lei. A sa\u00edda ocorre a partir das 9h desta quarta-feira, 5, e encerrar\u00e1 \u00e0s\u00a018h de ter\u00e7a-feira, dia 11 de abril. O juiz determinou aos diretores dos estabelecimentos prisionais da Ilha de S\u00e3o Lu\u00eds comunicar \u00e0 vara sobre o retorno ou n\u00e3o dos internos at\u00e9 as 12h de 14 de abril.<\/p>\n\n\n\n<p>A libera\u00e7\u00e3o tempor\u00e1ria de homens e mulheres da pris\u00e3o cumpre decis\u00e3o judicial em processos de execu\u00e7\u00e3o penal que concederam o benef\u00edcio individual da sa\u00edda tempor\u00e1ria, aos que preencheram as exig\u00eancias dos artigos 122 e 123 da Lei de Execu\u00e7\u00e3o Penal (n\u00ba 7.210\/84).<\/p>\n\n\n\n<p><strong>COMPORTAMENTO ADEQUADO<\/strong><\/p>\n\n\n\n<p>O juiz concede&nbsp;o benef\u00edcio, ap\u00f3s ouvir o Minist\u00e9rio P\u00fablico e a administra\u00e7\u00e3o penitenci\u00e1ria, aos que tiveram \u201ccomportamento adequado\u201d; cumpriram o m\u00ednimo de um sexto da pena, se condenado prim\u00e1rio, e um quarto, se reincidente; e, ainda, por haver compatibilidade do benef\u00edcio com os objetivos da pena.&nbsp;Ao comunicar a medida \u00e0 Secretaria de Administra\u00e7\u00e3o Penitenci\u00e1ria (SEAP), o juiz ressaltou que somente ter\u00e1 direito ao benef\u00edcio as pessoas que n\u00e3o estiverem presas por outros motivos.<\/p>\n\n\n\n<p><strong>CALEND\u00c1RIO DE SA\u00cdDAS TEMPOR\u00c1RIAS<\/strong><\/p>\n\n\n\n<p>De acordo com o calend\u00e1rio da 1\u00aa Vara de Execu\u00e7\u00f5es Penais, as sa\u00eddas tempor\u00e1rias, no sistema penitenci\u00e1rio da Comarca da Ilha de S\u00e3o Lu\u00eds, ocorrem nas seguintes datas: P\u00e1scoa (5 a 11 de abril); Dias das M\u00e3es (10 a 16 de maio); Dia dos Pais (9 a 15 de agosto); Dia das Crian\u00e7as (11 a 17 de outubro) e Natal (22 a 28 de dezembro).<\/p>\n\n\n\n<p>Todas as pessoas presas beneficiadas com a sa\u00edda tempor\u00e1ria ficam submetidas \u00e0s seguintes condi\u00e7\u00f5es: n\u00e3o se ausentar do Maranh\u00e3o; estar em casa at\u00e9 as 20h, informando a administra\u00e7\u00e3o penitenci\u00e1ria o endere\u00e7o; n\u00e3o ingerir bebidas alco\u00f3licas; n\u00e3o portar armas; n\u00e3o frequentar festas e bares e permanecer em monitoramento eletr\u00f4nico, se for apenado que recebe o benef\u00edcio pela primeira vez, e se houver equipamento dispon\u00edvel.<\/p>\n","protected":false},"excerpt":{"rendered":"<p>O juiz Rommel Cruz Vi\u00e9gas (1\u00aa Vara das Execu\u00e7\u00f5es Penais de S\u00e3o Lu\u00eds) comunicou ao sistema penitenci\u00e1rio a sa\u00edda tempor\u00e1ria [&hellip;]<\/p>\n","protected":false},"author":0,"featured_media":0,"comment_status":"open","ping_status":"open","sticky":false,"template":"","format":"standard","meta":{"site-sidebar-layout":"default","site-content-layout":"","ast-site-content-layout":"default","site-content-style":"default","site-sidebar-style":"default","ast-global-header-display":"","ast-banner-title-visibility":"","ast-main-header-display":"","ast-hfb-above-header-display":"","ast-hfb-below-header-display":"","ast-hfb-mobile-header-display":"","site-post-title":"","ast-breadcrumbs-content":"","ast-featured-img":"","footer-sml-layout":"","ast-disable-related-posts":"","theme-transparent-header-meta":"","adv-header-id-meta":"","stick-header-meta":"","header-above-stick-meta":"","header-main-stick-meta":"","header-below-stick-meta":"","astra-migrate-meta-layouts":"default","ast-page-background-enabled":"default","ast-page-background-meta":{"desktop":{"background-color":"var(--ast-global-color-5)","background-image":"","background-repeat":"repeat","background-position":"center center","background-size":"auto","background-attachment":"scroll","background-type":"","background-media":"","overlay-type":"","overlay-color":"","overlay-opacity":"","overlay-gradient":""},"tablet":{"background-color":"","background-image":"","background-repeat":"repeat","background-position":"center center","background-size":"auto","background-attachment":"scroll","background-type":"","background-media":"","overlay-type":"","overlay-color":"","overlay-opacity":"","overlay-gradient":""},"mobile":{"background-color":"","background-image":"","background-repeat":"repeat","background-position":"center center","background-size":"auto","background-attachment":"scroll","background-type":"","background-media":"","overlay-type":"","overlay-color":"","overlay-opacity":"","overlay-gradient":""}},"ast-content-background-meta":{"desktop":{"background-color":"var(--ast-global-color-4)","background-image":"","background-repeat":"repeat","background-position":"center center","background-size":"auto","background-attachment":"scroll","background-type":"","background-media":"","overlay-type":"","overlay-color":"","overlay-opacity":"","overlay-gradient":""},"tablet":{"background-color":"var(--ast-global-color-4)","background-image":"","background-repeat":"repeat","background-position":"center center","background-size":"auto","background-attachment":"scroll","background-type":"","background-media":"","overlay-type":"","overlay-color":"","overlay-opacity":"","overlay-gradient":""},"mobile":{"background-color":"var(--ast-global-color-4)","background-image":"","background-repeat":"repeat","background-position":"center center","background-size":"auto","background-attachment":"scroll","background-type":"","background-media":"","overlay-type":"","overlay-color":"","overlay-opacity":"","overlay-gradient":""}},"footnotes":""},"categories":[1],"tags":[],"class_list":["post-107957","post","type-post","status-publish","format-standard","hentry","category-sem-categoria"],"yoast_head":"<!-- This site is optimized with the Yoast SEO plugin v26.6 - https:\/\/yoast.com\/wordpress\/plugins\/seo\/ -->\n<title>Justi\u00e7a libera sa\u00edda tempor\u00e1ria na Semana Santa a quase 800 presos na Ilha de S\u00e3o Lu\u00eds - Daniel Matos<\/title>\n<meta name=\"robots\" content=\"index, follow, max-snippet:-1, max-image-preview:large, max-video-preview:-1\" \/>\n<link rel=\"canonical\" href=\"https:\/\/www.blogsoestado.com\/danielmatos\/justica-libera-saida-temporaria-na-semana-santa-a-quase-800-presos-na-ilha-de-sao-luis\/\" \/>\n<meta property=\"og:locale\" content=\"pt_BR\" \/>\n<meta property=\"og:type\" content=\"article\" \/>\n<meta property=\"og:title\" content=\"Justi\u00e7a libera sa\u00edda tempor\u00e1ria na Semana Santa a quase 800 presos na Ilha de S\u00e3o Lu\u00eds - Daniel Matos\" \/>\n<meta property=\"og:description\" content=\"O juiz Rommel Cruz Vi\u00e9gas (1\u00aa Vara das Execu\u00e7\u00f5es Penais de S\u00e3o Lu\u00eds) comunicou ao sistema penitenci\u00e1rio a sa\u00edda tempor\u00e1ria [&hellip;]\" \/>\n<meta property=\"og:url\" content=\"https:\/\/www.blogsoestado.com\/danielmatos\/justica-libera-saida-temporaria-na-semana-santa-a-quase-800-presos-na-ilha-de-sao-luis\/\" \/>\n<meta property=\"og:site_name\" content=\"Daniel Matos\" \/>\n<meta property=\"article:published_time\" content=\"2023-04-04T22:03:22+00:00\" \/>\n<meta property=\"og:image\" content=\"https:\/\/www.blogsoestado.com\/danielmatos\/files\/2023\/04\/Screenshot_20230404-1913452.png\" \/>\n<meta name=\"twitter:card\" content=\"summary_large_image\" \/>\n<meta name=\"twitter:label1\" content=\"Est. tempo de leitura\" \/>\n\t<meta name=\"twitter:data1\" content=\"2 minutos\" \/>\n<script type=\"application\/ld+json\" class=\"yoast-schema-graph\">{\"@context\":\"https:\/\/schema.org\",\"@graph\":[{\"@type\":\"WebPage\",\"@id\":\"https:\/\/www.blogsoestado.com\/danielmatos\/justica-libera-saida-temporaria-na-semana-santa-a-quase-800-presos-na-ilha-de-sao-luis\/\",\"url\":\"https:\/\/www.blogsoestado.com\/danielmatos\/justica-libera-saida-temporaria-na-semana-santa-a-quase-800-presos-na-ilha-de-sao-luis\/\",\"name\":\"Justi\u00e7a libera sa\u00edda tempor\u00e1ria na Semana Santa a quase 800 presos na Ilha de S\u00e3o Lu\u00eds - Daniel Matos\",\"isPartOf\":{\"@id\":\"https:\/\/www.blogsoestado.com\/danielmatos\/#website\"},\"primaryImageOfPage\":{\"@id\":\"https:\/\/www.blogsoestado.com\/danielmatos\/justica-libera-saida-temporaria-na-semana-santa-a-quase-800-presos-na-ilha-de-sao-luis\/#primaryimage\"},\"image\":{\"@id\":\"https:\/\/www.blogsoestado.com\/danielmatos\/justica-libera-saida-temporaria-na-semana-santa-a-quase-800-presos-na-ilha-de-sao-luis\/#primaryimage\"},\"thumbnailUrl\":\"https:\/\/www.blogsoestado.com\/danielmatos\/files\/2023\/04\/Screenshot_20230404-1913452.png\",\"datePublished\":\"2023-04-04T22:03:22+00:00\",\"author\":{\"@id\":\"\"},\"breadcrumb\":{\"@id\":\"https:\/\/www.blogsoestado.com\/danielmatos\/justica-libera-saida-temporaria-na-semana-santa-a-quase-800-presos-na-ilha-de-sao-luis\/#breadcrumb\"},\"inLanguage\":\"pt-BR\",\"potentialAction\":[{\"@type\":\"ReadAction\",\"target\":[\"https:\/\/www.blogsoestado.com\/danielmatos\/justica-libera-saida-temporaria-na-semana-santa-a-quase-800-presos-na-ilha-de-sao-luis\/\"]}]},{\"@type\":\"ImageObject\",\"inLanguage\":\"pt-BR\",\"@id\":\"https:\/\/www.blogsoestado.com\/danielmatos\/justica-libera-saida-temporaria-na-semana-santa-a-quase-800-presos-na-ilha-de-sao-luis\/#primaryimage\",\"url\":\"https:\/\/www.blogsoestado.com\/danielmatos\/files\/2023\/04\/Screenshot_20230404-1913452.png\",\"contentUrl\":\"https:\/\/www.blogsoestado.com\/danielmatos\/files\/2023\/04\/Screenshot_20230404-1913452.png\"},{\"@type\":\"BreadcrumbList\",\"@id\":\"https:\/\/www.blogsoestado.com\/danielmatos\/justica-libera-saida-temporaria-na-semana-santa-a-quase-800-presos-na-ilha-de-sao-luis\/#breadcrumb\",\"itemListElement\":[{\"@type\":\"ListItem\",\"position\":1,\"name\":\"In\u00edcio\",\"item\":\"https:\/\/www.blogsoestado.com\/danielmatos\/\"},{\"@type\":\"ListItem\",\"position\":2,\"name\":\"Justi\u00e7a libera sa\u00edda tempor\u00e1ria na Semana Santa a quase 800 presos na Ilha de S\u00e3o Lu\u00eds\"}]},{\"@type\":\"WebSite\",\"@id\":\"https:\/\/www.blogsoestado.com\/danielmatos\/#website\",\"url\":\"https:\/\/www.blogsoestado.com\/danielmatos\/\",\"name\":\"Daniel Matos\",\"description\":\"\",\"potentialAction\":[{\"@type\":\"SearchAction\",\"target\":{\"@type\":\"EntryPoint\",\"urlTemplate\":\"https:\/\/www.blogsoestado.com\/danielmatos\/?s={search_term_string}\"},\"query-input\":{\"@type\":\"PropertyValueSpecification\",\"valueRequired\":true,\"valueName\":\"search_term_string\"}}],\"inLanguage\":\"pt-BR\"}]}<\/script>\n<!-- \/ Yoast SEO plugin. -->","yoast_head_json":{"title":"Justi\u00e7a libera sa\u00edda tempor\u00e1ria na Semana Santa a quase 800 presos na Ilha de S\u00e3o Lu\u00eds - Daniel Matos","robots":{"index":"index","follow":"follow","max-snippet":"max-snippet:-1","max-image-preview":"max-image-preview:large","max-video-preview":"max-video-preview:-1"},"canonical":"https:\/\/www.blogsoestado.com\/danielmatos\/justica-libera-saida-temporaria-na-semana-santa-a-quase-800-presos-na-ilha-de-sao-luis\/","og_locale":"pt_BR","og_type":"article","og_title":"Justi\u00e7a libera sa\u00edda tempor\u00e1ria na Semana Santa a quase 800 presos na Ilha de S\u00e3o Lu\u00eds - Daniel Matos","og_description":"O juiz Rommel Cruz Vi\u00e9gas (1\u00aa Vara das Execu\u00e7\u00f5es Penais de S\u00e3o Lu\u00eds) comunicou ao sistema penitenci\u00e1rio a sa\u00edda tempor\u00e1ria [&hellip;]","og_url":"https:\/\/www.blogsoestado.com\/danielmatos\/justica-libera-saida-temporaria-na-semana-santa-a-quase-800-presos-na-ilha-de-sao-luis\/","og_site_name":"Daniel Matos","article_published_time":"2023-04-04T22:03:22+00:00","og_image":[{"url":"https:\/\/www.blogsoestado.com\/danielmatos\/files\/2023\/04\/Screenshot_20230404-1913452.png","type":"","width":"","height":""}],"twitter_card":"summary_large_image","twitter_misc":{"Est. tempo de leitura":"2 minutos"},"schema":{"@context":"https:\/\/schema.org","@graph":[{"@type":"WebPage","@id":"https:\/\/www.blogsoestado.com\/danielmatos\/justica-libera-saida-temporaria-na-semana-santa-a-quase-800-presos-na-ilha-de-sao-luis\/","url":"https:\/\/www.blogsoestado.com\/danielmatos\/justica-libera-saida-temporaria-na-semana-santa-a-quase-800-presos-na-ilha-de-sao-luis\/","name":"Justi\u00e7a libera sa\u00edda tempor\u00e1ria na Semana Santa a quase 800 presos na Ilha de S\u00e3o Lu\u00eds - Daniel Matos","isPartOf":{"@id":"https:\/\/www.blogsoestado.com\/danielmatos\/#website"},"primaryImageOfPage":{"@id":"https:\/\/www.blogsoestado.com\/danielmatos\/justica-libera-saida-temporaria-na-semana-santa-a-quase-800-presos-na-ilha-de-sao-luis\/#primaryimage"},"image":{"@id":"https:\/\/www.blogsoestado.com\/danielmatos\/justica-libera-saida-temporaria-na-semana-santa-a-quase-800-presos-na-ilha-de-sao-luis\/#primaryimage"},"thumbnailUrl":"https:\/\/www.blogsoestado.com\/danielmatos\/files\/2023\/04\/Screenshot_20230404-1913452.png","datePublished":"2023-04-04T22:03:22+00:00","author":{"@id":""},"breadcrumb":{"@id":"https:\/\/www.blogsoestado.com\/danielmatos\/justica-libera-saida-temporaria-na-semana-santa-a-quase-800-presos-na-ilha-de-sao-luis\/#breadcrumb"},"inLanguage":"pt-BR","potentialAction":[{"@type":"ReadAction","target":["https:\/\/www.blogsoestado.com\/danielmatos\/justica-libera-saida-temporaria-na-semana-santa-a-quase-800-presos-na-ilha-de-sao-luis\/"]}]},{"@type":"ImageObject","inLanguage":"pt-BR","@id":"https:\/\/www.blogsoestado.com\/danielmatos\/justica-libera-saida-temporaria-na-semana-santa-a-quase-800-presos-na-ilha-de-sao-luis\/#primaryimage","url":"https:\/\/www.blogsoestado.com\/danielmatos\/files\/2023\/04\/Screenshot_20230404-1913452.png","contentUrl":"https:\/\/www.blogsoestado.com\/danielmatos\/files\/2023\/04\/Screenshot_20230404-1913452.png"},{"@type":"BreadcrumbList","@id":"https:\/\/www.blogsoestado.com\/danielmatos\/justica-libera-saida-temporaria-na-semana-santa-a-quase-800-presos-na-ilha-de-sao-luis\/#breadcrumb","itemListElement":[{"@type":"ListItem","position":1,"name":"In\u00edcio","item":"https:\/\/www.blogsoestado.com\/danielmatos\/"},{"@type":"ListItem","position":2,"name":"Justi\u00e7a libera sa\u00edda tempor\u00e1ria na Semana Santa a quase 800 presos na Ilha de S\u00e3o Lu\u00eds"}]},{"@type":"WebSite","@id":"https:\/\/www.blogsoestado.com\/danielmatos\/#website","url":"https:\/\/www.blogsoestado.com\/danielmatos\/","name":"Daniel Matos","description":"","potentialAction":[{"@type":"SearchAction","target":{"@type":"EntryPoint","urlTemplate":"https:\/\/www.blogsoestado.com\/danielmatos\/?s={search_term_string}"},"query-input":{"@type":"PropertyValueSpecification","valueRequired":true,"valueName":"search_term_string"}}],"inLanguage":"pt-BR"}]}},"jetpack_featured_media_url":"","_links":{"self":[{"href":"https:\/\/www.blogsoestado.com\/danielmatos\/wp-json\/wp\/v2\/posts\/107957","targetHints":{"allow":["GET"]}}],"collection":[{"href":"https:\/\/www.blogsoestado.com\/danielmatos\/wp-json\/wp\/v2\/posts"}],"about":[{"href":"https:\/\/www.blogsoestado.com\/danielmatos\/wp-json\/wp\/v2\/types\/post"}],"replies":[{"embeddable":true,"href":"https:\/\/www.blogsoestado.com\/danielmatos\/wp-json\/wp\/v2\/comments?post=107957"}],"version-history":[{"count":0,"href":"https:\/\/www.blogsoestado.com\/danielmatos\/wp-json\/wp\/v2\/posts\/107957\/revisions"}],"wp:attachment":[{"href":"https:\/\/www.blogsoestado.com\/danielmatos\/wp-json\/wp\/v2\/media?parent=107957"}],"wp:term":[{"taxonomy":"category","embeddable":true,"href":"https:\/\/www.blogsoestado.com\/danielmatos\/wp-json\/wp\/v2\/categories?post=107957"},{"taxonomy":"post_tag","embeddable":true,"href":"https:\/\/www.blogsoestado.com\/danielmatos\/wp-json\/wp\/v2\/tags?post=107957"}],"curies":[{"name":"wp","href":"https:\/\/api.w.org\/{rel}","templated":true}]}}