{"id":107966,"date":"2023-04-04T22:26:23","date_gmt":"2023-04-05T01:26:23","guid":{"rendered":"https:\/\/www.blogsoestado.com\/danielmatos\/?p=107966"},"modified":"2023-04-04T22:26:23","modified_gmt":"2023-04-05T01:26:23","slug":"brandao-desembarca-nesta-quarta-feira-5-em-caxias-para-serie-de-visitas-e-inauguracoes-ao-lado-do-prefeito-fabio-gentil","status":"publish","type":"post","link":"https:\/\/www.blogsoestado.com\/danielmatos\/brandao-desembarca-nesta-quarta-feira-5-em-caxias-para-serie-de-visitas-e-inauguracoes-ao-lado-do-prefeito-fabio-gentil\/","title":{"rendered":"Brand\u00e3o desembarca nesta quarta-feira (5) em Caxias para s\u00e9rie de visitas e inaugura\u00e7\u00f5es ao lado do prefeito F\u00e1bio Gentil"},"content":{"rendered":"\n<div class=\"wp-block-image\"><figure class=\"aligncenter size-large\"><a href=\"https:\/\/www.blogsoestado.com\/danielmatos\/files\/2023\/03\/Screenshot_20230321-2017482.png\"><img decoding=\"async\" src=\"https:\/\/www.blogsoestado.com\/danielmatos\/files\/2023\/03\/Screenshot_20230321-2017482.png\" alt=\"\" class=\"wp-image-107345\"\/><\/a><figcaption>O governador Carlos Brand\u00e3o, o prefeito F\u00e1bio Gentil, a deputada estadual Daniella, al\u00e9m da deputada federal Amanda Gentil estar\u00e3o juntos novamente em Caxias para contemplar o povo com benfeitorias <\/figcaption><\/figure><\/div>\n\n\n\n<p>O governador Carlos Brand\u00e3o (PSB) desembarca nesta quarta-feira (5) em Caxias para uma s\u00e9rie de visitas e inaugura\u00e7\u00f5es ao lado do prefeito F\u00e1bio Gentil (Republicanos). Al\u00e9m do prefeito F\u00e1bio Gentil, recepcionar\u00e3o o chefe do Poder Executivo estadual a deputada federal Amanda Gentil (PP) e a deputada estadual Daniella (PSB), que, assim como o prefeito F\u00e1bio Gentil, exercem forte lideran\u00e7a no munic\u00edpio.<\/p>\n\n\n\n<p>Brand\u00e3o participar\u00e1 de uma vasta programa\u00e7\u00e3o, que marcar\u00e1 a entrega de v\u00e1rias benfeitorias aos caxienses, com a presen\u00e7a da classe pol\u00edtica local. O primeiro ato com a presen\u00e7a do governador ser\u00e1 a entrega do Cart\u00e3o de Transporte Universit\u00e1rio. O programa visa apoiar, em car\u00e1ter suplementar, estudantes maranhenses da educa\u00e7\u00e3o superior do ensino presencial das redes p\u00fablica e privada que precisam se deslocar \u00e0s institui\u00e7\u00f5es onde cursam a gradua\u00e7\u00e3o, mediante a transfer\u00eancia direta de renda. Em Caxias,185 alunos foram contemplados pelo programa.<\/p>\n\n\n\n<p><strong>Inaugura\u00e7\u00f5es<\/strong> <\/p>\n\n\n\n<p>Por volta das 14h, ter\u00e1 in\u00edcio a s\u00e9rie de inaugura\u00e7\u00f5es em Caxias. Primeiro, o governador entregar\u00e1, junto com o prefeito F\u00e1bio Gentil e demais autoridades presentes, a piscina do bairro Ponte. Em seguida, Brand\u00e3o far\u00e1 a inaugura\u00e7\u00e3o oficial do Departamento de Narc\u00f3ticos (Denarc), instalado na Delegacia de Pol\u00edcia C\u00edvil local. A agenda seguir\u00e1 com a entrega da Unidade de Ensino Municipal (UEM) Jos\u00e9 Gentil Rosa, constru\u00edda no Residencial Santa Terezinha. Na sequ\u00eancia, ser\u00e3o inauguradas a reforma e revitaliza\u00e7\u00e3o da Beira Rio. Depois e a pra\u00e7a e a quadra poliesportiva no Residencial Eug\u00eanio Coutinho.<\/p>\n\n\n\n<p>A agenda ser\u00e1 encerrada com vistas as obras do Shopping da Gente, tamb\u00e9m conhecido como Shopping dos Camel\u00f4s, que est\u00e3o em fase de conclus\u00e3o e \u00e0 Prociss\u00e3o do Fogar\u00e9u, tradicional cortejo religioso realizado em Caxias durante a Semana Santa.<\/p>\n\n\n\n<p>Confira a programa\u00e7\u00e3o completa:<\/p>\n\n\n\n<div class=\"wp-block-image\"><figure class=\"aligncenter size-large\"><a href=\"https:\/\/www.blogsoestado.com\/danielmatos\/files\/2023\/04\/Screenshot_20230404-214211-761.png\"><img decoding=\"async\" src=\"https:\/\/www.blogsoestado.com\/danielmatos\/files\/2023\/04\/Screenshot_20230404-214211-761-810x1024.png\" alt=\"\" class=\"wp-image-107967\"\/><\/a><\/figure><\/div>\n","protected":false},"excerpt":{"rendered":"<p>O governador Carlos Brand\u00e3o (PSB) desembarca nesta quarta-feira (5) em Caxias para uma s\u00e9rie de visitas e inaugura\u00e7\u00f5es ao lado [&hellip;]<\/p>\n","protected":false},"author":0,"featured_media":0,"comment_status":"open","ping_status":"open","sticky":false,"template":"","format":"standard","meta":{"site-sidebar-layout":"default","site-content-layout":"","ast-site-content-layout":"default","site-content-style":"default","site-sidebar-style":"default","ast-global-header-display":"","ast-banner-title-visibility":"","ast-main-header-display":"","ast-hfb-above-header-display":"","ast-hfb-below-header-display":"","ast-hfb-mobile-header-display":"","site-post-title":"","ast-breadcrumbs-content":"","ast-featured-img":"","footer-sml-layout":"","ast-disable-related-posts":"","theme-transparent-header-meta":"","adv-header-id-meta":"","stick-header-meta":"","header-above-stick-meta":"","header-main-stick-meta":"","header-below-stick-meta":"","astra-migrate-meta-layouts":"default","ast-page-background-enabled":"default","ast-page-background-meta":{"desktop":{"background-color":"var(--ast-global-color-5)","background-image":"","background-repeat":"repeat","background-position":"center center","background-size":"auto","background-attachment":"scroll","background-type":"","background-media":"","overlay-type":"","overlay-color":"","overlay-opacity":"","overlay-gradient":""},"tablet":{"background-color":"","background-image":"","background-repeat":"repeat","background-position":"center center","background-size":"auto","background-attachment":"scroll","background-type":"","background-media":"","overlay-type":"","overlay-color":"","overlay-opacity":"","overlay-gradient":""},"mobile":{"background-color":"","background-image":"","background-repeat":"repeat","background-position":"center center","background-size":"auto","background-attachment":"scroll","background-type":"","background-media":"","overlay-type":"","overlay-color":"","overlay-opacity":"","overlay-gradient":""}},"ast-content-background-meta":{"desktop":{"background-color":"var(--ast-global-color-4)","background-image":"","background-repeat":"repeat","background-position":"center center","background-size":"auto","background-attachment":"scroll","background-type":"","background-media":"","overlay-type":"","overlay-color":"","overlay-opacity":"","overlay-gradient":""},"tablet":{"background-color":"var(--ast-global-color-4)","background-image":"","background-repeat":"repeat","background-position":"center center","background-size":"auto","background-attachment":"scroll","background-type":"","background-media":"","overlay-type":"","overlay-color":"","overlay-opacity":"","overlay-gradient":""},"mobile":{"background-color":"var(--ast-global-color-4)","background-image":"","background-repeat":"repeat","background-position":"center center","background-size":"auto","background-attachment":"scroll","background-type":"","background-media":"","overlay-type":"","overlay-color":"","overlay-opacity":"","overlay-gradient":""}},"footnotes":""},"categories":[1],"tags":[],"class_list":["post-107966","post","type-post","status-publish","format-standard","hentry","category-sem-categoria"],"yoast_head":"<!-- This site is optimized with the Yoast SEO plugin v26.6 - https:\/\/yoast.com\/wordpress\/plugins\/seo\/ -->\n<title>Brand\u00e3o desembarca nesta quarta-feira (5) em Caxias para s\u00e9rie de visitas e inaugura\u00e7\u00f5es ao lado do prefeito F\u00e1bio Gentil - Daniel Matos<\/title>\n<meta name=\"robots\" content=\"index, follow, max-snippet:-1, max-image-preview:large, max-video-preview:-1\" \/>\n<link rel=\"canonical\" href=\"https:\/\/www.blogsoestado.com\/danielmatos\/brandao-desembarca-nesta-quarta-feira-5-em-caxias-para-serie-de-visitas-e-inauguracoes-ao-lado-do-prefeito-fabio-gentil\/\" \/>\n<meta property=\"og:locale\" content=\"pt_BR\" \/>\n<meta property=\"og:type\" content=\"article\" \/>\n<meta property=\"og:title\" content=\"Brand\u00e3o desembarca nesta quarta-feira (5) em Caxias para s\u00e9rie de visitas e inaugura\u00e7\u00f5es ao lado do prefeito F\u00e1bio Gentil - Daniel Matos\" \/>\n<meta property=\"og:description\" content=\"O governador Carlos Brand\u00e3o (PSB) desembarca nesta quarta-feira (5) em Caxias para uma s\u00e9rie de visitas e inaugura\u00e7\u00f5es ao lado [&hellip;]\" \/>\n<meta property=\"og:url\" content=\"https:\/\/www.blogsoestado.com\/danielmatos\/brandao-desembarca-nesta-quarta-feira-5-em-caxias-para-serie-de-visitas-e-inauguracoes-ao-lado-do-prefeito-fabio-gentil\/\" \/>\n<meta property=\"og:site_name\" content=\"Daniel Matos\" \/>\n<meta property=\"article:published_time\" content=\"2023-04-05T01:26:23+00:00\" \/>\n<meta property=\"og:image\" content=\"https:\/\/www.blogsoestado.com\/danielmatos\/files\/2023\/03\/Screenshot_20230321-2017482.png\" \/>\n<meta name=\"twitter:card\" content=\"summary_large_image\" \/>\n<meta name=\"twitter:label1\" content=\"Est. tempo de leitura\" \/>\n\t<meta name=\"twitter:data1\" content=\"2 minutos\" \/>\n<script type=\"application\/ld+json\" class=\"yoast-schema-graph\">{\"@context\":\"https:\/\/schema.org\",\"@graph\":[{\"@type\":\"WebPage\",\"@id\":\"https:\/\/www.blogsoestado.com\/danielmatos\/brandao-desembarca-nesta-quarta-feira-5-em-caxias-para-serie-de-visitas-e-inauguracoes-ao-lado-do-prefeito-fabio-gentil\/\",\"url\":\"https:\/\/www.blogsoestado.com\/danielmatos\/brandao-desembarca-nesta-quarta-feira-5-em-caxias-para-serie-de-visitas-e-inauguracoes-ao-lado-do-prefeito-fabio-gentil\/\",\"name\":\"Brand\u00e3o desembarca nesta quarta-feira (5) em Caxias para s\u00e9rie de visitas e inaugura\u00e7\u00f5es ao lado do prefeito F\u00e1bio Gentil - Daniel Matos\",\"isPartOf\":{\"@id\":\"https:\/\/www.blogsoestado.com\/danielmatos\/#website\"},\"primaryImageOfPage\":{\"@id\":\"https:\/\/www.blogsoestado.com\/danielmatos\/brandao-desembarca-nesta-quarta-feira-5-em-caxias-para-serie-de-visitas-e-inauguracoes-ao-lado-do-prefeito-fabio-gentil\/#primaryimage\"},\"image\":{\"@id\":\"https:\/\/www.blogsoestado.com\/danielmatos\/brandao-desembarca-nesta-quarta-feira-5-em-caxias-para-serie-de-visitas-e-inauguracoes-ao-lado-do-prefeito-fabio-gentil\/#primaryimage\"},\"thumbnailUrl\":\"https:\/\/www.blogsoestado.com\/danielmatos\/files\/2023\/03\/Screenshot_20230321-2017482.png\",\"datePublished\":\"2023-04-05T01:26:23+00:00\",\"author\":{\"@id\":\"\"},\"breadcrumb\":{\"@id\":\"https:\/\/www.blogsoestado.com\/danielmatos\/brandao-desembarca-nesta-quarta-feira-5-em-caxias-para-serie-de-visitas-e-inauguracoes-ao-lado-do-prefeito-fabio-gentil\/#breadcrumb\"},\"inLanguage\":\"pt-BR\",\"potentialAction\":[{\"@type\":\"ReadAction\",\"target\":[\"https:\/\/www.blogsoestado.com\/danielmatos\/brandao-desembarca-nesta-quarta-feira-5-em-caxias-para-serie-de-visitas-e-inauguracoes-ao-lado-do-prefeito-fabio-gentil\/\"]}]},{\"@type\":\"ImageObject\",\"inLanguage\":\"pt-BR\",\"@id\":\"https:\/\/www.blogsoestado.com\/danielmatos\/brandao-desembarca-nesta-quarta-feira-5-em-caxias-para-serie-de-visitas-e-inauguracoes-ao-lado-do-prefeito-fabio-gentil\/#primaryimage\",\"url\":\"https:\/\/www.blogsoestado.com\/danielmatos\/files\/2023\/03\/Screenshot_20230321-2017482.png\",\"contentUrl\":\"https:\/\/www.blogsoestado.com\/danielmatos\/files\/2023\/03\/Screenshot_20230321-2017482.png\"},{\"@type\":\"BreadcrumbList\",\"@id\":\"https:\/\/www.blogsoestado.com\/danielmatos\/brandao-desembarca-nesta-quarta-feira-5-em-caxias-para-serie-de-visitas-e-inauguracoes-ao-lado-do-prefeito-fabio-gentil\/#breadcrumb\",\"itemListElement\":[{\"@type\":\"ListItem\",\"position\":1,\"name\":\"In\u00edcio\",\"item\":\"https:\/\/www.blogsoestado.com\/danielmatos\/\"},{\"@type\":\"ListItem\",\"position\":2,\"name\":\"Brand\u00e3o desembarca nesta quarta-feira (5) em Caxias para s\u00e9rie de visitas e inaugura\u00e7\u00f5es ao lado do prefeito F\u00e1bio Gentil\"}]},{\"@type\":\"WebSite\",\"@id\":\"https:\/\/www.blogsoestado.com\/danielmatos\/#website\",\"url\":\"https:\/\/www.blogsoestado.com\/danielmatos\/\",\"name\":\"Daniel Matos\",\"description\":\"\",\"potentialAction\":[{\"@type\":\"SearchAction\",\"target\":{\"@type\":\"EntryPoint\",\"urlTemplate\":\"https:\/\/www.blogsoestado.com\/danielmatos\/?s={search_term_string}\"},\"query-input\":{\"@type\":\"PropertyValueSpecification\",\"valueRequired\":true,\"valueName\":\"search_term_string\"}}],\"inLanguage\":\"pt-BR\"}]}<\/script>\n<!-- \/ Yoast SEO plugin. -->","yoast_head_json":{"title":"Brand\u00e3o desembarca nesta quarta-feira (5) em Caxias para s\u00e9rie de visitas e inaugura\u00e7\u00f5es ao lado do prefeito F\u00e1bio Gentil - Daniel Matos","robots":{"index":"index","follow":"follow","max-snippet":"max-snippet:-1","max-image-preview":"max-image-preview:large","max-video-preview":"max-video-preview:-1"},"canonical":"https:\/\/www.blogsoestado.com\/danielmatos\/brandao-desembarca-nesta-quarta-feira-5-em-caxias-para-serie-de-visitas-e-inauguracoes-ao-lado-do-prefeito-fabio-gentil\/","og_locale":"pt_BR","og_type":"article","og_title":"Brand\u00e3o desembarca nesta quarta-feira (5) em Caxias para s\u00e9rie de visitas e inaugura\u00e7\u00f5es ao lado do prefeito F\u00e1bio Gentil - Daniel Matos","og_description":"O governador Carlos Brand\u00e3o (PSB) desembarca nesta quarta-feira (5) em Caxias para uma s\u00e9rie de visitas e inaugura\u00e7\u00f5es ao lado [&hellip;]","og_url":"https:\/\/www.blogsoestado.com\/danielmatos\/brandao-desembarca-nesta-quarta-feira-5-em-caxias-para-serie-de-visitas-e-inauguracoes-ao-lado-do-prefeito-fabio-gentil\/","og_site_name":"Daniel Matos","article_published_time":"2023-04-05T01:26:23+00:00","og_image":[{"url":"https:\/\/www.blogsoestado.com\/danielmatos\/files\/2023\/03\/Screenshot_20230321-2017482.png","type":"","width":"","height":""}],"twitter_card":"summary_large_image","twitter_misc":{"Est. tempo de leitura":"2 minutos"},"schema":{"@context":"https:\/\/schema.org","@graph":[{"@type":"WebPage","@id":"https:\/\/www.blogsoestado.com\/danielmatos\/brandao-desembarca-nesta-quarta-feira-5-em-caxias-para-serie-de-visitas-e-inauguracoes-ao-lado-do-prefeito-fabio-gentil\/","url":"https:\/\/www.blogsoestado.com\/danielmatos\/brandao-desembarca-nesta-quarta-feira-5-em-caxias-para-serie-de-visitas-e-inauguracoes-ao-lado-do-prefeito-fabio-gentil\/","name":"Brand\u00e3o desembarca nesta quarta-feira (5) em Caxias para s\u00e9rie de visitas e inaugura\u00e7\u00f5es ao lado do prefeito F\u00e1bio Gentil - Daniel Matos","isPartOf":{"@id":"https:\/\/www.blogsoestado.com\/danielmatos\/#website"},"primaryImageOfPage":{"@id":"https:\/\/www.blogsoestado.com\/danielmatos\/brandao-desembarca-nesta-quarta-feira-5-em-caxias-para-serie-de-visitas-e-inauguracoes-ao-lado-do-prefeito-fabio-gentil\/#primaryimage"},"image":{"@id":"https:\/\/www.blogsoestado.com\/danielmatos\/brandao-desembarca-nesta-quarta-feira-5-em-caxias-para-serie-de-visitas-e-inauguracoes-ao-lado-do-prefeito-fabio-gentil\/#primaryimage"},"thumbnailUrl":"https:\/\/www.blogsoestado.com\/danielmatos\/files\/2023\/03\/Screenshot_20230321-2017482.png","datePublished":"2023-04-05T01:26:23+00:00","author":{"@id":""},"breadcrumb":{"@id":"https:\/\/www.blogsoestado.com\/danielmatos\/brandao-desembarca-nesta-quarta-feira-5-em-caxias-para-serie-de-visitas-e-inauguracoes-ao-lado-do-prefeito-fabio-gentil\/#breadcrumb"},"inLanguage":"pt-BR","potentialAction":[{"@type":"ReadAction","target":["https:\/\/www.blogsoestado.com\/danielmatos\/brandao-desembarca-nesta-quarta-feira-5-em-caxias-para-serie-de-visitas-e-inauguracoes-ao-lado-do-prefeito-fabio-gentil\/"]}]},{"@type":"ImageObject","inLanguage":"pt-BR","@id":"https:\/\/www.blogsoestado.com\/danielmatos\/brandao-desembarca-nesta-quarta-feira-5-em-caxias-para-serie-de-visitas-e-inauguracoes-ao-lado-do-prefeito-fabio-gentil\/#primaryimage","url":"https:\/\/www.blogsoestado.com\/danielmatos\/files\/2023\/03\/Screenshot_20230321-2017482.png","contentUrl":"https:\/\/www.blogsoestado.com\/danielmatos\/files\/2023\/03\/Screenshot_20230321-2017482.png"},{"@type":"BreadcrumbList","@id":"https:\/\/www.blogsoestado.com\/danielmatos\/brandao-desembarca-nesta-quarta-feira-5-em-caxias-para-serie-de-visitas-e-inauguracoes-ao-lado-do-prefeito-fabio-gentil\/#breadcrumb","itemListElement":[{"@type":"ListItem","position":1,"name":"In\u00edcio","item":"https:\/\/www.blogsoestado.com\/danielmatos\/"},{"@type":"ListItem","position":2,"name":"Brand\u00e3o desembarca nesta quarta-feira (5) em Caxias para s\u00e9rie de visitas e inaugura\u00e7\u00f5es ao lado do prefeito F\u00e1bio Gentil"}]},{"@type":"WebSite","@id":"https:\/\/www.blogsoestado.com\/danielmatos\/#website","url":"https:\/\/www.blogsoestado.com\/danielmatos\/","name":"Daniel Matos","description":"","potentialAction":[{"@type":"SearchAction","target":{"@type":"EntryPoint","urlTemplate":"https:\/\/www.blogsoestado.com\/danielmatos\/?s={search_term_string}"},"query-input":{"@type":"PropertyValueSpecification","valueRequired":true,"valueName":"search_term_string"}}],"inLanguage":"pt-BR"}]}},"jetpack_featured_media_url":"","_links":{"self":[{"href":"https:\/\/www.blogsoestado.com\/danielmatos\/wp-json\/wp\/v2\/posts\/107966","targetHints":{"allow":["GET"]}}],"collection":[{"href":"https:\/\/www.blogsoestado.com\/danielmatos\/wp-json\/wp\/v2\/posts"}],"about":[{"href":"https:\/\/www.blogsoestado.com\/danielmatos\/wp-json\/wp\/v2\/types\/post"}],"replies":[{"embeddable":true,"href":"https:\/\/www.blogsoestado.com\/danielmatos\/wp-json\/wp\/v2\/comments?post=107966"}],"version-history":[{"count":0,"href":"https:\/\/www.blogsoestado.com\/danielmatos\/wp-json\/wp\/v2\/posts\/107966\/revisions"}],"wp:attachment":[{"href":"https:\/\/www.blogsoestado.com\/danielmatos\/wp-json\/wp\/v2\/media?parent=107966"}],"wp:term":[{"taxonomy":"category","embeddable":true,"href":"https:\/\/www.blogsoestado.com\/danielmatos\/wp-json\/wp\/v2\/categories?post=107966"},{"taxonomy":"post_tag","embeddable":true,"href":"https:\/\/www.blogsoestado.com\/danielmatos\/wp-json\/wp\/v2\/tags?post=107966"}],"curies":[{"name":"wp","href":"https:\/\/api.w.org\/{rel}","templated":true}]}}