{"id":107978,"date":"2023-04-05T09:57:09","date_gmt":"2023-04-05T12:57:09","guid":{"rendered":"https:\/\/www.blogsoestado.com\/danielmatos\/?p=107978"},"modified":"2023-04-05T09:57:09","modified_gmt":"2023-04-05T12:57:09","slug":"brandao-destaca-entrega-de-40-viaturas-policiais-ao-maranhao-pelo-ministerio-da-justica-mas-nao-cita-nome-de-flavio-dino","status":"publish","type":"post","link":"https:\/\/www.blogsoestado.com\/danielmatos\/brandao-destaca-entrega-de-40-viaturas-policiais-ao-maranhao-pelo-ministerio-da-justica-mas-nao-cita-nome-de-flavio-dino\/","title":{"rendered":"Brand\u00e3o destaca entrega de 40 viaturas policiais ao Maranh\u00e3o pelo Minist\u00e9rio da Justi\u00e7a, mas n\u00e3o cita nome de Fl\u00e1vio Dino"},"content":{"rendered":"\n<p><strong><span class=\"has-inline-color has-vivid-red-color\">Ministro maranhense n\u00e3o compareceu \u00e0 posse do novo secret\u00e1rio de Seguran\u00e7a P\u00fablica, nem emitiu comunicado oficial para justificar a aus\u00eancia<\/span><\/strong> <\/p>\n\n\n\n<div class=\"wp-block-image\"><figure class=\"aligncenter size-large\"><a href=\"https:\/\/www.blogsoestado.com\/danielmatos\/files\/2023\/04\/Screenshot_20230405-1109492.png\"><img decoding=\"async\" src=\"https:\/\/www.blogsoestado.com\/danielmatos\/files\/2023\/04\/Screenshot_20230405-1109492.png\" alt=\"\" class=\"wp-image-107983\"\/><\/a><figcaption>Cerim\u00f4nia de posse da c\u00fapula da seguran\u00e7a p\u00fablica foi bastante prestigiada, mas n\u00e3o contou com a presen\u00e7a do ministro maranhense Fl\u00e1vio Dino<\/figcaption><\/figure><\/div>\n\n\n\n<p>Ao registrar, nas redes sociais, uma s\u00e9rie de conquistas para a seguran\u00e7a p\u00fablica do Maranh\u00e3o, durante a cerim\u00f4nia de posse do novo titular da pasta, delegado Maur\u00edcio Martins, ocorrida nessa ter\u00e7a-feira (5), o governador Carlos Brand\u00e3o (PSB) fortaleceu os rumores de que o seu distanciamento do antecessor, Fl\u00e1vio Dino (PSB), j\u00e1 \u00e9 um fato consumado e que \u00e9 o pren\u00fancio de um inevit\u00e1vel rompimento.<\/p>\n\n\n\n<p>Ao anunciar a entrega de 40 viaturas adquiridas pelo Minist\u00e9rio da Justi\u00e7a e Seguran\u00e7a P\u00fablica para fortalecer as opera\u00e7\u00f5es de policiamento no Maranh\u00e3o, Brand\u00e3o n\u00e3o citou o nome do ministro e conterr\u00e2neo, de quem foi aliado pol\u00edtico de primeira hora at\u00e9 poucos meses atr\u00e1s. A prop\u00f3sito, Dino nem sequer compareceu \u00e0 solenidade.<\/p>\n\n\n\n<div class=\"wp-block-image\"><figure class=\"aligncenter size-large\"><a href=\"https:\/\/www.blogsoestado.com\/danielmatos\/files\/2023\/04\/Screenshot_20230405-1110472.png\"><img decoding=\"async\" src=\"https:\/\/www.blogsoestado.com\/danielmatos\/files\/2023\/04\/Screenshot_20230405-1110472.png\" alt=\"\" class=\"wp-image-107985\"\/><\/a><figcaption>O governador Carlos Brand\u00e3o ao lado do aecret\u00e1rio de Seguran\u00e7a P\u00fablica, delegado Maur\u00edcio Martins, e do alto comando da Pol\u00edcia Militar do Maranh\u00e3o<\/figcaption><\/figure><\/div>\n\n\n\n<p>A aus\u00eancia do ministro no ato de posse do novo secret\u00e1rio da SSP, que tamb\u00e9m marcou a recondu\u00e7\u00e3o do coronel Emerson Bezerra ao posto de comandante-geral da Pol\u00edcia Militar, foi bastante sentida em raz\u00e3o da representatividade do cargo que ele ocupa atualmente no Governo Federal e de ser ele oriundo do Maranh\u00e3o, estado que governou de 2015 at\u00e9 os primeiros meses de 2022.<\/p>\n\n\n\n<div class=\"wp-block-image\"><figure class=\"aligncenter size-large\"><a href=\"https:\/\/www.blogsoestado.com\/danielmatos\/files\/2023\/04\/Screenshot_20230405-1110162.png\"><img decoding=\"async\" src=\"https:\/\/www.blogsoestado.com\/danielmatos\/files\/2023\/04\/Screenshot_20230405-1110162.png\" alt=\"\" class=\"wp-image-107986\"\/><\/a><figcaption>Carlos Brand\u00e3o cumprimenta o aecret\u00e1rio de Seguran\u00e7a P\u00fablica do Maranh\u00e3o, Maur\u00edcio Martins, logo ap\u00f3s assinatura do ato de nomea\u00e7\u00e3o <\/figcaption><\/figure><\/div>\n\n\n\n<p>S\u00f3 para citar um exemplo que refor\u00e7a o indisfar\u00e7\u00e1vel distanciamento entre Fl\u00e1vio Dino e o governo Brand\u00e3o, o ministro das Comunica\u00e7\u00f5es, Juscelino Filho, tamb\u00e9m maranhense, adotou postura inversa \u00e0 do colega da Justi\u00e7a e Seguran\u00e7a P\u00fablica ao cumprir, semana passada, extensa agenda presencial em v\u00e1rios munic\u00edpios do estado para anunciar uma s\u00e9rie de projetos e outras benfeitorias da sua pasta.<\/p>\n\n\n\n<div class=\"wp-block-image\"><figure class=\"aligncenter size-large\"><a href=\"https:\/\/www.blogsoestado.com\/danielmatos\/files\/2023\/04\/Screenshot_20230406-0113062.png\"><img decoding=\"async\" src=\"https:\/\/www.blogsoestado.com\/danielmatos\/files\/2023\/04\/Screenshot_20230406-0113062.png\" alt=\"\" class=\"wp-image-108044\"\/><\/a><figcaption>Em mensagem postada nas suas redes sociais pessoais, o governador Carlos Brand\u00e3o n\u00e3o mencionou o nome de.Fl\u00e1vio Dino, mesmo com destina\u00e7\u00e3o de 40 viaturas ao Maranh\u00e3o pelo Minist\u00e9rio da Justi\u00e7a<\/figcaption><\/figure><\/div>\n\n\n\n<p><strong>Equipamentos, reformas e an\u00fancio de concurso <\/strong><\/p>\n\n\n\n<p>Na posse do novo secret\u00e1rio de Seguran\u00e7a P\u00fablica, o governador tamb\u00e9m entregou 1.250 novos coletes, trajes antibombas, kits de prote\u00e7\u00e3o individual, unidades itinerantes para o Corpo de Bombeiros, al\u00e9m de anunciar a reforma de delegacias e a contrata\u00e7\u00e3o de novos delegados, escriv\u00e3es, investigadores de pol\u00edcia e a realiza\u00e7\u00e3o de concurso p\u00fablico para o Corpo de Bombeiros.<\/p>\n\n\n\n<div class=\"wp-block-image\"><figure class=\"aligncenter size-large\"><a href=\"https:\/\/www.blogsoestado.com\/danielmatos\/files\/2023\/04\/Screenshot_20230405-1109182.png\"><img decoding=\"async\" src=\"https:\/\/www.blogsoestado.com\/danielmatos\/files\/2023\/04\/Screenshot_20230405-1109182.png\" alt=\"\" class=\"wp-image-107987\"\/><\/a><figcaption>O governador Carlos Brand\u00e3o, o secret\u00e1rio da SSP e os comandantes da Pol\u00edcia Militar e do Corpo de Bombeiros fazem gesto para simbolizar uni\u00e3o no cumprimento das suas miss\u00f5es <\/figcaption><\/figure><\/div>\n\n\n\n<p>Mesmo com tantas boas novas na secretaria correlata ao minist\u00e9rio que ocupa, Fl\u00e1vio Dino preferiu se manter bem longe da sua terra natal, sem dar qualquer justificativa, pelo menos oficialmente. E a omiss\u00e3o do seu  nome no registro da posse nas m\u00eddias sociais, principal canal de comunica\u00e7\u00e3o direta dos pol\u00edticos com p\u00fablico nesta era digital, tamb\u00e9m \u00e9 algo sintom\u00e1tico. <\/p>\n","protected":false},"excerpt":{"rendered":"<p>Ministro maranhense n\u00e3o compareceu \u00e0 posse do novo secret\u00e1rio de Seguran\u00e7a P\u00fablica, nem emitiu comunicado oficial para justificar a aus\u00eancia [&hellip;]<\/p>\n","protected":false},"author":0,"featured_media":0,"comment_status":"open","ping_status":"open","sticky":false,"template":"","format":"standard","meta":{"site-sidebar-layout":"default","site-content-layout":"","ast-site-content-layout":"default","site-content-style":"default","site-sidebar-style":"default","ast-global-header-display":"","ast-banner-title-visibility":"","ast-main-header-display":"","ast-hfb-above-header-display":"","ast-hfb-below-header-display":"","ast-hfb-mobile-header-display":"","site-post-title":"","ast-breadcrumbs-content":"","ast-featured-img":"","footer-sml-layout":"","ast-disable-related-posts":"","theme-transparent-header-meta":"","adv-header-id-meta":"","stick-header-meta":"","header-above-stick-meta":"","header-main-stick-meta":"","header-below-stick-meta":"","astra-migrate-meta-layouts":"default","ast-page-background-enabled":"default","ast-page-background-meta":{"desktop":{"background-color":"var(--ast-global-color-5)","background-image":"","background-repeat":"repeat","background-position":"center center","background-size":"auto","background-attachment":"scroll","background-type":"","background-media":"","overlay-type":"","overlay-color":"","overlay-opacity":"","overlay-gradient":""},"tablet":{"background-color":"","background-image":"","background-repeat":"repeat","background-position":"center center","background-size":"auto","background-attachment":"scroll","background-type":"","background-media":"","overlay-type":"","overlay-color":"","overlay-opacity":"","overlay-gradient":""},"mobile":{"background-color":"","background-image":"","background-repeat":"repeat","background-position":"center center","background-size":"auto","background-attachment":"scroll","background-type":"","background-media":"","overlay-type":"","overlay-color":"","overlay-opacity":"","overlay-gradient":""}},"ast-content-background-meta":{"desktop":{"background-color":"var(--ast-global-color-4)","background-image":"","background-repeat":"repeat","background-position":"center center","background-size":"auto","background-attachment":"scroll","background-type":"","background-media":"","overlay-type":"","overlay-color":"","overlay-opacity":"","overlay-gradient":""},"tablet":{"background-color":"var(--ast-global-color-4)","background-image":"","background-repeat":"repeat","background-position":"center center","background-size":"auto","background-attachment":"scroll","background-type":"","background-media":"","overlay-type":"","overlay-color":"","overlay-opacity":"","overlay-gradient":""},"mobile":{"background-color":"var(--ast-global-color-4)","background-image":"","background-repeat":"repeat","background-position":"center center","background-size":"auto","background-attachment":"scroll","background-type":"","background-media":"","overlay-type":"","overlay-color":"","overlay-opacity":"","overlay-gradient":""}},"footnotes":""},"categories":[1],"tags":[],"class_list":["post-107978","post","type-post","status-publish","format-standard","hentry","category-sem-categoria"],"yoast_head":"<!-- This site is optimized with the Yoast SEO plugin v26.6 - https:\/\/yoast.com\/wordpress\/plugins\/seo\/ -->\n<title>Brand\u00e3o destaca entrega de 40 viaturas policiais ao Maranh\u00e3o pelo Minist\u00e9rio da Justi\u00e7a, mas n\u00e3o cita nome de Fl\u00e1vio Dino - Daniel Matos<\/title>\n<meta name=\"robots\" content=\"index, follow, max-snippet:-1, max-image-preview:large, max-video-preview:-1\" \/>\n<link rel=\"canonical\" href=\"https:\/\/www.blogsoestado.com\/danielmatos\/brandao-destaca-entrega-de-40-viaturas-policiais-ao-maranhao-pelo-ministerio-da-justica-mas-nao-cita-nome-de-flavio-dino\/\" \/>\n<meta property=\"og:locale\" content=\"pt_BR\" \/>\n<meta property=\"og:type\" content=\"article\" \/>\n<meta property=\"og:title\" content=\"Brand\u00e3o destaca entrega de 40 viaturas policiais ao Maranh\u00e3o pelo Minist\u00e9rio da Justi\u00e7a, mas n\u00e3o cita nome de Fl\u00e1vio Dino - Daniel Matos\" \/>\n<meta property=\"og:description\" content=\"Ministro maranhense n\u00e3o compareceu \u00e0 posse do novo secret\u00e1rio de Seguran\u00e7a P\u00fablica, nem emitiu comunicado oficial para justificar a aus\u00eancia [&hellip;]\" \/>\n<meta property=\"og:url\" content=\"https:\/\/www.blogsoestado.com\/danielmatos\/brandao-destaca-entrega-de-40-viaturas-policiais-ao-maranhao-pelo-ministerio-da-justica-mas-nao-cita-nome-de-flavio-dino\/\" \/>\n<meta property=\"og:site_name\" content=\"Daniel Matos\" \/>\n<meta property=\"article:published_time\" content=\"2023-04-05T12:57:09+00:00\" \/>\n<meta property=\"og:image\" content=\"https:\/\/www.blogsoestado.com\/danielmatos\/files\/2023\/04\/Screenshot_20230405-1109492.png\" \/>\n<meta name=\"twitter:card\" content=\"summary_large_image\" \/>\n<meta name=\"twitter:label1\" content=\"Est. tempo de leitura\" \/>\n\t<meta name=\"twitter:data1\" content=\"4 minutos\" \/>\n<script type=\"application\/ld+json\" class=\"yoast-schema-graph\">{\"@context\":\"https:\/\/schema.org\",\"@graph\":[{\"@type\":\"WebPage\",\"@id\":\"https:\/\/www.blogsoestado.com\/danielmatos\/brandao-destaca-entrega-de-40-viaturas-policiais-ao-maranhao-pelo-ministerio-da-justica-mas-nao-cita-nome-de-flavio-dino\/\",\"url\":\"https:\/\/www.blogsoestado.com\/danielmatos\/brandao-destaca-entrega-de-40-viaturas-policiais-ao-maranhao-pelo-ministerio-da-justica-mas-nao-cita-nome-de-flavio-dino\/\",\"name\":\"Brand\u00e3o destaca entrega de 40 viaturas policiais ao Maranh\u00e3o pelo Minist\u00e9rio da Justi\u00e7a, mas n\u00e3o cita nome de Fl\u00e1vio Dino - Daniel Matos\",\"isPartOf\":{\"@id\":\"https:\/\/www.blogsoestado.com\/danielmatos\/#website\"},\"primaryImageOfPage\":{\"@id\":\"https:\/\/www.blogsoestado.com\/danielmatos\/brandao-destaca-entrega-de-40-viaturas-policiais-ao-maranhao-pelo-ministerio-da-justica-mas-nao-cita-nome-de-flavio-dino\/#primaryimage\"},\"image\":{\"@id\":\"https:\/\/www.blogsoestado.com\/danielmatos\/brandao-destaca-entrega-de-40-viaturas-policiais-ao-maranhao-pelo-ministerio-da-justica-mas-nao-cita-nome-de-flavio-dino\/#primaryimage\"},\"thumbnailUrl\":\"https:\/\/www.blogsoestado.com\/danielmatos\/files\/2023\/04\/Screenshot_20230405-1109492.png\",\"datePublished\":\"2023-04-05T12:57:09+00:00\",\"author\":{\"@id\":\"\"},\"breadcrumb\":{\"@id\":\"https:\/\/www.blogsoestado.com\/danielmatos\/brandao-destaca-entrega-de-40-viaturas-policiais-ao-maranhao-pelo-ministerio-da-justica-mas-nao-cita-nome-de-flavio-dino\/#breadcrumb\"},\"inLanguage\":\"pt-BR\",\"potentialAction\":[{\"@type\":\"ReadAction\",\"target\":[\"https:\/\/www.blogsoestado.com\/danielmatos\/brandao-destaca-entrega-de-40-viaturas-policiais-ao-maranhao-pelo-ministerio-da-justica-mas-nao-cita-nome-de-flavio-dino\/\"]}]},{\"@type\":\"ImageObject\",\"inLanguage\":\"pt-BR\",\"@id\":\"https:\/\/www.blogsoestado.com\/danielmatos\/brandao-destaca-entrega-de-40-viaturas-policiais-ao-maranhao-pelo-ministerio-da-justica-mas-nao-cita-nome-de-flavio-dino\/#primaryimage\",\"url\":\"https:\/\/www.blogsoestado.com\/danielmatos\/files\/2023\/04\/Screenshot_20230405-1109492.png\",\"contentUrl\":\"https:\/\/www.blogsoestado.com\/danielmatos\/files\/2023\/04\/Screenshot_20230405-1109492.png\"},{\"@type\":\"BreadcrumbList\",\"@id\":\"https:\/\/www.blogsoestado.com\/danielmatos\/brandao-destaca-entrega-de-40-viaturas-policiais-ao-maranhao-pelo-ministerio-da-justica-mas-nao-cita-nome-de-flavio-dino\/#breadcrumb\",\"itemListElement\":[{\"@type\":\"ListItem\",\"position\":1,\"name\":\"In\u00edcio\",\"item\":\"https:\/\/www.blogsoestado.com\/danielmatos\/\"},{\"@type\":\"ListItem\",\"position\":2,\"name\":\"Brand\u00e3o destaca entrega de 40 viaturas policiais ao Maranh\u00e3o pelo Minist\u00e9rio da Justi\u00e7a, mas n\u00e3o cita nome de Fl\u00e1vio Dino\"}]},{\"@type\":\"WebSite\",\"@id\":\"https:\/\/www.blogsoestado.com\/danielmatos\/#website\",\"url\":\"https:\/\/www.blogsoestado.com\/danielmatos\/\",\"name\":\"Daniel Matos\",\"description\":\"\",\"potentialAction\":[{\"@type\":\"SearchAction\",\"target\":{\"@type\":\"EntryPoint\",\"urlTemplate\":\"https:\/\/www.blogsoestado.com\/danielmatos\/?s={search_term_string}\"},\"query-input\":{\"@type\":\"PropertyValueSpecification\",\"valueRequired\":true,\"valueName\":\"search_term_string\"}}],\"inLanguage\":\"pt-BR\"}]}<\/script>\n<!-- \/ Yoast SEO plugin. -->","yoast_head_json":{"title":"Brand\u00e3o destaca entrega de 40 viaturas policiais ao Maranh\u00e3o pelo Minist\u00e9rio da Justi\u00e7a, mas n\u00e3o cita nome de Fl\u00e1vio Dino - Daniel Matos","robots":{"index":"index","follow":"follow","max-snippet":"max-snippet:-1","max-image-preview":"max-image-preview:large","max-video-preview":"max-video-preview:-1"},"canonical":"https:\/\/www.blogsoestado.com\/danielmatos\/brandao-destaca-entrega-de-40-viaturas-policiais-ao-maranhao-pelo-ministerio-da-justica-mas-nao-cita-nome-de-flavio-dino\/","og_locale":"pt_BR","og_type":"article","og_title":"Brand\u00e3o destaca entrega de 40 viaturas policiais ao Maranh\u00e3o pelo Minist\u00e9rio da Justi\u00e7a, mas n\u00e3o cita nome de Fl\u00e1vio Dino - Daniel Matos","og_description":"Ministro maranhense n\u00e3o compareceu \u00e0 posse do novo secret\u00e1rio de Seguran\u00e7a P\u00fablica, nem emitiu comunicado oficial para justificar a aus\u00eancia [&hellip;]","og_url":"https:\/\/www.blogsoestado.com\/danielmatos\/brandao-destaca-entrega-de-40-viaturas-policiais-ao-maranhao-pelo-ministerio-da-justica-mas-nao-cita-nome-de-flavio-dino\/","og_site_name":"Daniel Matos","article_published_time":"2023-04-05T12:57:09+00:00","og_image":[{"url":"https:\/\/www.blogsoestado.com\/danielmatos\/files\/2023\/04\/Screenshot_20230405-1109492.png","type":"","width":"","height":""}],"twitter_card":"summary_large_image","twitter_misc":{"Est. tempo de leitura":"4 minutos"},"schema":{"@context":"https:\/\/schema.org","@graph":[{"@type":"WebPage","@id":"https:\/\/www.blogsoestado.com\/danielmatos\/brandao-destaca-entrega-de-40-viaturas-policiais-ao-maranhao-pelo-ministerio-da-justica-mas-nao-cita-nome-de-flavio-dino\/","url":"https:\/\/www.blogsoestado.com\/danielmatos\/brandao-destaca-entrega-de-40-viaturas-policiais-ao-maranhao-pelo-ministerio-da-justica-mas-nao-cita-nome-de-flavio-dino\/","name":"Brand\u00e3o destaca entrega de 40 viaturas policiais ao Maranh\u00e3o pelo Minist\u00e9rio da Justi\u00e7a, mas n\u00e3o cita nome de Fl\u00e1vio Dino - Daniel Matos","isPartOf":{"@id":"https:\/\/www.blogsoestado.com\/danielmatos\/#website"},"primaryImageOfPage":{"@id":"https:\/\/www.blogsoestado.com\/danielmatos\/brandao-destaca-entrega-de-40-viaturas-policiais-ao-maranhao-pelo-ministerio-da-justica-mas-nao-cita-nome-de-flavio-dino\/#primaryimage"},"image":{"@id":"https:\/\/www.blogsoestado.com\/danielmatos\/brandao-destaca-entrega-de-40-viaturas-policiais-ao-maranhao-pelo-ministerio-da-justica-mas-nao-cita-nome-de-flavio-dino\/#primaryimage"},"thumbnailUrl":"https:\/\/www.blogsoestado.com\/danielmatos\/files\/2023\/04\/Screenshot_20230405-1109492.png","datePublished":"2023-04-05T12:57:09+00:00","author":{"@id":""},"breadcrumb":{"@id":"https:\/\/www.blogsoestado.com\/danielmatos\/brandao-destaca-entrega-de-40-viaturas-policiais-ao-maranhao-pelo-ministerio-da-justica-mas-nao-cita-nome-de-flavio-dino\/#breadcrumb"},"inLanguage":"pt-BR","potentialAction":[{"@type":"ReadAction","target":["https:\/\/www.blogsoestado.com\/danielmatos\/brandao-destaca-entrega-de-40-viaturas-policiais-ao-maranhao-pelo-ministerio-da-justica-mas-nao-cita-nome-de-flavio-dino\/"]}]},{"@type":"ImageObject","inLanguage":"pt-BR","@id":"https:\/\/www.blogsoestado.com\/danielmatos\/brandao-destaca-entrega-de-40-viaturas-policiais-ao-maranhao-pelo-ministerio-da-justica-mas-nao-cita-nome-de-flavio-dino\/#primaryimage","url":"https:\/\/www.blogsoestado.com\/danielmatos\/files\/2023\/04\/Screenshot_20230405-1109492.png","contentUrl":"https:\/\/www.blogsoestado.com\/danielmatos\/files\/2023\/04\/Screenshot_20230405-1109492.png"},{"@type":"BreadcrumbList","@id":"https:\/\/www.blogsoestado.com\/danielmatos\/brandao-destaca-entrega-de-40-viaturas-policiais-ao-maranhao-pelo-ministerio-da-justica-mas-nao-cita-nome-de-flavio-dino\/#breadcrumb","itemListElement":[{"@type":"ListItem","position":1,"name":"In\u00edcio","item":"https:\/\/www.blogsoestado.com\/danielmatos\/"},{"@type":"ListItem","position":2,"name":"Brand\u00e3o destaca entrega de 40 viaturas policiais ao Maranh\u00e3o pelo Minist\u00e9rio da Justi\u00e7a, mas n\u00e3o cita nome de Fl\u00e1vio Dino"}]},{"@type":"WebSite","@id":"https:\/\/www.blogsoestado.com\/danielmatos\/#website","url":"https:\/\/www.blogsoestado.com\/danielmatos\/","name":"Daniel Matos","description":"","potentialAction":[{"@type":"SearchAction","target":{"@type":"EntryPoint","urlTemplate":"https:\/\/www.blogsoestado.com\/danielmatos\/?s={search_term_string}"},"query-input":{"@type":"PropertyValueSpecification","valueRequired":true,"valueName":"search_term_string"}}],"inLanguage":"pt-BR"}]}},"jetpack_featured_media_url":"","_links":{"self":[{"href":"https:\/\/www.blogsoestado.com\/danielmatos\/wp-json\/wp\/v2\/posts\/107978","targetHints":{"allow":["GET"]}}],"collection":[{"href":"https:\/\/www.blogsoestado.com\/danielmatos\/wp-json\/wp\/v2\/posts"}],"about":[{"href":"https:\/\/www.blogsoestado.com\/danielmatos\/wp-json\/wp\/v2\/types\/post"}],"replies":[{"embeddable":true,"href":"https:\/\/www.blogsoestado.com\/danielmatos\/wp-json\/wp\/v2\/comments?post=107978"}],"version-history":[{"count":0,"href":"https:\/\/www.blogsoestado.com\/danielmatos\/wp-json\/wp\/v2\/posts\/107978\/revisions"}],"wp:attachment":[{"href":"https:\/\/www.blogsoestado.com\/danielmatos\/wp-json\/wp\/v2\/media?parent=107978"}],"wp:term":[{"taxonomy":"category","embeddable":true,"href":"https:\/\/www.blogsoestado.com\/danielmatos\/wp-json\/wp\/v2\/categories?post=107978"},{"taxonomy":"post_tag","embeddable":true,"href":"https:\/\/www.blogsoestado.com\/danielmatos\/wp-json\/wp\/v2\/tags?post=107978"}],"curies":[{"name":"wp","href":"https:\/\/api.w.org\/{rel}","templated":true}]}}