{"id":107989,"date":"2023-04-05T13:24:34","date_gmt":"2023-04-05T16:24:34","guid":{"rendered":"https:\/\/www.blogsoestado.com\/danielmatos\/?p=107989"},"modified":"2023-04-05T13:24:34","modified_gmt":"2023-04-05T16:24:34","slug":"patrulha-canina-marca-presenca-domingo-no-sao-luis-shopping","status":"publish","type":"post","link":"https:\/\/www.blogsoestado.com\/danielmatos\/patrulha-canina-marca-presenca-domingo-no-sao-luis-shopping\/","title":{"rendered":"Patrulha Canina marca presen\u00e7a domingo no S\u00e3o Lu\u00eds Shopping"},"content":{"rendered":"\n<p><strong><span class=\"has-inline-color has-vivid-red-color\">O evento gratuito acontecer\u00e1 na Pra\u00e7a de Alimenta\u00e7\u00e3o do piso 2, a partir das 15, com recrea\u00e7\u00e3o e muitas brincadeiras<\/span><\/strong><\/p>\n\n\n\n<div class=\"wp-block-image\"><figure class=\"aligncenter size-large\"><a href=\"https:\/\/www.blogsoestado.com\/danielmatos\/files\/2023\/04\/Screenshot_20230405-1321322.png\"><img decoding=\"async\" src=\"https:\/\/www.blogsoestado.com\/danielmatos\/files\/2023\/04\/Screenshot_20230405-1321322.png\" alt=\"\" class=\"wp-image-107990\"\/><\/a><\/figure><\/div>\n\n\n\n<p>Sucesso entre a crian\u00e7ada, a Patrulha Canina cover vai marcar presen\u00e7a no S\u00e3o Lu\u00eds Shopping neste domingo, 9. A\u00a0turma de cachorrinhos mais amada do Brasil vai se unir com a nossa coelhinha da P\u00e1scoa e proporcionar um dia incr\u00edvel, repleto de muita alegria e brincadeiras. O evento \u00e9 gratuito, na Pra\u00e7a de Alimenta\u00e7\u00e3o do piso 2, a partir das 15h.<\/p>\n\n\n\n<p>E para tornar a festa mais animada da&nbsp;Patrulha Canina &#8211; um time de filhotes aventureiros comandados por Ryder em miss\u00f5es pela cidade -, os pequenos v\u00e3o dispor de recrea\u00e7\u00e3o, pocket show e muita divers\u00e3o. Haver\u00e1 ainda a distribui\u00e7\u00e3o de ovos de P\u00e1scoa.<\/p>\n\n\n\n<p>\u201cSe seu filho gosta de Patrulha Canina, ele vai se divertir neste domingo no S\u00e3o Lu\u00eds Shopping. Um evento que vai fazer as crian\u00e7as se divertirem em um circuito de brincadeiras com os her\u00f3is caninos mais amados do mundo\u201d, assinalou Igor Quartin, gerente de Marketing do shopping.<\/p>\n\n\n\n<p>&nbsp;<strong>A hist\u00f3ria<\/strong><\/p>\n\n\n\n<p>A Patrulha Canina ressalta a import\u00e2ncia do trabalho em equipe, o respeito \u00e0 natureza, o cultivo das boas amizades, o companheirismo e a cumplicidade, a hist\u00f3ria fofa mostra a turma de cachorros liderados por Ryder, um menino esperto e inteligente que recebe v\u00e1rios pedidos de ajuda e, com o apoio dos cachorrinhos, consegue salvar vidas.<\/p>\n\n\n\n<p>Sempre prontos para solucionar qualquer problema, a equipe divertida utiliza diversas habilidades, sempre trabalhando em conjunto&nbsp;com muito&nbsp;bom humor&nbsp;e grande esp\u00edrito de prote\u00e7\u00e3o. Cada filhotinho traz uma personalidade \u00fanica e envolvente.<\/p>\n\n\n\n<p><strong>PROGRAMA\u00c7\u00c3O<\/strong><\/p>\n\n\n\n<p>&nbsp;Domingo, 9 de abril<\/p>\n\n\n\n<p>&nbsp;15h &#8211; Recrea\u00e7\u00e3o<\/p>\n\n\n\n<p>&nbsp;16h &#8211; Presen\u00e7a da coelhinha da P\u00e1scoa<\/p>\n\n\n\n<p>&nbsp;17h &#8211; Pocket Show Patrulha Canina cover<\/p>\n\n\n\n<p>&nbsp;Local- &nbsp;Pra\u00e7a de alimenta\u00e7\u00e3o, piso 2<\/p>\n\n\n\n<p>*Distribui\u00e7\u00e3o de ovos de P\u00e1scoa sujeita a disponibilidade no estoque.<\/p>\n","protected":false},"excerpt":{"rendered":"<p>O evento gratuito acontecer\u00e1 na Pra\u00e7a de Alimenta\u00e7\u00e3o do piso 2, a partir das 15, com recrea\u00e7\u00e3o e muitas brincadeiras [&hellip;]<\/p>\n","protected":false},"author":0,"featured_media":0,"comment_status":"open","ping_status":"open","sticky":false,"template":"","format":"standard","meta":{"site-sidebar-layout":"default","site-content-layout":"","ast-site-content-layout":"default","site-content-style":"default","site-sidebar-style":"default","ast-global-header-display":"","ast-banner-title-visibility":"","ast-main-header-display":"","ast-hfb-above-header-display":"","ast-hfb-below-header-display":"","ast-hfb-mobile-header-display":"","site-post-title":"","ast-breadcrumbs-content":"","ast-featured-img":"","footer-sml-layout":"","ast-disable-related-posts":"","theme-transparent-header-meta":"","adv-header-id-meta":"","stick-header-meta":"","header-above-stick-meta":"","header-main-stick-meta":"","header-below-stick-meta":"","astra-migrate-meta-layouts":"default","ast-page-background-enabled":"default","ast-page-background-meta":{"desktop":{"background-color":"var(--ast-global-color-5)","background-image":"","background-repeat":"repeat","background-position":"center center","background-size":"auto","background-attachment":"scroll","background-type":"","background-media":"","overlay-type":"","overlay-color":"","overlay-opacity":"","overlay-gradient":""},"tablet":{"background-color":"","background-image":"","background-repeat":"repeat","background-position":"center center","background-size":"auto","background-attachment":"scroll","background-type":"","background-media":"","overlay-type":"","overlay-color":"","overlay-opacity":"","overlay-gradient":""},"mobile":{"background-color":"","background-image":"","background-repeat":"repeat","background-position":"center center","background-size":"auto","background-attachment":"scroll","background-type":"","background-media":"","overlay-type":"","overlay-color":"","overlay-opacity":"","overlay-gradient":""}},"ast-content-background-meta":{"desktop":{"background-color":"var(--ast-global-color-4)","background-image":"","background-repeat":"repeat","background-position":"center center","background-size":"auto","background-attachment":"scroll","background-type":"","background-media":"","overlay-type":"","overlay-color":"","overlay-opacity":"","overlay-gradient":""},"tablet":{"background-color":"var(--ast-global-color-4)","background-image":"","background-repeat":"repeat","background-position":"center center","background-size":"auto","background-attachment":"scroll","background-type":"","background-media":"","overlay-type":"","overlay-color":"","overlay-opacity":"","overlay-gradient":""},"mobile":{"background-color":"var(--ast-global-color-4)","background-image":"","background-repeat":"repeat","background-position":"center center","background-size":"auto","background-attachment":"scroll","background-type":"","background-media":"","overlay-type":"","overlay-color":"","overlay-opacity":"","overlay-gradient":""}},"footnotes":""},"categories":[1],"tags":[],"class_list":["post-107989","post","type-post","status-publish","format-standard","hentry","category-sem-categoria"],"yoast_head":"<!-- This site is optimized with the Yoast SEO plugin v26.6 - https:\/\/yoast.com\/wordpress\/plugins\/seo\/ -->\n<title>Patrulha Canina marca presen\u00e7a domingo no S\u00e3o Lu\u00eds Shopping - Daniel Matos<\/title>\n<meta name=\"robots\" content=\"index, follow, max-snippet:-1, max-image-preview:large, max-video-preview:-1\" \/>\n<link rel=\"canonical\" href=\"https:\/\/www.blogsoestado.com\/danielmatos\/patrulha-canina-marca-presenca-domingo-no-sao-luis-shopping\/\" \/>\n<meta property=\"og:locale\" content=\"pt_BR\" \/>\n<meta property=\"og:type\" content=\"article\" \/>\n<meta property=\"og:title\" content=\"Patrulha Canina marca presen\u00e7a domingo no S\u00e3o Lu\u00eds Shopping - Daniel Matos\" \/>\n<meta property=\"og:description\" content=\"O evento gratuito acontecer\u00e1 na Pra\u00e7a de Alimenta\u00e7\u00e3o do piso 2, a partir das 15, com recrea\u00e7\u00e3o e muitas brincadeiras [&hellip;]\" \/>\n<meta property=\"og:url\" content=\"https:\/\/www.blogsoestado.com\/danielmatos\/patrulha-canina-marca-presenca-domingo-no-sao-luis-shopping\/\" \/>\n<meta property=\"og:site_name\" content=\"Daniel Matos\" \/>\n<meta property=\"article:published_time\" content=\"2023-04-05T16:24:34+00:00\" \/>\n<meta property=\"og:image\" content=\"https:\/\/www.blogsoestado.com\/danielmatos\/files\/2023\/04\/Screenshot_20230405-1321322.png\" \/>\n<meta name=\"twitter:card\" content=\"summary_large_image\" \/>\n<meta name=\"twitter:label1\" content=\"Est. tempo de leitura\" \/>\n\t<meta name=\"twitter:data1\" content=\"2 minutos\" \/>\n<script type=\"application\/ld+json\" class=\"yoast-schema-graph\">{\"@context\":\"https:\/\/schema.org\",\"@graph\":[{\"@type\":\"WebPage\",\"@id\":\"https:\/\/www.blogsoestado.com\/danielmatos\/patrulha-canina-marca-presenca-domingo-no-sao-luis-shopping\/\",\"url\":\"https:\/\/www.blogsoestado.com\/danielmatos\/patrulha-canina-marca-presenca-domingo-no-sao-luis-shopping\/\",\"name\":\"Patrulha Canina marca presen\u00e7a domingo no S\u00e3o Lu\u00eds Shopping - Daniel Matos\",\"isPartOf\":{\"@id\":\"https:\/\/www.blogsoestado.com\/danielmatos\/#website\"},\"primaryImageOfPage\":{\"@id\":\"https:\/\/www.blogsoestado.com\/danielmatos\/patrulha-canina-marca-presenca-domingo-no-sao-luis-shopping\/#primaryimage\"},\"image\":{\"@id\":\"https:\/\/www.blogsoestado.com\/danielmatos\/patrulha-canina-marca-presenca-domingo-no-sao-luis-shopping\/#primaryimage\"},\"thumbnailUrl\":\"https:\/\/www.blogsoestado.com\/danielmatos\/files\/2023\/04\/Screenshot_20230405-1321322.png\",\"datePublished\":\"2023-04-05T16:24:34+00:00\",\"author\":{\"@id\":\"\"},\"breadcrumb\":{\"@id\":\"https:\/\/www.blogsoestado.com\/danielmatos\/patrulha-canina-marca-presenca-domingo-no-sao-luis-shopping\/#breadcrumb\"},\"inLanguage\":\"pt-BR\",\"potentialAction\":[{\"@type\":\"ReadAction\",\"target\":[\"https:\/\/www.blogsoestado.com\/danielmatos\/patrulha-canina-marca-presenca-domingo-no-sao-luis-shopping\/\"]}]},{\"@type\":\"ImageObject\",\"inLanguage\":\"pt-BR\",\"@id\":\"https:\/\/www.blogsoestado.com\/danielmatos\/patrulha-canina-marca-presenca-domingo-no-sao-luis-shopping\/#primaryimage\",\"url\":\"https:\/\/www.blogsoestado.com\/danielmatos\/files\/2023\/04\/Screenshot_20230405-1321322.png\",\"contentUrl\":\"https:\/\/www.blogsoestado.com\/danielmatos\/files\/2023\/04\/Screenshot_20230405-1321322.png\"},{\"@type\":\"BreadcrumbList\",\"@id\":\"https:\/\/www.blogsoestado.com\/danielmatos\/patrulha-canina-marca-presenca-domingo-no-sao-luis-shopping\/#breadcrumb\",\"itemListElement\":[{\"@type\":\"ListItem\",\"position\":1,\"name\":\"In\u00edcio\",\"item\":\"https:\/\/www.blogsoestado.com\/danielmatos\/\"},{\"@type\":\"ListItem\",\"position\":2,\"name\":\"Patrulha Canina marca presen\u00e7a domingo no S\u00e3o Lu\u00eds Shopping\"}]},{\"@type\":\"WebSite\",\"@id\":\"https:\/\/www.blogsoestado.com\/danielmatos\/#website\",\"url\":\"https:\/\/www.blogsoestado.com\/danielmatos\/\",\"name\":\"Daniel Matos\",\"description\":\"\",\"potentialAction\":[{\"@type\":\"SearchAction\",\"target\":{\"@type\":\"EntryPoint\",\"urlTemplate\":\"https:\/\/www.blogsoestado.com\/danielmatos\/?s={search_term_string}\"},\"query-input\":{\"@type\":\"PropertyValueSpecification\",\"valueRequired\":true,\"valueName\":\"search_term_string\"}}],\"inLanguage\":\"pt-BR\"}]}<\/script>\n<!-- \/ Yoast SEO plugin. -->","yoast_head_json":{"title":"Patrulha Canina marca presen\u00e7a domingo no S\u00e3o Lu\u00eds Shopping - Daniel Matos","robots":{"index":"index","follow":"follow","max-snippet":"max-snippet:-1","max-image-preview":"max-image-preview:large","max-video-preview":"max-video-preview:-1"},"canonical":"https:\/\/www.blogsoestado.com\/danielmatos\/patrulha-canina-marca-presenca-domingo-no-sao-luis-shopping\/","og_locale":"pt_BR","og_type":"article","og_title":"Patrulha Canina marca presen\u00e7a domingo no S\u00e3o Lu\u00eds Shopping - Daniel Matos","og_description":"O evento gratuito acontecer\u00e1 na Pra\u00e7a de Alimenta\u00e7\u00e3o do piso 2, a partir das 15, com recrea\u00e7\u00e3o e muitas brincadeiras [&hellip;]","og_url":"https:\/\/www.blogsoestado.com\/danielmatos\/patrulha-canina-marca-presenca-domingo-no-sao-luis-shopping\/","og_site_name":"Daniel Matos","article_published_time":"2023-04-05T16:24:34+00:00","og_image":[{"url":"https:\/\/www.blogsoestado.com\/danielmatos\/files\/2023\/04\/Screenshot_20230405-1321322.png","type":"","width":"","height":""}],"twitter_card":"summary_large_image","twitter_misc":{"Est. tempo de leitura":"2 minutos"},"schema":{"@context":"https:\/\/schema.org","@graph":[{"@type":"WebPage","@id":"https:\/\/www.blogsoestado.com\/danielmatos\/patrulha-canina-marca-presenca-domingo-no-sao-luis-shopping\/","url":"https:\/\/www.blogsoestado.com\/danielmatos\/patrulha-canina-marca-presenca-domingo-no-sao-luis-shopping\/","name":"Patrulha Canina marca presen\u00e7a domingo no S\u00e3o Lu\u00eds Shopping - Daniel Matos","isPartOf":{"@id":"https:\/\/www.blogsoestado.com\/danielmatos\/#website"},"primaryImageOfPage":{"@id":"https:\/\/www.blogsoestado.com\/danielmatos\/patrulha-canina-marca-presenca-domingo-no-sao-luis-shopping\/#primaryimage"},"image":{"@id":"https:\/\/www.blogsoestado.com\/danielmatos\/patrulha-canina-marca-presenca-domingo-no-sao-luis-shopping\/#primaryimage"},"thumbnailUrl":"https:\/\/www.blogsoestado.com\/danielmatos\/files\/2023\/04\/Screenshot_20230405-1321322.png","datePublished":"2023-04-05T16:24:34+00:00","author":{"@id":""},"breadcrumb":{"@id":"https:\/\/www.blogsoestado.com\/danielmatos\/patrulha-canina-marca-presenca-domingo-no-sao-luis-shopping\/#breadcrumb"},"inLanguage":"pt-BR","potentialAction":[{"@type":"ReadAction","target":["https:\/\/www.blogsoestado.com\/danielmatos\/patrulha-canina-marca-presenca-domingo-no-sao-luis-shopping\/"]}]},{"@type":"ImageObject","inLanguage":"pt-BR","@id":"https:\/\/www.blogsoestado.com\/danielmatos\/patrulha-canina-marca-presenca-domingo-no-sao-luis-shopping\/#primaryimage","url":"https:\/\/www.blogsoestado.com\/danielmatos\/files\/2023\/04\/Screenshot_20230405-1321322.png","contentUrl":"https:\/\/www.blogsoestado.com\/danielmatos\/files\/2023\/04\/Screenshot_20230405-1321322.png"},{"@type":"BreadcrumbList","@id":"https:\/\/www.blogsoestado.com\/danielmatos\/patrulha-canina-marca-presenca-domingo-no-sao-luis-shopping\/#breadcrumb","itemListElement":[{"@type":"ListItem","position":1,"name":"In\u00edcio","item":"https:\/\/www.blogsoestado.com\/danielmatos\/"},{"@type":"ListItem","position":2,"name":"Patrulha Canina marca presen\u00e7a domingo no S\u00e3o Lu\u00eds Shopping"}]},{"@type":"WebSite","@id":"https:\/\/www.blogsoestado.com\/danielmatos\/#website","url":"https:\/\/www.blogsoestado.com\/danielmatos\/","name":"Daniel Matos","description":"","potentialAction":[{"@type":"SearchAction","target":{"@type":"EntryPoint","urlTemplate":"https:\/\/www.blogsoestado.com\/danielmatos\/?s={search_term_string}"},"query-input":{"@type":"PropertyValueSpecification","valueRequired":true,"valueName":"search_term_string"}}],"inLanguage":"pt-BR"}]}},"jetpack_featured_media_url":"","_links":{"self":[{"href":"https:\/\/www.blogsoestado.com\/danielmatos\/wp-json\/wp\/v2\/posts\/107989","targetHints":{"allow":["GET"]}}],"collection":[{"href":"https:\/\/www.blogsoestado.com\/danielmatos\/wp-json\/wp\/v2\/posts"}],"about":[{"href":"https:\/\/www.blogsoestado.com\/danielmatos\/wp-json\/wp\/v2\/types\/post"}],"replies":[{"embeddable":true,"href":"https:\/\/www.blogsoestado.com\/danielmatos\/wp-json\/wp\/v2\/comments?post=107989"}],"version-history":[{"count":0,"href":"https:\/\/www.blogsoestado.com\/danielmatos\/wp-json\/wp\/v2\/posts\/107989\/revisions"}],"wp:attachment":[{"href":"https:\/\/www.blogsoestado.com\/danielmatos\/wp-json\/wp\/v2\/media?parent=107989"}],"wp:term":[{"taxonomy":"category","embeddable":true,"href":"https:\/\/www.blogsoestado.com\/danielmatos\/wp-json\/wp\/v2\/categories?post=107989"},{"taxonomy":"post_tag","embeddable":true,"href":"https:\/\/www.blogsoestado.com\/danielmatos\/wp-json\/wp\/v2\/tags?post=107989"}],"curies":[{"name":"wp","href":"https:\/\/api.w.org\/{rel}","templated":true}]}}