{"id":108016,"date":"2023-04-05T18:12:55","date_gmt":"2023-04-05T21:12:55","guid":{"rendered":"https:\/\/www.blogsoestado.com\/danielmatos\/?p=108016"},"modified":"2023-04-05T18:12:55","modified_gmt":"2023-04-05T21:12:55","slug":"semana-santa-primor-patrocina-pela-primeira-vez-a-paixao-de-cristo","status":"publish","type":"post","link":"https:\/\/www.blogsoestado.com\/danielmatos\/semana-santa-primor-patrocina-pela-primeira-vez-a-paixao-de-cristo\/","title":{"rendered":"Semana Santa: Primor patrocina pela primeira vez a Paix\u00e3o de Cristo"},"content":{"rendered":"\n<p><em><strong><span class=\"has-inline-color has-vivid-red-color\">Com olhar voltado para o Nordeste, a marca confirma presen\u00e7a em datas importantes para a regi\u00e3o. A campanha conta com personagens locais, al\u00e9m do poeta Br\u00e1ulio Bessa<\/span><\/strong><\/em><\/p>\n\n\n\n<div class=\"wp-block-image\"><figure class=\"aligncenter size-large\"><a href=\"https:\/\/www.blogsoestado.com\/danielmatos\/files\/2023\/04\/Screenshot_20230405-1825112.png\"><img decoding=\"async\" src=\"https:\/\/www.blogsoestado.com\/danielmatos\/files\/2023\/04\/Screenshot_20230405-1825112.png\" alt=\"\" class=\"wp-image-108020\"\/><\/a><figcaption>Presente h\u00e1 mais de 60 anos na mesa da fam\u00edlia brasileira, Primor se consolidou l\u00edder de vendas no Nordeste<\/figcaption><\/figure><\/div>\n\n\n\n<p>A Primor, marca l\u00edder em margarinas no Nordeste, \u00e9 a mais nova patrocinadora oficial do espet\u00e1culo Paix\u00e3o de Cristo. Esta \u00e9 a primeira vez que a marca apoia o projeto. O patroc\u00ednio \u00e9 v\u00e1lido para a edi\u00e7\u00e3o de 2023 e tem como objetivo manter viva as tradi\u00e7\u00f5es regionais.<\/p>\n\n\n\n<p>Com mais de 50 anos de montagem, o espet\u00e1culo \u00e9 uma tradi\u00e7\u00e3o que atrai fam\u00edlias de diversas partes do Nordeste para o maior teatro de arena a c\u00e9u aberto do mundo. \u201cA Primor valoriza as tradi\u00e7\u00f5es nordestinas, os momentos em fam\u00edlia e as celebra\u00e7\u00f5es em torno da mesa. N\u00e3o poder\u00edamos deixar de participar deste momento e deste espet\u00e1culo de tamanha emo\u00e7\u00e3o\u201d, ressalta Michele Srour, diretora de Marketing de Seara Margarinas.<\/p>\n\n\n\n<p>Depois de dois anos sem montagem, quem for assistir a Paix\u00e3o de Cristo este ano em Nova Jerusal\u00e9m ser\u00e1 impactado com a presen\u00e7a da Primor \u00e0 partir das BRs que ligam Recife ao distrito de Fazenda Nova, munic\u00edpio de Brejo da Madre de Deus, onde est\u00e1 instalado o teatro. Em um stand na entrada do teatro o consumidor poder\u00e1 viver e levar uma lembran\u00e7a do momento.<\/p>\n\n\n\n<p><em><strong>Hist\u00f3rias primorosas<\/strong><\/em><\/p>\n\n\n\n<p>Reunir a fam\u00edlia para o almo\u00e7o da Sexta-feira da Paix\u00e3o e o domingo de P\u00e1scoa \u00e9 uma tradi\u00e7\u00e3o da maioria dos nordestinos. A\u00ed surgem hist\u00f3rias e receitas primorosas que s\u00e3o passadas por gera\u00e7\u00f5es. <\/p>\n\n\n\n<p>Estas hist\u00f3rias ser\u00e3o contadas em um filme de 30 segundos que ser\u00e1 veiculado em TV aberta e no intervalo da transmiss\u00e3o do espet\u00e1culo na tarde do pr\u00f3ximo s\u00e1bado (8). A campanha planejada pela Ag\u00eancia Ampla tamb\u00e9m conta com spot em r\u00e1dio, m\u00eddia exterior e m\u00eddia digital.<\/p>\n\n\n\n<div class=\"wp-block-image\"><figure class=\"aligncenter size-large\"><a href=\"https:\/\/www.blogsoestado.com\/danielmatos\/files\/2023\/04\/Screenshot_20230405-1825582.png\"><img decoding=\"async\" src=\"https:\/\/www.blogsoestado.com\/danielmatos\/files\/2023\/04\/Screenshot_20230405-1825582.png\" alt=\"\" class=\"wp-image-108022\"\/><\/a><figcaption>O poeta Br\u00e1ulio Bessa \u00e9 um dos personagens que peotagonizam a campanha promocional da Primor<\/figcaption><\/figure><\/div>\n\n\n\n<p>Segundo Michele Srour, a ideia \u00e9 valorizar as hist\u00f3rias, as receitas, mas principalmente, as pessoas. \u201cA P\u00e1scoa \u00e9 uma data cheia de tradi\u00e7\u00f5es. Celebrar com Primor \u00e9 uma delas. Por isso, valorizamos este momento e estamos presentes no espet\u00e1culo da Paix\u00e3o\u201d, destaca.<\/p>\n\n\n\n<p>L\u00edder em vendas na regi\u00e3o Nordeste, a Primor se consolidou como a mais lembrada pelos nordestinos, e foi premiada por 12 vezes com o Top Of Mind Nordeste da Folha de S. Paulo.<\/p>\n\n\n\n<p><em><strong>Sobre Primor<\/strong><\/em><\/p>\n\n\n\n<p>Presente h\u00e1 mais de 60 anos na mesa da fam\u00edlia brasileira, Primor se consolidou l\u00edder de vendas no Nordeste. Adquirida em 2020 pela JBS, Primor passou a integrar a Seara Margarinas, que investe para manter a marca entre os principais players do pa\u00eds, sempre voltada aos pilares de inova\u00e7\u00e3o e qualidade em produtos. Em 2022, a marca foi eleita pela 12\u00aa vez Top Of Mind Nordeste pela Folha de S.Paulo, o que consolidou Primor n\u00e3o s\u00f3 como a margarina l\u00edder em vendas na regi\u00e3o, mas tamb\u00e9m como a marca mais lembrada pelos nordestinos.<\/p>\n","protected":false},"excerpt":{"rendered":"<p>Com olhar voltado para o Nordeste, a marca confirma presen\u00e7a em datas importantes para a regi\u00e3o. A campanha conta com [&hellip;]<\/p>\n","protected":false},"author":0,"featured_media":0,"comment_status":"open","ping_status":"open","sticky":false,"template":"","format":"standard","meta":{"site-sidebar-layout":"default","site-content-layout":"","ast-site-content-layout":"default","site-content-style":"default","site-sidebar-style":"default","ast-global-header-display":"","ast-banner-title-visibility":"","ast-main-header-display":"","ast-hfb-above-header-display":"","ast-hfb-below-header-display":"","ast-hfb-mobile-header-display":"","site-post-title":"","ast-breadcrumbs-content":"","ast-featured-img":"","footer-sml-layout":"","ast-disable-related-posts":"","theme-transparent-header-meta":"","adv-header-id-meta":"","stick-header-meta":"","header-above-stick-meta":"","header-main-stick-meta":"","header-below-stick-meta":"","astra-migrate-meta-layouts":"default","ast-page-background-enabled":"default","ast-page-background-meta":{"desktop":{"background-color":"var(--ast-global-color-5)","background-image":"","background-repeat":"repeat","background-position":"center center","background-size":"auto","background-attachment":"scroll","background-type":"","background-media":"","overlay-type":"","overlay-color":"","overlay-opacity":"","overlay-gradient":""},"tablet":{"background-color":"","background-image":"","background-repeat":"repeat","background-position":"center center","background-size":"auto","background-attachment":"scroll","background-type":"","background-media":"","overlay-type":"","overlay-color":"","overlay-opacity":"","overlay-gradient":""},"mobile":{"background-color":"","background-image":"","background-repeat":"repeat","background-position":"center center","background-size":"auto","background-attachment":"scroll","background-type":"","background-media":"","overlay-type":"","overlay-color":"","overlay-opacity":"","overlay-gradient":""}},"ast-content-background-meta":{"desktop":{"background-color":"var(--ast-global-color-4)","background-image":"","background-repeat":"repeat","background-position":"center center","background-size":"auto","background-attachment":"scroll","background-type":"","background-media":"","overlay-type":"","overlay-color":"","overlay-opacity":"","overlay-gradient":""},"tablet":{"background-color":"var(--ast-global-color-4)","background-image":"","background-repeat":"repeat","background-position":"center center","background-size":"auto","background-attachment":"scroll","background-type":"","background-media":"","overlay-type":"","overlay-color":"","overlay-opacity":"","overlay-gradient":""},"mobile":{"background-color":"var(--ast-global-color-4)","background-image":"","background-repeat":"repeat","background-position":"center center","background-size":"auto","background-attachment":"scroll","background-type":"","background-media":"","overlay-type":"","overlay-color":"","overlay-opacity":"","overlay-gradient":""}},"footnotes":""},"categories":[1],"tags":[],"class_list":["post-108016","post","type-post","status-publish","format-standard","hentry","category-sem-categoria"],"yoast_head":"<!-- This site is optimized with the Yoast SEO plugin v26.6 - https:\/\/yoast.com\/wordpress\/plugins\/seo\/ -->\n<title>Semana Santa: Primor patrocina pela primeira vez a Paix\u00e3o de Cristo - Daniel Matos<\/title>\n<meta name=\"robots\" content=\"index, follow, max-snippet:-1, max-image-preview:large, max-video-preview:-1\" \/>\n<link rel=\"canonical\" href=\"https:\/\/www.blogsoestado.com\/danielmatos\/semana-santa-primor-patrocina-pela-primeira-vez-a-paixao-de-cristo\/\" \/>\n<meta property=\"og:locale\" content=\"pt_BR\" \/>\n<meta property=\"og:type\" content=\"article\" \/>\n<meta property=\"og:title\" content=\"Semana Santa: Primor patrocina pela primeira vez a Paix\u00e3o de Cristo - Daniel Matos\" \/>\n<meta property=\"og:description\" content=\"Com olhar voltado para o Nordeste, a marca confirma presen\u00e7a em datas importantes para a regi\u00e3o. A campanha conta com [&hellip;]\" \/>\n<meta property=\"og:url\" content=\"https:\/\/www.blogsoestado.com\/danielmatos\/semana-santa-primor-patrocina-pela-primeira-vez-a-paixao-de-cristo\/\" \/>\n<meta property=\"og:site_name\" content=\"Daniel Matos\" \/>\n<meta property=\"article:published_time\" content=\"2023-04-05T21:12:55+00:00\" \/>\n<meta property=\"og:image\" content=\"https:\/\/www.blogsoestado.com\/danielmatos\/files\/2023\/04\/Screenshot_20230405-1825112.png\" \/>\n<meta name=\"twitter:card\" content=\"summary_large_image\" \/>\n<meta name=\"twitter:label1\" content=\"Est. tempo de leitura\" \/>\n\t<meta name=\"twitter:data1\" content=\"3 minutos\" \/>\n<script type=\"application\/ld+json\" class=\"yoast-schema-graph\">{\"@context\":\"https:\/\/schema.org\",\"@graph\":[{\"@type\":\"WebPage\",\"@id\":\"https:\/\/www.blogsoestado.com\/danielmatos\/semana-santa-primor-patrocina-pela-primeira-vez-a-paixao-de-cristo\/\",\"url\":\"https:\/\/www.blogsoestado.com\/danielmatos\/semana-santa-primor-patrocina-pela-primeira-vez-a-paixao-de-cristo\/\",\"name\":\"Semana Santa: Primor patrocina pela primeira vez a Paix\u00e3o de Cristo - Daniel Matos\",\"isPartOf\":{\"@id\":\"https:\/\/www.blogsoestado.com\/danielmatos\/#website\"},\"primaryImageOfPage\":{\"@id\":\"https:\/\/www.blogsoestado.com\/danielmatos\/semana-santa-primor-patrocina-pela-primeira-vez-a-paixao-de-cristo\/#primaryimage\"},\"image\":{\"@id\":\"https:\/\/www.blogsoestado.com\/danielmatos\/semana-santa-primor-patrocina-pela-primeira-vez-a-paixao-de-cristo\/#primaryimage\"},\"thumbnailUrl\":\"https:\/\/www.blogsoestado.com\/danielmatos\/files\/2023\/04\/Screenshot_20230405-1825112.png\",\"datePublished\":\"2023-04-05T21:12:55+00:00\",\"author\":{\"@id\":\"\"},\"breadcrumb\":{\"@id\":\"https:\/\/www.blogsoestado.com\/danielmatos\/semana-santa-primor-patrocina-pela-primeira-vez-a-paixao-de-cristo\/#breadcrumb\"},\"inLanguage\":\"pt-BR\",\"potentialAction\":[{\"@type\":\"ReadAction\",\"target\":[\"https:\/\/www.blogsoestado.com\/danielmatos\/semana-santa-primor-patrocina-pela-primeira-vez-a-paixao-de-cristo\/\"]}]},{\"@type\":\"ImageObject\",\"inLanguage\":\"pt-BR\",\"@id\":\"https:\/\/www.blogsoestado.com\/danielmatos\/semana-santa-primor-patrocina-pela-primeira-vez-a-paixao-de-cristo\/#primaryimage\",\"url\":\"https:\/\/www.blogsoestado.com\/danielmatos\/files\/2023\/04\/Screenshot_20230405-1825112.png\",\"contentUrl\":\"https:\/\/www.blogsoestado.com\/danielmatos\/files\/2023\/04\/Screenshot_20230405-1825112.png\"},{\"@type\":\"BreadcrumbList\",\"@id\":\"https:\/\/www.blogsoestado.com\/danielmatos\/semana-santa-primor-patrocina-pela-primeira-vez-a-paixao-de-cristo\/#breadcrumb\",\"itemListElement\":[{\"@type\":\"ListItem\",\"position\":1,\"name\":\"In\u00edcio\",\"item\":\"https:\/\/www.blogsoestado.com\/danielmatos\/\"},{\"@type\":\"ListItem\",\"position\":2,\"name\":\"Semana Santa: Primor patrocina pela primeira vez a Paix\u00e3o de Cristo\"}]},{\"@type\":\"WebSite\",\"@id\":\"https:\/\/www.blogsoestado.com\/danielmatos\/#website\",\"url\":\"https:\/\/www.blogsoestado.com\/danielmatos\/\",\"name\":\"Daniel Matos\",\"description\":\"\",\"potentialAction\":[{\"@type\":\"SearchAction\",\"target\":{\"@type\":\"EntryPoint\",\"urlTemplate\":\"https:\/\/www.blogsoestado.com\/danielmatos\/?s={search_term_string}\"},\"query-input\":{\"@type\":\"PropertyValueSpecification\",\"valueRequired\":true,\"valueName\":\"search_term_string\"}}],\"inLanguage\":\"pt-BR\"}]}<\/script>\n<!-- \/ Yoast SEO plugin. -->","yoast_head_json":{"title":"Semana Santa: Primor patrocina pela primeira vez a Paix\u00e3o de Cristo - Daniel Matos","robots":{"index":"index","follow":"follow","max-snippet":"max-snippet:-1","max-image-preview":"max-image-preview:large","max-video-preview":"max-video-preview:-1"},"canonical":"https:\/\/www.blogsoestado.com\/danielmatos\/semana-santa-primor-patrocina-pela-primeira-vez-a-paixao-de-cristo\/","og_locale":"pt_BR","og_type":"article","og_title":"Semana Santa: Primor patrocina pela primeira vez a Paix\u00e3o de Cristo - Daniel Matos","og_description":"Com olhar voltado para o Nordeste, a marca confirma presen\u00e7a em datas importantes para a regi\u00e3o. A campanha conta com [&hellip;]","og_url":"https:\/\/www.blogsoestado.com\/danielmatos\/semana-santa-primor-patrocina-pela-primeira-vez-a-paixao-de-cristo\/","og_site_name":"Daniel Matos","article_published_time":"2023-04-05T21:12:55+00:00","og_image":[{"url":"https:\/\/www.blogsoestado.com\/danielmatos\/files\/2023\/04\/Screenshot_20230405-1825112.png","type":"","width":"","height":""}],"twitter_card":"summary_large_image","twitter_misc":{"Est. tempo de leitura":"3 minutos"},"schema":{"@context":"https:\/\/schema.org","@graph":[{"@type":"WebPage","@id":"https:\/\/www.blogsoestado.com\/danielmatos\/semana-santa-primor-patrocina-pela-primeira-vez-a-paixao-de-cristo\/","url":"https:\/\/www.blogsoestado.com\/danielmatos\/semana-santa-primor-patrocina-pela-primeira-vez-a-paixao-de-cristo\/","name":"Semana Santa: Primor patrocina pela primeira vez a Paix\u00e3o de Cristo - Daniel Matos","isPartOf":{"@id":"https:\/\/www.blogsoestado.com\/danielmatos\/#website"},"primaryImageOfPage":{"@id":"https:\/\/www.blogsoestado.com\/danielmatos\/semana-santa-primor-patrocina-pela-primeira-vez-a-paixao-de-cristo\/#primaryimage"},"image":{"@id":"https:\/\/www.blogsoestado.com\/danielmatos\/semana-santa-primor-patrocina-pela-primeira-vez-a-paixao-de-cristo\/#primaryimage"},"thumbnailUrl":"https:\/\/www.blogsoestado.com\/danielmatos\/files\/2023\/04\/Screenshot_20230405-1825112.png","datePublished":"2023-04-05T21:12:55+00:00","author":{"@id":""},"breadcrumb":{"@id":"https:\/\/www.blogsoestado.com\/danielmatos\/semana-santa-primor-patrocina-pela-primeira-vez-a-paixao-de-cristo\/#breadcrumb"},"inLanguage":"pt-BR","potentialAction":[{"@type":"ReadAction","target":["https:\/\/www.blogsoestado.com\/danielmatos\/semana-santa-primor-patrocina-pela-primeira-vez-a-paixao-de-cristo\/"]}]},{"@type":"ImageObject","inLanguage":"pt-BR","@id":"https:\/\/www.blogsoestado.com\/danielmatos\/semana-santa-primor-patrocina-pela-primeira-vez-a-paixao-de-cristo\/#primaryimage","url":"https:\/\/www.blogsoestado.com\/danielmatos\/files\/2023\/04\/Screenshot_20230405-1825112.png","contentUrl":"https:\/\/www.blogsoestado.com\/danielmatos\/files\/2023\/04\/Screenshot_20230405-1825112.png"},{"@type":"BreadcrumbList","@id":"https:\/\/www.blogsoestado.com\/danielmatos\/semana-santa-primor-patrocina-pela-primeira-vez-a-paixao-de-cristo\/#breadcrumb","itemListElement":[{"@type":"ListItem","position":1,"name":"In\u00edcio","item":"https:\/\/www.blogsoestado.com\/danielmatos\/"},{"@type":"ListItem","position":2,"name":"Semana Santa: Primor patrocina pela primeira vez a Paix\u00e3o de Cristo"}]},{"@type":"WebSite","@id":"https:\/\/www.blogsoestado.com\/danielmatos\/#website","url":"https:\/\/www.blogsoestado.com\/danielmatos\/","name":"Daniel Matos","description":"","potentialAction":[{"@type":"SearchAction","target":{"@type":"EntryPoint","urlTemplate":"https:\/\/www.blogsoestado.com\/danielmatos\/?s={search_term_string}"},"query-input":{"@type":"PropertyValueSpecification","valueRequired":true,"valueName":"search_term_string"}}],"inLanguage":"pt-BR"}]}},"jetpack_featured_media_url":"","_links":{"self":[{"href":"https:\/\/www.blogsoestado.com\/danielmatos\/wp-json\/wp\/v2\/posts\/108016","targetHints":{"allow":["GET"]}}],"collection":[{"href":"https:\/\/www.blogsoestado.com\/danielmatos\/wp-json\/wp\/v2\/posts"}],"about":[{"href":"https:\/\/www.blogsoestado.com\/danielmatos\/wp-json\/wp\/v2\/types\/post"}],"replies":[{"embeddable":true,"href":"https:\/\/www.blogsoestado.com\/danielmatos\/wp-json\/wp\/v2\/comments?post=108016"}],"version-history":[{"count":0,"href":"https:\/\/www.blogsoestado.com\/danielmatos\/wp-json\/wp\/v2\/posts\/108016\/revisions"}],"wp:attachment":[{"href":"https:\/\/www.blogsoestado.com\/danielmatos\/wp-json\/wp\/v2\/media?parent=108016"}],"wp:term":[{"taxonomy":"category","embeddable":true,"href":"https:\/\/www.blogsoestado.com\/danielmatos\/wp-json\/wp\/v2\/categories?post=108016"},{"taxonomy":"post_tag","embeddable":true,"href":"https:\/\/www.blogsoestado.com\/danielmatos\/wp-json\/wp\/v2\/tags?post=108016"}],"curies":[{"name":"wp","href":"https:\/\/api.w.org\/{rel}","templated":true}]}}