{"id":108034,"date":"2023-04-06T11:30:00","date_gmt":"2023-04-06T14:30:00","guid":{"rendered":"https:\/\/www.blogsoestado.com\/danielmatos\/?p=108034"},"modified":"2023-04-06T11:30:00","modified_gmt":"2023-04-06T14:30:00","slug":"academicos-de-direito-do-ceuma-conhecem-rotina-do-ministerio-publico-do-trabalho-em-atividade-do-nucleo-de-pratica-juridica-e-do-escritorio-escola","status":"publish","type":"post","link":"https:\/\/www.blogsoestado.com\/danielmatos\/academicos-de-direito-do-ceuma-conhecem-rotina-do-ministerio-publico-do-trabalho-em-atividade-do-nucleo-de-pratica-juridica-e-do-escritorio-escola\/","title":{"rendered":"Acad\u00eamicos de Direito do Ceuma conhecem rotina do Minist\u00e9rio P\u00fablico do Trabalho em atividade do N\u00facleo de Pr\u00e1tica Jur\u00eddica e do Escrit\u00f3rio-Escola"},"content":{"rendered":"\n<div class=\"wp-block-image\"><figure class=\"aligncenter size-large\"><a href=\"https:\/\/www.blogsoestado.com\/danielmatos\/files\/2023\/04\/Screenshot_20230406-0059032.png\"><img decoding=\"async\" src=\"https:\/\/www.blogsoestado.com\/danielmatos\/files\/2023\/04\/Screenshot_20230406-0059032.png\" alt=\"\" class=\"wp-image-108042\"\/><\/a><figcaption>Estudantes de Direito da Universidade Ceuma conheceram em detalhes a atua\u00e7\u00e3o do MPT na promo\u00e7\u00e3o do trabalho digno e na defesa dos direitos humanos<\/figcaption><\/figure><\/div>\n\n\n\n<p>O Minist\u00e9rio P\u00fablico do Trabalho no Maranh\u00e3o (MPT-MA) recebeu na manh\u00e3 do \u00faltimo dia 4 um grupo de estudantes de Direito da Universidade Ceuma, que conheceu a atua\u00e7\u00e3o do \u00f3rg\u00e3o na promo\u00e7\u00e3o do trabalho digno e defesa dos direitos humanos. A vice-procuradora-chefe, Renata Soraya Dantas Oc\u00e9a, recepcionou os alunos, juntamente com o diretor regional, Raimundo Oliveira Junior.<\/p>\n\n\n\n<p>Os estudantes estavam acompanhados pelas professoras Ana Carolina Cruz e Alessandra Moreira Lima, que coordenam o N\u00facleo de Pr\u00e1tica Jur\u00eddica e o Escrit\u00f3rio-Escola do Ceuma Renascen\u00e7a, respectivamente.<\/p>\n\n\n\n<p>Durante a apresenta\u00e7\u00e3o, a vice-procuradora-chefe explicou as \u00e1reas de atua\u00e7\u00e3o priorit\u00e1ria do MPT, destacando as parcerias com outras institui\u00e7\u00f5es. \u201cSempre buscamos atuar em conjunto, somando esfor\u00e7os para transformar a sociedade e promover direitos\u201d, observa Renata Oc\u00e9a.<\/p>\n\n\n\n<div class=\"wp-block-image\"><figure class=\"aligncenter size-large\"><a href=\"https:\/\/www.blogsoestado.com\/danielmatos\/files\/2023\/04\/Screenshot_20230406-0057022.png\"><img decoding=\"async\" src=\"https:\/\/www.blogsoestado.com\/danielmatos\/files\/2023\/04\/Screenshot_20230406-0057022.png\" alt=\"\" class=\"wp-image-108041\"\/><\/a><figcaption>Durante a apresenta\u00e7\u00e3o, representantes da institui\u00e7\u00e3o explicaram as \u00e1reas de atua\u00e7\u00e3o priorit\u00e1ria do MPT, destacando as parcerias com outras institui\u00e7\u00f5es<\/figcaption><\/figure><\/div>\n\n\n\n<p>Ela tamb\u00e9m destacou a luta contra a explora\u00e7\u00e3o do trabalho an\u00e1logo \u00e0 escravid\u00e3o, a defesa de crian\u00e7as e adolescentes e a promo\u00e7\u00e3o de igualdade de direitos para popula\u00e7\u00e3o LGBTQIAP+, pessoas com defici\u00eancia, mulheres, negros, entre outros grupos. \u201cNosso foco \u00e9 inserir essas pessoas no mercado de trabalho e garantir toda a dignidade ao trabalhador e trabalhadora\u201d, acrescenta.<\/p>\n\n\n\n<p>Com rela\u00e7\u00e3o ao recebimento de den\u00fancias, a vice-procuradora-chefe detalhou os canais dispon\u00edveis \u00e0 popula\u00e7\u00e3o e comentou o caminho que uma not\u00edcia de fato percorre dentro do MPT-MA, podendo resultar em abertura de inqu\u00e9rito civil e com desdobramentos que incluem assinatura de termo de ajuste de conduta e ajuizamento de a\u00e7\u00e3o civil p\u00fablica.<\/p>\n\n\n\n<p>\u201cO Maranh\u00e3o \u00e9 um dos estados que mais exporta trabalhadores para situa\u00e7\u00e3o de trabalho escravo. Muitas vezes, o trabalhador nem sabe que est\u00e1 sendo v\u00edtima. No caso do trabalho infantil, nossa dificuldade envolve a quest\u00e3o cultural, pois infelizmente a sociedade ainda tolera a explora\u00e7\u00e3o de crian\u00e7as e adolescentes\u201d, comenta Renata Oc\u00e9a.<\/p>\n\n\n\n<div class=\"wp-block-image\"><figure class=\"aligncenter size-large\"><a href=\"https:\/\/www.blogsoestado.com\/danielmatos\/files\/2023\/04\/Screenshot_20230406-0055392.png\"><img decoding=\"async\" src=\"https:\/\/www.blogsoestado.com\/danielmatos\/files\/2023\/04\/Screenshot_20230406-0055392.png\" alt=\"\" class=\"wp-image-108040\"\/><\/a><figcaption>Os acad\u00eamicos de Direito da Universidade Ceuma consideram a experi\u00eancia enriquecedora para a gradua\u00e7\u00e3o<\/figcaption><\/figure><\/div>\n\n\n\n<p>Ao final, os estudantes conheceram as instala\u00e7\u00f5es da sede do MPT-MA. Guiados pelo diretor Regional Raimundo Oliveira Junior, os alunos estiveram em salas de audi\u00eancia, no andar da Administra\u00e7\u00e3o, gabinetes de procuradores do Trabalho, entre outros setores. Houve sorteio de livros aos participantes da visita.<\/p>\n","protected":false},"excerpt":{"rendered":"<p>O Minist\u00e9rio P\u00fablico do Trabalho no Maranh\u00e3o (MPT-MA) recebeu na manh\u00e3 do \u00faltimo dia 4 um grupo de estudantes de [&hellip;]<\/p>\n","protected":false},"author":0,"featured_media":0,"comment_status":"open","ping_status":"open","sticky":false,"template":"","format":"standard","meta":{"site-sidebar-layout":"default","site-content-layout":"","ast-site-content-layout":"default","site-content-style":"default","site-sidebar-style":"default","ast-global-header-display":"","ast-banner-title-visibility":"","ast-main-header-display":"","ast-hfb-above-header-display":"","ast-hfb-below-header-display":"","ast-hfb-mobile-header-display":"","site-post-title":"","ast-breadcrumbs-content":"","ast-featured-img":"","footer-sml-layout":"","ast-disable-related-posts":"","theme-transparent-header-meta":"","adv-header-id-meta":"","stick-header-meta":"","header-above-stick-meta":"","header-main-stick-meta":"","header-below-stick-meta":"","astra-migrate-meta-layouts":"default","ast-page-background-enabled":"default","ast-page-background-meta":{"desktop":{"background-color":"var(--ast-global-color-5)","background-image":"","background-repeat":"repeat","background-position":"center center","background-size":"auto","background-attachment":"scroll","background-type":"","background-media":"","overlay-type":"","overlay-color":"","overlay-opacity":"","overlay-gradient":""},"tablet":{"background-color":"","background-image":"","background-repeat":"repeat","background-position":"center center","background-size":"auto","background-attachment":"scroll","background-type":"","background-media":"","overlay-type":"","overlay-color":"","overlay-opacity":"","overlay-gradient":""},"mobile":{"background-color":"","background-image":"","background-repeat":"repeat","background-position":"center center","background-size":"auto","background-attachment":"scroll","background-type":"","background-media":"","overlay-type":"","overlay-color":"","overlay-opacity":"","overlay-gradient":""}},"ast-content-background-meta":{"desktop":{"background-color":"var(--ast-global-color-4)","background-image":"","background-repeat":"repeat","background-position":"center center","background-size":"auto","background-attachment":"scroll","background-type":"","background-media":"","overlay-type":"","overlay-color":"","overlay-opacity":"","overlay-gradient":""},"tablet":{"background-color":"var(--ast-global-color-4)","background-image":"","background-repeat":"repeat","background-position":"center center","background-size":"auto","background-attachment":"scroll","background-type":"","background-media":"","overlay-type":"","overlay-color":"","overlay-opacity":"","overlay-gradient":""},"mobile":{"background-color":"var(--ast-global-color-4)","background-image":"","background-repeat":"repeat","background-position":"center center","background-size":"auto","background-attachment":"scroll","background-type":"","background-media":"","overlay-type":"","overlay-color":"","overlay-opacity":"","overlay-gradient":""}},"footnotes":""},"categories":[1],"tags":[],"class_list":["post-108034","post","type-post","status-publish","format-standard","hentry","category-sem-categoria"],"yoast_head":"<!-- This site is optimized with the Yoast SEO plugin v26.6 - https:\/\/yoast.com\/wordpress\/plugins\/seo\/ -->\n<title>Acad\u00eamicos de Direito do Ceuma conhecem rotina do Minist\u00e9rio P\u00fablico do Trabalho em atividade do N\u00facleo de Pr\u00e1tica Jur\u00eddica e do Escrit\u00f3rio-Escola - Daniel Matos<\/title>\n<meta name=\"robots\" content=\"index, follow, max-snippet:-1, max-image-preview:large, max-video-preview:-1\" \/>\n<link rel=\"canonical\" href=\"https:\/\/www.blogsoestado.com\/danielmatos\/academicos-de-direito-do-ceuma-conhecem-rotina-do-ministerio-publico-do-trabalho-em-atividade-do-nucleo-de-pratica-juridica-e-do-escritorio-escola\/\" \/>\n<meta property=\"og:locale\" content=\"pt_BR\" \/>\n<meta property=\"og:type\" content=\"article\" \/>\n<meta property=\"og:title\" content=\"Acad\u00eamicos de Direito do Ceuma conhecem rotina do Minist\u00e9rio P\u00fablico do Trabalho em atividade do N\u00facleo de Pr\u00e1tica Jur\u00eddica e do Escrit\u00f3rio-Escola - Daniel Matos\" \/>\n<meta property=\"og:description\" content=\"O Minist\u00e9rio P\u00fablico do Trabalho no Maranh\u00e3o (MPT-MA) recebeu na manh\u00e3 do \u00faltimo dia 4 um grupo de estudantes de [&hellip;]\" \/>\n<meta property=\"og:url\" content=\"https:\/\/www.blogsoestado.com\/danielmatos\/academicos-de-direito-do-ceuma-conhecem-rotina-do-ministerio-publico-do-trabalho-em-atividade-do-nucleo-de-pratica-juridica-e-do-escritorio-escola\/\" \/>\n<meta property=\"og:site_name\" content=\"Daniel Matos\" \/>\n<meta property=\"article:published_time\" content=\"2023-04-06T14:30:00+00:00\" \/>\n<meta property=\"og:image\" content=\"https:\/\/www.blogsoestado.com\/danielmatos\/files\/2023\/04\/Screenshot_20230406-0059032.png\" \/>\n<meta name=\"twitter:card\" content=\"summary_large_image\" \/>\n<meta name=\"twitter:label1\" content=\"Est. tempo de leitura\" \/>\n\t<meta name=\"twitter:data1\" content=\"3 minutos\" \/>\n<script type=\"application\/ld+json\" class=\"yoast-schema-graph\">{\"@context\":\"https:\/\/schema.org\",\"@graph\":[{\"@type\":\"WebPage\",\"@id\":\"https:\/\/www.blogsoestado.com\/danielmatos\/academicos-de-direito-do-ceuma-conhecem-rotina-do-ministerio-publico-do-trabalho-em-atividade-do-nucleo-de-pratica-juridica-e-do-escritorio-escola\/\",\"url\":\"https:\/\/www.blogsoestado.com\/danielmatos\/academicos-de-direito-do-ceuma-conhecem-rotina-do-ministerio-publico-do-trabalho-em-atividade-do-nucleo-de-pratica-juridica-e-do-escritorio-escola\/\",\"name\":\"Acad\u00eamicos de Direito do Ceuma conhecem rotina do Minist\u00e9rio P\u00fablico do Trabalho em atividade do N\u00facleo de Pr\u00e1tica Jur\u00eddica e do Escrit\u00f3rio-Escola - Daniel Matos\",\"isPartOf\":{\"@id\":\"https:\/\/www.blogsoestado.com\/danielmatos\/#website\"},\"primaryImageOfPage\":{\"@id\":\"https:\/\/www.blogsoestado.com\/danielmatos\/academicos-de-direito-do-ceuma-conhecem-rotina-do-ministerio-publico-do-trabalho-em-atividade-do-nucleo-de-pratica-juridica-e-do-escritorio-escola\/#primaryimage\"},\"image\":{\"@id\":\"https:\/\/www.blogsoestado.com\/danielmatos\/academicos-de-direito-do-ceuma-conhecem-rotina-do-ministerio-publico-do-trabalho-em-atividade-do-nucleo-de-pratica-juridica-e-do-escritorio-escola\/#primaryimage\"},\"thumbnailUrl\":\"https:\/\/www.blogsoestado.com\/danielmatos\/files\/2023\/04\/Screenshot_20230406-0059032.png\",\"datePublished\":\"2023-04-06T14:30:00+00:00\",\"author\":{\"@id\":\"\"},\"breadcrumb\":{\"@id\":\"https:\/\/www.blogsoestado.com\/danielmatos\/academicos-de-direito-do-ceuma-conhecem-rotina-do-ministerio-publico-do-trabalho-em-atividade-do-nucleo-de-pratica-juridica-e-do-escritorio-escola\/#breadcrumb\"},\"inLanguage\":\"pt-BR\",\"potentialAction\":[{\"@type\":\"ReadAction\",\"target\":[\"https:\/\/www.blogsoestado.com\/danielmatos\/academicos-de-direito-do-ceuma-conhecem-rotina-do-ministerio-publico-do-trabalho-em-atividade-do-nucleo-de-pratica-juridica-e-do-escritorio-escola\/\"]}]},{\"@type\":\"ImageObject\",\"inLanguage\":\"pt-BR\",\"@id\":\"https:\/\/www.blogsoestado.com\/danielmatos\/academicos-de-direito-do-ceuma-conhecem-rotina-do-ministerio-publico-do-trabalho-em-atividade-do-nucleo-de-pratica-juridica-e-do-escritorio-escola\/#primaryimage\",\"url\":\"https:\/\/www.blogsoestado.com\/danielmatos\/files\/2023\/04\/Screenshot_20230406-0059032.png\",\"contentUrl\":\"https:\/\/www.blogsoestado.com\/danielmatos\/files\/2023\/04\/Screenshot_20230406-0059032.png\"},{\"@type\":\"BreadcrumbList\",\"@id\":\"https:\/\/www.blogsoestado.com\/danielmatos\/academicos-de-direito-do-ceuma-conhecem-rotina-do-ministerio-publico-do-trabalho-em-atividade-do-nucleo-de-pratica-juridica-e-do-escritorio-escola\/#breadcrumb\",\"itemListElement\":[{\"@type\":\"ListItem\",\"position\":1,\"name\":\"In\u00edcio\",\"item\":\"https:\/\/www.blogsoestado.com\/danielmatos\/\"},{\"@type\":\"ListItem\",\"position\":2,\"name\":\"Acad\u00eamicos de Direito do Ceuma conhecem rotina do Minist\u00e9rio P\u00fablico do Trabalho em atividade do N\u00facleo de Pr\u00e1tica Jur\u00eddica e do Escrit\u00f3rio-Escola\"}]},{\"@type\":\"WebSite\",\"@id\":\"https:\/\/www.blogsoestado.com\/danielmatos\/#website\",\"url\":\"https:\/\/www.blogsoestado.com\/danielmatos\/\",\"name\":\"Daniel Matos\",\"description\":\"\",\"potentialAction\":[{\"@type\":\"SearchAction\",\"target\":{\"@type\":\"EntryPoint\",\"urlTemplate\":\"https:\/\/www.blogsoestado.com\/danielmatos\/?s={search_term_string}\"},\"query-input\":{\"@type\":\"PropertyValueSpecification\",\"valueRequired\":true,\"valueName\":\"search_term_string\"}}],\"inLanguage\":\"pt-BR\"}]}<\/script>\n<!-- \/ Yoast SEO plugin. -->","yoast_head_json":{"title":"Acad\u00eamicos de Direito do Ceuma conhecem rotina do Minist\u00e9rio P\u00fablico do Trabalho em atividade do N\u00facleo de Pr\u00e1tica Jur\u00eddica e do Escrit\u00f3rio-Escola - Daniel Matos","robots":{"index":"index","follow":"follow","max-snippet":"max-snippet:-1","max-image-preview":"max-image-preview:large","max-video-preview":"max-video-preview:-1"},"canonical":"https:\/\/www.blogsoestado.com\/danielmatos\/academicos-de-direito-do-ceuma-conhecem-rotina-do-ministerio-publico-do-trabalho-em-atividade-do-nucleo-de-pratica-juridica-e-do-escritorio-escola\/","og_locale":"pt_BR","og_type":"article","og_title":"Acad\u00eamicos de Direito do Ceuma conhecem rotina do Minist\u00e9rio P\u00fablico do Trabalho em atividade do N\u00facleo de Pr\u00e1tica Jur\u00eddica e do Escrit\u00f3rio-Escola - Daniel Matos","og_description":"O Minist\u00e9rio P\u00fablico do Trabalho no Maranh\u00e3o (MPT-MA) recebeu na manh\u00e3 do \u00faltimo dia 4 um grupo de estudantes de [&hellip;]","og_url":"https:\/\/www.blogsoestado.com\/danielmatos\/academicos-de-direito-do-ceuma-conhecem-rotina-do-ministerio-publico-do-trabalho-em-atividade-do-nucleo-de-pratica-juridica-e-do-escritorio-escola\/","og_site_name":"Daniel Matos","article_published_time":"2023-04-06T14:30:00+00:00","og_image":[{"url":"https:\/\/www.blogsoestado.com\/danielmatos\/files\/2023\/04\/Screenshot_20230406-0059032.png","type":"","width":"","height":""}],"twitter_card":"summary_large_image","twitter_misc":{"Est. tempo de leitura":"3 minutos"},"schema":{"@context":"https:\/\/schema.org","@graph":[{"@type":"WebPage","@id":"https:\/\/www.blogsoestado.com\/danielmatos\/academicos-de-direito-do-ceuma-conhecem-rotina-do-ministerio-publico-do-trabalho-em-atividade-do-nucleo-de-pratica-juridica-e-do-escritorio-escola\/","url":"https:\/\/www.blogsoestado.com\/danielmatos\/academicos-de-direito-do-ceuma-conhecem-rotina-do-ministerio-publico-do-trabalho-em-atividade-do-nucleo-de-pratica-juridica-e-do-escritorio-escola\/","name":"Acad\u00eamicos de Direito do Ceuma conhecem rotina do Minist\u00e9rio P\u00fablico do Trabalho em atividade do N\u00facleo de Pr\u00e1tica Jur\u00eddica e do Escrit\u00f3rio-Escola - Daniel Matos","isPartOf":{"@id":"https:\/\/www.blogsoestado.com\/danielmatos\/#website"},"primaryImageOfPage":{"@id":"https:\/\/www.blogsoestado.com\/danielmatos\/academicos-de-direito-do-ceuma-conhecem-rotina-do-ministerio-publico-do-trabalho-em-atividade-do-nucleo-de-pratica-juridica-e-do-escritorio-escola\/#primaryimage"},"image":{"@id":"https:\/\/www.blogsoestado.com\/danielmatos\/academicos-de-direito-do-ceuma-conhecem-rotina-do-ministerio-publico-do-trabalho-em-atividade-do-nucleo-de-pratica-juridica-e-do-escritorio-escola\/#primaryimage"},"thumbnailUrl":"https:\/\/www.blogsoestado.com\/danielmatos\/files\/2023\/04\/Screenshot_20230406-0059032.png","datePublished":"2023-04-06T14:30:00+00:00","author":{"@id":""},"breadcrumb":{"@id":"https:\/\/www.blogsoestado.com\/danielmatos\/academicos-de-direito-do-ceuma-conhecem-rotina-do-ministerio-publico-do-trabalho-em-atividade-do-nucleo-de-pratica-juridica-e-do-escritorio-escola\/#breadcrumb"},"inLanguage":"pt-BR","potentialAction":[{"@type":"ReadAction","target":["https:\/\/www.blogsoestado.com\/danielmatos\/academicos-de-direito-do-ceuma-conhecem-rotina-do-ministerio-publico-do-trabalho-em-atividade-do-nucleo-de-pratica-juridica-e-do-escritorio-escola\/"]}]},{"@type":"ImageObject","inLanguage":"pt-BR","@id":"https:\/\/www.blogsoestado.com\/danielmatos\/academicos-de-direito-do-ceuma-conhecem-rotina-do-ministerio-publico-do-trabalho-em-atividade-do-nucleo-de-pratica-juridica-e-do-escritorio-escola\/#primaryimage","url":"https:\/\/www.blogsoestado.com\/danielmatos\/files\/2023\/04\/Screenshot_20230406-0059032.png","contentUrl":"https:\/\/www.blogsoestado.com\/danielmatos\/files\/2023\/04\/Screenshot_20230406-0059032.png"},{"@type":"BreadcrumbList","@id":"https:\/\/www.blogsoestado.com\/danielmatos\/academicos-de-direito-do-ceuma-conhecem-rotina-do-ministerio-publico-do-trabalho-em-atividade-do-nucleo-de-pratica-juridica-e-do-escritorio-escola\/#breadcrumb","itemListElement":[{"@type":"ListItem","position":1,"name":"In\u00edcio","item":"https:\/\/www.blogsoestado.com\/danielmatos\/"},{"@type":"ListItem","position":2,"name":"Acad\u00eamicos de Direito do Ceuma conhecem rotina do Minist\u00e9rio P\u00fablico do Trabalho em atividade do N\u00facleo de Pr\u00e1tica Jur\u00eddica e do Escrit\u00f3rio-Escola"}]},{"@type":"WebSite","@id":"https:\/\/www.blogsoestado.com\/danielmatos\/#website","url":"https:\/\/www.blogsoestado.com\/danielmatos\/","name":"Daniel Matos","description":"","potentialAction":[{"@type":"SearchAction","target":{"@type":"EntryPoint","urlTemplate":"https:\/\/www.blogsoestado.com\/danielmatos\/?s={search_term_string}"},"query-input":{"@type":"PropertyValueSpecification","valueRequired":true,"valueName":"search_term_string"}}],"inLanguage":"pt-BR"}]}},"jetpack_featured_media_url":"","_links":{"self":[{"href":"https:\/\/www.blogsoestado.com\/danielmatos\/wp-json\/wp\/v2\/posts\/108034","targetHints":{"allow":["GET"]}}],"collection":[{"href":"https:\/\/www.blogsoestado.com\/danielmatos\/wp-json\/wp\/v2\/posts"}],"about":[{"href":"https:\/\/www.blogsoestado.com\/danielmatos\/wp-json\/wp\/v2\/types\/post"}],"replies":[{"embeddable":true,"href":"https:\/\/www.blogsoestado.com\/danielmatos\/wp-json\/wp\/v2\/comments?post=108034"}],"version-history":[{"count":0,"href":"https:\/\/www.blogsoestado.com\/danielmatos\/wp-json\/wp\/v2\/posts\/108034\/revisions"}],"wp:attachment":[{"href":"https:\/\/www.blogsoestado.com\/danielmatos\/wp-json\/wp\/v2\/media?parent=108034"}],"wp:term":[{"taxonomy":"category","embeddable":true,"href":"https:\/\/www.blogsoestado.com\/danielmatos\/wp-json\/wp\/v2\/categories?post=108034"},{"taxonomy":"post_tag","embeddable":true,"href":"https:\/\/www.blogsoestado.com\/danielmatos\/wp-json\/wp\/v2\/tags?post=108034"}],"curies":[{"name":"wp","href":"https:\/\/api.w.org\/{rel}","templated":true}]}}