{"id":108062,"date":"2023-04-06T16:19:47","date_gmt":"2023-04-06T19:19:47","guid":{"rendered":"https:\/\/www.blogsoestado.com\/danielmatos\/?p=108062"},"modified":"2023-04-06T16:19:47","modified_gmt":"2023-04-06T19:19:47","slug":"prefeita-paula-azevedo-conclui-acao-social-da-semana-santa-com-distribuicao-de-35-toneladas-de-pescado-em-paco-do-lumiar","status":"publish","type":"post","link":"https:\/\/www.blogsoestado.com\/danielmatos\/prefeita-paula-azevedo-conclui-acao-social-da-semana-santa-com-distribuicao-de-35-toneladas-de-pescado-em-paco-do-lumiar\/","title":{"rendered":"Prefeita Paula Azevedo conclui a\u00e7\u00e3o social da Semana Santa com distribui\u00e7\u00e3o de 35 toneladas de pescado em Pa\u00e7o do Lumiar"},"content":{"rendered":"\n<div class=\"wp-block-image\"><figure class=\"aligncenter size-large\"><a href=\"https:\/\/www.blogsoestado.com\/danielmatos\/files\/2023\/04\/Screenshot_20230406-1624192.png\"><img decoding=\"async\" src=\"https:\/\/www.blogsoestado.com\/danielmatos\/files\/2023\/04\/Screenshot_20230406-1624192.png\" alt=\"\" class=\"wp-image-108065\"\/><\/a><figcaption>A prefeita Paula Azevedo dez quest\u00e3o de participar da entrega do pescado \u00e0s comunidades carentes de Pa\u00e7o do Lumiar<\/figcaption><\/figure><\/div>\n\n\n\n<p>A prefeita Paula Azevedo encerrou, nesta quinta-feira (6), a entrega de 35 toneladas de peixe para a popula\u00e7\u00e3o de Pa\u00e7o do Lumiar, em dezenas de comunidade de todas as 11 regi\u00f5es da cidade.<\/p>\n\n\n\n<p>O pescado \u00e9 distribu\u00eddo todos os anos por ocasi\u00e3o da Semana Santa, sendo adquirido com recursos pr\u00f3prios da Prefeitura de Pa\u00e7o do Lumiar, por meio do Plano Municipal de Seguran\u00e7a Alimentar e Nutricional.}<\/p>\n\n\n\n<p>A prefeita Paula Azevedo informou que a quantidade de peixe distribu\u00edda neste ano de 2023 \u00e9 praticamente o dobro do que foi entregue no ano anterior (2022), o que demonstra, segundo ela, a preocupa\u00e7\u00e3o do munic\u00edpio com a situa\u00e7\u00e3o das fam\u00edlias mais carentes, especialmente da zona rural.<\/p>\n\n\n\n<p>\u201cSabemos que por ocasi\u00e3o da Semana Santa este produto fica mais caro nas feiras e supermercados, e que, para muitas fam\u00edlias, \u00e9 essencial ter peixe na mesa nessa \u00e9poca do ano. Por isso, este ano, aumentamos a quantidade de pescado e, acredito, que fizemos a alegria de muitas fam\u00edlias\u201d, conta a prefeita Paula Azevedo.<\/p>\n\n\n\n<p>A secretaria municipal de Desenvolvimento Social, Elizabeth Diniz, explica que o trabalho de distribui\u00e7\u00e3o foi feito por equipes de servidores\/volunt\u00e1rios da Prefeitura de Pa\u00e7o do Lumiar, e que \u00e9 de suma import\u00e2ncia para a popula\u00e7\u00e3o, nos dias que antecedem a Sexta-feira santa.<\/p>\n\n\n\n<p>\u201cEsta \u00e9 uma a\u00e7\u00e3o de suma import\u00e2ncia e que tem recebido aten\u00e7\u00e3o especial da prefeita Paula Azevedo todos os anos. O peixe, especialmente antes da Sexta-feira Santa, fica muito caro, por isso, a gest\u00e3o da prefeita Paula faz quest\u00e3o de garantir o produto na mesa dos mun\u00edcipes\u201d, esclarece Elizabeth, informando que \u201ccerca de 68 mil fam\u00edlias foram beneficiadas com esta a\u00e7\u00e3o de grande impacto.\u201d<\/p>\n","protected":false},"excerpt":{"rendered":"<p>A prefeita Paula Azevedo encerrou, nesta quinta-feira (6), a entrega de 35 toneladas de peixe para a popula\u00e7\u00e3o de Pa\u00e7o [&hellip;]<\/p>\n","protected":false},"author":0,"featured_media":0,"comment_status":"open","ping_status":"open","sticky":false,"template":"","format":"standard","meta":{"site-sidebar-layout":"default","site-content-layout":"","ast-site-content-layout":"default","site-content-style":"default","site-sidebar-style":"default","ast-global-header-display":"","ast-banner-title-visibility":"","ast-main-header-display":"","ast-hfb-above-header-display":"","ast-hfb-below-header-display":"","ast-hfb-mobile-header-display":"","site-post-title":"","ast-breadcrumbs-content":"","ast-featured-img":"","footer-sml-layout":"","ast-disable-related-posts":"","theme-transparent-header-meta":"","adv-header-id-meta":"","stick-header-meta":"","header-above-stick-meta":"","header-main-stick-meta":"","header-below-stick-meta":"","astra-migrate-meta-layouts":"default","ast-page-background-enabled":"default","ast-page-background-meta":{"desktop":{"background-color":"var(--ast-global-color-5)","background-image":"","background-repeat":"repeat","background-position":"center center","background-size":"auto","background-attachment":"scroll","background-type":"","background-media":"","overlay-type":"","overlay-color":"","overlay-opacity":"","overlay-gradient":""},"tablet":{"background-color":"","background-image":"","background-repeat":"repeat","background-position":"center center","background-size":"auto","background-attachment":"scroll","background-type":"","background-media":"","overlay-type":"","overlay-color":"","overlay-opacity":"","overlay-gradient":""},"mobile":{"background-color":"","background-image":"","background-repeat":"repeat","background-position":"center center","background-size":"auto","background-attachment":"scroll","background-type":"","background-media":"","overlay-type":"","overlay-color":"","overlay-opacity":"","overlay-gradient":""}},"ast-content-background-meta":{"desktop":{"background-color":"var(--ast-global-color-4)","background-image":"","background-repeat":"repeat","background-position":"center center","background-size":"auto","background-attachment":"scroll","background-type":"","background-media":"","overlay-type":"","overlay-color":"","overlay-opacity":"","overlay-gradient":""},"tablet":{"background-color":"var(--ast-global-color-4)","background-image":"","background-repeat":"repeat","background-position":"center center","background-size":"auto","background-attachment":"scroll","background-type":"","background-media":"","overlay-type":"","overlay-color":"","overlay-opacity":"","overlay-gradient":""},"mobile":{"background-color":"var(--ast-global-color-4)","background-image":"","background-repeat":"repeat","background-position":"center center","background-size":"auto","background-attachment":"scroll","background-type":"","background-media":"","overlay-type":"","overlay-color":"","overlay-opacity":"","overlay-gradient":""}},"footnotes":""},"categories":[1],"tags":[],"class_list":["post-108062","post","type-post","status-publish","format-standard","hentry","category-sem-categoria"],"yoast_head":"<!-- This site is optimized with the Yoast SEO plugin v26.6 - https:\/\/yoast.com\/wordpress\/plugins\/seo\/ -->\n<title>Prefeita Paula Azevedo conclui a\u00e7\u00e3o social da Semana Santa com distribui\u00e7\u00e3o de 35 toneladas de pescado em Pa\u00e7o do Lumiar - Daniel Matos<\/title>\n<meta name=\"robots\" content=\"index, follow, max-snippet:-1, max-image-preview:large, max-video-preview:-1\" \/>\n<link rel=\"canonical\" href=\"https:\/\/www.blogsoestado.com\/danielmatos\/prefeita-paula-azevedo-conclui-acao-social-da-semana-santa-com-distribuicao-de-35-toneladas-de-pescado-em-paco-do-lumiar\/\" \/>\n<meta property=\"og:locale\" content=\"pt_BR\" \/>\n<meta property=\"og:type\" content=\"article\" \/>\n<meta property=\"og:title\" content=\"Prefeita Paula Azevedo conclui a\u00e7\u00e3o social da Semana Santa com distribui\u00e7\u00e3o de 35 toneladas de pescado em Pa\u00e7o do Lumiar - Daniel Matos\" \/>\n<meta property=\"og:description\" content=\"A prefeita Paula Azevedo encerrou, nesta quinta-feira (6), a entrega de 35 toneladas de peixe para a popula\u00e7\u00e3o de Pa\u00e7o [&hellip;]\" \/>\n<meta property=\"og:url\" content=\"https:\/\/www.blogsoestado.com\/danielmatos\/prefeita-paula-azevedo-conclui-acao-social-da-semana-santa-com-distribuicao-de-35-toneladas-de-pescado-em-paco-do-lumiar\/\" \/>\n<meta property=\"og:site_name\" content=\"Daniel Matos\" \/>\n<meta property=\"article:published_time\" content=\"2023-04-06T19:19:47+00:00\" \/>\n<meta property=\"og:image\" content=\"https:\/\/www.blogsoestado.com\/danielmatos\/files\/2023\/04\/Screenshot_20230406-1624192.png\" \/>\n<meta name=\"twitter:card\" content=\"summary_large_image\" \/>\n<meta name=\"twitter:label1\" content=\"Est. tempo de leitura\" \/>\n\t<meta name=\"twitter:data1\" content=\"2 minutos\" \/>\n<script type=\"application\/ld+json\" class=\"yoast-schema-graph\">{\"@context\":\"https:\/\/schema.org\",\"@graph\":[{\"@type\":\"WebPage\",\"@id\":\"https:\/\/www.blogsoestado.com\/danielmatos\/prefeita-paula-azevedo-conclui-acao-social-da-semana-santa-com-distribuicao-de-35-toneladas-de-pescado-em-paco-do-lumiar\/\",\"url\":\"https:\/\/www.blogsoestado.com\/danielmatos\/prefeita-paula-azevedo-conclui-acao-social-da-semana-santa-com-distribuicao-de-35-toneladas-de-pescado-em-paco-do-lumiar\/\",\"name\":\"Prefeita Paula Azevedo conclui a\u00e7\u00e3o social da Semana Santa com distribui\u00e7\u00e3o de 35 toneladas de pescado em Pa\u00e7o do Lumiar - Daniel Matos\",\"isPartOf\":{\"@id\":\"https:\/\/www.blogsoestado.com\/danielmatos\/#website\"},\"primaryImageOfPage\":{\"@id\":\"https:\/\/www.blogsoestado.com\/danielmatos\/prefeita-paula-azevedo-conclui-acao-social-da-semana-santa-com-distribuicao-de-35-toneladas-de-pescado-em-paco-do-lumiar\/#primaryimage\"},\"image\":{\"@id\":\"https:\/\/www.blogsoestado.com\/danielmatos\/prefeita-paula-azevedo-conclui-acao-social-da-semana-santa-com-distribuicao-de-35-toneladas-de-pescado-em-paco-do-lumiar\/#primaryimage\"},\"thumbnailUrl\":\"https:\/\/www.blogsoestado.com\/danielmatos\/files\/2023\/04\/Screenshot_20230406-1624192.png\",\"datePublished\":\"2023-04-06T19:19:47+00:00\",\"author\":{\"@id\":\"\"},\"breadcrumb\":{\"@id\":\"https:\/\/www.blogsoestado.com\/danielmatos\/prefeita-paula-azevedo-conclui-acao-social-da-semana-santa-com-distribuicao-de-35-toneladas-de-pescado-em-paco-do-lumiar\/#breadcrumb\"},\"inLanguage\":\"pt-BR\",\"potentialAction\":[{\"@type\":\"ReadAction\",\"target\":[\"https:\/\/www.blogsoestado.com\/danielmatos\/prefeita-paula-azevedo-conclui-acao-social-da-semana-santa-com-distribuicao-de-35-toneladas-de-pescado-em-paco-do-lumiar\/\"]}]},{\"@type\":\"ImageObject\",\"inLanguage\":\"pt-BR\",\"@id\":\"https:\/\/www.blogsoestado.com\/danielmatos\/prefeita-paula-azevedo-conclui-acao-social-da-semana-santa-com-distribuicao-de-35-toneladas-de-pescado-em-paco-do-lumiar\/#primaryimage\",\"url\":\"https:\/\/www.blogsoestado.com\/danielmatos\/files\/2023\/04\/Screenshot_20230406-1624192.png\",\"contentUrl\":\"https:\/\/www.blogsoestado.com\/danielmatos\/files\/2023\/04\/Screenshot_20230406-1624192.png\"},{\"@type\":\"BreadcrumbList\",\"@id\":\"https:\/\/www.blogsoestado.com\/danielmatos\/prefeita-paula-azevedo-conclui-acao-social-da-semana-santa-com-distribuicao-de-35-toneladas-de-pescado-em-paco-do-lumiar\/#breadcrumb\",\"itemListElement\":[{\"@type\":\"ListItem\",\"position\":1,\"name\":\"In\u00edcio\",\"item\":\"https:\/\/www.blogsoestado.com\/danielmatos\/\"},{\"@type\":\"ListItem\",\"position\":2,\"name\":\"Prefeita Paula Azevedo conclui a\u00e7\u00e3o social da Semana Santa com distribui\u00e7\u00e3o de 35 toneladas de pescado em Pa\u00e7o do Lumiar\"}]},{\"@type\":\"WebSite\",\"@id\":\"https:\/\/www.blogsoestado.com\/danielmatos\/#website\",\"url\":\"https:\/\/www.blogsoestado.com\/danielmatos\/\",\"name\":\"Daniel Matos\",\"description\":\"\",\"potentialAction\":[{\"@type\":\"SearchAction\",\"target\":{\"@type\":\"EntryPoint\",\"urlTemplate\":\"https:\/\/www.blogsoestado.com\/danielmatos\/?s={search_term_string}\"},\"query-input\":{\"@type\":\"PropertyValueSpecification\",\"valueRequired\":true,\"valueName\":\"search_term_string\"}}],\"inLanguage\":\"pt-BR\"}]}<\/script>\n<!-- \/ Yoast SEO plugin. -->","yoast_head_json":{"title":"Prefeita Paula Azevedo conclui a\u00e7\u00e3o social da Semana Santa com distribui\u00e7\u00e3o de 35 toneladas de pescado em Pa\u00e7o do Lumiar - Daniel Matos","robots":{"index":"index","follow":"follow","max-snippet":"max-snippet:-1","max-image-preview":"max-image-preview:large","max-video-preview":"max-video-preview:-1"},"canonical":"https:\/\/www.blogsoestado.com\/danielmatos\/prefeita-paula-azevedo-conclui-acao-social-da-semana-santa-com-distribuicao-de-35-toneladas-de-pescado-em-paco-do-lumiar\/","og_locale":"pt_BR","og_type":"article","og_title":"Prefeita Paula Azevedo conclui a\u00e7\u00e3o social da Semana Santa com distribui\u00e7\u00e3o de 35 toneladas de pescado em Pa\u00e7o do Lumiar - Daniel Matos","og_description":"A prefeita Paula Azevedo encerrou, nesta quinta-feira (6), a entrega de 35 toneladas de peixe para a popula\u00e7\u00e3o de Pa\u00e7o [&hellip;]","og_url":"https:\/\/www.blogsoestado.com\/danielmatos\/prefeita-paula-azevedo-conclui-acao-social-da-semana-santa-com-distribuicao-de-35-toneladas-de-pescado-em-paco-do-lumiar\/","og_site_name":"Daniel Matos","article_published_time":"2023-04-06T19:19:47+00:00","og_image":[{"url":"https:\/\/www.blogsoestado.com\/danielmatos\/files\/2023\/04\/Screenshot_20230406-1624192.png","type":"","width":"","height":""}],"twitter_card":"summary_large_image","twitter_misc":{"Est. tempo de leitura":"2 minutos"},"schema":{"@context":"https:\/\/schema.org","@graph":[{"@type":"WebPage","@id":"https:\/\/www.blogsoestado.com\/danielmatos\/prefeita-paula-azevedo-conclui-acao-social-da-semana-santa-com-distribuicao-de-35-toneladas-de-pescado-em-paco-do-lumiar\/","url":"https:\/\/www.blogsoestado.com\/danielmatos\/prefeita-paula-azevedo-conclui-acao-social-da-semana-santa-com-distribuicao-de-35-toneladas-de-pescado-em-paco-do-lumiar\/","name":"Prefeita Paula Azevedo conclui a\u00e7\u00e3o social da Semana Santa com distribui\u00e7\u00e3o de 35 toneladas de pescado em Pa\u00e7o do Lumiar - Daniel Matos","isPartOf":{"@id":"https:\/\/www.blogsoestado.com\/danielmatos\/#website"},"primaryImageOfPage":{"@id":"https:\/\/www.blogsoestado.com\/danielmatos\/prefeita-paula-azevedo-conclui-acao-social-da-semana-santa-com-distribuicao-de-35-toneladas-de-pescado-em-paco-do-lumiar\/#primaryimage"},"image":{"@id":"https:\/\/www.blogsoestado.com\/danielmatos\/prefeita-paula-azevedo-conclui-acao-social-da-semana-santa-com-distribuicao-de-35-toneladas-de-pescado-em-paco-do-lumiar\/#primaryimage"},"thumbnailUrl":"https:\/\/www.blogsoestado.com\/danielmatos\/files\/2023\/04\/Screenshot_20230406-1624192.png","datePublished":"2023-04-06T19:19:47+00:00","author":{"@id":""},"breadcrumb":{"@id":"https:\/\/www.blogsoestado.com\/danielmatos\/prefeita-paula-azevedo-conclui-acao-social-da-semana-santa-com-distribuicao-de-35-toneladas-de-pescado-em-paco-do-lumiar\/#breadcrumb"},"inLanguage":"pt-BR","potentialAction":[{"@type":"ReadAction","target":["https:\/\/www.blogsoestado.com\/danielmatos\/prefeita-paula-azevedo-conclui-acao-social-da-semana-santa-com-distribuicao-de-35-toneladas-de-pescado-em-paco-do-lumiar\/"]}]},{"@type":"ImageObject","inLanguage":"pt-BR","@id":"https:\/\/www.blogsoestado.com\/danielmatos\/prefeita-paula-azevedo-conclui-acao-social-da-semana-santa-com-distribuicao-de-35-toneladas-de-pescado-em-paco-do-lumiar\/#primaryimage","url":"https:\/\/www.blogsoestado.com\/danielmatos\/files\/2023\/04\/Screenshot_20230406-1624192.png","contentUrl":"https:\/\/www.blogsoestado.com\/danielmatos\/files\/2023\/04\/Screenshot_20230406-1624192.png"},{"@type":"BreadcrumbList","@id":"https:\/\/www.blogsoestado.com\/danielmatos\/prefeita-paula-azevedo-conclui-acao-social-da-semana-santa-com-distribuicao-de-35-toneladas-de-pescado-em-paco-do-lumiar\/#breadcrumb","itemListElement":[{"@type":"ListItem","position":1,"name":"In\u00edcio","item":"https:\/\/www.blogsoestado.com\/danielmatos\/"},{"@type":"ListItem","position":2,"name":"Prefeita Paula Azevedo conclui a\u00e7\u00e3o social da Semana Santa com distribui\u00e7\u00e3o de 35 toneladas de pescado em Pa\u00e7o do Lumiar"}]},{"@type":"WebSite","@id":"https:\/\/www.blogsoestado.com\/danielmatos\/#website","url":"https:\/\/www.blogsoestado.com\/danielmatos\/","name":"Daniel Matos","description":"","potentialAction":[{"@type":"SearchAction","target":{"@type":"EntryPoint","urlTemplate":"https:\/\/www.blogsoestado.com\/danielmatos\/?s={search_term_string}"},"query-input":{"@type":"PropertyValueSpecification","valueRequired":true,"valueName":"search_term_string"}}],"inLanguage":"pt-BR"}]}},"jetpack_featured_media_url":"","_links":{"self":[{"href":"https:\/\/www.blogsoestado.com\/danielmatos\/wp-json\/wp\/v2\/posts\/108062","targetHints":{"allow":["GET"]}}],"collection":[{"href":"https:\/\/www.blogsoestado.com\/danielmatos\/wp-json\/wp\/v2\/posts"}],"about":[{"href":"https:\/\/www.blogsoestado.com\/danielmatos\/wp-json\/wp\/v2\/types\/post"}],"replies":[{"embeddable":true,"href":"https:\/\/www.blogsoestado.com\/danielmatos\/wp-json\/wp\/v2\/comments?post=108062"}],"version-history":[{"count":0,"href":"https:\/\/www.blogsoestado.com\/danielmatos\/wp-json\/wp\/v2\/posts\/108062\/revisions"}],"wp:attachment":[{"href":"https:\/\/www.blogsoestado.com\/danielmatos\/wp-json\/wp\/v2\/media?parent=108062"}],"wp:term":[{"taxonomy":"category","embeddable":true,"href":"https:\/\/www.blogsoestado.com\/danielmatos\/wp-json\/wp\/v2\/categories?post=108062"},{"taxonomy":"post_tag","embeddable":true,"href":"https:\/\/www.blogsoestado.com\/danielmatos\/wp-json\/wp\/v2\/tags?post=108062"}],"curies":[{"name":"wp","href":"https:\/\/api.w.org\/{rel}","templated":true}]}}