{"id":108094,"date":"2023-04-07T14:55:14","date_gmt":"2023-04-07T17:55:14","guid":{"rendered":"https:\/\/www.blogsoestado.com\/danielmatos\/?p=108094"},"modified":"2023-04-07T14:55:14","modified_gmt":"2023-04-07T17:55:14","slug":"gesto-solidario-de-dr-gutemberg-garante-alimentos-a-centenas-de-familias-de-sao-luis-na-semana-santa","status":"publish","type":"post","link":"https:\/\/www.blogsoestado.com\/danielmatos\/gesto-solidario-de-dr-gutemberg-garante-alimentos-a-centenas-de-familias-de-sao-luis-na-semana-santa\/","title":{"rendered":"Gesto solid\u00e1rio de Dr. Gutemberg garante alimentos a centenas de fam\u00edlias de S\u00e3o Lu\u00eds na Semana Santa"},"content":{"rendered":"\n<div class=\"wp-block-image\"><figure class=\"aligncenter size-large\"><a href=\"https:\/\/www.blogsoestado.com\/danielmatos\/files\/2023\/04\/Screenshot_20230407-1445052.png\"><img decoding=\"async\" src=\"https:\/\/www.blogsoestado.com\/danielmatos\/files\/2023\/04\/Screenshot_20230407-1445052-599x1024.png\" alt=\"\" class=\"wp-image-108095\"\/><\/a><figcaption>Dr. Gutemberg percorreu diversos bairros de S\u00e3o Lu\u00eds para distribuir alimentos \u00e0 popula\u00e7\u00e3o mais humilde em uma a\u00e7\u00e3o beneficente alusiva \u00e0 Semana Santa<\/figcaption><\/figure><\/div>\n\n\n\n<p>Para garantir o principal alimento da Semana Santa, o m\u00e9dico e vereador Dr. Gutemberg vem desde de quarta-feira (5) percorrendo diversos bairros da capital maranhense, realizando uma grande a\u00e7\u00e3o de distribui\u00e7\u00e3o de alimentos.<\/p>\n\n\n\n<p>A a\u00e7\u00e3o integra o Programa Cuidando de Voc\u00ea, do vereador Dr. Gutemberg, que durante todo o ano desenvolve uma s\u00e9rie de atividades sociais, tais como: a distribui\u00e7\u00e3o de alimentos, a\u00e7\u00f5es de sa\u00fade, esporte e lazer em S\u00e3o Lu\u00eds.<\/p>\n\n\n\n<p>&#8220;A nossa P\u00e1scoa \u00e9 Solid\u00e1ria e com muito Amor ! O nosso sentimento \u00e9 sempre de gratid\u00e3o a Deus por esses momentos. Sempre \u00e9 tempo de alimentar a f\u00e9 e renovar os bons sentimentos. Aproveito para desejar uma Feliz e Aben\u00e7oada P\u00e1scoa para todos voc\u00eas&#8221;, desejou Dr. Gutemberg. <\/p>\n\n\n\n<div class=\"wp-block-image\"><figure class=\"aligncenter size-large\"><a href=\"https:\/\/www.blogsoestado.com\/danielmatos\/files\/2023\/04\/Screenshot_20230407-1447492.png\"><img decoding=\"async\" src=\"https:\/\/www.blogsoestado.com\/danielmatos\/files\/2023\/04\/Screenshot_20230407-1447492.png\" alt=\"\" class=\"wp-image-108096\"\/><\/a><figcaption>Crian\u00e7a recebe alimentos das m\u00e3os do Dr. Gutemberg, que garantiu comida na mesa para centenas de fam\u00edlias neste per\u00edodo de P\u00e1scoa<\/figcaption><\/figure><\/div>\n\n\n\n<p>Nesta Semana Santa, v\u00e1rias fam\u00edlias foram beneficiadas com a distribui\u00e7\u00e3o de alimentos e peixes.<\/p>\n\n\n\n<p>&#8220;O pescado t\u00e1 muito caro. Por isso, agrade\u00e7o ao Dr. Gutemberg por esse gesto de solidariedade para que v\u00e1rias fam\u00edlias possam manter a tradi\u00e7\u00e3o da Semana Santa&#8221;, agradeceu Sebastiana Abreu Cardoso, moradora do Residencial Maria Arag\u00e3o.<\/p>\n\n\n\n<p>Dr. Gutemberg tamb\u00e9m aproveitou para agradecer os parceiros nessa grande a\u00e7\u00e3o: Prefeitura de S\u00e3o Lu\u00eds, Governo do Estado e secret\u00e1rio de Cultura, vereador Paulo Victor.<\/p>\n\n\n\n<div class=\"wp-block-image\"><figure class=\"aligncenter size-large\"><a href=\"https:\/\/www.blogsoestado.com\/danielmatos\/files\/2023\/04\/Screenshot_20230407-1448112.png\"><img decoding=\"async\" src=\"https:\/\/www.blogsoestado.com\/danielmatos\/files\/2023\/04\/Screenshot_20230407-1448112.png\" alt=\"\" class=\"wp-image-108097\"\/><\/a><figcaption>Pessoas beneficiadas retribu\u00edram o gesto solid\u00e1rio do vereador com sorrisos de pura felicidade e gratid\u00e3o <\/figcaption><\/figure><\/div>\n\n\n\n<p>&#8220;Tenho refor\u00e7ado o compromisso com as comunidades mais vulner\u00e1veis. \u00c9 por meio de parcerias assim que podemos fazer a diferen\u00e7a na vida das pessoas e construir uma sociedade mais justa e igualit\u00e1ria&#8221;, disse Dr. Gutemberg.<\/p>\n\n\n\n<p>Bairros beneficiados com a distribui\u00e7\u00e3o de peixes: Vila Sarney, Amendoeira, Coquilho, Pontal da ilha, Vila Cotia, Coroadinho, Maracan\u00e3, Cintur\u00e3o Verde, Maracuj\u00e1, Cajupari, Tajipuru,S\u00e3o Joaquim, Maria Arag\u00e3o, Coroado, Monte Castelo, Jana\u00edna e Santa Clara.<\/p>\n","protected":false},"excerpt":{"rendered":"<p>Para garantir o principal alimento da Semana Santa, o m\u00e9dico e vereador Dr. Gutemberg vem desde de quarta-feira (5) percorrendo [&hellip;]<\/p>\n","protected":false},"author":0,"featured_media":0,"comment_status":"open","ping_status":"open","sticky":false,"template":"","format":"standard","meta":{"site-sidebar-layout":"default","site-content-layout":"","ast-site-content-layout":"default","site-content-style":"default","site-sidebar-style":"default","ast-global-header-display":"","ast-banner-title-visibility":"","ast-main-header-display":"","ast-hfb-above-header-display":"","ast-hfb-below-header-display":"","ast-hfb-mobile-header-display":"","site-post-title":"","ast-breadcrumbs-content":"","ast-featured-img":"","footer-sml-layout":"","ast-disable-related-posts":"","theme-transparent-header-meta":"","adv-header-id-meta":"","stick-header-meta":"","header-above-stick-meta":"","header-main-stick-meta":"","header-below-stick-meta":"","astra-migrate-meta-layouts":"default","ast-page-background-enabled":"default","ast-page-background-meta":{"desktop":{"background-color":"var(--ast-global-color-5)","background-image":"","background-repeat":"repeat","background-position":"center center","background-size":"auto","background-attachment":"scroll","background-type":"","background-media":"","overlay-type":"","overlay-color":"","overlay-opacity":"","overlay-gradient":""},"tablet":{"background-color":"","background-image":"","background-repeat":"repeat","background-position":"center center","background-size":"auto","background-attachment":"scroll","background-type":"","background-media":"","overlay-type":"","overlay-color":"","overlay-opacity":"","overlay-gradient":""},"mobile":{"background-color":"","background-image":"","background-repeat":"repeat","background-position":"center center","background-size":"auto","background-attachment":"scroll","background-type":"","background-media":"","overlay-type":"","overlay-color":"","overlay-opacity":"","overlay-gradient":""}},"ast-content-background-meta":{"desktop":{"background-color":"var(--ast-global-color-4)","background-image":"","background-repeat":"repeat","background-position":"center center","background-size":"auto","background-attachment":"scroll","background-type":"","background-media":"","overlay-type":"","overlay-color":"","overlay-opacity":"","overlay-gradient":""},"tablet":{"background-color":"var(--ast-global-color-4)","background-image":"","background-repeat":"repeat","background-position":"center center","background-size":"auto","background-attachment":"scroll","background-type":"","background-media":"","overlay-type":"","overlay-color":"","overlay-opacity":"","overlay-gradient":""},"mobile":{"background-color":"var(--ast-global-color-4)","background-image":"","background-repeat":"repeat","background-position":"center center","background-size":"auto","background-attachment":"scroll","background-type":"","background-media":"","overlay-type":"","overlay-color":"","overlay-opacity":"","overlay-gradient":""}},"footnotes":""},"categories":[1],"tags":[],"class_list":["post-108094","post","type-post","status-publish","format-standard","hentry","category-sem-categoria"],"yoast_head":"<!-- This site is optimized with the Yoast SEO plugin v26.6 - https:\/\/yoast.com\/wordpress\/plugins\/seo\/ -->\n<title>Gesto solid\u00e1rio de Dr. Gutemberg garante alimentos a centenas de fam\u00edlias de S\u00e3o Lu\u00eds na Semana Santa - Daniel Matos<\/title>\n<meta name=\"robots\" content=\"index, follow, max-snippet:-1, max-image-preview:large, max-video-preview:-1\" \/>\n<link rel=\"canonical\" href=\"https:\/\/www.blogsoestado.com\/danielmatos\/gesto-solidario-de-dr-gutemberg-garante-alimentos-a-centenas-de-familias-de-sao-luis-na-semana-santa\/\" \/>\n<meta property=\"og:locale\" content=\"pt_BR\" \/>\n<meta property=\"og:type\" content=\"article\" \/>\n<meta property=\"og:title\" content=\"Gesto solid\u00e1rio de Dr. Gutemberg garante alimentos a centenas de fam\u00edlias de S\u00e3o Lu\u00eds na Semana Santa - Daniel Matos\" \/>\n<meta property=\"og:description\" content=\"Para garantir o principal alimento da Semana Santa, o m\u00e9dico e vereador Dr. Gutemberg vem desde de quarta-feira (5) percorrendo [&hellip;]\" \/>\n<meta property=\"og:url\" content=\"https:\/\/www.blogsoestado.com\/danielmatos\/gesto-solidario-de-dr-gutemberg-garante-alimentos-a-centenas-de-familias-de-sao-luis-na-semana-santa\/\" \/>\n<meta property=\"og:site_name\" content=\"Daniel Matos\" \/>\n<meta property=\"article:published_time\" content=\"2023-04-07T17:55:14+00:00\" \/>\n<meta property=\"og:image\" content=\"https:\/\/www.blogsoestado.com\/danielmatos\/files\/2023\/04\/Screenshot_20230407-1445052-599x1024.png\" \/>\n<meta name=\"twitter:card\" content=\"summary_large_image\" \/>\n<meta name=\"twitter:label1\" content=\"Est. tempo de leitura\" \/>\n\t<meta name=\"twitter:data1\" content=\"3 minutos\" \/>\n<script type=\"application\/ld+json\" class=\"yoast-schema-graph\">{\"@context\":\"https:\/\/schema.org\",\"@graph\":[{\"@type\":\"WebPage\",\"@id\":\"https:\/\/www.blogsoestado.com\/danielmatos\/gesto-solidario-de-dr-gutemberg-garante-alimentos-a-centenas-de-familias-de-sao-luis-na-semana-santa\/\",\"url\":\"https:\/\/www.blogsoestado.com\/danielmatos\/gesto-solidario-de-dr-gutemberg-garante-alimentos-a-centenas-de-familias-de-sao-luis-na-semana-santa\/\",\"name\":\"Gesto solid\u00e1rio de Dr. Gutemberg garante alimentos a centenas de fam\u00edlias de S\u00e3o Lu\u00eds na Semana Santa - Daniel Matos\",\"isPartOf\":{\"@id\":\"https:\/\/www.blogsoestado.com\/danielmatos\/#website\"},\"primaryImageOfPage\":{\"@id\":\"https:\/\/www.blogsoestado.com\/danielmatos\/gesto-solidario-de-dr-gutemberg-garante-alimentos-a-centenas-de-familias-de-sao-luis-na-semana-santa\/#primaryimage\"},\"image\":{\"@id\":\"https:\/\/www.blogsoestado.com\/danielmatos\/gesto-solidario-de-dr-gutemberg-garante-alimentos-a-centenas-de-familias-de-sao-luis-na-semana-santa\/#primaryimage\"},\"thumbnailUrl\":\"https:\/\/www.blogsoestado.com\/danielmatos\/files\/2023\/04\/Screenshot_20230407-1445052-599x1024.png\",\"datePublished\":\"2023-04-07T17:55:14+00:00\",\"author\":{\"@id\":\"\"},\"breadcrumb\":{\"@id\":\"https:\/\/www.blogsoestado.com\/danielmatos\/gesto-solidario-de-dr-gutemberg-garante-alimentos-a-centenas-de-familias-de-sao-luis-na-semana-santa\/#breadcrumb\"},\"inLanguage\":\"pt-BR\",\"potentialAction\":[{\"@type\":\"ReadAction\",\"target\":[\"https:\/\/www.blogsoestado.com\/danielmatos\/gesto-solidario-de-dr-gutemberg-garante-alimentos-a-centenas-de-familias-de-sao-luis-na-semana-santa\/\"]}]},{\"@type\":\"ImageObject\",\"inLanguage\":\"pt-BR\",\"@id\":\"https:\/\/www.blogsoestado.com\/danielmatos\/gesto-solidario-de-dr-gutemberg-garante-alimentos-a-centenas-de-familias-de-sao-luis-na-semana-santa\/#primaryimage\",\"url\":\"https:\/\/www.blogsoestado.com\/danielmatos\/files\/2023\/04\/Screenshot_20230407-1445052-599x1024.png\",\"contentUrl\":\"https:\/\/www.blogsoestado.com\/danielmatos\/files\/2023\/04\/Screenshot_20230407-1445052-599x1024.png\"},{\"@type\":\"BreadcrumbList\",\"@id\":\"https:\/\/www.blogsoestado.com\/danielmatos\/gesto-solidario-de-dr-gutemberg-garante-alimentos-a-centenas-de-familias-de-sao-luis-na-semana-santa\/#breadcrumb\",\"itemListElement\":[{\"@type\":\"ListItem\",\"position\":1,\"name\":\"In\u00edcio\",\"item\":\"https:\/\/www.blogsoestado.com\/danielmatos\/\"},{\"@type\":\"ListItem\",\"position\":2,\"name\":\"Gesto solid\u00e1rio de Dr. Gutemberg garante alimentos a centenas de fam\u00edlias de S\u00e3o Lu\u00eds na Semana Santa\"}]},{\"@type\":\"WebSite\",\"@id\":\"https:\/\/www.blogsoestado.com\/danielmatos\/#website\",\"url\":\"https:\/\/www.blogsoestado.com\/danielmatos\/\",\"name\":\"Daniel Matos\",\"description\":\"\",\"potentialAction\":[{\"@type\":\"SearchAction\",\"target\":{\"@type\":\"EntryPoint\",\"urlTemplate\":\"https:\/\/www.blogsoestado.com\/danielmatos\/?s={search_term_string}\"},\"query-input\":{\"@type\":\"PropertyValueSpecification\",\"valueRequired\":true,\"valueName\":\"search_term_string\"}}],\"inLanguage\":\"pt-BR\"}]}<\/script>\n<!-- \/ Yoast SEO plugin. -->","yoast_head_json":{"title":"Gesto solid\u00e1rio de Dr. Gutemberg garante alimentos a centenas de fam\u00edlias de S\u00e3o Lu\u00eds na Semana Santa - Daniel Matos","robots":{"index":"index","follow":"follow","max-snippet":"max-snippet:-1","max-image-preview":"max-image-preview:large","max-video-preview":"max-video-preview:-1"},"canonical":"https:\/\/www.blogsoestado.com\/danielmatos\/gesto-solidario-de-dr-gutemberg-garante-alimentos-a-centenas-de-familias-de-sao-luis-na-semana-santa\/","og_locale":"pt_BR","og_type":"article","og_title":"Gesto solid\u00e1rio de Dr. Gutemberg garante alimentos a centenas de fam\u00edlias de S\u00e3o Lu\u00eds na Semana Santa - Daniel Matos","og_description":"Para garantir o principal alimento da Semana Santa, o m\u00e9dico e vereador Dr. Gutemberg vem desde de quarta-feira (5) percorrendo [&hellip;]","og_url":"https:\/\/www.blogsoestado.com\/danielmatos\/gesto-solidario-de-dr-gutemberg-garante-alimentos-a-centenas-de-familias-de-sao-luis-na-semana-santa\/","og_site_name":"Daniel Matos","article_published_time":"2023-04-07T17:55:14+00:00","og_image":[{"url":"https:\/\/www.blogsoestado.com\/danielmatos\/files\/2023\/04\/Screenshot_20230407-1445052-599x1024.png","type":"","width":"","height":""}],"twitter_card":"summary_large_image","twitter_misc":{"Est. tempo de leitura":"3 minutos"},"schema":{"@context":"https:\/\/schema.org","@graph":[{"@type":"WebPage","@id":"https:\/\/www.blogsoestado.com\/danielmatos\/gesto-solidario-de-dr-gutemberg-garante-alimentos-a-centenas-de-familias-de-sao-luis-na-semana-santa\/","url":"https:\/\/www.blogsoestado.com\/danielmatos\/gesto-solidario-de-dr-gutemberg-garante-alimentos-a-centenas-de-familias-de-sao-luis-na-semana-santa\/","name":"Gesto solid\u00e1rio de Dr. Gutemberg garante alimentos a centenas de fam\u00edlias de S\u00e3o Lu\u00eds na Semana Santa - Daniel Matos","isPartOf":{"@id":"https:\/\/www.blogsoestado.com\/danielmatos\/#website"},"primaryImageOfPage":{"@id":"https:\/\/www.blogsoestado.com\/danielmatos\/gesto-solidario-de-dr-gutemberg-garante-alimentos-a-centenas-de-familias-de-sao-luis-na-semana-santa\/#primaryimage"},"image":{"@id":"https:\/\/www.blogsoestado.com\/danielmatos\/gesto-solidario-de-dr-gutemberg-garante-alimentos-a-centenas-de-familias-de-sao-luis-na-semana-santa\/#primaryimage"},"thumbnailUrl":"https:\/\/www.blogsoestado.com\/danielmatos\/files\/2023\/04\/Screenshot_20230407-1445052-599x1024.png","datePublished":"2023-04-07T17:55:14+00:00","author":{"@id":""},"breadcrumb":{"@id":"https:\/\/www.blogsoestado.com\/danielmatos\/gesto-solidario-de-dr-gutemberg-garante-alimentos-a-centenas-de-familias-de-sao-luis-na-semana-santa\/#breadcrumb"},"inLanguage":"pt-BR","potentialAction":[{"@type":"ReadAction","target":["https:\/\/www.blogsoestado.com\/danielmatos\/gesto-solidario-de-dr-gutemberg-garante-alimentos-a-centenas-de-familias-de-sao-luis-na-semana-santa\/"]}]},{"@type":"ImageObject","inLanguage":"pt-BR","@id":"https:\/\/www.blogsoestado.com\/danielmatos\/gesto-solidario-de-dr-gutemberg-garante-alimentos-a-centenas-de-familias-de-sao-luis-na-semana-santa\/#primaryimage","url":"https:\/\/www.blogsoestado.com\/danielmatos\/files\/2023\/04\/Screenshot_20230407-1445052-599x1024.png","contentUrl":"https:\/\/www.blogsoestado.com\/danielmatos\/files\/2023\/04\/Screenshot_20230407-1445052-599x1024.png"},{"@type":"BreadcrumbList","@id":"https:\/\/www.blogsoestado.com\/danielmatos\/gesto-solidario-de-dr-gutemberg-garante-alimentos-a-centenas-de-familias-de-sao-luis-na-semana-santa\/#breadcrumb","itemListElement":[{"@type":"ListItem","position":1,"name":"In\u00edcio","item":"https:\/\/www.blogsoestado.com\/danielmatos\/"},{"@type":"ListItem","position":2,"name":"Gesto solid\u00e1rio de Dr. Gutemberg garante alimentos a centenas de fam\u00edlias de S\u00e3o Lu\u00eds na Semana Santa"}]},{"@type":"WebSite","@id":"https:\/\/www.blogsoestado.com\/danielmatos\/#website","url":"https:\/\/www.blogsoestado.com\/danielmatos\/","name":"Daniel Matos","description":"","potentialAction":[{"@type":"SearchAction","target":{"@type":"EntryPoint","urlTemplate":"https:\/\/www.blogsoestado.com\/danielmatos\/?s={search_term_string}"},"query-input":{"@type":"PropertyValueSpecification","valueRequired":true,"valueName":"search_term_string"}}],"inLanguage":"pt-BR"}]}},"jetpack_featured_media_url":"","_links":{"self":[{"href":"https:\/\/www.blogsoestado.com\/danielmatos\/wp-json\/wp\/v2\/posts\/108094","targetHints":{"allow":["GET"]}}],"collection":[{"href":"https:\/\/www.blogsoestado.com\/danielmatos\/wp-json\/wp\/v2\/posts"}],"about":[{"href":"https:\/\/www.blogsoestado.com\/danielmatos\/wp-json\/wp\/v2\/types\/post"}],"replies":[{"embeddable":true,"href":"https:\/\/www.blogsoestado.com\/danielmatos\/wp-json\/wp\/v2\/comments?post=108094"}],"version-history":[{"count":0,"href":"https:\/\/www.blogsoestado.com\/danielmatos\/wp-json\/wp\/v2\/posts\/108094\/revisions"}],"wp:attachment":[{"href":"https:\/\/www.blogsoestado.com\/danielmatos\/wp-json\/wp\/v2\/media?parent=108094"}],"wp:term":[{"taxonomy":"category","embeddable":true,"href":"https:\/\/www.blogsoestado.com\/danielmatos\/wp-json\/wp\/v2\/categories?post=108094"},{"taxonomy":"post_tag","embeddable":true,"href":"https:\/\/www.blogsoestado.com\/danielmatos\/wp-json\/wp\/v2\/tags?post=108094"}],"curies":[{"name":"wp","href":"https:\/\/api.w.org\/{rel}","templated":true}]}}