{"id":108099,"date":"2023-04-07T18:10:45","date_gmt":"2023-04-07T21:10:45","guid":{"rendered":"https:\/\/www.blogsoestado.com\/danielmatos\/?p=108099"},"modified":"2023-04-07T18:10:45","modified_gmt":"2023-04-07T21:10:45","slug":"caxias-cynthia-lucena-realiza-acao-solidaria-na-semana-santa-por-meio-do-projeto-sementes-do-bem","status":"publish","type":"post","link":"https:\/\/www.blogsoestado.com\/danielmatos\/caxias-cynthia-lucena-realiza-acao-solidaria-na-semana-santa-por-meio-do-projeto-sementes-do-bem\/","title":{"rendered":"Caxias: Cynthia Lucena realiza a\u00e7\u00e3o solid\u00e1ria na Semana Santa por meio do projeto Sementes do Bem"},"content":{"rendered":"\n<div class=\"wp-block-image\"><figure class=\"aligncenter size-large\"><a href=\"https:\/\/www.blogsoestado.com\/danielmatos\/files\/2023\/04\/Screenshot_20230407-1741362.png\"><img decoding=\"async\" src=\"https:\/\/www.blogsoestado.com\/danielmatos\/files\/2023\/04\/Screenshot_20230407-1741362.png\" alt=\"\" class=\"wp-image-108100\"\/><\/a><figcaption>Cynthia Lucena expressa alegria ao entregar alimentos a m\u00e3e de fam\u00edlia caxiense na a\u00e7\u00e3o solid\u00e1ria realizada pelo projeto Sementes do Bem<\/figcaption><\/figure><\/div>\n\n\n\n<p>A secret\u00e1ria de Governo de Caxias e idealizadora do projeto Sementes do Bem, Cynthia Lucena, realizou uma a\u00e7\u00e3o solid\u00e1ria em favor fam\u00edlias carentes do munic\u00edpio. Por iniciativa da secret\u00e1ria, centenas de cidad\u00e3os mais humildes receberam alimentos, garantindo comida na mesa na Semana Santa. <\/p>\n\n\n\n<div class=\"wp-block-image\"><figure class=\"aligncenter size-large\"><a href=\"https:\/\/www.blogsoestado.com\/danielmatos\/files\/2023\/04\/Screenshot_20230407-1742022.png\"><img decoding=\"async\" src=\"https:\/\/www.blogsoestado.com\/danielmatos\/files\/2023\/04\/Screenshot_20230407-1742022.png\" alt=\"\" class=\"wp-image-108101\"\/><\/a><figcaption>Cynthia Lucena \u00e9 recepcionada com carinho por fam\u00edlia beneficiada pela a\u00e7\u00e3o solid\u00e1ria <\/figcaption><\/figure><\/div>\n\n\n\n<p>E para tornar a P\u00e1scoa mais alegre, crian\u00e7as de  diversos bairros e povoados caxienses foram presenteadas com ovos de chocolate e retribu\u00edram com gestos de carinho e gratid\u00e3o.<\/p>\n\n\n\n<div class=\"wp-block-image\"><figure class=\"aligncenter size-large\"><a href=\"https:\/\/www.blogsoestado.com\/danielmatos\/files\/2023\/04\/Screenshot_20230407-1742562.png\"><img decoding=\"async\" src=\"https:\/\/www.blogsoestado.com\/danielmatos\/files\/2023\/04\/Screenshot_20230407-1742562.png\" alt=\"\" class=\"wp-image-108102\"\/><\/a><figcaption>Momentos de pura felicidade marcaram a a\u00e7\u00e3o solid\u00e1ria nas \u00e1reas de maior vulnerabilidade social de Caxias<\/figcaption><\/figure><\/div>\n\n\n\n<p>Cynthia agradeceu a todos os apoiadores do projeto Sementes do Bem, que tornaram poss\u00edvel a realiza\u00e7\u00e3o de mais uma a\u00e7\u00e3o em benef\u00edcio das pessoas mais vulner\u00e1veis de Caxias.<\/p>\n\n\n\n<p>Confira mais fotos: <\/p>\n\n\n\n<div class=\"wp-block-image\"><figure class=\"aligncenter size-large\"><a href=\"https:\/\/www.blogsoestado.com\/danielmatos\/files\/2023\/04\/Screenshot_20230407-1742332.png\"><img decoding=\"async\" src=\"https:\/\/www.blogsoestado.com\/danielmatos\/files\/2023\/04\/Screenshot_20230407-1742332.png\" alt=\"\" class=\"wp-image-108103\"\/><\/a><\/figure><\/div>\n\n\n\n<div class=\"wp-block-image\"><figure class=\"aligncenter size-large\"><a href=\"https:\/\/www.blogsoestado.com\/danielmatos\/files\/2023\/04\/Screenshot_20230407-1743232.png\"><img decoding=\"async\" src=\"https:\/\/www.blogsoestado.com\/danielmatos\/files\/2023\/04\/Screenshot_20230407-1743232.png\" alt=\"\" class=\"wp-image-108104\"\/><\/a><\/figure><\/div>\n\n\n\n<div class=\"wp-block-image\"><figure class=\"aligncenter size-large\"><a href=\"https:\/\/www.blogsoestado.com\/danielmatos\/files\/2023\/04\/Screenshot_20230407-1744002.png\"><img decoding=\"async\" src=\"https:\/\/www.blogsoestado.com\/danielmatos\/files\/2023\/04\/Screenshot_20230407-1744002.png\" alt=\"\" class=\"wp-image-108105\"\/><\/a><\/figure><\/div>\n\n\n\n<div class=\"wp-block-image\"><figure class=\"aligncenter size-large\"><a href=\"https:\/\/www.blogsoestado.com\/danielmatos\/files\/2023\/04\/Screenshot_20230407-1744322.png\"><img decoding=\"async\" src=\"https:\/\/www.blogsoestado.com\/danielmatos\/files\/2023\/04\/Screenshot_20230407-1744322.png\" alt=\"\" class=\"wp-image-108106\"\/><\/a><\/figure><\/div>\n\n\n\n<div class=\"wp-block-image\"><figure class=\"aligncenter size-large\"><a href=\"https:\/\/www.blogsoestado.com\/danielmatos\/files\/2023\/04\/Screenshot_20230407-1745002.png\"><img decoding=\"async\" src=\"https:\/\/www.blogsoestado.com\/danielmatos\/files\/2023\/04\/Screenshot_20230407-1745002.png\" alt=\"\" class=\"wp-image-108107\"\/><\/a><\/figure><\/div>\n\n\n\n<div class=\"wp-block-image\"><figure class=\"aligncenter size-large\"><a href=\"https:\/\/www.blogsoestado.com\/danielmatos\/files\/2023\/04\/Screenshot_20230407-1745282.png\"><img decoding=\"async\" src=\"https:\/\/www.blogsoestado.com\/danielmatos\/files\/2023\/04\/Screenshot_20230407-1745282.png\" alt=\"\" class=\"wp-image-108108\"\/><\/a><\/figure><\/div>\n","protected":false},"excerpt":{"rendered":"<p>A secret\u00e1ria de Governo de Caxias e idealizadora do projeto Sementes do Bem, Cynthia Lucena, realizou uma a\u00e7\u00e3o solid\u00e1ria em [&hellip;]<\/p>\n","protected":false},"author":0,"featured_media":0,"comment_status":"open","ping_status":"open","sticky":false,"template":"","format":"standard","meta":{"site-sidebar-layout":"default","site-content-layout":"","ast-site-content-layout":"default","site-content-style":"default","site-sidebar-style":"default","ast-global-header-display":"","ast-banner-title-visibility":"","ast-main-header-display":"","ast-hfb-above-header-display":"","ast-hfb-below-header-display":"","ast-hfb-mobile-header-display":"","site-post-title":"","ast-breadcrumbs-content":"","ast-featured-img":"","footer-sml-layout":"","ast-disable-related-posts":"","theme-transparent-header-meta":"","adv-header-id-meta":"","stick-header-meta":"","header-above-stick-meta":"","header-main-stick-meta":"","header-below-stick-meta":"","astra-migrate-meta-layouts":"default","ast-page-background-enabled":"default","ast-page-background-meta":{"desktop":{"background-color":"var(--ast-global-color-5)","background-image":"","background-repeat":"repeat","background-position":"center center","background-size":"auto","background-attachment":"scroll","background-type":"","background-media":"","overlay-type":"","overlay-color":"","overlay-opacity":"","overlay-gradient":""},"tablet":{"background-color":"","background-image":"","background-repeat":"repeat","background-position":"center center","background-size":"auto","background-attachment":"scroll","background-type":"","background-media":"","overlay-type":"","overlay-color":"","overlay-opacity":"","overlay-gradient":""},"mobile":{"background-color":"","background-image":"","background-repeat":"repeat","background-position":"center center","background-size":"auto","background-attachment":"scroll","background-type":"","background-media":"","overlay-type":"","overlay-color":"","overlay-opacity":"","overlay-gradient":""}},"ast-content-background-meta":{"desktop":{"background-color":"var(--ast-global-color-4)","background-image":"","background-repeat":"repeat","background-position":"center center","background-size":"auto","background-attachment":"scroll","background-type":"","background-media":"","overlay-type":"","overlay-color":"","overlay-opacity":"","overlay-gradient":""},"tablet":{"background-color":"var(--ast-global-color-4)","background-image":"","background-repeat":"repeat","background-position":"center center","background-size":"auto","background-attachment":"scroll","background-type":"","background-media":"","overlay-type":"","overlay-color":"","overlay-opacity":"","overlay-gradient":""},"mobile":{"background-color":"var(--ast-global-color-4)","background-image":"","background-repeat":"repeat","background-position":"center center","background-size":"auto","background-attachment":"scroll","background-type":"","background-media":"","overlay-type":"","overlay-color":"","overlay-opacity":"","overlay-gradient":""}},"footnotes":""},"categories":[1],"tags":[],"class_list":["post-108099","post","type-post","status-publish","format-standard","hentry","category-sem-categoria"],"yoast_head":"<!-- This site is optimized with the Yoast SEO plugin v26.6 - https:\/\/yoast.com\/wordpress\/plugins\/seo\/ -->\n<title>Caxias: Cynthia Lucena realiza a\u00e7\u00e3o solid\u00e1ria na Semana Santa por meio do projeto Sementes do Bem - Daniel Matos<\/title>\n<meta name=\"robots\" content=\"index, follow, max-snippet:-1, max-image-preview:large, max-video-preview:-1\" \/>\n<link rel=\"canonical\" href=\"https:\/\/www.blogsoestado.com\/danielmatos\/caxias-cynthia-lucena-realiza-acao-solidaria-na-semana-santa-por-meio-do-projeto-sementes-do-bem\/\" \/>\n<meta property=\"og:locale\" content=\"pt_BR\" \/>\n<meta property=\"og:type\" content=\"article\" \/>\n<meta property=\"og:title\" content=\"Caxias: Cynthia Lucena realiza a\u00e7\u00e3o solid\u00e1ria na Semana Santa por meio do projeto Sementes do Bem - Daniel Matos\" \/>\n<meta property=\"og:description\" content=\"A secret\u00e1ria de Governo de Caxias e idealizadora do projeto Sementes do Bem, Cynthia Lucena, realizou uma a\u00e7\u00e3o solid\u00e1ria em [&hellip;]\" \/>\n<meta property=\"og:url\" content=\"https:\/\/www.blogsoestado.com\/danielmatos\/caxias-cynthia-lucena-realiza-acao-solidaria-na-semana-santa-por-meio-do-projeto-sementes-do-bem\/\" \/>\n<meta property=\"og:site_name\" content=\"Daniel Matos\" \/>\n<meta property=\"article:published_time\" content=\"2023-04-07T21:10:45+00:00\" \/>\n<meta property=\"og:image\" content=\"https:\/\/www.blogsoestado.com\/danielmatos\/files\/2023\/04\/Screenshot_20230407-1741362.png\" \/>\n<meta name=\"twitter:card\" content=\"summary_large_image\" \/>\n<meta name=\"twitter:label1\" content=\"Est. tempo de leitura\" \/>\n\t<meta name=\"twitter:data1\" content=\"3 minutos\" \/>\n<script type=\"application\/ld+json\" class=\"yoast-schema-graph\">{\"@context\":\"https:\/\/schema.org\",\"@graph\":[{\"@type\":\"WebPage\",\"@id\":\"https:\/\/www.blogsoestado.com\/danielmatos\/caxias-cynthia-lucena-realiza-acao-solidaria-na-semana-santa-por-meio-do-projeto-sementes-do-bem\/\",\"url\":\"https:\/\/www.blogsoestado.com\/danielmatos\/caxias-cynthia-lucena-realiza-acao-solidaria-na-semana-santa-por-meio-do-projeto-sementes-do-bem\/\",\"name\":\"Caxias: Cynthia Lucena realiza a\u00e7\u00e3o solid\u00e1ria na Semana Santa por meio do projeto Sementes do Bem - Daniel Matos\",\"isPartOf\":{\"@id\":\"https:\/\/www.blogsoestado.com\/danielmatos\/#website\"},\"primaryImageOfPage\":{\"@id\":\"https:\/\/www.blogsoestado.com\/danielmatos\/caxias-cynthia-lucena-realiza-acao-solidaria-na-semana-santa-por-meio-do-projeto-sementes-do-bem\/#primaryimage\"},\"image\":{\"@id\":\"https:\/\/www.blogsoestado.com\/danielmatos\/caxias-cynthia-lucena-realiza-acao-solidaria-na-semana-santa-por-meio-do-projeto-sementes-do-bem\/#primaryimage\"},\"thumbnailUrl\":\"https:\/\/www.blogsoestado.com\/danielmatos\/files\/2023\/04\/Screenshot_20230407-1741362.png\",\"datePublished\":\"2023-04-07T21:10:45+00:00\",\"author\":{\"@id\":\"\"},\"breadcrumb\":{\"@id\":\"https:\/\/www.blogsoestado.com\/danielmatos\/caxias-cynthia-lucena-realiza-acao-solidaria-na-semana-santa-por-meio-do-projeto-sementes-do-bem\/#breadcrumb\"},\"inLanguage\":\"pt-BR\",\"potentialAction\":[{\"@type\":\"ReadAction\",\"target\":[\"https:\/\/www.blogsoestado.com\/danielmatos\/caxias-cynthia-lucena-realiza-acao-solidaria-na-semana-santa-por-meio-do-projeto-sementes-do-bem\/\"]}]},{\"@type\":\"ImageObject\",\"inLanguage\":\"pt-BR\",\"@id\":\"https:\/\/www.blogsoestado.com\/danielmatos\/caxias-cynthia-lucena-realiza-acao-solidaria-na-semana-santa-por-meio-do-projeto-sementes-do-bem\/#primaryimage\",\"url\":\"https:\/\/www.blogsoestado.com\/danielmatos\/files\/2023\/04\/Screenshot_20230407-1741362.png\",\"contentUrl\":\"https:\/\/www.blogsoestado.com\/danielmatos\/files\/2023\/04\/Screenshot_20230407-1741362.png\"},{\"@type\":\"BreadcrumbList\",\"@id\":\"https:\/\/www.blogsoestado.com\/danielmatos\/caxias-cynthia-lucena-realiza-acao-solidaria-na-semana-santa-por-meio-do-projeto-sementes-do-bem\/#breadcrumb\",\"itemListElement\":[{\"@type\":\"ListItem\",\"position\":1,\"name\":\"In\u00edcio\",\"item\":\"https:\/\/www.blogsoestado.com\/danielmatos\/\"},{\"@type\":\"ListItem\",\"position\":2,\"name\":\"Caxias: Cynthia Lucena realiza a\u00e7\u00e3o solid\u00e1ria na Semana Santa por meio do projeto Sementes do Bem\"}]},{\"@type\":\"WebSite\",\"@id\":\"https:\/\/www.blogsoestado.com\/danielmatos\/#website\",\"url\":\"https:\/\/www.blogsoestado.com\/danielmatos\/\",\"name\":\"Daniel Matos\",\"description\":\"\",\"potentialAction\":[{\"@type\":\"SearchAction\",\"target\":{\"@type\":\"EntryPoint\",\"urlTemplate\":\"https:\/\/www.blogsoestado.com\/danielmatos\/?s={search_term_string}\"},\"query-input\":{\"@type\":\"PropertyValueSpecification\",\"valueRequired\":true,\"valueName\":\"search_term_string\"}}],\"inLanguage\":\"pt-BR\"}]}<\/script>\n<!-- \/ Yoast SEO plugin. -->","yoast_head_json":{"title":"Caxias: Cynthia Lucena realiza a\u00e7\u00e3o solid\u00e1ria na Semana Santa por meio do projeto Sementes do Bem - Daniel Matos","robots":{"index":"index","follow":"follow","max-snippet":"max-snippet:-1","max-image-preview":"max-image-preview:large","max-video-preview":"max-video-preview:-1"},"canonical":"https:\/\/www.blogsoestado.com\/danielmatos\/caxias-cynthia-lucena-realiza-acao-solidaria-na-semana-santa-por-meio-do-projeto-sementes-do-bem\/","og_locale":"pt_BR","og_type":"article","og_title":"Caxias: Cynthia Lucena realiza a\u00e7\u00e3o solid\u00e1ria na Semana Santa por meio do projeto Sementes do Bem - Daniel Matos","og_description":"A secret\u00e1ria de Governo de Caxias e idealizadora do projeto Sementes do Bem, Cynthia Lucena, realizou uma a\u00e7\u00e3o solid\u00e1ria em [&hellip;]","og_url":"https:\/\/www.blogsoestado.com\/danielmatos\/caxias-cynthia-lucena-realiza-acao-solidaria-na-semana-santa-por-meio-do-projeto-sementes-do-bem\/","og_site_name":"Daniel Matos","article_published_time":"2023-04-07T21:10:45+00:00","og_image":[{"url":"https:\/\/www.blogsoestado.com\/danielmatos\/files\/2023\/04\/Screenshot_20230407-1741362.png","type":"","width":"","height":""}],"twitter_card":"summary_large_image","twitter_misc":{"Est. tempo de leitura":"3 minutos"},"schema":{"@context":"https:\/\/schema.org","@graph":[{"@type":"WebPage","@id":"https:\/\/www.blogsoestado.com\/danielmatos\/caxias-cynthia-lucena-realiza-acao-solidaria-na-semana-santa-por-meio-do-projeto-sementes-do-bem\/","url":"https:\/\/www.blogsoestado.com\/danielmatos\/caxias-cynthia-lucena-realiza-acao-solidaria-na-semana-santa-por-meio-do-projeto-sementes-do-bem\/","name":"Caxias: Cynthia Lucena realiza a\u00e7\u00e3o solid\u00e1ria na Semana Santa por meio do projeto Sementes do Bem - Daniel Matos","isPartOf":{"@id":"https:\/\/www.blogsoestado.com\/danielmatos\/#website"},"primaryImageOfPage":{"@id":"https:\/\/www.blogsoestado.com\/danielmatos\/caxias-cynthia-lucena-realiza-acao-solidaria-na-semana-santa-por-meio-do-projeto-sementes-do-bem\/#primaryimage"},"image":{"@id":"https:\/\/www.blogsoestado.com\/danielmatos\/caxias-cynthia-lucena-realiza-acao-solidaria-na-semana-santa-por-meio-do-projeto-sementes-do-bem\/#primaryimage"},"thumbnailUrl":"https:\/\/www.blogsoestado.com\/danielmatos\/files\/2023\/04\/Screenshot_20230407-1741362.png","datePublished":"2023-04-07T21:10:45+00:00","author":{"@id":""},"breadcrumb":{"@id":"https:\/\/www.blogsoestado.com\/danielmatos\/caxias-cynthia-lucena-realiza-acao-solidaria-na-semana-santa-por-meio-do-projeto-sementes-do-bem\/#breadcrumb"},"inLanguage":"pt-BR","potentialAction":[{"@type":"ReadAction","target":["https:\/\/www.blogsoestado.com\/danielmatos\/caxias-cynthia-lucena-realiza-acao-solidaria-na-semana-santa-por-meio-do-projeto-sementes-do-bem\/"]}]},{"@type":"ImageObject","inLanguage":"pt-BR","@id":"https:\/\/www.blogsoestado.com\/danielmatos\/caxias-cynthia-lucena-realiza-acao-solidaria-na-semana-santa-por-meio-do-projeto-sementes-do-bem\/#primaryimage","url":"https:\/\/www.blogsoestado.com\/danielmatos\/files\/2023\/04\/Screenshot_20230407-1741362.png","contentUrl":"https:\/\/www.blogsoestado.com\/danielmatos\/files\/2023\/04\/Screenshot_20230407-1741362.png"},{"@type":"BreadcrumbList","@id":"https:\/\/www.blogsoestado.com\/danielmatos\/caxias-cynthia-lucena-realiza-acao-solidaria-na-semana-santa-por-meio-do-projeto-sementes-do-bem\/#breadcrumb","itemListElement":[{"@type":"ListItem","position":1,"name":"In\u00edcio","item":"https:\/\/www.blogsoestado.com\/danielmatos\/"},{"@type":"ListItem","position":2,"name":"Caxias: Cynthia Lucena realiza a\u00e7\u00e3o solid\u00e1ria na Semana Santa por meio do projeto Sementes do Bem"}]},{"@type":"WebSite","@id":"https:\/\/www.blogsoestado.com\/danielmatos\/#website","url":"https:\/\/www.blogsoestado.com\/danielmatos\/","name":"Daniel Matos","description":"","potentialAction":[{"@type":"SearchAction","target":{"@type":"EntryPoint","urlTemplate":"https:\/\/www.blogsoestado.com\/danielmatos\/?s={search_term_string}"},"query-input":{"@type":"PropertyValueSpecification","valueRequired":true,"valueName":"search_term_string"}}],"inLanguage":"pt-BR"}]}},"jetpack_featured_media_url":"","_links":{"self":[{"href":"https:\/\/www.blogsoestado.com\/danielmatos\/wp-json\/wp\/v2\/posts\/108099","targetHints":{"allow":["GET"]}}],"collection":[{"href":"https:\/\/www.blogsoestado.com\/danielmatos\/wp-json\/wp\/v2\/posts"}],"about":[{"href":"https:\/\/www.blogsoestado.com\/danielmatos\/wp-json\/wp\/v2\/types\/post"}],"replies":[{"embeddable":true,"href":"https:\/\/www.blogsoestado.com\/danielmatos\/wp-json\/wp\/v2\/comments?post=108099"}],"version-history":[{"count":0,"href":"https:\/\/www.blogsoestado.com\/danielmatos\/wp-json\/wp\/v2\/posts\/108099\/revisions"}],"wp:attachment":[{"href":"https:\/\/www.blogsoestado.com\/danielmatos\/wp-json\/wp\/v2\/media?parent=108099"}],"wp:term":[{"taxonomy":"category","embeddable":true,"href":"https:\/\/www.blogsoestado.com\/danielmatos\/wp-json\/wp\/v2\/categories?post=108099"},{"taxonomy":"post_tag","embeddable":true,"href":"https:\/\/www.blogsoestado.com\/danielmatos\/wp-json\/wp\/v2\/tags?post=108099"}],"curies":[{"name":"wp","href":"https:\/\/api.w.org\/{rel}","templated":true}]}}