{"id":108110,"date":"2023-04-07T20:40:39","date_gmt":"2023-04-07T23:40:39","guid":{"rendered":"https:\/\/www.blogsoestado.com\/danielmatos\/?p=108110"},"modified":"2023-04-07T20:40:39","modified_gmt":"2023-04-07T23:40:39","slug":"nunca-vi-vagabundo-invadir-um-colegio-militar-comenta-internauta-em-postagem-de-flavio-dino-sobre-campanha-por-paz-nas-escolas","status":"publish","type":"post","link":"https:\/\/www.blogsoestado.com\/danielmatos\/nunca-vi-vagabundo-invadir-um-colegio-militar-comenta-internauta-em-postagem-de-flavio-dino-sobre-campanha-por-paz-nas-escolas\/","title":{"rendered":"&#8220;Nunca vi vagabundo invadir um Col\u00e9gio Militar&#8221;, comenta internauta em postagem de Fl\u00e1vio Dino sobre campanha por paz nas escolas"},"content":{"rendered":"\n<div class=\"wp-block-image\"><figure class=\"aligncenter size-large\"><a href=\"https:\/\/www.blogsoestado.com\/danielmatos\/files\/2023\/04\/Screenshot_20230407-2049562.png\"><img decoding=\"async\" src=\"https:\/\/www.blogsoestado.com\/danielmatos\/files\/2023\/04\/Screenshot_20230407-2049562.png\" alt=\"\" class=\"wp-image-108115\"\/><\/a><figcaption>Escolas p\u00fablicas militares s\u00e3o modelo de ensino de qualidade e de seguran\u00e7a para estudantes e professores<\/figcaption><\/figure><\/div>\n\n\n\n<p>Um internauta fez um coment\u00e1rio firme e certeiro a uma postagem do ministro da Justi\u00e7a e Seguran\u00e7a P\u00fablica, Fl\u00e1vio Dino, nas redes sociais, sobre a campanha lan\u00e7ada pelo Governo Federal sobre paz nas escolas. Ao tentar se promover ap\u00f3s a trag\u00e9dia que ceifou a vida de quarto crian\u00e7as em uma creche do munic\u00edpio de Blumenau, em Santa Catarina, na \u00faltima quarta-feira (5), Dino foi confrontado com uma opini\u00e3o compartilhada por n\u00famero crescente de brasileiros em tempos de viol\u00eancia extrema contra estabelecidos de ensino Brasil afora.<\/p>\n\n\n\n<p>O ministro, senador da Rep\u00fablica licenciado e ex-governador do Maranh\u00e3o usou sua conta no Instagram e outras m\u00eddias digitais para exaltar o empenho de todos os policiais e demais agentes de seguran\u00e7a p\u00fablica designados para atuar na Opera\u00e7\u00e3o Escola Segura, que manteve as atividades at\u00e9 na Sexta-Feira Santa, em uma mobiliza\u00e7\u00e3o deflagrada para monitorar amea\u00e7as de ataques a unidades de ensino em todo o pa\u00eds. &#8220;Agrade\u00e7o a todos os profissionais envolvidos na Opera\u00e7\u00e3o Escola Segura&#8221;, registrou, fazendo men\u00e7\u00e3o ao trabalho em pleno feriado nacional.<\/p>\n\n\n\n<p>Em meio \u00e0s rea\u00e7\u00f5es positivas e at\u00e9 manifesta\u00e7\u00f5es claramente bajulat\u00f3rias \u00e0 mensagem de Fl\u00e1vio Dino, o internauta que se identificou como <a href=\"http:\/\/@jairosmiranda\">@jairosmiranda<\/a> fez o contraponto. &#8220;Treinamento e armas para professores protegerem os alunos, isso sim. N\u00e3o vejo um vagabundo desses invadindo uma escola militar. Ser\u00e1 por que?&#8221;, questionou. O ministro, obviamente, deixou o interlocutor no v\u00e1cuo, mas.alguns coment\u00e1rios que se seguiram foram na mesma linha. &#8220;Tem que dar um jeito de alterar o C\u00f3digo Penal Brasileiro&#8221;, escreveu <a href=\"http:\/\/@notato7915\">@notato7915<\/a>, outro que defendeu o endurecimento da lei para punir autores de ataques ao ambiente escolar.<\/p>\n\n\n\n<p>A mobiliza\u00e7\u00e3o da for\u00e7a-tarefa montada para combater a viol\u00eancia nas escolas contou, no feriado desta sexta-feira, com a participa\u00e7\u00e3o de 51 chefes de delegacias de investiga\u00e7\u00e3o, 89 chefes de ag\u00eancias de intelig\u00eancia (Seguran\u00e7a P\u00fablica, policiais militares e policiais civis), al\u00e9m da Pol\u00edcia Federal e de 25 policiais do Ciber da Diretoria de Opera\u00e7\u00f5es (DIOP) da Secretaria Nacional de Seguran\u00e7a P\u00fablica (Senasp).<\/p>\n\n\n\n<p><strong>Den\u00fancias<\/strong><\/p>\n\n\n\n<p>Na mesma postagem, Fl\u00e1vio Dino divulgou os canais para envio de den\u00fancias de amea\u00e7as e ataques a escolas em todo o pa\u00eds. Confira abaixo:<\/p>\n\n\n\n<div class=\"wp-block-image\"><figure class=\"aligncenter size-large\"><a href=\"https:\/\/www.blogsoestado.com\/danielmatos\/files\/2023\/04\/Screenshot_20230407-2047212.png\"><img decoding=\"async\" src=\"https:\/\/www.blogsoestado.com\/danielmatos\/files\/2023\/04\/Screenshot_20230407-2047212.png\" alt=\"\" class=\"wp-image-108114\"\/><\/a><\/figure><\/div>\n\n\n\n<p><\/p>\n","protected":false},"excerpt":{"rendered":"<p>Um internauta fez um coment\u00e1rio firme e certeiro a uma postagem do ministro da Justi\u00e7a e Seguran\u00e7a P\u00fablica, Fl\u00e1vio Dino, [&hellip;]<\/p>\n","protected":false},"author":0,"featured_media":0,"comment_status":"open","ping_status":"open","sticky":false,"template":"","format":"standard","meta":{"site-sidebar-layout":"default","site-content-layout":"","ast-site-content-layout":"default","site-content-style":"default","site-sidebar-style":"default","ast-global-header-display":"","ast-banner-title-visibility":"","ast-main-header-display":"","ast-hfb-above-header-display":"","ast-hfb-below-header-display":"","ast-hfb-mobile-header-display":"","site-post-title":"","ast-breadcrumbs-content":"","ast-featured-img":"","footer-sml-layout":"","ast-disable-related-posts":"","theme-transparent-header-meta":"","adv-header-id-meta":"","stick-header-meta":"","header-above-stick-meta":"","header-main-stick-meta":"","header-below-stick-meta":"","astra-migrate-meta-layouts":"default","ast-page-background-enabled":"default","ast-page-background-meta":{"desktop":{"background-color":"var(--ast-global-color-5)","background-image":"","background-repeat":"repeat","background-position":"center center","background-size":"auto","background-attachment":"scroll","background-type":"","background-media":"","overlay-type":"","overlay-color":"","overlay-opacity":"","overlay-gradient":""},"tablet":{"background-color":"","background-image":"","background-repeat":"repeat","background-position":"center center","background-size":"auto","background-attachment":"scroll","background-type":"","background-media":"","overlay-type":"","overlay-color":"","overlay-opacity":"","overlay-gradient":""},"mobile":{"background-color":"","background-image":"","background-repeat":"repeat","background-position":"center center","background-size":"auto","background-attachment":"scroll","background-type":"","background-media":"","overlay-type":"","overlay-color":"","overlay-opacity":"","overlay-gradient":""}},"ast-content-background-meta":{"desktop":{"background-color":"var(--ast-global-color-4)","background-image":"","background-repeat":"repeat","background-position":"center center","background-size":"auto","background-attachment":"scroll","background-type":"","background-media":"","overlay-type":"","overlay-color":"","overlay-opacity":"","overlay-gradient":""},"tablet":{"background-color":"var(--ast-global-color-4)","background-image":"","background-repeat":"repeat","background-position":"center center","background-size":"auto","background-attachment":"scroll","background-type":"","background-media":"","overlay-type":"","overlay-color":"","overlay-opacity":"","overlay-gradient":""},"mobile":{"background-color":"var(--ast-global-color-4)","background-image":"","background-repeat":"repeat","background-position":"center center","background-size":"auto","background-attachment":"scroll","background-type":"","background-media":"","overlay-type":"","overlay-color":"","overlay-opacity":"","overlay-gradient":""}},"footnotes":""},"categories":[1],"tags":[],"class_list":["post-108110","post","type-post","status-publish","format-standard","hentry","category-sem-categoria"],"yoast_head":"<!-- This site is optimized with the Yoast SEO plugin v26.6 - https:\/\/yoast.com\/wordpress\/plugins\/seo\/ -->\n<title>&quot;Nunca vi vagabundo invadir um Col\u00e9gio Militar&quot;, comenta internauta em postagem de Fl\u00e1vio Dino sobre campanha por paz nas escolas - Daniel Matos<\/title>\n<meta name=\"robots\" content=\"index, follow, max-snippet:-1, max-image-preview:large, max-video-preview:-1\" \/>\n<link rel=\"canonical\" href=\"https:\/\/www.blogsoestado.com\/danielmatos\/nunca-vi-vagabundo-invadir-um-colegio-militar-comenta-internauta-em-postagem-de-flavio-dino-sobre-campanha-por-paz-nas-escolas\/\" \/>\n<meta property=\"og:locale\" content=\"pt_BR\" \/>\n<meta property=\"og:type\" content=\"article\" \/>\n<meta property=\"og:title\" content=\"&quot;Nunca vi vagabundo invadir um Col\u00e9gio Militar&quot;, comenta internauta em postagem de Fl\u00e1vio Dino sobre campanha por paz nas escolas - Daniel Matos\" \/>\n<meta property=\"og:description\" content=\"Um internauta fez um coment\u00e1rio firme e certeiro a uma postagem do ministro da Justi\u00e7a e Seguran\u00e7a P\u00fablica, Fl\u00e1vio Dino, [&hellip;]\" \/>\n<meta property=\"og:url\" content=\"https:\/\/www.blogsoestado.com\/danielmatos\/nunca-vi-vagabundo-invadir-um-colegio-militar-comenta-internauta-em-postagem-de-flavio-dino-sobre-campanha-por-paz-nas-escolas\/\" \/>\n<meta property=\"og:site_name\" content=\"Daniel Matos\" \/>\n<meta property=\"article:published_time\" content=\"2023-04-07T23:40:39+00:00\" \/>\n<meta property=\"og:image\" content=\"https:\/\/www.blogsoestado.com\/danielmatos\/files\/2023\/04\/Screenshot_20230407-2049562.png\" \/>\n<meta name=\"twitter:card\" content=\"summary_large_image\" \/>\n<meta name=\"twitter:label1\" content=\"Est. tempo de leitura\" \/>\n\t<meta name=\"twitter:data1\" content=\"2 minutos\" \/>\n<script type=\"application\/ld+json\" class=\"yoast-schema-graph\">{\"@context\":\"https:\/\/schema.org\",\"@graph\":[{\"@type\":\"WebPage\",\"@id\":\"https:\/\/www.blogsoestado.com\/danielmatos\/nunca-vi-vagabundo-invadir-um-colegio-militar-comenta-internauta-em-postagem-de-flavio-dino-sobre-campanha-por-paz-nas-escolas\/\",\"url\":\"https:\/\/www.blogsoestado.com\/danielmatos\/nunca-vi-vagabundo-invadir-um-colegio-militar-comenta-internauta-em-postagem-de-flavio-dino-sobre-campanha-por-paz-nas-escolas\/\",\"name\":\"\\\"Nunca vi vagabundo invadir um Col\u00e9gio Militar\\\", comenta internauta em postagem de Fl\u00e1vio Dino sobre campanha por paz nas escolas - Daniel Matos\",\"isPartOf\":{\"@id\":\"https:\/\/www.blogsoestado.com\/danielmatos\/#website\"},\"primaryImageOfPage\":{\"@id\":\"https:\/\/www.blogsoestado.com\/danielmatos\/nunca-vi-vagabundo-invadir-um-colegio-militar-comenta-internauta-em-postagem-de-flavio-dino-sobre-campanha-por-paz-nas-escolas\/#primaryimage\"},\"image\":{\"@id\":\"https:\/\/www.blogsoestado.com\/danielmatos\/nunca-vi-vagabundo-invadir-um-colegio-militar-comenta-internauta-em-postagem-de-flavio-dino-sobre-campanha-por-paz-nas-escolas\/#primaryimage\"},\"thumbnailUrl\":\"https:\/\/www.blogsoestado.com\/danielmatos\/files\/2023\/04\/Screenshot_20230407-2049562.png\",\"datePublished\":\"2023-04-07T23:40:39+00:00\",\"author\":{\"@id\":\"\"},\"breadcrumb\":{\"@id\":\"https:\/\/www.blogsoestado.com\/danielmatos\/nunca-vi-vagabundo-invadir-um-colegio-militar-comenta-internauta-em-postagem-de-flavio-dino-sobre-campanha-por-paz-nas-escolas\/#breadcrumb\"},\"inLanguage\":\"pt-BR\",\"potentialAction\":[{\"@type\":\"ReadAction\",\"target\":[\"https:\/\/www.blogsoestado.com\/danielmatos\/nunca-vi-vagabundo-invadir-um-colegio-militar-comenta-internauta-em-postagem-de-flavio-dino-sobre-campanha-por-paz-nas-escolas\/\"]}]},{\"@type\":\"ImageObject\",\"inLanguage\":\"pt-BR\",\"@id\":\"https:\/\/www.blogsoestado.com\/danielmatos\/nunca-vi-vagabundo-invadir-um-colegio-militar-comenta-internauta-em-postagem-de-flavio-dino-sobre-campanha-por-paz-nas-escolas\/#primaryimage\",\"url\":\"https:\/\/www.blogsoestado.com\/danielmatos\/files\/2023\/04\/Screenshot_20230407-2049562.png\",\"contentUrl\":\"https:\/\/www.blogsoestado.com\/danielmatos\/files\/2023\/04\/Screenshot_20230407-2049562.png\"},{\"@type\":\"BreadcrumbList\",\"@id\":\"https:\/\/www.blogsoestado.com\/danielmatos\/nunca-vi-vagabundo-invadir-um-colegio-militar-comenta-internauta-em-postagem-de-flavio-dino-sobre-campanha-por-paz-nas-escolas\/#breadcrumb\",\"itemListElement\":[{\"@type\":\"ListItem\",\"position\":1,\"name\":\"In\u00edcio\",\"item\":\"https:\/\/www.blogsoestado.com\/danielmatos\/\"},{\"@type\":\"ListItem\",\"position\":2,\"name\":\"&#8220;Nunca vi vagabundo invadir um Col\u00e9gio Militar&#8221;, comenta internauta em postagem de Fl\u00e1vio Dino sobre campanha por paz nas escolas\"}]},{\"@type\":\"WebSite\",\"@id\":\"https:\/\/www.blogsoestado.com\/danielmatos\/#website\",\"url\":\"https:\/\/www.blogsoestado.com\/danielmatos\/\",\"name\":\"Daniel Matos\",\"description\":\"\",\"potentialAction\":[{\"@type\":\"SearchAction\",\"target\":{\"@type\":\"EntryPoint\",\"urlTemplate\":\"https:\/\/www.blogsoestado.com\/danielmatos\/?s={search_term_string}\"},\"query-input\":{\"@type\":\"PropertyValueSpecification\",\"valueRequired\":true,\"valueName\":\"search_term_string\"}}],\"inLanguage\":\"pt-BR\"}]}<\/script>\n<!-- \/ Yoast SEO plugin. -->","yoast_head_json":{"title":"\"Nunca vi vagabundo invadir um Col\u00e9gio Militar\", comenta internauta em postagem de Fl\u00e1vio Dino sobre campanha por paz nas escolas - Daniel Matos","robots":{"index":"index","follow":"follow","max-snippet":"max-snippet:-1","max-image-preview":"max-image-preview:large","max-video-preview":"max-video-preview:-1"},"canonical":"https:\/\/www.blogsoestado.com\/danielmatos\/nunca-vi-vagabundo-invadir-um-colegio-militar-comenta-internauta-em-postagem-de-flavio-dino-sobre-campanha-por-paz-nas-escolas\/","og_locale":"pt_BR","og_type":"article","og_title":"\"Nunca vi vagabundo invadir um Col\u00e9gio Militar\", comenta internauta em postagem de Fl\u00e1vio Dino sobre campanha por paz nas escolas - Daniel Matos","og_description":"Um internauta fez um coment\u00e1rio firme e certeiro a uma postagem do ministro da Justi\u00e7a e Seguran\u00e7a P\u00fablica, Fl\u00e1vio Dino, [&hellip;]","og_url":"https:\/\/www.blogsoestado.com\/danielmatos\/nunca-vi-vagabundo-invadir-um-colegio-militar-comenta-internauta-em-postagem-de-flavio-dino-sobre-campanha-por-paz-nas-escolas\/","og_site_name":"Daniel Matos","article_published_time":"2023-04-07T23:40:39+00:00","og_image":[{"url":"https:\/\/www.blogsoestado.com\/danielmatos\/files\/2023\/04\/Screenshot_20230407-2049562.png","type":"","width":"","height":""}],"twitter_card":"summary_large_image","twitter_misc":{"Est. tempo de leitura":"2 minutos"},"schema":{"@context":"https:\/\/schema.org","@graph":[{"@type":"WebPage","@id":"https:\/\/www.blogsoestado.com\/danielmatos\/nunca-vi-vagabundo-invadir-um-colegio-militar-comenta-internauta-em-postagem-de-flavio-dino-sobre-campanha-por-paz-nas-escolas\/","url":"https:\/\/www.blogsoestado.com\/danielmatos\/nunca-vi-vagabundo-invadir-um-colegio-militar-comenta-internauta-em-postagem-de-flavio-dino-sobre-campanha-por-paz-nas-escolas\/","name":"\"Nunca vi vagabundo invadir um Col\u00e9gio Militar\", comenta internauta em postagem de Fl\u00e1vio Dino sobre campanha por paz nas escolas - Daniel Matos","isPartOf":{"@id":"https:\/\/www.blogsoestado.com\/danielmatos\/#website"},"primaryImageOfPage":{"@id":"https:\/\/www.blogsoestado.com\/danielmatos\/nunca-vi-vagabundo-invadir-um-colegio-militar-comenta-internauta-em-postagem-de-flavio-dino-sobre-campanha-por-paz-nas-escolas\/#primaryimage"},"image":{"@id":"https:\/\/www.blogsoestado.com\/danielmatos\/nunca-vi-vagabundo-invadir-um-colegio-militar-comenta-internauta-em-postagem-de-flavio-dino-sobre-campanha-por-paz-nas-escolas\/#primaryimage"},"thumbnailUrl":"https:\/\/www.blogsoestado.com\/danielmatos\/files\/2023\/04\/Screenshot_20230407-2049562.png","datePublished":"2023-04-07T23:40:39+00:00","author":{"@id":""},"breadcrumb":{"@id":"https:\/\/www.blogsoestado.com\/danielmatos\/nunca-vi-vagabundo-invadir-um-colegio-militar-comenta-internauta-em-postagem-de-flavio-dino-sobre-campanha-por-paz-nas-escolas\/#breadcrumb"},"inLanguage":"pt-BR","potentialAction":[{"@type":"ReadAction","target":["https:\/\/www.blogsoestado.com\/danielmatos\/nunca-vi-vagabundo-invadir-um-colegio-militar-comenta-internauta-em-postagem-de-flavio-dino-sobre-campanha-por-paz-nas-escolas\/"]}]},{"@type":"ImageObject","inLanguage":"pt-BR","@id":"https:\/\/www.blogsoestado.com\/danielmatos\/nunca-vi-vagabundo-invadir-um-colegio-militar-comenta-internauta-em-postagem-de-flavio-dino-sobre-campanha-por-paz-nas-escolas\/#primaryimage","url":"https:\/\/www.blogsoestado.com\/danielmatos\/files\/2023\/04\/Screenshot_20230407-2049562.png","contentUrl":"https:\/\/www.blogsoestado.com\/danielmatos\/files\/2023\/04\/Screenshot_20230407-2049562.png"},{"@type":"BreadcrumbList","@id":"https:\/\/www.blogsoestado.com\/danielmatos\/nunca-vi-vagabundo-invadir-um-colegio-militar-comenta-internauta-em-postagem-de-flavio-dino-sobre-campanha-por-paz-nas-escolas\/#breadcrumb","itemListElement":[{"@type":"ListItem","position":1,"name":"In\u00edcio","item":"https:\/\/www.blogsoestado.com\/danielmatos\/"},{"@type":"ListItem","position":2,"name":"&#8220;Nunca vi vagabundo invadir um Col\u00e9gio Militar&#8221;, comenta internauta em postagem de Fl\u00e1vio Dino sobre campanha por paz nas escolas"}]},{"@type":"WebSite","@id":"https:\/\/www.blogsoestado.com\/danielmatos\/#website","url":"https:\/\/www.blogsoestado.com\/danielmatos\/","name":"Daniel Matos","description":"","potentialAction":[{"@type":"SearchAction","target":{"@type":"EntryPoint","urlTemplate":"https:\/\/www.blogsoestado.com\/danielmatos\/?s={search_term_string}"},"query-input":{"@type":"PropertyValueSpecification","valueRequired":true,"valueName":"search_term_string"}}],"inLanguage":"pt-BR"}]}},"jetpack_featured_media_url":"","_links":{"self":[{"href":"https:\/\/www.blogsoestado.com\/danielmatos\/wp-json\/wp\/v2\/posts\/108110","targetHints":{"allow":["GET"]}}],"collection":[{"href":"https:\/\/www.blogsoestado.com\/danielmatos\/wp-json\/wp\/v2\/posts"}],"about":[{"href":"https:\/\/www.blogsoestado.com\/danielmatos\/wp-json\/wp\/v2\/types\/post"}],"replies":[{"embeddable":true,"href":"https:\/\/www.blogsoestado.com\/danielmatos\/wp-json\/wp\/v2\/comments?post=108110"}],"version-history":[{"count":0,"href":"https:\/\/www.blogsoestado.com\/danielmatos\/wp-json\/wp\/v2\/posts\/108110\/revisions"}],"wp:attachment":[{"href":"https:\/\/www.blogsoestado.com\/danielmatos\/wp-json\/wp\/v2\/media?parent=108110"}],"wp:term":[{"taxonomy":"category","embeddable":true,"href":"https:\/\/www.blogsoestado.com\/danielmatos\/wp-json\/wp\/v2\/categories?post=108110"},{"taxonomy":"post_tag","embeddable":true,"href":"https:\/\/www.blogsoestado.com\/danielmatos\/wp-json\/wp\/v2\/tags?post=108110"}],"curies":[{"name":"wp","href":"https:\/\/api.w.org\/{rel}","templated":true}]}}