{"id":108129,"date":"2023-04-08T11:00:00","date_gmt":"2023-04-08T14:00:00","guid":{"rendered":"https:\/\/www.blogsoestado.com\/danielmatos\/?p=108129"},"modified":"2023-04-08T11:00:00","modified_gmt":"2023-04-08T14:00:00","slug":"fandangos-lanca-dois-novos-sabores-exclusivos-para-o-nordeste","status":"publish","type":"post","link":"https:\/\/www.blogsoestado.com\/danielmatos\/fandangos-lanca-dois-novos-sabores-exclusivos-para-o-nordeste\/","title":{"rendered":"Fandangos\u00ae lan\u00e7a dois novos sabores exclusivos para o Nordeste"},"content":{"rendered":"\n<h3 class=\"has-vivid-red-color has-text-color wp-block-heading\"><em>Salgadinhos com gostos de churrasco e bacon s\u00e3o assados, feitos de milho e&nbsp;produzidos na f\u00e1brica de Recife-PE<\/em><\/h3>\n\n\n\n<div class=\"wp-block-image\"><figure class=\"aligncenter size-large\"><a href=\"https:\/\/www.blogsoestado.com\/danielmatos\/files\/2023\/04\/Screenshot_20230408-0234532.png\"><img decoding=\"async\" src=\"https:\/\/www.blogsoestado.com\/danielmatos\/files\/2023\/04\/Screenshot_20230408-0234532.png\" alt=\"\" class=\"wp-image-108130\"\/><\/a><\/figure><\/div>\n\n\n\n<p><strong>Fandangos\u00ae<\/strong>, marca de snack da PepsiCo, come\u00e7a o m\u00eas de abril com uma novidade no portf\u00f3lio de produtos: o lan\u00e7amento do salgadinho&nbsp;<strong>Fandangos\u00ae<\/strong>&nbsp;sabor&nbsp;<strong>Churrasco<\/strong>&nbsp;e&nbsp;<strong>Fandangos\u00ae<\/strong>&nbsp;sabor&nbsp;<strong>Bacon<\/strong>. Al\u00e9m dos novos sabores,&nbsp;<strong>Fandangos\u00ae<\/strong>&nbsp;investe na exclusividade para a regi\u00e3o Nordeste, aumentando ainda mais sua conex\u00e3o com o consumidor local.<\/p>\n\n\n\n<p>Direcionado pelo posicionamento&nbsp;<em>\u201cFeito no Nordeste, para o Nordeste\u201d<\/em>,&nbsp;<strong>Fandangos\u00ae<\/strong>&nbsp;sabor&nbsp;<strong>Churrasco<\/strong>&nbsp;e&nbsp;<strong>Fandangos\u00ae<\/strong>&nbsp;sabor&nbsp;<strong>Bacon<\/strong>&nbsp;s\u00e3o assados, feitos de milho e contam com uma produ\u00e7\u00e3o regional, na f\u00e1brica de&nbsp;Recife, em Pernambuco.<\/p>\n\n\n\n<p>No intuito de refor\u00e7ar a personalidade da marca e o momento de consumo do produto na hora da merenda,&nbsp;<strong>Fandangos\u00ae<\/strong>, em parceria com a ag\u00eancia nordestina Delantero, desenvolveu uma campanha que valoriza as coisas que s\u00f3 o nordestino \u201cinventa\u201d \u2013 brincando com a express\u00e3o regional no sentido de \u201caprontar\u201d, refor\u00e7ando que o nordestino inventa muita coisa boa e que por isso Fandangos\u00ae est\u00e1 inventando 2 novos sabores exclusivos para a regi\u00e3o.&nbsp;Para dar vida ao lan\u00e7amento, a campanha conta com um time robusto de influenciadores locais e m\u00eddias digitais em Meta,&nbsp; TikTok, Twitter e Kwai sendo ativados durante o m\u00eas.<\/p>\n\n\n\n<p>Daniel Camillo, Diretor de Marketing de&nbsp;<strong>Fandangos\u00ae<\/strong>, afirma que o lan\u00e7amento \u00e9 uma das estrat\u00e9gias mais importantes da marca em 2023:&nbsp;<em>\u201c<\/em><em>Fandangos\u00ae<\/em>&nbsp;<em>\u00e9 uma marca que est\u00e1 no cora\u00e7\u00e3o das fam\u00edlias, tornando especial aquele momento entre pais e filhos na hora da merenda.<\/em>&nbsp;<em>Fandangos\u00ae<\/em>&nbsp;<em>Churrasco e Fandangos\u00ae Bacon<\/em>&nbsp;<em>v\u00eam para se conectar, desde nossa linha de produ\u00e7\u00e3o at\u00e9 nosso consumidor final, ainda mais com a regi\u00e3o Nordeste, que \u00e9 t\u00e3o estrat\u00e9gica para o nosso neg\u00f3cio\u201d.&nbsp;<\/em><\/p>\n\n\n\n<p>O Nordeste representa 24,7% do volume de vendas de snacks extrusados para o mercado. Em 2022 o crescimento do mercado foi de 14,3% na regi\u00e3o em compara\u00e7\u00e3o com 2021, segundo informa\u00e7\u00f5es da pesquisa NielsenIQ (RETAIL INDEX. Jan22 a Dez22 \u2013 Jan21 a Dez21. Abrang\u00eancia Brasil).&nbsp;Para criar a novidade, a marca contou com o trabalho de pesquisa e desenvolvimento da equipe da PepsiCo, que \u00e9 especializada em desenvolver todas as inova\u00e7\u00f5es vistas nos portf\u00f3lios das marcas da companhia. Dessa forma, o time une dados de pesquisa de mercado com pesquisas de grupo e tend\u00eancias de comportamento de consumo para chegar nos sabores e formatos que ser\u00e3o lan\u00e7ados no mercado.&nbsp;<em>\u201cA gente vem colocando os nossos esfor\u00e7os em trazer, cada vez mais, novidades ao p\u00fablico da regi\u00e3o&#8221;, completa<\/em>&nbsp;Aline Gabriel, Gerente de Pesquisa e Desenvolvimento da PepsiCo.<\/p>\n\n\n\n<p><strong>Sobre a PepsiCo<\/strong><\/p>\n\n\n\n<p>Os produtos da PepsiCo s\u00e3o apreciados mais de um bilh\u00e3o de vezes por dia em mais de 200 pa\u00edses e territ\u00f3rios em todo o mundo. Em 2022, a companhia teve mais de US$ 86 bilh\u00f5es em receita l\u00edquida, impulsionada por um portf\u00f3lio com uma ampla variedade de alimentos e bebidas para diversas ocasi\u00f5es de consumo, incluindo marcas ic\u00f4nicas que geram mais de US$ 1 bilh\u00e3o cada em vendas anuais estimadas no varejo. <\/p>\n\n\n\n<p>H\u00e1 70 anos no Brasil, a PepsiCo \u00e9 dona de marcas como PEPSI\u00ae?, GATORADE\u00ae?, QUAKER\u00ae?, LAY\u2019S\u00ae?, DORITOS\u00ae?, RUFFLES\u00ae?, CHEETOS\u00ae?, KERO COCO\u00ae?, H2OH!\u00ae?, TODDY\u00ae? entre outras.<\/p>\n\n\n\n<p>Guiada pela vis\u00e3o de ser a l\u00edder global em alimentos e bebidas convenientes ao vencer por meio da estrat\u00e9gia PepsiCo Positive (pep+), a companhia promove uma transforma\u00e7\u00e3o de ponta a ponta, onde a preocupa\u00e7\u00e3o com as pessoas e o planeta \u00e9 fundamental para criar valor e crescer operando e inspirando mudan\u00e7as positivas. Para mais informa\u00e7\u00f5es, visite&nbsp;<a href=\"http:\/\/www.pepsico.com.br\/\" target=\"_blank\" rel=\"noreferrer noopener\">www.pepsico.com.br<\/a>&nbsp;e siga no&nbsp;<a href=\"https:\/\/twitter.com\/PepsiCoBrasil\" target=\"_blank\" rel=\"noreferrer noopener\">Twitter<\/a>,&nbsp;<a href=\"https:\/\/www.instagram.com\/pepsico_br\" target=\"_blank\" rel=\"noreferrer noopener\">Instagram<\/a>,&nbsp;<a href=\"https:\/\/www.facebook.com\/PepsiCoBrasil\" target=\"_blank\" rel=\"noreferrer noopener\">Facebook<\/a>&nbsp;e&nbsp;<a href=\"https:\/\/www.linkedin.com\/company\/pepsico\/\" target=\"_blank\" rel=\"noreferrer noopener\">LinkedIn<\/a>.<\/p>\n","protected":false},"excerpt":{"rendered":"<p>Salgadinhos com gostos de churrasco e bacon s\u00e3o assados, feitos de milho e&nbsp;produzidos na f\u00e1brica de Recife-PE Fandangos\u00ae, marca de [&hellip;]<\/p>\n","protected":false},"author":0,"featured_media":0,"comment_status":"open","ping_status":"open","sticky":false,"template":"","format":"standard","meta":{"site-sidebar-layout":"default","site-content-layout":"","ast-site-content-layout":"default","site-content-style":"default","site-sidebar-style":"default","ast-global-header-display":"","ast-banner-title-visibility":"","ast-main-header-display":"","ast-hfb-above-header-display":"","ast-hfb-below-header-display":"","ast-hfb-mobile-header-display":"","site-post-title":"","ast-breadcrumbs-content":"","ast-featured-img":"","footer-sml-layout":"","ast-disable-related-posts":"","theme-transparent-header-meta":"","adv-header-id-meta":"","stick-header-meta":"","header-above-stick-meta":"","header-main-stick-meta":"","header-below-stick-meta":"","astra-migrate-meta-layouts":"default","ast-page-background-enabled":"default","ast-page-background-meta":{"desktop":{"background-color":"var(--ast-global-color-5)","background-image":"","background-repeat":"repeat","background-position":"center center","background-size":"auto","background-attachment":"scroll","background-type":"","background-media":"","overlay-type":"","overlay-color":"","overlay-opacity":"","overlay-gradient":""},"tablet":{"background-color":"","background-image":"","background-repeat":"repeat","background-position":"center center","background-size":"auto","background-attachment":"scroll","background-type":"","background-media":"","overlay-type":"","overlay-color":"","overlay-opacity":"","overlay-gradient":""},"mobile":{"background-color":"","background-image":"","background-repeat":"repeat","background-position":"center center","background-size":"auto","background-attachment":"scroll","background-type":"","background-media":"","overlay-type":"","overlay-color":"","overlay-opacity":"","overlay-gradient":""}},"ast-content-background-meta":{"desktop":{"background-color":"var(--ast-global-color-4)","background-image":"","background-repeat":"repeat","background-position":"center center","background-size":"auto","background-attachment":"scroll","background-type":"","background-media":"","overlay-type":"","overlay-color":"","overlay-opacity":"","overlay-gradient":""},"tablet":{"background-color":"var(--ast-global-color-4)","background-image":"","background-repeat":"repeat","background-position":"center center","background-size":"auto","background-attachment":"scroll","background-type":"","background-media":"","overlay-type":"","overlay-color":"","overlay-opacity":"","overlay-gradient":""},"mobile":{"background-color":"var(--ast-global-color-4)","background-image":"","background-repeat":"repeat","background-position":"center center","background-size":"auto","background-attachment":"scroll","background-type":"","background-media":"","overlay-type":"","overlay-color":"","overlay-opacity":"","overlay-gradient":""}},"footnotes":""},"categories":[1],"tags":[],"class_list":["post-108129","post","type-post","status-publish","format-standard","hentry","category-sem-categoria"],"yoast_head":"<!-- This site is optimized with the Yoast SEO plugin v26.6 - https:\/\/yoast.com\/wordpress\/plugins\/seo\/ -->\n<title>Fandangos\u00ae lan\u00e7a dois novos sabores exclusivos para o Nordeste - Daniel Matos<\/title>\n<meta name=\"robots\" content=\"index, follow, max-snippet:-1, max-image-preview:large, max-video-preview:-1\" \/>\n<link rel=\"canonical\" href=\"https:\/\/www.blogsoestado.com\/danielmatos\/fandangos-lanca-dois-novos-sabores-exclusivos-para-o-nordeste\/\" \/>\n<meta property=\"og:locale\" content=\"pt_BR\" \/>\n<meta property=\"og:type\" content=\"article\" \/>\n<meta property=\"og:title\" content=\"Fandangos\u00ae lan\u00e7a dois novos sabores exclusivos para o Nordeste - Daniel Matos\" \/>\n<meta property=\"og:description\" content=\"Salgadinhos com gostos de churrasco e bacon s\u00e3o assados, feitos de milho e&nbsp;produzidos na f\u00e1brica de Recife-PE Fandangos\u00ae, marca de [&hellip;]\" \/>\n<meta property=\"og:url\" content=\"https:\/\/www.blogsoestado.com\/danielmatos\/fandangos-lanca-dois-novos-sabores-exclusivos-para-o-nordeste\/\" \/>\n<meta property=\"og:site_name\" content=\"Daniel Matos\" \/>\n<meta property=\"article:published_time\" content=\"2023-04-08T14:00:00+00:00\" \/>\n<meta property=\"og:image\" content=\"https:\/\/www.blogsoestado.com\/danielmatos\/files\/2023\/04\/Screenshot_20230408-0234532.png\" \/>\n<meta name=\"twitter:card\" content=\"summary_large_image\" \/>\n<meta name=\"twitter:label1\" content=\"Est. tempo de leitura\" \/>\n\t<meta name=\"twitter:data1\" content=\"3 minutos\" \/>\n<script type=\"application\/ld+json\" class=\"yoast-schema-graph\">{\"@context\":\"https:\/\/schema.org\",\"@graph\":[{\"@type\":\"WebPage\",\"@id\":\"https:\/\/www.blogsoestado.com\/danielmatos\/fandangos-lanca-dois-novos-sabores-exclusivos-para-o-nordeste\/\",\"url\":\"https:\/\/www.blogsoestado.com\/danielmatos\/fandangos-lanca-dois-novos-sabores-exclusivos-para-o-nordeste\/\",\"name\":\"Fandangos\u00ae lan\u00e7a dois novos sabores exclusivos para o Nordeste - Daniel Matos\",\"isPartOf\":{\"@id\":\"https:\/\/www.blogsoestado.com\/danielmatos\/#website\"},\"primaryImageOfPage\":{\"@id\":\"https:\/\/www.blogsoestado.com\/danielmatos\/fandangos-lanca-dois-novos-sabores-exclusivos-para-o-nordeste\/#primaryimage\"},\"image\":{\"@id\":\"https:\/\/www.blogsoestado.com\/danielmatos\/fandangos-lanca-dois-novos-sabores-exclusivos-para-o-nordeste\/#primaryimage\"},\"thumbnailUrl\":\"https:\/\/www.blogsoestado.com\/danielmatos\/files\/2023\/04\/Screenshot_20230408-0234532.png\",\"datePublished\":\"2023-04-08T14:00:00+00:00\",\"author\":{\"@id\":\"\"},\"breadcrumb\":{\"@id\":\"https:\/\/www.blogsoestado.com\/danielmatos\/fandangos-lanca-dois-novos-sabores-exclusivos-para-o-nordeste\/#breadcrumb\"},\"inLanguage\":\"pt-BR\",\"potentialAction\":[{\"@type\":\"ReadAction\",\"target\":[\"https:\/\/www.blogsoestado.com\/danielmatos\/fandangos-lanca-dois-novos-sabores-exclusivos-para-o-nordeste\/\"]}]},{\"@type\":\"ImageObject\",\"inLanguage\":\"pt-BR\",\"@id\":\"https:\/\/www.blogsoestado.com\/danielmatos\/fandangos-lanca-dois-novos-sabores-exclusivos-para-o-nordeste\/#primaryimage\",\"url\":\"https:\/\/www.blogsoestado.com\/danielmatos\/files\/2023\/04\/Screenshot_20230408-0234532.png\",\"contentUrl\":\"https:\/\/www.blogsoestado.com\/danielmatos\/files\/2023\/04\/Screenshot_20230408-0234532.png\"},{\"@type\":\"BreadcrumbList\",\"@id\":\"https:\/\/www.blogsoestado.com\/danielmatos\/fandangos-lanca-dois-novos-sabores-exclusivos-para-o-nordeste\/#breadcrumb\",\"itemListElement\":[{\"@type\":\"ListItem\",\"position\":1,\"name\":\"In\u00edcio\",\"item\":\"https:\/\/www.blogsoestado.com\/danielmatos\/\"},{\"@type\":\"ListItem\",\"position\":2,\"name\":\"Fandangos\u00ae lan\u00e7a dois novos sabores exclusivos para o Nordeste\"}]},{\"@type\":\"WebSite\",\"@id\":\"https:\/\/www.blogsoestado.com\/danielmatos\/#website\",\"url\":\"https:\/\/www.blogsoestado.com\/danielmatos\/\",\"name\":\"Daniel Matos\",\"description\":\"\",\"potentialAction\":[{\"@type\":\"SearchAction\",\"target\":{\"@type\":\"EntryPoint\",\"urlTemplate\":\"https:\/\/www.blogsoestado.com\/danielmatos\/?s={search_term_string}\"},\"query-input\":{\"@type\":\"PropertyValueSpecification\",\"valueRequired\":true,\"valueName\":\"search_term_string\"}}],\"inLanguage\":\"pt-BR\"}]}<\/script>\n<!-- \/ Yoast SEO plugin. -->","yoast_head_json":{"title":"Fandangos\u00ae lan\u00e7a dois novos sabores exclusivos para o Nordeste - Daniel Matos","robots":{"index":"index","follow":"follow","max-snippet":"max-snippet:-1","max-image-preview":"max-image-preview:large","max-video-preview":"max-video-preview:-1"},"canonical":"https:\/\/www.blogsoestado.com\/danielmatos\/fandangos-lanca-dois-novos-sabores-exclusivos-para-o-nordeste\/","og_locale":"pt_BR","og_type":"article","og_title":"Fandangos\u00ae lan\u00e7a dois novos sabores exclusivos para o Nordeste - Daniel Matos","og_description":"Salgadinhos com gostos de churrasco e bacon s\u00e3o assados, feitos de milho e&nbsp;produzidos na f\u00e1brica de Recife-PE Fandangos\u00ae, marca de [&hellip;]","og_url":"https:\/\/www.blogsoestado.com\/danielmatos\/fandangos-lanca-dois-novos-sabores-exclusivos-para-o-nordeste\/","og_site_name":"Daniel Matos","article_published_time":"2023-04-08T14:00:00+00:00","og_image":[{"url":"https:\/\/www.blogsoestado.com\/danielmatos\/files\/2023\/04\/Screenshot_20230408-0234532.png","type":"","width":"","height":""}],"twitter_card":"summary_large_image","twitter_misc":{"Est. tempo de leitura":"3 minutos"},"schema":{"@context":"https:\/\/schema.org","@graph":[{"@type":"WebPage","@id":"https:\/\/www.blogsoestado.com\/danielmatos\/fandangos-lanca-dois-novos-sabores-exclusivos-para-o-nordeste\/","url":"https:\/\/www.blogsoestado.com\/danielmatos\/fandangos-lanca-dois-novos-sabores-exclusivos-para-o-nordeste\/","name":"Fandangos\u00ae lan\u00e7a dois novos sabores exclusivos para o Nordeste - Daniel Matos","isPartOf":{"@id":"https:\/\/www.blogsoestado.com\/danielmatos\/#website"},"primaryImageOfPage":{"@id":"https:\/\/www.blogsoestado.com\/danielmatos\/fandangos-lanca-dois-novos-sabores-exclusivos-para-o-nordeste\/#primaryimage"},"image":{"@id":"https:\/\/www.blogsoestado.com\/danielmatos\/fandangos-lanca-dois-novos-sabores-exclusivos-para-o-nordeste\/#primaryimage"},"thumbnailUrl":"https:\/\/www.blogsoestado.com\/danielmatos\/files\/2023\/04\/Screenshot_20230408-0234532.png","datePublished":"2023-04-08T14:00:00+00:00","author":{"@id":""},"breadcrumb":{"@id":"https:\/\/www.blogsoestado.com\/danielmatos\/fandangos-lanca-dois-novos-sabores-exclusivos-para-o-nordeste\/#breadcrumb"},"inLanguage":"pt-BR","potentialAction":[{"@type":"ReadAction","target":["https:\/\/www.blogsoestado.com\/danielmatos\/fandangos-lanca-dois-novos-sabores-exclusivos-para-o-nordeste\/"]}]},{"@type":"ImageObject","inLanguage":"pt-BR","@id":"https:\/\/www.blogsoestado.com\/danielmatos\/fandangos-lanca-dois-novos-sabores-exclusivos-para-o-nordeste\/#primaryimage","url":"https:\/\/www.blogsoestado.com\/danielmatos\/files\/2023\/04\/Screenshot_20230408-0234532.png","contentUrl":"https:\/\/www.blogsoestado.com\/danielmatos\/files\/2023\/04\/Screenshot_20230408-0234532.png"},{"@type":"BreadcrumbList","@id":"https:\/\/www.blogsoestado.com\/danielmatos\/fandangos-lanca-dois-novos-sabores-exclusivos-para-o-nordeste\/#breadcrumb","itemListElement":[{"@type":"ListItem","position":1,"name":"In\u00edcio","item":"https:\/\/www.blogsoestado.com\/danielmatos\/"},{"@type":"ListItem","position":2,"name":"Fandangos\u00ae lan\u00e7a dois novos sabores exclusivos para o Nordeste"}]},{"@type":"WebSite","@id":"https:\/\/www.blogsoestado.com\/danielmatos\/#website","url":"https:\/\/www.blogsoestado.com\/danielmatos\/","name":"Daniel Matos","description":"","potentialAction":[{"@type":"SearchAction","target":{"@type":"EntryPoint","urlTemplate":"https:\/\/www.blogsoestado.com\/danielmatos\/?s={search_term_string}"},"query-input":{"@type":"PropertyValueSpecification","valueRequired":true,"valueName":"search_term_string"}}],"inLanguage":"pt-BR"}]}},"jetpack_featured_media_url":"","_links":{"self":[{"href":"https:\/\/www.blogsoestado.com\/danielmatos\/wp-json\/wp\/v2\/posts\/108129","targetHints":{"allow":["GET"]}}],"collection":[{"href":"https:\/\/www.blogsoestado.com\/danielmatos\/wp-json\/wp\/v2\/posts"}],"about":[{"href":"https:\/\/www.blogsoestado.com\/danielmatos\/wp-json\/wp\/v2\/types\/post"}],"replies":[{"embeddable":true,"href":"https:\/\/www.blogsoestado.com\/danielmatos\/wp-json\/wp\/v2\/comments?post=108129"}],"version-history":[{"count":0,"href":"https:\/\/www.blogsoestado.com\/danielmatos\/wp-json\/wp\/v2\/posts\/108129\/revisions"}],"wp:attachment":[{"href":"https:\/\/www.blogsoestado.com\/danielmatos\/wp-json\/wp\/v2\/media?parent=108129"}],"wp:term":[{"taxonomy":"category","embeddable":true,"href":"https:\/\/www.blogsoestado.com\/danielmatos\/wp-json\/wp\/v2\/categories?post=108129"},{"taxonomy":"post_tag","embeddable":true,"href":"https:\/\/www.blogsoestado.com\/danielmatos\/wp-json\/wp\/v2\/tags?post=108129"}],"curies":[{"name":"wp","href":"https:\/\/api.w.org\/{rel}","templated":true}]}}