{"id":108138,"date":"2023-04-08T19:46:11","date_gmt":"2023-04-08T22:46:11","guid":{"rendered":"https:\/\/www.blogsoestado.com\/danielmatos\/?p=108138"},"modified":"2023-04-08T19:46:11","modified_gmt":"2023-04-08T22:46:11","slug":"presidencia-da-republica-confirma-sobrevoo-de-lula-e-bebados-em-area-atingida-por-enchente-no-maranhao-neste-domingo-9","status":"publish","type":"post","link":"https:\/\/www.blogsoestado.com\/danielmatos\/presidencia-da-republica-confirma-sobrevoo-de-lula-e-bebados-em-area-atingida-por-enchente-no-maranhao-neste-domingo-9\/","title":{"rendered":"Presid\u00eancia da Rep\u00fablica confirma sobrevoo de Lula e Brand\u00e3o em \u00e1rea atingida por enchente no Maranh\u00e3o, neste domingo (9)"},"content":{"rendered":"\n<div class=\"wp-block-image\"><figure class=\"aligncenter size-large\"><a href=\"https:\/\/www.blogsoestado.com\/danielmatos\/files\/2023\/04\/Screenshot_20230408-1943522.png\"><img decoding=\"async\" src=\"https:\/\/www.blogsoestado.com\/danielmatos\/files\/2023\/04\/Screenshot_20230408-1943522.png\" alt=\"\" class=\"wp-image-108139\"\/><\/a><figcaption>O presidente Lula e o governador Carlos Brand\u00e3o far\u00e3o sobrevoo em Trizidela do Vale, um dos munic\u00edpios maranhenses mais atingidos por enchentes <\/figcaption><\/figure><\/div>\n\n\n\n<p>O presidente Luiz In\u00e1cio Lula da Silva, acompanhado do governador do Maranh\u00e3o, Carlos Brand\u00e3o, far\u00e1 sobrevoo, neste domingo (9), pela manh\u00e3, na regi\u00e3o de Trizidela do Vale, atingida pelas chuvas. A agenda de Lula em territ\u00f3rio maranhense foi confirmada no <a href=\"https:\/\/www.gov.br\/planalto\/pt-br\/acompanhe-o-planalto\/noticias\/2023\/04\/lula-faz-sobrevoo-em-regiao-atingida-pelas-chuvas-no-maranhao\">site Presid\u00eancia da Presid\u00eancia da Rep\u00fablica<\/a> \u00e0s 18h44 deste s\u00e1bado (8).<\/p>\n\n\n\n<p>Ap\u00f3s o sobrevoo, o presidente seguir\u00e1 para o aeroporto de Bacabal (MA), onde falar\u00e1 com a imprensa.<\/p>\n\n\n\n<p><strong>SERVI\u00c7O<\/strong><br \/><strong>Sobrevoo \u00e0s \u00e1reas atingidas pelas chuvas no Maranh\u00e3o<\/strong><\/p>\n\n\n\n<p><strong>&#x1f4c6;&nbsp;Data<\/strong>: 9\/4\/2023<br \/><strong>&#x23f0;&nbsp;Hor\u00e1rio<\/strong>: ser\u00e1 informado em breve<br \/><strong>&#x1f4cd;&nbsp;Sobrevoo<\/strong>: Trizidela do Vale (MA)<\/p>\n","protected":false},"excerpt":{"rendered":"<p>O presidente Luiz In\u00e1cio Lula da Silva, acompanhado do governador do Maranh\u00e3o, Carlos Brand\u00e3o, far\u00e1 sobrevoo, neste domingo (9), pela [&hellip;]<\/p>\n","protected":false},"author":0,"featured_media":0,"comment_status":"open","ping_status":"open","sticky":false,"template":"","format":"standard","meta":{"site-sidebar-layout":"default","site-content-layout":"","ast-site-content-layout":"default","site-content-style":"default","site-sidebar-style":"default","ast-global-header-display":"","ast-banner-title-visibility":"","ast-main-header-display":"","ast-hfb-above-header-display":"","ast-hfb-below-header-display":"","ast-hfb-mobile-header-display":"","site-post-title":"","ast-breadcrumbs-content":"","ast-featured-img":"","footer-sml-layout":"","ast-disable-related-posts":"","theme-transparent-header-meta":"","adv-header-id-meta":"","stick-header-meta":"","header-above-stick-meta":"","header-main-stick-meta":"","header-below-stick-meta":"","astra-migrate-meta-layouts":"default","ast-page-background-enabled":"default","ast-page-background-meta":{"desktop":{"background-color":"var(--ast-global-color-5)","background-image":"","background-repeat":"repeat","background-position":"center center","background-size":"auto","background-attachment":"scroll","background-type":"","background-media":"","overlay-type":"","overlay-color":"","overlay-opacity":"","overlay-gradient":""},"tablet":{"background-color":"","background-image":"","background-repeat":"repeat","background-position":"center center","background-size":"auto","background-attachment":"scroll","background-type":"","background-media":"","overlay-type":"","overlay-color":"","overlay-opacity":"","overlay-gradient":""},"mobile":{"background-color":"","background-image":"","background-repeat":"repeat","background-position":"center center","background-size":"auto","background-attachment":"scroll","background-type":"","background-media":"","overlay-type":"","overlay-color":"","overlay-opacity":"","overlay-gradient":""}},"ast-content-background-meta":{"desktop":{"background-color":"var(--ast-global-color-4)","background-image":"","background-repeat":"repeat","background-position":"center center","background-size":"auto","background-attachment":"scroll","background-type":"","background-media":"","overlay-type":"","overlay-color":"","overlay-opacity":"","overlay-gradient":""},"tablet":{"background-color":"var(--ast-global-color-4)","background-image":"","background-repeat":"repeat","background-position":"center center","background-size":"auto","background-attachment":"scroll","background-type":"","background-media":"","overlay-type":"","overlay-color":"","overlay-opacity":"","overlay-gradient":""},"mobile":{"background-color":"var(--ast-global-color-4)","background-image":"","background-repeat":"repeat","background-position":"center center","background-size":"auto","background-attachment":"scroll","background-type":"","background-media":"","overlay-type":"","overlay-color":"","overlay-opacity":"","overlay-gradient":""}},"footnotes":""},"categories":[1],"tags":[],"class_list":["post-108138","post","type-post","status-publish","format-standard","hentry","category-sem-categoria"],"yoast_head":"<!-- This site is optimized with the Yoast SEO plugin v26.6 - https:\/\/yoast.com\/wordpress\/plugins\/seo\/ -->\n<title>Presid\u00eancia da Rep\u00fablica confirma sobrevoo de Lula e Brand\u00e3o em \u00e1rea atingida por enchente no Maranh\u00e3o, neste domingo (9) - Daniel Matos<\/title>\n<meta name=\"robots\" content=\"index, follow, max-snippet:-1, max-image-preview:large, max-video-preview:-1\" \/>\n<link rel=\"canonical\" href=\"https:\/\/www.blogsoestado.com\/danielmatos\/presidencia-da-republica-confirma-sobrevoo-de-lula-e-bebados-em-area-atingida-por-enchente-no-maranhao-neste-domingo-9\/\" \/>\n<meta property=\"og:locale\" content=\"pt_BR\" \/>\n<meta property=\"og:type\" content=\"article\" \/>\n<meta property=\"og:title\" content=\"Presid\u00eancia da Rep\u00fablica confirma sobrevoo de Lula e Brand\u00e3o em \u00e1rea atingida por enchente no Maranh\u00e3o, neste domingo (9) - Daniel Matos\" \/>\n<meta property=\"og:description\" content=\"O presidente Luiz In\u00e1cio Lula da Silva, acompanhado do governador do Maranh\u00e3o, Carlos Brand\u00e3o, far\u00e1 sobrevoo, neste domingo (9), pela [&hellip;]\" \/>\n<meta property=\"og:url\" content=\"https:\/\/www.blogsoestado.com\/danielmatos\/presidencia-da-republica-confirma-sobrevoo-de-lula-e-bebados-em-area-atingida-por-enchente-no-maranhao-neste-domingo-9\/\" \/>\n<meta property=\"og:site_name\" content=\"Daniel Matos\" \/>\n<meta property=\"article:published_time\" content=\"2023-04-08T22:46:11+00:00\" \/>\n<meta property=\"og:image\" content=\"https:\/\/www.blogsoestado.com\/danielmatos\/files\/2023\/04\/Screenshot_20230408-1943522.png\" \/>\n<meta name=\"twitter:card\" content=\"summary_large_image\" \/>\n<meta name=\"twitter:label1\" content=\"Est. tempo de leitura\" \/>\n\t<meta name=\"twitter:data1\" content=\"1 minuto\" \/>\n<script type=\"application\/ld+json\" class=\"yoast-schema-graph\">{\"@context\":\"https:\/\/schema.org\",\"@graph\":[{\"@type\":\"WebPage\",\"@id\":\"https:\/\/www.blogsoestado.com\/danielmatos\/presidencia-da-republica-confirma-sobrevoo-de-lula-e-bebados-em-area-atingida-por-enchente-no-maranhao-neste-domingo-9\/\",\"url\":\"https:\/\/www.blogsoestado.com\/danielmatos\/presidencia-da-republica-confirma-sobrevoo-de-lula-e-bebados-em-area-atingida-por-enchente-no-maranhao-neste-domingo-9\/\",\"name\":\"Presid\u00eancia da Rep\u00fablica confirma sobrevoo de Lula e Brand\u00e3o em \u00e1rea atingida por enchente no Maranh\u00e3o, neste domingo (9) - Daniel Matos\",\"isPartOf\":{\"@id\":\"https:\/\/www.blogsoestado.com\/danielmatos\/#website\"},\"primaryImageOfPage\":{\"@id\":\"https:\/\/www.blogsoestado.com\/danielmatos\/presidencia-da-republica-confirma-sobrevoo-de-lula-e-bebados-em-area-atingida-por-enchente-no-maranhao-neste-domingo-9\/#primaryimage\"},\"image\":{\"@id\":\"https:\/\/www.blogsoestado.com\/danielmatos\/presidencia-da-republica-confirma-sobrevoo-de-lula-e-bebados-em-area-atingida-por-enchente-no-maranhao-neste-domingo-9\/#primaryimage\"},\"thumbnailUrl\":\"https:\/\/www.blogsoestado.com\/danielmatos\/files\/2023\/04\/Screenshot_20230408-1943522.png\",\"datePublished\":\"2023-04-08T22:46:11+00:00\",\"author\":{\"@id\":\"\"},\"breadcrumb\":{\"@id\":\"https:\/\/www.blogsoestado.com\/danielmatos\/presidencia-da-republica-confirma-sobrevoo-de-lula-e-bebados-em-area-atingida-por-enchente-no-maranhao-neste-domingo-9\/#breadcrumb\"},\"inLanguage\":\"pt-BR\",\"potentialAction\":[{\"@type\":\"ReadAction\",\"target\":[\"https:\/\/www.blogsoestado.com\/danielmatos\/presidencia-da-republica-confirma-sobrevoo-de-lula-e-bebados-em-area-atingida-por-enchente-no-maranhao-neste-domingo-9\/\"]}]},{\"@type\":\"ImageObject\",\"inLanguage\":\"pt-BR\",\"@id\":\"https:\/\/www.blogsoestado.com\/danielmatos\/presidencia-da-republica-confirma-sobrevoo-de-lula-e-bebados-em-area-atingida-por-enchente-no-maranhao-neste-domingo-9\/#primaryimage\",\"url\":\"https:\/\/www.blogsoestado.com\/danielmatos\/files\/2023\/04\/Screenshot_20230408-1943522.png\",\"contentUrl\":\"https:\/\/www.blogsoestado.com\/danielmatos\/files\/2023\/04\/Screenshot_20230408-1943522.png\"},{\"@type\":\"BreadcrumbList\",\"@id\":\"https:\/\/www.blogsoestado.com\/danielmatos\/presidencia-da-republica-confirma-sobrevoo-de-lula-e-bebados-em-area-atingida-por-enchente-no-maranhao-neste-domingo-9\/#breadcrumb\",\"itemListElement\":[{\"@type\":\"ListItem\",\"position\":1,\"name\":\"In\u00edcio\",\"item\":\"https:\/\/www.blogsoestado.com\/danielmatos\/\"},{\"@type\":\"ListItem\",\"position\":2,\"name\":\"Presid\u00eancia da Rep\u00fablica confirma sobrevoo de Lula e Brand\u00e3o em \u00e1rea atingida por enchente no Maranh\u00e3o, neste domingo (9)\"}]},{\"@type\":\"WebSite\",\"@id\":\"https:\/\/www.blogsoestado.com\/danielmatos\/#website\",\"url\":\"https:\/\/www.blogsoestado.com\/danielmatos\/\",\"name\":\"Daniel Matos\",\"description\":\"\",\"potentialAction\":[{\"@type\":\"SearchAction\",\"target\":{\"@type\":\"EntryPoint\",\"urlTemplate\":\"https:\/\/www.blogsoestado.com\/danielmatos\/?s={search_term_string}\"},\"query-input\":{\"@type\":\"PropertyValueSpecification\",\"valueRequired\":true,\"valueName\":\"search_term_string\"}}],\"inLanguage\":\"pt-BR\"}]}<\/script>\n<!-- \/ Yoast SEO plugin. -->","yoast_head_json":{"title":"Presid\u00eancia da Rep\u00fablica confirma sobrevoo de Lula e Brand\u00e3o em \u00e1rea atingida por enchente no Maranh\u00e3o, neste domingo (9) - Daniel Matos","robots":{"index":"index","follow":"follow","max-snippet":"max-snippet:-1","max-image-preview":"max-image-preview:large","max-video-preview":"max-video-preview:-1"},"canonical":"https:\/\/www.blogsoestado.com\/danielmatos\/presidencia-da-republica-confirma-sobrevoo-de-lula-e-bebados-em-area-atingida-por-enchente-no-maranhao-neste-domingo-9\/","og_locale":"pt_BR","og_type":"article","og_title":"Presid\u00eancia da Rep\u00fablica confirma sobrevoo de Lula e Brand\u00e3o em \u00e1rea atingida por enchente no Maranh\u00e3o, neste domingo (9) - Daniel Matos","og_description":"O presidente Luiz In\u00e1cio Lula da Silva, acompanhado do governador do Maranh\u00e3o, Carlos Brand\u00e3o, far\u00e1 sobrevoo, neste domingo (9), pela [&hellip;]","og_url":"https:\/\/www.blogsoestado.com\/danielmatos\/presidencia-da-republica-confirma-sobrevoo-de-lula-e-bebados-em-area-atingida-por-enchente-no-maranhao-neste-domingo-9\/","og_site_name":"Daniel Matos","article_published_time":"2023-04-08T22:46:11+00:00","og_image":[{"url":"https:\/\/www.blogsoestado.com\/danielmatos\/files\/2023\/04\/Screenshot_20230408-1943522.png","type":"","width":"","height":""}],"twitter_card":"summary_large_image","twitter_misc":{"Est. tempo de leitura":"1 minuto"},"schema":{"@context":"https:\/\/schema.org","@graph":[{"@type":"WebPage","@id":"https:\/\/www.blogsoestado.com\/danielmatos\/presidencia-da-republica-confirma-sobrevoo-de-lula-e-bebados-em-area-atingida-por-enchente-no-maranhao-neste-domingo-9\/","url":"https:\/\/www.blogsoestado.com\/danielmatos\/presidencia-da-republica-confirma-sobrevoo-de-lula-e-bebados-em-area-atingida-por-enchente-no-maranhao-neste-domingo-9\/","name":"Presid\u00eancia da Rep\u00fablica confirma sobrevoo de Lula e Brand\u00e3o em \u00e1rea atingida por enchente no Maranh\u00e3o, neste domingo (9) - Daniel Matos","isPartOf":{"@id":"https:\/\/www.blogsoestado.com\/danielmatos\/#website"},"primaryImageOfPage":{"@id":"https:\/\/www.blogsoestado.com\/danielmatos\/presidencia-da-republica-confirma-sobrevoo-de-lula-e-bebados-em-area-atingida-por-enchente-no-maranhao-neste-domingo-9\/#primaryimage"},"image":{"@id":"https:\/\/www.blogsoestado.com\/danielmatos\/presidencia-da-republica-confirma-sobrevoo-de-lula-e-bebados-em-area-atingida-por-enchente-no-maranhao-neste-domingo-9\/#primaryimage"},"thumbnailUrl":"https:\/\/www.blogsoestado.com\/danielmatos\/files\/2023\/04\/Screenshot_20230408-1943522.png","datePublished":"2023-04-08T22:46:11+00:00","author":{"@id":""},"breadcrumb":{"@id":"https:\/\/www.blogsoestado.com\/danielmatos\/presidencia-da-republica-confirma-sobrevoo-de-lula-e-bebados-em-area-atingida-por-enchente-no-maranhao-neste-domingo-9\/#breadcrumb"},"inLanguage":"pt-BR","potentialAction":[{"@type":"ReadAction","target":["https:\/\/www.blogsoestado.com\/danielmatos\/presidencia-da-republica-confirma-sobrevoo-de-lula-e-bebados-em-area-atingida-por-enchente-no-maranhao-neste-domingo-9\/"]}]},{"@type":"ImageObject","inLanguage":"pt-BR","@id":"https:\/\/www.blogsoestado.com\/danielmatos\/presidencia-da-republica-confirma-sobrevoo-de-lula-e-bebados-em-area-atingida-por-enchente-no-maranhao-neste-domingo-9\/#primaryimage","url":"https:\/\/www.blogsoestado.com\/danielmatos\/files\/2023\/04\/Screenshot_20230408-1943522.png","contentUrl":"https:\/\/www.blogsoestado.com\/danielmatos\/files\/2023\/04\/Screenshot_20230408-1943522.png"},{"@type":"BreadcrumbList","@id":"https:\/\/www.blogsoestado.com\/danielmatos\/presidencia-da-republica-confirma-sobrevoo-de-lula-e-bebados-em-area-atingida-por-enchente-no-maranhao-neste-domingo-9\/#breadcrumb","itemListElement":[{"@type":"ListItem","position":1,"name":"In\u00edcio","item":"https:\/\/www.blogsoestado.com\/danielmatos\/"},{"@type":"ListItem","position":2,"name":"Presid\u00eancia da Rep\u00fablica confirma sobrevoo de Lula e Brand\u00e3o em \u00e1rea atingida por enchente no Maranh\u00e3o, neste domingo (9)"}]},{"@type":"WebSite","@id":"https:\/\/www.blogsoestado.com\/danielmatos\/#website","url":"https:\/\/www.blogsoestado.com\/danielmatos\/","name":"Daniel Matos","description":"","potentialAction":[{"@type":"SearchAction","target":{"@type":"EntryPoint","urlTemplate":"https:\/\/www.blogsoestado.com\/danielmatos\/?s={search_term_string}"},"query-input":{"@type":"PropertyValueSpecification","valueRequired":true,"valueName":"search_term_string"}}],"inLanguage":"pt-BR"}]}},"jetpack_featured_media_url":"","_links":{"self":[{"href":"https:\/\/www.blogsoestado.com\/danielmatos\/wp-json\/wp\/v2\/posts\/108138","targetHints":{"allow":["GET"]}}],"collection":[{"href":"https:\/\/www.blogsoestado.com\/danielmatos\/wp-json\/wp\/v2\/posts"}],"about":[{"href":"https:\/\/www.blogsoestado.com\/danielmatos\/wp-json\/wp\/v2\/types\/post"}],"replies":[{"embeddable":true,"href":"https:\/\/www.blogsoestado.com\/danielmatos\/wp-json\/wp\/v2\/comments?post=108138"}],"version-history":[{"count":0,"href":"https:\/\/www.blogsoestado.com\/danielmatos\/wp-json\/wp\/v2\/posts\/108138\/revisions"}],"wp:attachment":[{"href":"https:\/\/www.blogsoestado.com\/danielmatos\/wp-json\/wp\/v2\/media?parent=108138"}],"wp:term":[{"taxonomy":"category","embeddable":true,"href":"https:\/\/www.blogsoestado.com\/danielmatos\/wp-json\/wp\/v2\/categories?post=108138"},{"taxonomy":"post_tag","embeddable":true,"href":"https:\/\/www.blogsoestado.com\/danielmatos\/wp-json\/wp\/v2\/tags?post=108138"}],"curies":[{"name":"wp","href":"https:\/\/api.w.org\/{rel}","templated":true}]}}