{"id":108149,"date":"2023-04-09T15:51:09","date_gmt":"2023-04-09T18:51:09","guid":{"rendered":"https:\/\/www.blogsoestado.com\/danielmatos\/?p=108149"},"modified":"2023-04-09T15:51:09","modified_gmt":"2023-04-09T18:51:09","slug":"mobiliza-slz-conquista-premio-internacional-de-turismo","status":"publish","type":"post","link":"https:\/\/www.blogsoestado.com\/danielmatos\/mobiliza-slz-conquista-premio-internacional-de-turismo\/","title":{"rendered":"Mobiliza SLZ conquista pr\u00eamio internacional de turismo"},"content":{"rendered":"\n<p><em><strong><span class=\"has-inline-color has-vivid-red-color\">Iniciativa liderada pelo Sebrae-MA vence o Pr\u00eamio de Turismo Respons\u00e1vel da WTM Latin America, na categoria Melhores Conex\u00f5es Significativas. Mobiliza 2023 acontece na primeira quinzena de setembro<\/span><\/strong><\/em><\/p>\n\n\n\n<div class=\"wp-block-image\"><figure class=\"aligncenter size-large\"><a href=\"https:\/\/www.blogsoestado.com\/danielmatos\/files\/2023\/04\/Screenshot_20230409-1555172.png\"><img decoding=\"async\" src=\"https:\/\/www.blogsoestado.com\/danielmatos\/files\/2023\/04\/Screenshot_20230409-1555172.png\" alt=\"\" class=\"wp-image-108151\"\/><\/a><figcaption><em>O diretor T\u00e9cnico do Sebrae-MA, Mauro Borralho, e a coordenadora do Mobiliza SLZ, Danielle Abreu, receberam o maior pr\u00eamio j\u00e1 conquistado pelo projet<\/em>o<\/figcaption><\/figure><\/div>\n\n\n\n<p>O Mobiliza SLZ, movimento liderado pelo Sebrae no Maranh\u00e3o, que agrega cultura, economia criativa e turismo e, h\u00e1 dois anos, enche S\u00e3o Lu\u00eds de cores e boas iniciativas dos empreendedores criativos da capital, literalmente ganhou o mundo.\u00a0O movimento recebeu seu primeiro pr\u00eamio internacional nesta ter\u00e7a-feira (04), ao garantir o t\u00edtulo de Gold Winner, vencendo a categoria de Melhores Conex\u00f5es Significativas, do 3\u00ba Pr\u00eamio de Turismo Respons\u00e1vel da WTM Latin America.<\/p>\n\n\n\n<p>O an\u00fancio, feito em cerim\u00f4nia realizada durante a 10\u00aa edi\u00e7\u00e3o da Feira WTM Latin America, literalmente conecta o Maranh\u00e3o com o mundo, evidenciando aspectos singulares do estado: a riqueza e diversidade cultural, a capacidade empreendedora do ecossistema criativo local e as conex\u00f5es transformadoras geradas pelo movimento, hoje uma esp\u00e9cie de patrim\u00f4nio local.<\/p>\n\n\n\n<div class=\"wp-block-image\"><figure class=\"aligncenter size-large\"><a href=\"https:\/\/www.blogsoestado.com\/danielmatos\/files\/2023\/04\/Screenshot_20230409-1558392.png\"><img decoding=\"async\" src=\"https:\/\/www.blogsoestado.com\/danielmatos\/files\/2023\/04\/Screenshot_20230409-1558392.png\" alt=\"\" class=\"wp-image-108153\"\/><\/a><figcaption>Premiados na terceira edi\u00e7\u00e3o da competi\u00e7\u00e3o comemoram a conquista no maior evento de turismo da Am\u00e9rica Latina<\/figcaption><\/figure><\/div>\n\n\n\n<p>A coordenadora geral do Mobiliza SLZ, Danielle Abreu, falou da import\u00e2ncia de fortalecer conex\u00f5es produtivas e geradoras de transforma\u00e7\u00f5es. \u201cVencemos em uma categoria que tem tudo a ver com o prop\u00f3sito do Mobiliza, que \u00e9 \u2018Conectar para Transformar\u2019. Ent\u00e3o, nada mais justo do que enaltecer cada vez mais as conex\u00f5es com nossos empreendedores criativos, com os nossos parceiros, e dedicar essa vit\u00f3ria a todos que contribuem com essa grande rede criativa que \u00e9 o Mobiliza\u201d, disse ela.&nbsp;<\/p>\n\n\n\n<p><strong>Fortalecimento<\/strong><\/p>\n\n\n\n<p>Concebido como estrat\u00e9gia de fortalecimento da economia criativa durante a pandemia, o Mobiliza SLZ j\u00e1 \u00e9 um marco no calend\u00e1rio do setor na capital maranhense.<\/p>\n\n\n\n<p>Nas duas edi\u00e7\u00f5es, o movimento liderado pelo Sebrae junto com amplo n\u00famero de parceiros, ocupou S\u00e3o Lu\u00eds, de forma crescente, deixando significativo saldo de empreendedorismo e criatividade. Em 2021, foram 14 bairros abrangidos e mais de 70 eventos presenciais e digitais, com a\u00e7\u00f5es nas \u00e1reas de m\u00fasica, audiovisual, tecnologia e games, artes e design, cultura e esportes, turismo e gastronomia, artesanato, moda, inova\u00e7\u00e3o e neg\u00f3cios.\u00a0<\/p>\n\n\n\n<div class=\"wp-block-image\"><figure class=\"aligncenter size-large\"><a href=\"https:\/\/www.blogsoestado.com\/danielmatos\/files\/2023\/04\/Screenshot_20230409-1554542.png\"><img decoding=\"async\" src=\"https:\/\/www.blogsoestado.com\/danielmatos\/files\/2023\/04\/Screenshot_20230409-1554542.png\" alt=\"\" class=\"wp-image-108152\"\/><\/a><figcaption><em>Tempo de celebrar: Mobiliza ganha o mundo e vai concorrer a premia\u00e7\u00e3o em Londres.<\/em><\/figcaption><\/figure><\/div>\n\n\n\n<p>Na edi\u00e7\u00e3o 2022, foram nove dias de programa\u00e7\u00e3o, envolvendo 20 bairros de S\u00e3o Lu\u00eds em mais de 100 atividades e com 400 empreendedores criativos mobilizados. Destes, 81% s\u00e3o moradores da capital e 19%, s\u00e3o turistas; 60% s\u00e3o homens e 40%, mulheres. Dos gastos feitos pelos participantes, dados coletados pelo Sebrae indicam que 44% foi empregado no setor de hospedagem.<\/p>\n\n\n\n<p>\u201cEm duas edi\u00e7\u00f5es, o Mobiliza cresceu, tronou-se gigante e permitiu ao Sebrae, e \u00e0 cidade, vivenciarem o universo criativo, mobilizando-se para incentivar, inspirar, conectar e gerar transforma\u00e7\u00f5es\u201d, assinala o diretor t\u00e9cnico do Sebrae no Maranh\u00e3o, Mauro Borralho, ao avaliar o significado da premia\u00e7\u00e3o.&nbsp;<\/p>\n\n\n\n<div class=\"wp-block-image\"><figure class=\"aligncenter size-large\"><a href=\"https:\/\/www.blogsoestado.com\/danielmatos\/files\/2023\/04\/Screenshot_20230409-1554302.png\"><img decoding=\"async\" src=\"https:\/\/www.blogsoestado.com\/danielmatos\/files\/2023\/04\/Screenshot_20230409-1554302.png\" alt=\"\" class=\"wp-image-108154\"\/><\/a><figcaption><em>Centro Hist\u00f3rico de S\u00e3o Lu\u00eds conectado como espa\u00e7o de comercializa\u00e7\u00e3o e de valoriza\u00e7\u00e3o dos pequenos neg\u00f3cios durante o Mobiliza SLZ\u00a0 2022<\/em><\/figcaption><\/figure><\/div>\n\n\n\n<p>\u201cTrata-se de um reconhecimento fant\u00e1stico a um trabalho que \u00e9 realizado por muitas m\u00e3os e, sem d\u00favidas, devemos compartilhar essa alegria com todos aqueles que contribuem com o projeto &#8211;&nbsp;setor p\u00fablico e iniciativa privada, equipe do Sebrae e, sobretudo, aos empreendedores criativos, que fazem esse grande movimento acontecer\u201d, afirmou o diretor.&nbsp;<\/p>\n\n\n\n<p><strong>Mobiliza 2023<\/strong><\/p>\n\n\n\n<p>A edi\u00e7\u00e3o 2023 do Mobiliza SLZ j\u00e1 tem data para acontecer na primeira quinzena de setembro. Neste momento, o Sebrae est\u00e1 captando parcerias para a edi\u00e7\u00e3o anual, mobilizando criativos, setor p\u00fablico e parceiros privados.<\/p>\n\n\n\n<div class=\"wp-block-image\"><figure class=\"aligncenter size-large\"><a href=\"https:\/\/www.blogsoestado.com\/danielmatos\/files\/2023\/04\/Screenshot_20230409-1554102.png\"><img decoding=\"async\" src=\"https:\/\/www.blogsoestado.com\/danielmatos\/files\/2023\/04\/Screenshot_20230409-1554102.png\" alt=\"\" class=\"wp-image-108155\"\/><\/a><figcaption><em>Durante o Mobiliza SLZ, a capital maranhense se transforma na Ilha da Criatividade<\/em><\/figcaption><\/figure><\/div>\n\n\n\n<p><strong>Premia\u00e7\u00f5es<\/strong><\/p>\n\n\n\n<p>Al\u00e9m da premia\u00e7\u00e3o no 3\u00ba Pr\u00eamio de Turismo Respons\u00e1vel da WTM Latin America, o Mobiliza SLZ recebeu, entre 2021 e 2022, os Pr\u00eamios do Festival Guarnic\u00ea de Cinema, da Aberje (Associa\u00e7\u00e3o Brasileira de Comunica\u00e7\u00e3o Empresarial); do Design Award e o CLAP (Premia\u00e7\u00e3o Internacional de Desenho).<\/p>\n\n\n\n<p>O Pr\u00eamio de Turismo Respons\u00e1vel da WTM Latin America tem o objetivo de promover as hist\u00f3rias mais inspiradoras do turismo sustent\u00e1vel e respons\u00e1vel, com o objetivo de divulgar as a\u00e7\u00f5es do setor e promover mudan\u00e7as positivas em toda a ind\u00fastria de viagens e turismo. Vencedor da premia\u00e7\u00e3o, o Mobiliza, agora ir\u00e1 concorrer ao t\u00edtulo Global, durante a WTM em Londres, que acontece de 6 a 8 novembro de 2023.<\/p>\n","protected":false},"excerpt":{"rendered":"<p>Iniciativa liderada pelo Sebrae-MA vence o Pr\u00eamio de Turismo Respons\u00e1vel da WTM Latin America, na categoria Melhores Conex\u00f5es Significativas. Mobiliza [&hellip;]<\/p>\n","protected":false},"author":0,"featured_media":0,"comment_status":"open","ping_status":"open","sticky":false,"template":"","format":"standard","meta":{"site-sidebar-layout":"default","site-content-layout":"","ast-site-content-layout":"default","site-content-style":"default","site-sidebar-style":"default","ast-global-header-display":"","ast-banner-title-visibility":"","ast-main-header-display":"","ast-hfb-above-header-display":"","ast-hfb-below-header-display":"","ast-hfb-mobile-header-display":"","site-post-title":"","ast-breadcrumbs-content":"","ast-featured-img":"","footer-sml-layout":"","ast-disable-related-posts":"","theme-transparent-header-meta":"","adv-header-id-meta":"","stick-header-meta":"","header-above-stick-meta":"","header-main-stick-meta":"","header-below-stick-meta":"","astra-migrate-meta-layouts":"default","ast-page-background-enabled":"default","ast-page-background-meta":{"desktop":{"background-color":"var(--ast-global-color-5)","background-image":"","background-repeat":"repeat","background-position":"center center","background-size":"auto","background-attachment":"scroll","background-type":"","background-media":"","overlay-type":"","overlay-color":"","overlay-opacity":"","overlay-gradient":""},"tablet":{"background-color":"","background-image":"","background-repeat":"repeat","background-position":"center center","background-size":"auto","background-attachment":"scroll","background-type":"","background-media":"","overlay-type":"","overlay-color":"","overlay-opacity":"","overlay-gradient":""},"mobile":{"background-color":"","background-image":"","background-repeat":"repeat","background-position":"center center","background-size":"auto","background-attachment":"scroll","background-type":"","background-media":"","overlay-type":"","overlay-color":"","overlay-opacity":"","overlay-gradient":""}},"ast-content-background-meta":{"desktop":{"background-color":"var(--ast-global-color-4)","background-image":"","background-repeat":"repeat","background-position":"center center","background-size":"auto","background-attachment":"scroll","background-type":"","background-media":"","overlay-type":"","overlay-color":"","overlay-opacity":"","overlay-gradient":""},"tablet":{"background-color":"var(--ast-global-color-4)","background-image":"","background-repeat":"repeat","background-position":"center center","background-size":"auto","background-attachment":"scroll","background-type":"","background-media":"","overlay-type":"","overlay-color":"","overlay-opacity":"","overlay-gradient":""},"mobile":{"background-color":"var(--ast-global-color-4)","background-image":"","background-repeat":"repeat","background-position":"center center","background-size":"auto","background-attachment":"scroll","background-type":"","background-media":"","overlay-type":"","overlay-color":"","overlay-opacity":"","overlay-gradient":""}},"footnotes":""},"categories":[1],"tags":[],"class_list":["post-108149","post","type-post","status-publish","format-standard","hentry","category-sem-categoria"],"yoast_head":"<!-- This site is optimized with the Yoast SEO plugin v26.6 - https:\/\/yoast.com\/wordpress\/plugins\/seo\/ -->\n<title>Mobiliza SLZ conquista pr\u00eamio internacional de turismo - Daniel Matos<\/title>\n<meta name=\"robots\" content=\"index, follow, max-snippet:-1, max-image-preview:large, max-video-preview:-1\" \/>\n<link rel=\"canonical\" href=\"https:\/\/www.blogsoestado.com\/danielmatos\/mobiliza-slz-conquista-premio-internacional-de-turismo\/\" \/>\n<meta property=\"og:locale\" content=\"pt_BR\" \/>\n<meta property=\"og:type\" content=\"article\" \/>\n<meta property=\"og:title\" content=\"Mobiliza SLZ conquista pr\u00eamio internacional de turismo - Daniel Matos\" \/>\n<meta property=\"og:description\" content=\"Iniciativa liderada pelo Sebrae-MA vence o Pr\u00eamio de Turismo Respons\u00e1vel da WTM Latin America, na categoria Melhores Conex\u00f5es Significativas. Mobiliza [&hellip;]\" \/>\n<meta property=\"og:url\" content=\"https:\/\/www.blogsoestado.com\/danielmatos\/mobiliza-slz-conquista-premio-internacional-de-turismo\/\" \/>\n<meta property=\"og:site_name\" content=\"Daniel Matos\" \/>\n<meta property=\"article:published_time\" content=\"2023-04-09T18:51:09+00:00\" \/>\n<meta property=\"og:image\" content=\"https:\/\/www.blogsoestado.com\/danielmatos\/files\/2023\/04\/Screenshot_20230409-1555172.png\" \/>\n<meta name=\"twitter:card\" content=\"summary_large_image\" \/>\n<meta name=\"twitter:label1\" content=\"Est. tempo de leitura\" \/>\n\t<meta name=\"twitter:data1\" content=\"5 minutos\" \/>\n<script type=\"application\/ld+json\" class=\"yoast-schema-graph\">{\"@context\":\"https:\/\/schema.org\",\"@graph\":[{\"@type\":\"WebPage\",\"@id\":\"https:\/\/www.blogsoestado.com\/danielmatos\/mobiliza-slz-conquista-premio-internacional-de-turismo\/\",\"url\":\"https:\/\/www.blogsoestado.com\/danielmatos\/mobiliza-slz-conquista-premio-internacional-de-turismo\/\",\"name\":\"Mobiliza SLZ conquista pr\u00eamio internacional de turismo - Daniel Matos\",\"isPartOf\":{\"@id\":\"https:\/\/www.blogsoestado.com\/danielmatos\/#website\"},\"primaryImageOfPage\":{\"@id\":\"https:\/\/www.blogsoestado.com\/danielmatos\/mobiliza-slz-conquista-premio-internacional-de-turismo\/#primaryimage\"},\"image\":{\"@id\":\"https:\/\/www.blogsoestado.com\/danielmatos\/mobiliza-slz-conquista-premio-internacional-de-turismo\/#primaryimage\"},\"thumbnailUrl\":\"https:\/\/www.blogsoestado.com\/danielmatos\/files\/2023\/04\/Screenshot_20230409-1555172.png\",\"datePublished\":\"2023-04-09T18:51:09+00:00\",\"author\":{\"@id\":\"\"},\"breadcrumb\":{\"@id\":\"https:\/\/www.blogsoestado.com\/danielmatos\/mobiliza-slz-conquista-premio-internacional-de-turismo\/#breadcrumb\"},\"inLanguage\":\"pt-BR\",\"potentialAction\":[{\"@type\":\"ReadAction\",\"target\":[\"https:\/\/www.blogsoestado.com\/danielmatos\/mobiliza-slz-conquista-premio-internacional-de-turismo\/\"]}]},{\"@type\":\"ImageObject\",\"inLanguage\":\"pt-BR\",\"@id\":\"https:\/\/www.blogsoestado.com\/danielmatos\/mobiliza-slz-conquista-premio-internacional-de-turismo\/#primaryimage\",\"url\":\"https:\/\/www.blogsoestado.com\/danielmatos\/files\/2023\/04\/Screenshot_20230409-1555172.png\",\"contentUrl\":\"https:\/\/www.blogsoestado.com\/danielmatos\/files\/2023\/04\/Screenshot_20230409-1555172.png\"},{\"@type\":\"BreadcrumbList\",\"@id\":\"https:\/\/www.blogsoestado.com\/danielmatos\/mobiliza-slz-conquista-premio-internacional-de-turismo\/#breadcrumb\",\"itemListElement\":[{\"@type\":\"ListItem\",\"position\":1,\"name\":\"In\u00edcio\",\"item\":\"https:\/\/www.blogsoestado.com\/danielmatos\/\"},{\"@type\":\"ListItem\",\"position\":2,\"name\":\"Mobiliza SLZ conquista pr\u00eamio internacional de turismo\"}]},{\"@type\":\"WebSite\",\"@id\":\"https:\/\/www.blogsoestado.com\/danielmatos\/#website\",\"url\":\"https:\/\/www.blogsoestado.com\/danielmatos\/\",\"name\":\"Daniel Matos\",\"description\":\"\",\"potentialAction\":[{\"@type\":\"SearchAction\",\"target\":{\"@type\":\"EntryPoint\",\"urlTemplate\":\"https:\/\/www.blogsoestado.com\/danielmatos\/?s={search_term_string}\"},\"query-input\":{\"@type\":\"PropertyValueSpecification\",\"valueRequired\":true,\"valueName\":\"search_term_string\"}}],\"inLanguage\":\"pt-BR\"}]}<\/script>\n<!-- \/ Yoast SEO plugin. -->","yoast_head_json":{"title":"Mobiliza SLZ conquista pr\u00eamio internacional de turismo - Daniel Matos","robots":{"index":"index","follow":"follow","max-snippet":"max-snippet:-1","max-image-preview":"max-image-preview:large","max-video-preview":"max-video-preview:-1"},"canonical":"https:\/\/www.blogsoestado.com\/danielmatos\/mobiliza-slz-conquista-premio-internacional-de-turismo\/","og_locale":"pt_BR","og_type":"article","og_title":"Mobiliza SLZ conquista pr\u00eamio internacional de turismo - Daniel Matos","og_description":"Iniciativa liderada pelo Sebrae-MA vence o Pr\u00eamio de Turismo Respons\u00e1vel da WTM Latin America, na categoria Melhores Conex\u00f5es Significativas. Mobiliza [&hellip;]","og_url":"https:\/\/www.blogsoestado.com\/danielmatos\/mobiliza-slz-conquista-premio-internacional-de-turismo\/","og_site_name":"Daniel Matos","article_published_time":"2023-04-09T18:51:09+00:00","og_image":[{"url":"https:\/\/www.blogsoestado.com\/danielmatos\/files\/2023\/04\/Screenshot_20230409-1555172.png","type":"","width":"","height":""}],"twitter_card":"summary_large_image","twitter_misc":{"Est. tempo de leitura":"5 minutos"},"schema":{"@context":"https:\/\/schema.org","@graph":[{"@type":"WebPage","@id":"https:\/\/www.blogsoestado.com\/danielmatos\/mobiliza-slz-conquista-premio-internacional-de-turismo\/","url":"https:\/\/www.blogsoestado.com\/danielmatos\/mobiliza-slz-conquista-premio-internacional-de-turismo\/","name":"Mobiliza SLZ conquista pr\u00eamio internacional de turismo - Daniel Matos","isPartOf":{"@id":"https:\/\/www.blogsoestado.com\/danielmatos\/#website"},"primaryImageOfPage":{"@id":"https:\/\/www.blogsoestado.com\/danielmatos\/mobiliza-slz-conquista-premio-internacional-de-turismo\/#primaryimage"},"image":{"@id":"https:\/\/www.blogsoestado.com\/danielmatos\/mobiliza-slz-conquista-premio-internacional-de-turismo\/#primaryimage"},"thumbnailUrl":"https:\/\/www.blogsoestado.com\/danielmatos\/files\/2023\/04\/Screenshot_20230409-1555172.png","datePublished":"2023-04-09T18:51:09+00:00","author":{"@id":""},"breadcrumb":{"@id":"https:\/\/www.blogsoestado.com\/danielmatos\/mobiliza-slz-conquista-premio-internacional-de-turismo\/#breadcrumb"},"inLanguage":"pt-BR","potentialAction":[{"@type":"ReadAction","target":["https:\/\/www.blogsoestado.com\/danielmatos\/mobiliza-slz-conquista-premio-internacional-de-turismo\/"]}]},{"@type":"ImageObject","inLanguage":"pt-BR","@id":"https:\/\/www.blogsoestado.com\/danielmatos\/mobiliza-slz-conquista-premio-internacional-de-turismo\/#primaryimage","url":"https:\/\/www.blogsoestado.com\/danielmatos\/files\/2023\/04\/Screenshot_20230409-1555172.png","contentUrl":"https:\/\/www.blogsoestado.com\/danielmatos\/files\/2023\/04\/Screenshot_20230409-1555172.png"},{"@type":"BreadcrumbList","@id":"https:\/\/www.blogsoestado.com\/danielmatos\/mobiliza-slz-conquista-premio-internacional-de-turismo\/#breadcrumb","itemListElement":[{"@type":"ListItem","position":1,"name":"In\u00edcio","item":"https:\/\/www.blogsoestado.com\/danielmatos\/"},{"@type":"ListItem","position":2,"name":"Mobiliza SLZ conquista pr\u00eamio internacional de turismo"}]},{"@type":"WebSite","@id":"https:\/\/www.blogsoestado.com\/danielmatos\/#website","url":"https:\/\/www.blogsoestado.com\/danielmatos\/","name":"Daniel Matos","description":"","potentialAction":[{"@type":"SearchAction","target":{"@type":"EntryPoint","urlTemplate":"https:\/\/www.blogsoestado.com\/danielmatos\/?s={search_term_string}"},"query-input":{"@type":"PropertyValueSpecification","valueRequired":true,"valueName":"search_term_string"}}],"inLanguage":"pt-BR"}]}},"jetpack_featured_media_url":"","_links":{"self":[{"href":"https:\/\/www.blogsoestado.com\/danielmatos\/wp-json\/wp\/v2\/posts\/108149","targetHints":{"allow":["GET"]}}],"collection":[{"href":"https:\/\/www.blogsoestado.com\/danielmatos\/wp-json\/wp\/v2\/posts"}],"about":[{"href":"https:\/\/www.blogsoestado.com\/danielmatos\/wp-json\/wp\/v2\/types\/post"}],"replies":[{"embeddable":true,"href":"https:\/\/www.blogsoestado.com\/danielmatos\/wp-json\/wp\/v2\/comments?post=108149"}],"version-history":[{"count":0,"href":"https:\/\/www.blogsoestado.com\/danielmatos\/wp-json\/wp\/v2\/posts\/108149\/revisions"}],"wp:attachment":[{"href":"https:\/\/www.blogsoestado.com\/danielmatos\/wp-json\/wp\/v2\/media?parent=108149"}],"wp:term":[{"taxonomy":"category","embeddable":true,"href":"https:\/\/www.blogsoestado.com\/danielmatos\/wp-json\/wp\/v2\/categories?post=108149"},{"taxonomy":"post_tag","embeddable":true,"href":"https:\/\/www.blogsoestado.com\/danielmatos\/wp-json\/wp\/v2\/tags?post=108149"}],"curies":[{"name":"wp","href":"https:\/\/api.w.org\/{rel}","templated":true}]}}