{"id":108157,"date":"2023-04-09T17:05:36","date_gmt":"2023-04-09T20:05:36","guid":{"rendered":"https:\/\/www.blogsoestado.com\/danielmatos\/?p=108157"},"modified":"2023-04-09T17:05:36","modified_gmt":"2023-04-09T20:05:36","slug":"lula-sobrevoa-areas-inundadas-por-chuvas-no-maranhao-volta-a-criticar-bolsonaro-mas-comunicacao-do-planalto-omite-ataque","status":"publish","type":"post","link":"https:\/\/www.blogsoestado.com\/danielmatos\/lula-sobrevoa-areas-inundadas-por-chuvas-no-maranhao-volta-a-criticar-bolsonaro-mas-comunicacao-do-planalto-omite-ataque\/","title":{"rendered":"Lula sobrevoa \u00e1reas inundadas por chuvas no Maranh\u00e3o, volta a criticar Bolsonaro, mas comunica\u00e7\u00e3o do Planalto omite ataque"},"content":{"rendered":"\n<p><strong><span class=\"has-inline-color has-vivid-red-color\">Presidente da Rep\u00fablica e comitiva com ministros vistoriou regi\u00f5es atingidas por enchentes no estado e refor\u00e7ou parceria com estado e munic\u00edpios para recuperar \u00e1reas afetadas <\/span><\/strong><\/p>\n\n\n\n<div class=\"wp-block-image\"><figure class=\"aligncenter size-large\"><a href=\"https:\/\/www.blogsoestado.com\/danielmatos\/files\/2023\/04\/Screenshot_20230409-1655192.png\"><img decoding=\"async\" src=\"https:\/\/www.blogsoestado.com\/danielmatos\/files\/2023\/04\/Screenshot_20230409-1655192.png\" alt=\"\" class=\"wp-image-108158\"\/><\/a><figcaption>Lula observa \u00e1reas inundadas por enchentes em Trizidela do Vale,.um dos munic\u00edpios do Maranh\u00e3o mais afetados por chuvas intensas<\/figcaption><\/figure><\/div>\n\n\n\n<p>O presidente da Rep\u00fablica, Luiz In\u00e1cio Lula da Silva, esteve neste domingo (9) nas regi\u00f5es de Trizidela do Vale e Pedreiras, no Maranh\u00e3o, atingidas por fortes chuvas e enchentes nas \u00faltimas semanas. Em entrevista \u00e0 imprensa, o petista criticou o antecessor, Jair Bolsonaro, a quem acusou de n\u00e3o ajudar o Maranh\u00e3o, mas mas a comunica\u00e7\u00e3o oficial do Pal\u00e1cio do Planalto omitiu esse trecho da fala do presidente na mat\u00e9ria encaminhada \u00e0 imprensa para publica\u00e7\u00e3o e nos sites do Governo Federal.<\/p>\n\n\n\n<p>A exclus\u00e3o da cr\u00edtica a Bolsonaro certamente faz parte da estrat\u00e9gia da equipe de comunica\u00e7\u00e3o do Pal\u00e1cio do Planalto, que j\u00e1 havia orientado Lula a deixar de citar o desafeto em seus pronunciamentos p\u00fablicos. Como o presidente n\u00e3o atendeu \u00e0 recomenda\u00e7\u00e3o, os especialistas em imagem mais pr\u00f3ximos \u00e0 Presid\u00eancia da Rep\u00fablica agiram por conta pr\u00f3pria. Acontece que a medida se mostrou in\u00fatil, j\u00e1 que grande parte da imprensa brasileira deu \u00eanfase justamente ao ataque do atual chefe da na\u00e7\u00e3o ao rival. <\/p>\n\n\n\n<p>O presidente pousou por volta das 9h em Bacabal, fez um sobrevoo ao lado do governador do Maranh\u00e3o, Carlos Brand\u00e3o, nas \u00e1reas mais prejudicadas em Trizidela do Vale e Pedreiras, e na sequ\u00eancia retornou a Bacabal. L\u00e1, visitou um abrigo na Par\u00f3quia Santa Terezinha.<\/p>\n\n\n\n<p>Lula ouviu de moradores, prefeitos da regi\u00e3o e autoridades locais as principais demandas de aux\u00edlio humanit\u00e1rio. \u201cEu sei o que esse povo passa: deixar sua casa, deixar seus m\u00f3veis, \u00e0s vezes n\u00e3o tem tempo de tirar nada, perde tudo o que tem. Perde geladeira, perde fog\u00e3o, perde cama, perde colch\u00e3o\u201d, ressaltou o presidente. \u201cVim aqui para fazer aquela visita de conforto \u00e0s pessoas. \u00c9 importante voc\u00eas saberem que j\u00e1 morei em bairros que enchiam d&#8217;\u00e1gua e n\u00e3o era pouca n\u00e3o\u201d, completou.<\/p>\n\n\n\n<div class=\"wp-block-image\"><figure class=\"aligncenter size-large\"><a href=\"https:\/\/www.blogsoestado.com\/danielmatos\/files\/2023\/04\/Screenshot_20230409-1656222.png\"><img decoding=\"async\" src=\"https:\/\/www.blogsoestado.com\/danielmatos\/files\/2023\/04\/Screenshot_20230409-1656222.png\" alt=\"\" class=\"wp-image-108159\"\/><\/a><figcaption>Ao lado do governador do Maranh\u00e3o, Carlos Brand\u00e3o, o presidente ouve apelo de fam\u00edlia desabrigada e obt\u00e9m rea\u00e7\u00e3o positiva de garoto <\/figcaption><\/figure><\/div>\n\n\n\n<p>Segundo levantamento do Minist\u00e9rio da Integra\u00e7\u00e3o e Desenvolvimento Regional, mais de R$ 8,5 milh\u00f5es foram enviados pelo Governo Federal ao estado e a munic\u00edpios do Maranh\u00e3o neste ano para aux\u00edlio direto a v\u00edtimas de enchentes e alagamentos.&nbsp;<\/p>\n\n\n\n<p>\u201cNum primeiro instante trabalhamos nos planos de ajuda humanit\u00e1ria. S\u00e3o colch\u00f5es, \u00e1gua, alimenta\u00e7\u00e3o, cestas b\u00e1sicas, material de higiene pessoal\u201d, listou o ministro Waldez G\u00f3es. Paralelamente, h\u00e1 o trabalho de reconstru\u00e7\u00e3o e recupera\u00e7\u00e3o de estruturas danificadas. No pa\u00eds como um todo, foram aplicados mais de R$ 305 milh\u00f5es via Defesa Civil at\u00e9 o fim de mar\u00e7o para atender emergencialmente a 4,8 milh\u00f5es de pessoas de todas as regi\u00f5es.<\/p>\n\n\n\n<p>Para o presidente Lula, um dos diferenciais da atual gest\u00e3o \u00e9 ter retomado o pacto federativo e a disposi\u00e7\u00e3o de atuar em parceria com estados e munic\u00edpios. \u201cQueremos mostrar que n\u00e3o \u00e9 poss\u00edvel esse pa\u00eds dar certo se n\u00e3o tiver uma combina\u00e7\u00e3o entre prefeitos, governadores e o presidente da Rep\u00fablica\u201d, comentou Lula.<\/p>\n\n\n\n<p>\u201cQuero dizer ao povo do Maranh\u00e3o que o Governo Federal n\u00e3o faltar\u00e1 em nenhuma hip\u00f3tese \u00e0s necessidades de cuidar do povo desse estado, sobretudo das pessoas que est\u00e3o ficando em situa\u00e7\u00e3o muito desconfort\u00e1vel como as que est\u00e3o com as casas alagadas\u201d, disse o presidente.<\/p>\n\n\n\n<p><strong>N\u00fameros da trag\u00e9dia <\/strong><\/p>\n\n\n\n<p>Desde o in\u00edcio do ano, 64 munic\u00edpios do estado decretaram situa\u00e7\u00e3o de emerg\u00eancia, 53 delas j\u00e1 reconhecidas pelo Governo Federal. De acordo com estimativas do governo do Maranh\u00e3o, h\u00e1 um total de 7,5 mil fam\u00edlias desabrigadas e 35 mil fam\u00edlias desalojadas levando em conta os 64 munic\u00edpios afligidos.<\/p>\n\n\n\n<div class=\"wp-block-image\"><figure class=\"aligncenter size-large\"><a href=\"https:\/\/www.blogsoestado.com\/danielmatos\/files\/2023\/04\/Screenshot_20230409-1655512.png\"><img decoding=\"async\" src=\"https:\/\/www.blogsoestado.com\/danielmatos\/files\/2023\/04\/Screenshot_20230409-1655512.png\" alt=\"\" class=\"wp-image-108161\"\/><\/a><figcaption>Lula \u00e9 cercado por pessoas que perderam suas casas e outros pertences durante temporais<\/figcaption><\/figure><\/div>\n\n\n\n<p>Segundo o governador do Maranh\u00e3o, Carlos Brand\u00e3o, o estado tem encontrado a parceria necess\u00e1ria com o Governo Federal para atuar diante da emerg\u00eancia humanit\u00e1ria. \u201cAs nossas palavras s\u00e3o de gratid\u00e3o. N\u00e3o tem faltado apoio no que diz respeito a alimenta\u00e7\u00e3o, colch\u00f5es, \u00e1gua, cestas b\u00e1sicas. Fico feliz tamb\u00e9m por sua sensibilidade, presidente, de deixar sua casa num domingo de P\u00e1scoa para olhar no olho e trazer solidariedade a essas pessoas\u201d, disse.<\/p>\n\n\n\n<p>&#8220;Hoje \u00e9 dia de P\u00e1scoa, de confraterniza\u00e7\u00e3o com as fam\u00edlias, mas vim ao Maranh\u00e3o porque vou \u00e0 China na ter\u00e7a e n\u00e3o poderia viajar para outro pa\u00eds sem antes vir a um dos estados do pa\u00eds que mais est\u00e1 sofrendo com as enchentes&#8221;, concluiu o presidente Lula.&nbsp;A comitiva do Governo Federal neste domingo foi composta tamb\u00e9m pelos ministros Alexandre Padilha (Rela\u00e7\u00f5es Institucionais), Fl\u00e1vio Dino (Justi\u00e7a e Seguran\u00e7a P\u00fablica), Paulo Pimenta (Secretaria de Comunica\u00e7\u00e3o Social da Presid\u00eancia), Jader Filho (Cidades) e Luiz Marinho (Previd\u00eancia e Trabalho).<\/p>\n\n\n\n<p><strong>SA\u00daDE &#8211;<\/strong>&nbsp;Al\u00e9m das a\u00e7\u00f5es de Defesa Civil, o suporte a desastres naturais no Maranh\u00e3o conta com iniciativas do Minist\u00e9rio da Sa\u00fade, por meio da Vigil\u00e2ncia em Desastres Nacional. J\u00e1 foram entregues ao estado tr\u00eas kits para primeiros socorros. Cada kit atende 500 pessoas por um per\u00edodo de tr\u00eas meses ou 1.500 pessoas por m\u00eas. Na composi\u00e7\u00e3o dos kits, 32 medicamentos, entre eles antibi\u00f3ticos (importantes para conter surtos de leptospirose) e 16 insumos.&nbsp;A pasta enviou tamb\u00e9m t\u00e9cnicos para apoio na instala\u00e7\u00e3o da Sala de Situa\u00e7\u00e3o de Sa\u00fade, ajudou a formular um Plano de A\u00e7\u00e3o para os primeiros 15 dias, elaborou um instrumento padronizado de coleta de dados da sa\u00fade e um organograma com defini\u00e7\u00e3o de atividade de cada t\u00e9cnico.<\/p>\n","protected":false},"excerpt":{"rendered":"<p>Presidente da Rep\u00fablica e comitiva com ministros vistoriou regi\u00f5es atingidas por enchentes no estado e refor\u00e7ou parceria com estado e [&hellip;]<\/p>\n","protected":false},"author":0,"featured_media":0,"comment_status":"open","ping_status":"open","sticky":false,"template":"","format":"standard","meta":{"site-sidebar-layout":"default","site-content-layout":"","ast-site-content-layout":"default","site-content-style":"default","site-sidebar-style":"default","ast-global-header-display":"","ast-banner-title-visibility":"","ast-main-header-display":"","ast-hfb-above-header-display":"","ast-hfb-below-header-display":"","ast-hfb-mobile-header-display":"","site-post-title":"","ast-breadcrumbs-content":"","ast-featured-img":"","footer-sml-layout":"","ast-disable-related-posts":"","theme-transparent-header-meta":"","adv-header-id-meta":"","stick-header-meta":"","header-above-stick-meta":"","header-main-stick-meta":"","header-below-stick-meta":"","astra-migrate-meta-layouts":"default","ast-page-background-enabled":"default","ast-page-background-meta":{"desktop":{"background-color":"var(--ast-global-color-5)","background-image":"","background-repeat":"repeat","background-position":"center center","background-size":"auto","background-attachment":"scroll","background-type":"","background-media":"","overlay-type":"","overlay-color":"","overlay-opacity":"","overlay-gradient":""},"tablet":{"background-color":"","background-image":"","background-repeat":"repeat","background-position":"center center","background-size":"auto","background-attachment":"scroll","background-type":"","background-media":"","overlay-type":"","overlay-color":"","overlay-opacity":"","overlay-gradient":""},"mobile":{"background-color":"","background-image":"","background-repeat":"repeat","background-position":"center center","background-size":"auto","background-attachment":"scroll","background-type":"","background-media":"","overlay-type":"","overlay-color":"","overlay-opacity":"","overlay-gradient":""}},"ast-content-background-meta":{"desktop":{"background-color":"var(--ast-global-color-4)","background-image":"","background-repeat":"repeat","background-position":"center center","background-size":"auto","background-attachment":"scroll","background-type":"","background-media":"","overlay-type":"","overlay-color":"","overlay-opacity":"","overlay-gradient":""},"tablet":{"background-color":"var(--ast-global-color-4)","background-image":"","background-repeat":"repeat","background-position":"center center","background-size":"auto","background-attachment":"scroll","background-type":"","background-media":"","overlay-type":"","overlay-color":"","overlay-opacity":"","overlay-gradient":""},"mobile":{"background-color":"var(--ast-global-color-4)","background-image":"","background-repeat":"repeat","background-position":"center center","background-size":"auto","background-attachment":"scroll","background-type":"","background-media":"","overlay-type":"","overlay-color":"","overlay-opacity":"","overlay-gradient":""}},"footnotes":""},"categories":[1],"tags":[],"class_list":["post-108157","post","type-post","status-publish","format-standard","hentry","category-sem-categoria"],"yoast_head":"<!-- This site is optimized with the Yoast SEO plugin v26.6 - https:\/\/yoast.com\/wordpress\/plugins\/seo\/ -->\n<title>Lula sobrevoa \u00e1reas inundadas por chuvas no Maranh\u00e3o, volta a criticar Bolsonaro, mas comunica\u00e7\u00e3o do Planalto omite ataque - Daniel Matos<\/title>\n<meta name=\"robots\" content=\"index, follow, max-snippet:-1, max-image-preview:large, max-video-preview:-1\" \/>\n<link rel=\"canonical\" href=\"https:\/\/www.blogsoestado.com\/danielmatos\/lula-sobrevoa-areas-inundadas-por-chuvas-no-maranhao-volta-a-criticar-bolsonaro-mas-comunicacao-do-planalto-omite-ataque\/\" \/>\n<meta property=\"og:locale\" content=\"pt_BR\" \/>\n<meta property=\"og:type\" content=\"article\" \/>\n<meta property=\"og:title\" content=\"Lula sobrevoa \u00e1reas inundadas por chuvas no Maranh\u00e3o, volta a criticar Bolsonaro, mas comunica\u00e7\u00e3o do Planalto omite ataque - Daniel Matos\" \/>\n<meta property=\"og:description\" content=\"Presidente da Rep\u00fablica e comitiva com ministros vistoriou regi\u00f5es atingidas por enchentes no estado e refor\u00e7ou parceria com estado e [&hellip;]\" \/>\n<meta property=\"og:url\" content=\"https:\/\/www.blogsoestado.com\/danielmatos\/lula-sobrevoa-areas-inundadas-por-chuvas-no-maranhao-volta-a-criticar-bolsonaro-mas-comunicacao-do-planalto-omite-ataque\/\" \/>\n<meta property=\"og:site_name\" content=\"Daniel Matos\" \/>\n<meta property=\"article:published_time\" content=\"2023-04-09T20:05:36+00:00\" \/>\n<meta property=\"og:image\" content=\"https:\/\/www.blogsoestado.com\/danielmatos\/files\/2023\/04\/Screenshot_20230409-1655192.png\" \/>\n<meta name=\"twitter:card\" content=\"summary_large_image\" \/>\n<meta name=\"twitter:label1\" content=\"Est. tempo de leitura\" \/>\n\t<meta name=\"twitter:data1\" content=\"5 minutos\" \/>\n<script type=\"application\/ld+json\" class=\"yoast-schema-graph\">{\"@context\":\"https:\/\/schema.org\",\"@graph\":[{\"@type\":\"WebPage\",\"@id\":\"https:\/\/www.blogsoestado.com\/danielmatos\/lula-sobrevoa-areas-inundadas-por-chuvas-no-maranhao-volta-a-criticar-bolsonaro-mas-comunicacao-do-planalto-omite-ataque\/\",\"url\":\"https:\/\/www.blogsoestado.com\/danielmatos\/lula-sobrevoa-areas-inundadas-por-chuvas-no-maranhao-volta-a-criticar-bolsonaro-mas-comunicacao-do-planalto-omite-ataque\/\",\"name\":\"Lula sobrevoa \u00e1reas inundadas por chuvas no Maranh\u00e3o, volta a criticar Bolsonaro, mas comunica\u00e7\u00e3o do Planalto omite ataque - Daniel Matos\",\"isPartOf\":{\"@id\":\"https:\/\/www.blogsoestado.com\/danielmatos\/#website\"},\"primaryImageOfPage\":{\"@id\":\"https:\/\/www.blogsoestado.com\/danielmatos\/lula-sobrevoa-areas-inundadas-por-chuvas-no-maranhao-volta-a-criticar-bolsonaro-mas-comunicacao-do-planalto-omite-ataque\/#primaryimage\"},\"image\":{\"@id\":\"https:\/\/www.blogsoestado.com\/danielmatos\/lula-sobrevoa-areas-inundadas-por-chuvas-no-maranhao-volta-a-criticar-bolsonaro-mas-comunicacao-do-planalto-omite-ataque\/#primaryimage\"},\"thumbnailUrl\":\"https:\/\/www.blogsoestado.com\/danielmatos\/files\/2023\/04\/Screenshot_20230409-1655192.png\",\"datePublished\":\"2023-04-09T20:05:36+00:00\",\"author\":{\"@id\":\"\"},\"breadcrumb\":{\"@id\":\"https:\/\/www.blogsoestado.com\/danielmatos\/lula-sobrevoa-areas-inundadas-por-chuvas-no-maranhao-volta-a-criticar-bolsonaro-mas-comunicacao-do-planalto-omite-ataque\/#breadcrumb\"},\"inLanguage\":\"pt-BR\",\"potentialAction\":[{\"@type\":\"ReadAction\",\"target\":[\"https:\/\/www.blogsoestado.com\/danielmatos\/lula-sobrevoa-areas-inundadas-por-chuvas-no-maranhao-volta-a-criticar-bolsonaro-mas-comunicacao-do-planalto-omite-ataque\/\"]}]},{\"@type\":\"ImageObject\",\"inLanguage\":\"pt-BR\",\"@id\":\"https:\/\/www.blogsoestado.com\/danielmatos\/lula-sobrevoa-areas-inundadas-por-chuvas-no-maranhao-volta-a-criticar-bolsonaro-mas-comunicacao-do-planalto-omite-ataque\/#primaryimage\",\"url\":\"https:\/\/www.blogsoestado.com\/danielmatos\/files\/2023\/04\/Screenshot_20230409-1655192.png\",\"contentUrl\":\"https:\/\/www.blogsoestado.com\/danielmatos\/files\/2023\/04\/Screenshot_20230409-1655192.png\"},{\"@type\":\"BreadcrumbList\",\"@id\":\"https:\/\/www.blogsoestado.com\/danielmatos\/lula-sobrevoa-areas-inundadas-por-chuvas-no-maranhao-volta-a-criticar-bolsonaro-mas-comunicacao-do-planalto-omite-ataque\/#breadcrumb\",\"itemListElement\":[{\"@type\":\"ListItem\",\"position\":1,\"name\":\"In\u00edcio\",\"item\":\"https:\/\/www.blogsoestado.com\/danielmatos\/\"},{\"@type\":\"ListItem\",\"position\":2,\"name\":\"Lula sobrevoa \u00e1reas inundadas por chuvas no Maranh\u00e3o, volta a criticar Bolsonaro, mas comunica\u00e7\u00e3o do Planalto omite ataque\"}]},{\"@type\":\"WebSite\",\"@id\":\"https:\/\/www.blogsoestado.com\/danielmatos\/#website\",\"url\":\"https:\/\/www.blogsoestado.com\/danielmatos\/\",\"name\":\"Daniel Matos\",\"description\":\"\",\"potentialAction\":[{\"@type\":\"SearchAction\",\"target\":{\"@type\":\"EntryPoint\",\"urlTemplate\":\"https:\/\/www.blogsoestado.com\/danielmatos\/?s={search_term_string}\"},\"query-input\":{\"@type\":\"PropertyValueSpecification\",\"valueRequired\":true,\"valueName\":\"search_term_string\"}}],\"inLanguage\":\"pt-BR\"}]}<\/script>\n<!-- \/ Yoast SEO plugin. -->","yoast_head_json":{"title":"Lula sobrevoa \u00e1reas inundadas por chuvas no Maranh\u00e3o, volta a criticar Bolsonaro, mas comunica\u00e7\u00e3o do Planalto omite ataque - Daniel Matos","robots":{"index":"index","follow":"follow","max-snippet":"max-snippet:-1","max-image-preview":"max-image-preview:large","max-video-preview":"max-video-preview:-1"},"canonical":"https:\/\/www.blogsoestado.com\/danielmatos\/lula-sobrevoa-areas-inundadas-por-chuvas-no-maranhao-volta-a-criticar-bolsonaro-mas-comunicacao-do-planalto-omite-ataque\/","og_locale":"pt_BR","og_type":"article","og_title":"Lula sobrevoa \u00e1reas inundadas por chuvas no Maranh\u00e3o, volta a criticar Bolsonaro, mas comunica\u00e7\u00e3o do Planalto omite ataque - Daniel Matos","og_description":"Presidente da Rep\u00fablica e comitiva com ministros vistoriou regi\u00f5es atingidas por enchentes no estado e refor\u00e7ou parceria com estado e [&hellip;]","og_url":"https:\/\/www.blogsoestado.com\/danielmatos\/lula-sobrevoa-areas-inundadas-por-chuvas-no-maranhao-volta-a-criticar-bolsonaro-mas-comunicacao-do-planalto-omite-ataque\/","og_site_name":"Daniel Matos","article_published_time":"2023-04-09T20:05:36+00:00","og_image":[{"url":"https:\/\/www.blogsoestado.com\/danielmatos\/files\/2023\/04\/Screenshot_20230409-1655192.png","type":"","width":"","height":""}],"twitter_card":"summary_large_image","twitter_misc":{"Est. tempo de leitura":"5 minutos"},"schema":{"@context":"https:\/\/schema.org","@graph":[{"@type":"WebPage","@id":"https:\/\/www.blogsoestado.com\/danielmatos\/lula-sobrevoa-areas-inundadas-por-chuvas-no-maranhao-volta-a-criticar-bolsonaro-mas-comunicacao-do-planalto-omite-ataque\/","url":"https:\/\/www.blogsoestado.com\/danielmatos\/lula-sobrevoa-areas-inundadas-por-chuvas-no-maranhao-volta-a-criticar-bolsonaro-mas-comunicacao-do-planalto-omite-ataque\/","name":"Lula sobrevoa \u00e1reas inundadas por chuvas no Maranh\u00e3o, volta a criticar Bolsonaro, mas comunica\u00e7\u00e3o do Planalto omite ataque - Daniel Matos","isPartOf":{"@id":"https:\/\/www.blogsoestado.com\/danielmatos\/#website"},"primaryImageOfPage":{"@id":"https:\/\/www.blogsoestado.com\/danielmatos\/lula-sobrevoa-areas-inundadas-por-chuvas-no-maranhao-volta-a-criticar-bolsonaro-mas-comunicacao-do-planalto-omite-ataque\/#primaryimage"},"image":{"@id":"https:\/\/www.blogsoestado.com\/danielmatos\/lula-sobrevoa-areas-inundadas-por-chuvas-no-maranhao-volta-a-criticar-bolsonaro-mas-comunicacao-do-planalto-omite-ataque\/#primaryimage"},"thumbnailUrl":"https:\/\/www.blogsoestado.com\/danielmatos\/files\/2023\/04\/Screenshot_20230409-1655192.png","datePublished":"2023-04-09T20:05:36+00:00","author":{"@id":""},"breadcrumb":{"@id":"https:\/\/www.blogsoestado.com\/danielmatos\/lula-sobrevoa-areas-inundadas-por-chuvas-no-maranhao-volta-a-criticar-bolsonaro-mas-comunicacao-do-planalto-omite-ataque\/#breadcrumb"},"inLanguage":"pt-BR","potentialAction":[{"@type":"ReadAction","target":["https:\/\/www.blogsoestado.com\/danielmatos\/lula-sobrevoa-areas-inundadas-por-chuvas-no-maranhao-volta-a-criticar-bolsonaro-mas-comunicacao-do-planalto-omite-ataque\/"]}]},{"@type":"ImageObject","inLanguage":"pt-BR","@id":"https:\/\/www.blogsoestado.com\/danielmatos\/lula-sobrevoa-areas-inundadas-por-chuvas-no-maranhao-volta-a-criticar-bolsonaro-mas-comunicacao-do-planalto-omite-ataque\/#primaryimage","url":"https:\/\/www.blogsoestado.com\/danielmatos\/files\/2023\/04\/Screenshot_20230409-1655192.png","contentUrl":"https:\/\/www.blogsoestado.com\/danielmatos\/files\/2023\/04\/Screenshot_20230409-1655192.png"},{"@type":"BreadcrumbList","@id":"https:\/\/www.blogsoestado.com\/danielmatos\/lula-sobrevoa-areas-inundadas-por-chuvas-no-maranhao-volta-a-criticar-bolsonaro-mas-comunicacao-do-planalto-omite-ataque\/#breadcrumb","itemListElement":[{"@type":"ListItem","position":1,"name":"In\u00edcio","item":"https:\/\/www.blogsoestado.com\/danielmatos\/"},{"@type":"ListItem","position":2,"name":"Lula sobrevoa \u00e1reas inundadas por chuvas no Maranh\u00e3o, volta a criticar Bolsonaro, mas comunica\u00e7\u00e3o do Planalto omite ataque"}]},{"@type":"WebSite","@id":"https:\/\/www.blogsoestado.com\/danielmatos\/#website","url":"https:\/\/www.blogsoestado.com\/danielmatos\/","name":"Daniel Matos","description":"","potentialAction":[{"@type":"SearchAction","target":{"@type":"EntryPoint","urlTemplate":"https:\/\/www.blogsoestado.com\/danielmatos\/?s={search_term_string}"},"query-input":{"@type":"PropertyValueSpecification","valueRequired":true,"valueName":"search_term_string"}}],"inLanguage":"pt-BR"}]}},"jetpack_featured_media_url":"","_links":{"self":[{"href":"https:\/\/www.blogsoestado.com\/danielmatos\/wp-json\/wp\/v2\/posts\/108157","targetHints":{"allow":["GET"]}}],"collection":[{"href":"https:\/\/www.blogsoestado.com\/danielmatos\/wp-json\/wp\/v2\/posts"}],"about":[{"href":"https:\/\/www.blogsoestado.com\/danielmatos\/wp-json\/wp\/v2\/types\/post"}],"replies":[{"embeddable":true,"href":"https:\/\/www.blogsoestado.com\/danielmatos\/wp-json\/wp\/v2\/comments?post=108157"}],"version-history":[{"count":0,"href":"https:\/\/www.blogsoestado.com\/danielmatos\/wp-json\/wp\/v2\/posts\/108157\/revisions"}],"wp:attachment":[{"href":"https:\/\/www.blogsoestado.com\/danielmatos\/wp-json\/wp\/v2\/media?parent=108157"}],"wp:term":[{"taxonomy":"category","embeddable":true,"href":"https:\/\/www.blogsoestado.com\/danielmatos\/wp-json\/wp\/v2\/categories?post=108157"},{"taxonomy":"post_tag","embeddable":true,"href":"https:\/\/www.blogsoestado.com\/danielmatos\/wp-json\/wp\/v2\/tags?post=108157"}],"curies":[{"name":"wp","href":"https:\/\/api.w.org\/{rel}","templated":true}]}}