{"id":108187,"date":"2023-04-10T15:38:42","date_gmt":"2023-04-10T18:38:42","guid":{"rendered":"https:\/\/www.blogsoestado.com\/danielmatos\/?p=108187"},"modified":"2023-04-10T15:38:42","modified_gmt":"2023-04-10T18:38:42","slug":"prf-encerra-operacao-semana-santa-sem-registro-de-mortes-no-maranhao","status":"publish","type":"post","link":"https:\/\/www.blogsoestado.com\/danielmatos\/prf-encerra-operacao-semana-santa-sem-registro-de-mortes-no-maranhao\/","title":{"rendered":"PRF encerra Opera\u00e7\u00e3o Semana Santa sem registro de mortes no Maranh\u00e3o"},"content":{"rendered":"\n<div class=\"wp-block-image\"><figure class=\"aligncenter size-large\"><a href=\"https:\/\/www.blogsoestado.com\/danielmatos\/files\/2023\/04\/Screenshot_20230410-1540322.png\"><img decoding=\"async\" src=\"https:\/\/www.blogsoestado.com\/danielmatos\/files\/2023\/04\/Screenshot_20230410-1540322.png\" alt=\"\" class=\"wp-image-108189\"\/><\/a><figcaption>Patrulheiros da PRF fiscalizam o tr\u00e2nsito em rodovia federal no Maranh\u00e3o na volta para casa das pessoas que viajaram no feriado prolongado da Semana Santa<\/figcaption><\/figure><\/div>\n\n\n\n<p>Deflagrada na \u00faltima quinta-feira (6) pela Pol\u00edcia Rodovi\u00e1ria Federal (PRF), a Opera\u00e7\u00e3o Semana Santa foi encerrada na noite desse domingo (9), sem registro de mortes no Maranh\u00e3o. <\/p>\n\n\n\n<div class=\"wp-block-image\"><figure class=\"aligncenter size-large\"><a href=\"https:\/\/www.blogsoestado.com\/danielmatos\/files\/2023\/04\/Screenshot_20230410-1542352.png\"><img decoding=\"async\" src=\"https:\/\/www.blogsoestado.com\/danielmatos\/files\/2023\/04\/Screenshot_20230410-1542352.png\" alt=\"\" class=\"wp-image-108192\"\/><\/a><figcaption>Ve\u00edculos de transporte de passageiros tamb\u00e9m foram vistoriados durante a Semana Santa<\/figcaption><\/figure><\/div>\n\n\n\n<p>A opera\u00e7\u00e3o abrangeu todas as rodovias federais que cortam o estado, com fiscaliza\u00e7\u00e3o de condutores e passageiros de ve\u00edculos, realiza\u00e7\u00e3o de testes de alcoolemia e a\u00e7\u00f5es educativas.<\/p>\n\n\n\n<div class=\"wp-block-image\"><figure class=\"aligncenter size-large\"><a href=\"https:\/\/www.blogsoestado.com\/danielmatos\/files\/2023\/04\/Screenshot_20230410-1542112.png\"><img decoding=\"async\" src=\"https:\/\/www.blogsoestado.com\/danielmatos\/files\/2023\/04\/Screenshot_20230410-1542112.png\" alt=\"\" class=\"wp-image-108193\"\/><\/a><figcaption>Policiais rodovi\u00e1rios federais utilizaram armamento para coibir a criminalidade nas BR&#8217;s que cortam o Maranh\u00e3o<\/figcaption><\/figure><\/div>\n\n\n\n<p>A PRF tamb\u00e9m empreendeu, durante a Semana Santa, v\u00e1rias a\u00e7\u00f5es estrat\u00e9gicas de preven\u00e7\u00e3o e fiscaliza\u00e7\u00e3o nos locais identificados como mais cr\u00edticos da malha rodovi\u00e1ria federal do Maranh\u00e3o.<\/p>\n\n\n\n<p>Abaixo, o resultado:<\/p>\n\n\n\n<p>0 \u00f3bitos<br \/>1514 pessoas fiscalizadas<br \/>1251 ve\u00edculos fiscalizados<br \/>869 testes de alcoolemia realizados<br \/>\u27131386 pessoas alcan\u00e7adas em a\u00e7\u00f5es educativas<br \/>&#x2714;18 acidentes<br \/>15 pessoas detidas por crimes diversos<\/p>\n","protected":false},"excerpt":{"rendered":"<p>Deflagrada na \u00faltima quinta-feira (6) pela Pol\u00edcia Rodovi\u00e1ria Federal (PRF), a Opera\u00e7\u00e3o Semana Santa foi encerrada na noite desse domingo [&hellip;]<\/p>\n","protected":false},"author":0,"featured_media":0,"comment_status":"open","ping_status":"open","sticky":false,"template":"","format":"standard","meta":{"site-sidebar-layout":"default","site-content-layout":"","ast-site-content-layout":"default","site-content-style":"default","site-sidebar-style":"default","ast-global-header-display":"","ast-banner-title-visibility":"","ast-main-header-display":"","ast-hfb-above-header-display":"","ast-hfb-below-header-display":"","ast-hfb-mobile-header-display":"","site-post-title":"","ast-breadcrumbs-content":"","ast-featured-img":"","footer-sml-layout":"","ast-disable-related-posts":"","theme-transparent-header-meta":"","adv-header-id-meta":"","stick-header-meta":"","header-above-stick-meta":"","header-main-stick-meta":"","header-below-stick-meta":"","astra-migrate-meta-layouts":"default","ast-page-background-enabled":"default","ast-page-background-meta":{"desktop":{"background-color":"var(--ast-global-color-5)","background-image":"","background-repeat":"repeat","background-position":"center center","background-size":"auto","background-attachment":"scroll","background-type":"","background-media":"","overlay-type":"","overlay-color":"","overlay-opacity":"","overlay-gradient":""},"tablet":{"background-color":"","background-image":"","background-repeat":"repeat","background-position":"center center","background-size":"auto","background-attachment":"scroll","background-type":"","background-media":"","overlay-type":"","overlay-color":"","overlay-opacity":"","overlay-gradient":""},"mobile":{"background-color":"","background-image":"","background-repeat":"repeat","background-position":"center center","background-size":"auto","background-attachment":"scroll","background-type":"","background-media":"","overlay-type":"","overlay-color":"","overlay-opacity":"","overlay-gradient":""}},"ast-content-background-meta":{"desktop":{"background-color":"var(--ast-global-color-4)","background-image":"","background-repeat":"repeat","background-position":"center center","background-size":"auto","background-attachment":"scroll","background-type":"","background-media":"","overlay-type":"","overlay-color":"","overlay-opacity":"","overlay-gradient":""},"tablet":{"background-color":"var(--ast-global-color-4)","background-image":"","background-repeat":"repeat","background-position":"center center","background-size":"auto","background-attachment":"scroll","background-type":"","background-media":"","overlay-type":"","overlay-color":"","overlay-opacity":"","overlay-gradient":""},"mobile":{"background-color":"var(--ast-global-color-4)","background-image":"","background-repeat":"repeat","background-position":"center center","background-size":"auto","background-attachment":"scroll","background-type":"","background-media":"","overlay-type":"","overlay-color":"","overlay-opacity":"","overlay-gradient":""}},"footnotes":""},"categories":[1],"tags":[],"class_list":["post-108187","post","type-post","status-publish","format-standard","hentry","category-sem-categoria"],"yoast_head":"<!-- This site is optimized with the Yoast SEO plugin v26.6 - https:\/\/yoast.com\/wordpress\/plugins\/seo\/ -->\n<title>PRF encerra Opera\u00e7\u00e3o Semana Santa sem registro de mortes no Maranh\u00e3o - Daniel Matos<\/title>\n<meta name=\"robots\" content=\"index, follow, max-snippet:-1, max-image-preview:large, max-video-preview:-1\" \/>\n<link rel=\"canonical\" href=\"https:\/\/www.blogsoestado.com\/danielmatos\/prf-encerra-operacao-semana-santa-sem-registro-de-mortes-no-maranhao\/\" \/>\n<meta property=\"og:locale\" content=\"pt_BR\" \/>\n<meta property=\"og:type\" content=\"article\" \/>\n<meta property=\"og:title\" content=\"PRF encerra Opera\u00e7\u00e3o Semana Santa sem registro de mortes no Maranh\u00e3o - Daniel Matos\" \/>\n<meta property=\"og:description\" content=\"Deflagrada na \u00faltima quinta-feira (6) pela Pol\u00edcia Rodovi\u00e1ria Federal (PRF), a Opera\u00e7\u00e3o Semana Santa foi encerrada na noite desse domingo [&hellip;]\" \/>\n<meta property=\"og:url\" content=\"https:\/\/www.blogsoestado.com\/danielmatos\/prf-encerra-operacao-semana-santa-sem-registro-de-mortes-no-maranhao\/\" \/>\n<meta property=\"og:site_name\" content=\"Daniel Matos\" \/>\n<meta property=\"article:published_time\" content=\"2023-04-10T18:38:42+00:00\" \/>\n<meta property=\"og:image\" content=\"https:\/\/www.blogsoestado.com\/danielmatos\/files\/2023\/04\/Screenshot_20230410-1540322.png\" \/>\n<meta name=\"twitter:card\" content=\"summary_large_image\" \/>\n<meta name=\"twitter:label1\" content=\"Est. tempo de leitura\" \/>\n\t<meta name=\"twitter:data1\" content=\"2 minutos\" \/>\n<script type=\"application\/ld+json\" class=\"yoast-schema-graph\">{\"@context\":\"https:\/\/schema.org\",\"@graph\":[{\"@type\":\"WebPage\",\"@id\":\"https:\/\/www.blogsoestado.com\/danielmatos\/prf-encerra-operacao-semana-santa-sem-registro-de-mortes-no-maranhao\/\",\"url\":\"https:\/\/www.blogsoestado.com\/danielmatos\/prf-encerra-operacao-semana-santa-sem-registro-de-mortes-no-maranhao\/\",\"name\":\"PRF encerra Opera\u00e7\u00e3o Semana Santa sem registro de mortes no Maranh\u00e3o - Daniel Matos\",\"isPartOf\":{\"@id\":\"https:\/\/www.blogsoestado.com\/danielmatos\/#website\"},\"primaryImageOfPage\":{\"@id\":\"https:\/\/www.blogsoestado.com\/danielmatos\/prf-encerra-operacao-semana-santa-sem-registro-de-mortes-no-maranhao\/#primaryimage\"},\"image\":{\"@id\":\"https:\/\/www.blogsoestado.com\/danielmatos\/prf-encerra-operacao-semana-santa-sem-registro-de-mortes-no-maranhao\/#primaryimage\"},\"thumbnailUrl\":\"https:\/\/www.blogsoestado.com\/danielmatos\/files\/2023\/04\/Screenshot_20230410-1540322.png\",\"datePublished\":\"2023-04-10T18:38:42+00:00\",\"author\":{\"@id\":\"\"},\"breadcrumb\":{\"@id\":\"https:\/\/www.blogsoestado.com\/danielmatos\/prf-encerra-operacao-semana-santa-sem-registro-de-mortes-no-maranhao\/#breadcrumb\"},\"inLanguage\":\"pt-BR\",\"potentialAction\":[{\"@type\":\"ReadAction\",\"target\":[\"https:\/\/www.blogsoestado.com\/danielmatos\/prf-encerra-operacao-semana-santa-sem-registro-de-mortes-no-maranhao\/\"]}]},{\"@type\":\"ImageObject\",\"inLanguage\":\"pt-BR\",\"@id\":\"https:\/\/www.blogsoestado.com\/danielmatos\/prf-encerra-operacao-semana-santa-sem-registro-de-mortes-no-maranhao\/#primaryimage\",\"url\":\"https:\/\/www.blogsoestado.com\/danielmatos\/files\/2023\/04\/Screenshot_20230410-1540322.png\",\"contentUrl\":\"https:\/\/www.blogsoestado.com\/danielmatos\/files\/2023\/04\/Screenshot_20230410-1540322.png\"},{\"@type\":\"BreadcrumbList\",\"@id\":\"https:\/\/www.blogsoestado.com\/danielmatos\/prf-encerra-operacao-semana-santa-sem-registro-de-mortes-no-maranhao\/#breadcrumb\",\"itemListElement\":[{\"@type\":\"ListItem\",\"position\":1,\"name\":\"In\u00edcio\",\"item\":\"https:\/\/www.blogsoestado.com\/danielmatos\/\"},{\"@type\":\"ListItem\",\"position\":2,\"name\":\"PRF encerra Opera\u00e7\u00e3o Semana Santa sem registro de mortes no Maranh\u00e3o\"}]},{\"@type\":\"WebSite\",\"@id\":\"https:\/\/www.blogsoestado.com\/danielmatos\/#website\",\"url\":\"https:\/\/www.blogsoestado.com\/danielmatos\/\",\"name\":\"Daniel Matos\",\"description\":\"\",\"potentialAction\":[{\"@type\":\"SearchAction\",\"target\":{\"@type\":\"EntryPoint\",\"urlTemplate\":\"https:\/\/www.blogsoestado.com\/danielmatos\/?s={search_term_string}\"},\"query-input\":{\"@type\":\"PropertyValueSpecification\",\"valueRequired\":true,\"valueName\":\"search_term_string\"}}],\"inLanguage\":\"pt-BR\"}]}<\/script>\n<!-- \/ Yoast SEO plugin. -->","yoast_head_json":{"title":"PRF encerra Opera\u00e7\u00e3o Semana Santa sem registro de mortes no Maranh\u00e3o - Daniel Matos","robots":{"index":"index","follow":"follow","max-snippet":"max-snippet:-1","max-image-preview":"max-image-preview:large","max-video-preview":"max-video-preview:-1"},"canonical":"https:\/\/www.blogsoestado.com\/danielmatos\/prf-encerra-operacao-semana-santa-sem-registro-de-mortes-no-maranhao\/","og_locale":"pt_BR","og_type":"article","og_title":"PRF encerra Opera\u00e7\u00e3o Semana Santa sem registro de mortes no Maranh\u00e3o - Daniel Matos","og_description":"Deflagrada na \u00faltima quinta-feira (6) pela Pol\u00edcia Rodovi\u00e1ria Federal (PRF), a Opera\u00e7\u00e3o Semana Santa foi encerrada na noite desse domingo [&hellip;]","og_url":"https:\/\/www.blogsoestado.com\/danielmatos\/prf-encerra-operacao-semana-santa-sem-registro-de-mortes-no-maranhao\/","og_site_name":"Daniel Matos","article_published_time":"2023-04-10T18:38:42+00:00","og_image":[{"url":"https:\/\/www.blogsoestado.com\/danielmatos\/files\/2023\/04\/Screenshot_20230410-1540322.png","type":"","width":"","height":""}],"twitter_card":"summary_large_image","twitter_misc":{"Est. tempo de leitura":"2 minutos"},"schema":{"@context":"https:\/\/schema.org","@graph":[{"@type":"WebPage","@id":"https:\/\/www.blogsoestado.com\/danielmatos\/prf-encerra-operacao-semana-santa-sem-registro-de-mortes-no-maranhao\/","url":"https:\/\/www.blogsoestado.com\/danielmatos\/prf-encerra-operacao-semana-santa-sem-registro-de-mortes-no-maranhao\/","name":"PRF encerra Opera\u00e7\u00e3o Semana Santa sem registro de mortes no Maranh\u00e3o - Daniel Matos","isPartOf":{"@id":"https:\/\/www.blogsoestado.com\/danielmatos\/#website"},"primaryImageOfPage":{"@id":"https:\/\/www.blogsoestado.com\/danielmatos\/prf-encerra-operacao-semana-santa-sem-registro-de-mortes-no-maranhao\/#primaryimage"},"image":{"@id":"https:\/\/www.blogsoestado.com\/danielmatos\/prf-encerra-operacao-semana-santa-sem-registro-de-mortes-no-maranhao\/#primaryimage"},"thumbnailUrl":"https:\/\/www.blogsoestado.com\/danielmatos\/files\/2023\/04\/Screenshot_20230410-1540322.png","datePublished":"2023-04-10T18:38:42+00:00","author":{"@id":""},"breadcrumb":{"@id":"https:\/\/www.blogsoestado.com\/danielmatos\/prf-encerra-operacao-semana-santa-sem-registro-de-mortes-no-maranhao\/#breadcrumb"},"inLanguage":"pt-BR","potentialAction":[{"@type":"ReadAction","target":["https:\/\/www.blogsoestado.com\/danielmatos\/prf-encerra-operacao-semana-santa-sem-registro-de-mortes-no-maranhao\/"]}]},{"@type":"ImageObject","inLanguage":"pt-BR","@id":"https:\/\/www.blogsoestado.com\/danielmatos\/prf-encerra-operacao-semana-santa-sem-registro-de-mortes-no-maranhao\/#primaryimage","url":"https:\/\/www.blogsoestado.com\/danielmatos\/files\/2023\/04\/Screenshot_20230410-1540322.png","contentUrl":"https:\/\/www.blogsoestado.com\/danielmatos\/files\/2023\/04\/Screenshot_20230410-1540322.png"},{"@type":"BreadcrumbList","@id":"https:\/\/www.blogsoestado.com\/danielmatos\/prf-encerra-operacao-semana-santa-sem-registro-de-mortes-no-maranhao\/#breadcrumb","itemListElement":[{"@type":"ListItem","position":1,"name":"In\u00edcio","item":"https:\/\/www.blogsoestado.com\/danielmatos\/"},{"@type":"ListItem","position":2,"name":"PRF encerra Opera\u00e7\u00e3o Semana Santa sem registro de mortes no Maranh\u00e3o"}]},{"@type":"WebSite","@id":"https:\/\/www.blogsoestado.com\/danielmatos\/#website","url":"https:\/\/www.blogsoestado.com\/danielmatos\/","name":"Daniel Matos","description":"","potentialAction":[{"@type":"SearchAction","target":{"@type":"EntryPoint","urlTemplate":"https:\/\/www.blogsoestado.com\/danielmatos\/?s={search_term_string}"},"query-input":{"@type":"PropertyValueSpecification","valueRequired":true,"valueName":"search_term_string"}}],"inLanguage":"pt-BR"}]}},"jetpack_featured_media_url":"","_links":{"self":[{"href":"https:\/\/www.blogsoestado.com\/danielmatos\/wp-json\/wp\/v2\/posts\/108187","targetHints":{"allow":["GET"]}}],"collection":[{"href":"https:\/\/www.blogsoestado.com\/danielmatos\/wp-json\/wp\/v2\/posts"}],"about":[{"href":"https:\/\/www.blogsoestado.com\/danielmatos\/wp-json\/wp\/v2\/types\/post"}],"replies":[{"embeddable":true,"href":"https:\/\/www.blogsoestado.com\/danielmatos\/wp-json\/wp\/v2\/comments?post=108187"}],"version-history":[{"count":0,"href":"https:\/\/www.blogsoestado.com\/danielmatos\/wp-json\/wp\/v2\/posts\/108187\/revisions"}],"wp:attachment":[{"href":"https:\/\/www.blogsoestado.com\/danielmatos\/wp-json\/wp\/v2\/media?parent=108187"}],"wp:term":[{"taxonomy":"category","embeddable":true,"href":"https:\/\/www.blogsoestado.com\/danielmatos\/wp-json\/wp\/v2\/categories?post=108187"},{"taxonomy":"post_tag","embeddable":true,"href":"https:\/\/www.blogsoestado.com\/danielmatos\/wp-json\/wp\/v2\/tags?post=108187"}],"curies":[{"name":"wp","href":"https:\/\/api.w.org\/{rel}","templated":true}]}}