{"id":108195,"date":"2023-04-10T16:48:51","date_gmt":"2023-04-10T19:48:51","guid":{"rendered":"https:\/\/www.blogsoestado.com\/danielmatos\/?p=108195"},"modified":"2023-04-10T16:48:51","modified_gmt":"2023-04-10T19:48:51","slug":"deputado-wellington-se-reune-com-representantes-dos-bombeiros-civis-no-maranhao","status":"publish","type":"post","link":"https:\/\/www.blogsoestado.com\/danielmatos\/deputado-wellington-se-reune-com-representantes-dos-bombeiros-civis-no-maranhao\/","title":{"rendered":"Deputado Wellington se re\u00fane com representantes dos bombeiros civis no Maranh\u00e3o"},"content":{"rendered":"\n<div class=\"wp-block-image\"><figure class=\"aligncenter size-large\"><a href=\"https:\/\/www.blogsoestado.com\/danielmatos\/files\/2023\/04\/Screenshot_20230410-1645222.png\"><img decoding=\"async\" src=\"https:\/\/www.blogsoestado.com\/danielmatos\/files\/2023\/04\/Screenshot_20230410-1645222.png\" alt=\"\" class=\"wp-image-108196\"\/><\/a><figcaption>Wellington debateu com profissionais a propositura de lei que busca instituir a obrigatoriedade de contrata\u00e7\u00e3o de bombeiros civis por estabelecimentos onde haja grande circula\u00e7\u00e3o de pessoas<\/figcaption><\/figure><\/div>\n\n\n\n<p>Na tarde desta segunda-feira (10), o deputado estadual Wellington do Curso recebeu em seu gabinete, na Assembleia Legislativa do Maranh\u00e3o, representantes dos bombeiros civis no Maranh\u00e3o. A reuni\u00e3o contou com a presen\u00e7a do Presidente do Sindicatos dos Bombeiros Civis, Iomar Santos; do vice-presidente Manuel Arias e do advogado J\u00f4natas Azevedo.<\/p>\n\n\n\n<p>Na ocasi\u00e3o, debateram sobre a propositura de lei que busca instituir a obrigatoriedade de contrata\u00e7\u00e3o de bombeiros civis por estabelecimentos onde haja grande circula\u00e7\u00e3o de pessoas.<\/p>\n\n\n\n<p>\u201cHoje, recebi em meu gabinete representantes dos bombeiros civis no Maranh\u00e3o. Agrade\u00e7o a esses profissionais pela confian\u00e7a em meu trabalho. A atua\u00e7\u00e3o do bombeiro civil \u00e9 de grande import\u00e2ncia, raz\u00e3o pela qual defendo a contrata\u00e7\u00e3o da categoria em espa\u00e7os em que haja grande circula\u00e7\u00e3o de pessoas. Estamos estudando, avaliando e, ao final, apresentaremos essa demanda que reflete as necessidades da popula\u00e7\u00e3o. Bombeiros civis, contem sempre comigo!\u201d, disse Wellington do Curso.<\/p>\n","protected":false},"excerpt":{"rendered":"<p>Na tarde desta segunda-feira (10), o deputado estadual Wellington do Curso recebeu em seu gabinete, na Assembleia Legislativa do Maranh\u00e3o, [&hellip;]<\/p>\n","protected":false},"author":0,"featured_media":0,"comment_status":"open","ping_status":"open","sticky":false,"template":"","format":"standard","meta":{"site-sidebar-layout":"default","site-content-layout":"","ast-site-content-layout":"default","site-content-style":"default","site-sidebar-style":"default","ast-global-header-display":"","ast-banner-title-visibility":"","ast-main-header-display":"","ast-hfb-above-header-display":"","ast-hfb-below-header-display":"","ast-hfb-mobile-header-display":"","site-post-title":"","ast-breadcrumbs-content":"","ast-featured-img":"","footer-sml-layout":"","ast-disable-related-posts":"","theme-transparent-header-meta":"","adv-header-id-meta":"","stick-header-meta":"","header-above-stick-meta":"","header-main-stick-meta":"","header-below-stick-meta":"","astra-migrate-meta-layouts":"default","ast-page-background-enabled":"default","ast-page-background-meta":{"desktop":{"background-color":"var(--ast-global-color-5)","background-image":"","background-repeat":"repeat","background-position":"center center","background-size":"auto","background-attachment":"scroll","background-type":"","background-media":"","overlay-type":"","overlay-color":"","overlay-opacity":"","overlay-gradient":""},"tablet":{"background-color":"","background-image":"","background-repeat":"repeat","background-position":"center center","background-size":"auto","background-attachment":"scroll","background-type":"","background-media":"","overlay-type":"","overlay-color":"","overlay-opacity":"","overlay-gradient":""},"mobile":{"background-color":"","background-image":"","background-repeat":"repeat","background-position":"center center","background-size":"auto","background-attachment":"scroll","background-type":"","background-media":"","overlay-type":"","overlay-color":"","overlay-opacity":"","overlay-gradient":""}},"ast-content-background-meta":{"desktop":{"background-color":"var(--ast-global-color-4)","background-image":"","background-repeat":"repeat","background-position":"center center","background-size":"auto","background-attachment":"scroll","background-type":"","background-media":"","overlay-type":"","overlay-color":"","overlay-opacity":"","overlay-gradient":""},"tablet":{"background-color":"var(--ast-global-color-4)","background-image":"","background-repeat":"repeat","background-position":"center center","background-size":"auto","background-attachment":"scroll","background-type":"","background-media":"","overlay-type":"","overlay-color":"","overlay-opacity":"","overlay-gradient":""},"mobile":{"background-color":"var(--ast-global-color-4)","background-image":"","background-repeat":"repeat","background-position":"center center","background-size":"auto","background-attachment":"scroll","background-type":"","background-media":"","overlay-type":"","overlay-color":"","overlay-opacity":"","overlay-gradient":""}},"footnotes":""},"categories":[1],"tags":[],"class_list":["post-108195","post","type-post","status-publish","format-standard","hentry","category-sem-categoria"],"yoast_head":"<!-- This site is optimized with the Yoast SEO plugin v26.6 - https:\/\/yoast.com\/wordpress\/plugins\/seo\/ -->\n<title>Deputado Wellington se re\u00fane com representantes dos bombeiros civis no Maranh\u00e3o - Daniel Matos<\/title>\n<meta name=\"robots\" content=\"index, follow, max-snippet:-1, max-image-preview:large, max-video-preview:-1\" \/>\n<link rel=\"canonical\" href=\"https:\/\/www.blogsoestado.com\/danielmatos\/deputado-wellington-se-reune-com-representantes-dos-bombeiros-civis-no-maranhao\/\" \/>\n<meta property=\"og:locale\" content=\"pt_BR\" \/>\n<meta property=\"og:type\" content=\"article\" \/>\n<meta property=\"og:title\" content=\"Deputado Wellington se re\u00fane com representantes dos bombeiros civis no Maranh\u00e3o - Daniel Matos\" \/>\n<meta property=\"og:description\" content=\"Na tarde desta segunda-feira (10), o deputado estadual Wellington do Curso recebeu em seu gabinete, na Assembleia Legislativa do Maranh\u00e3o, [&hellip;]\" \/>\n<meta property=\"og:url\" content=\"https:\/\/www.blogsoestado.com\/danielmatos\/deputado-wellington-se-reune-com-representantes-dos-bombeiros-civis-no-maranhao\/\" \/>\n<meta property=\"og:site_name\" content=\"Daniel Matos\" \/>\n<meta property=\"article:published_time\" content=\"2023-04-10T19:48:51+00:00\" \/>\n<meta property=\"og:image\" content=\"https:\/\/www.blogsoestado.com\/danielmatos\/files\/2023\/04\/Screenshot_20230410-1645222.png\" \/>\n<meta name=\"twitter:card\" content=\"summary_large_image\" \/>\n<meta name=\"twitter:label1\" content=\"Est. tempo de leitura\" \/>\n\t<meta name=\"twitter:data1\" content=\"1 minuto\" \/>\n<script type=\"application\/ld+json\" class=\"yoast-schema-graph\">{\"@context\":\"https:\/\/schema.org\",\"@graph\":[{\"@type\":\"WebPage\",\"@id\":\"https:\/\/www.blogsoestado.com\/danielmatos\/deputado-wellington-se-reune-com-representantes-dos-bombeiros-civis-no-maranhao\/\",\"url\":\"https:\/\/www.blogsoestado.com\/danielmatos\/deputado-wellington-se-reune-com-representantes-dos-bombeiros-civis-no-maranhao\/\",\"name\":\"Deputado Wellington se re\u00fane com representantes dos bombeiros civis no Maranh\u00e3o - Daniel Matos\",\"isPartOf\":{\"@id\":\"https:\/\/www.blogsoestado.com\/danielmatos\/#website\"},\"primaryImageOfPage\":{\"@id\":\"https:\/\/www.blogsoestado.com\/danielmatos\/deputado-wellington-se-reune-com-representantes-dos-bombeiros-civis-no-maranhao\/#primaryimage\"},\"image\":{\"@id\":\"https:\/\/www.blogsoestado.com\/danielmatos\/deputado-wellington-se-reune-com-representantes-dos-bombeiros-civis-no-maranhao\/#primaryimage\"},\"thumbnailUrl\":\"https:\/\/www.blogsoestado.com\/danielmatos\/files\/2023\/04\/Screenshot_20230410-1645222.png\",\"datePublished\":\"2023-04-10T19:48:51+00:00\",\"author\":{\"@id\":\"\"},\"breadcrumb\":{\"@id\":\"https:\/\/www.blogsoestado.com\/danielmatos\/deputado-wellington-se-reune-com-representantes-dos-bombeiros-civis-no-maranhao\/#breadcrumb\"},\"inLanguage\":\"pt-BR\",\"potentialAction\":[{\"@type\":\"ReadAction\",\"target\":[\"https:\/\/www.blogsoestado.com\/danielmatos\/deputado-wellington-se-reune-com-representantes-dos-bombeiros-civis-no-maranhao\/\"]}]},{\"@type\":\"ImageObject\",\"inLanguage\":\"pt-BR\",\"@id\":\"https:\/\/www.blogsoestado.com\/danielmatos\/deputado-wellington-se-reune-com-representantes-dos-bombeiros-civis-no-maranhao\/#primaryimage\",\"url\":\"https:\/\/www.blogsoestado.com\/danielmatos\/files\/2023\/04\/Screenshot_20230410-1645222.png\",\"contentUrl\":\"https:\/\/www.blogsoestado.com\/danielmatos\/files\/2023\/04\/Screenshot_20230410-1645222.png\"},{\"@type\":\"BreadcrumbList\",\"@id\":\"https:\/\/www.blogsoestado.com\/danielmatos\/deputado-wellington-se-reune-com-representantes-dos-bombeiros-civis-no-maranhao\/#breadcrumb\",\"itemListElement\":[{\"@type\":\"ListItem\",\"position\":1,\"name\":\"In\u00edcio\",\"item\":\"https:\/\/www.blogsoestado.com\/danielmatos\/\"},{\"@type\":\"ListItem\",\"position\":2,\"name\":\"Deputado Wellington se re\u00fane com representantes dos bombeiros civis no Maranh\u00e3o\"}]},{\"@type\":\"WebSite\",\"@id\":\"https:\/\/www.blogsoestado.com\/danielmatos\/#website\",\"url\":\"https:\/\/www.blogsoestado.com\/danielmatos\/\",\"name\":\"Daniel Matos\",\"description\":\"\",\"potentialAction\":[{\"@type\":\"SearchAction\",\"target\":{\"@type\":\"EntryPoint\",\"urlTemplate\":\"https:\/\/www.blogsoestado.com\/danielmatos\/?s={search_term_string}\"},\"query-input\":{\"@type\":\"PropertyValueSpecification\",\"valueRequired\":true,\"valueName\":\"search_term_string\"}}],\"inLanguage\":\"pt-BR\"}]}<\/script>\n<!-- \/ Yoast SEO plugin. -->","yoast_head_json":{"title":"Deputado Wellington se re\u00fane com representantes dos bombeiros civis no Maranh\u00e3o - Daniel Matos","robots":{"index":"index","follow":"follow","max-snippet":"max-snippet:-1","max-image-preview":"max-image-preview:large","max-video-preview":"max-video-preview:-1"},"canonical":"https:\/\/www.blogsoestado.com\/danielmatos\/deputado-wellington-se-reune-com-representantes-dos-bombeiros-civis-no-maranhao\/","og_locale":"pt_BR","og_type":"article","og_title":"Deputado Wellington se re\u00fane com representantes dos bombeiros civis no Maranh\u00e3o - Daniel Matos","og_description":"Na tarde desta segunda-feira (10), o deputado estadual Wellington do Curso recebeu em seu gabinete, na Assembleia Legislativa do Maranh\u00e3o, [&hellip;]","og_url":"https:\/\/www.blogsoestado.com\/danielmatos\/deputado-wellington-se-reune-com-representantes-dos-bombeiros-civis-no-maranhao\/","og_site_name":"Daniel Matos","article_published_time":"2023-04-10T19:48:51+00:00","og_image":[{"url":"https:\/\/www.blogsoestado.com\/danielmatos\/files\/2023\/04\/Screenshot_20230410-1645222.png","type":"","width":"","height":""}],"twitter_card":"summary_large_image","twitter_misc":{"Est. tempo de leitura":"1 minuto"},"schema":{"@context":"https:\/\/schema.org","@graph":[{"@type":"WebPage","@id":"https:\/\/www.blogsoestado.com\/danielmatos\/deputado-wellington-se-reune-com-representantes-dos-bombeiros-civis-no-maranhao\/","url":"https:\/\/www.blogsoestado.com\/danielmatos\/deputado-wellington-se-reune-com-representantes-dos-bombeiros-civis-no-maranhao\/","name":"Deputado Wellington se re\u00fane com representantes dos bombeiros civis no Maranh\u00e3o - Daniel Matos","isPartOf":{"@id":"https:\/\/www.blogsoestado.com\/danielmatos\/#website"},"primaryImageOfPage":{"@id":"https:\/\/www.blogsoestado.com\/danielmatos\/deputado-wellington-se-reune-com-representantes-dos-bombeiros-civis-no-maranhao\/#primaryimage"},"image":{"@id":"https:\/\/www.blogsoestado.com\/danielmatos\/deputado-wellington-se-reune-com-representantes-dos-bombeiros-civis-no-maranhao\/#primaryimage"},"thumbnailUrl":"https:\/\/www.blogsoestado.com\/danielmatos\/files\/2023\/04\/Screenshot_20230410-1645222.png","datePublished":"2023-04-10T19:48:51+00:00","author":{"@id":""},"breadcrumb":{"@id":"https:\/\/www.blogsoestado.com\/danielmatos\/deputado-wellington-se-reune-com-representantes-dos-bombeiros-civis-no-maranhao\/#breadcrumb"},"inLanguage":"pt-BR","potentialAction":[{"@type":"ReadAction","target":["https:\/\/www.blogsoestado.com\/danielmatos\/deputado-wellington-se-reune-com-representantes-dos-bombeiros-civis-no-maranhao\/"]}]},{"@type":"ImageObject","inLanguage":"pt-BR","@id":"https:\/\/www.blogsoestado.com\/danielmatos\/deputado-wellington-se-reune-com-representantes-dos-bombeiros-civis-no-maranhao\/#primaryimage","url":"https:\/\/www.blogsoestado.com\/danielmatos\/files\/2023\/04\/Screenshot_20230410-1645222.png","contentUrl":"https:\/\/www.blogsoestado.com\/danielmatos\/files\/2023\/04\/Screenshot_20230410-1645222.png"},{"@type":"BreadcrumbList","@id":"https:\/\/www.blogsoestado.com\/danielmatos\/deputado-wellington-se-reune-com-representantes-dos-bombeiros-civis-no-maranhao\/#breadcrumb","itemListElement":[{"@type":"ListItem","position":1,"name":"In\u00edcio","item":"https:\/\/www.blogsoestado.com\/danielmatos\/"},{"@type":"ListItem","position":2,"name":"Deputado Wellington se re\u00fane com representantes dos bombeiros civis no Maranh\u00e3o"}]},{"@type":"WebSite","@id":"https:\/\/www.blogsoestado.com\/danielmatos\/#website","url":"https:\/\/www.blogsoestado.com\/danielmatos\/","name":"Daniel Matos","description":"","potentialAction":[{"@type":"SearchAction","target":{"@type":"EntryPoint","urlTemplate":"https:\/\/www.blogsoestado.com\/danielmatos\/?s={search_term_string}"},"query-input":{"@type":"PropertyValueSpecification","valueRequired":true,"valueName":"search_term_string"}}],"inLanguage":"pt-BR"}]}},"jetpack_featured_media_url":"","_links":{"self":[{"href":"https:\/\/www.blogsoestado.com\/danielmatos\/wp-json\/wp\/v2\/posts\/108195","targetHints":{"allow":["GET"]}}],"collection":[{"href":"https:\/\/www.blogsoestado.com\/danielmatos\/wp-json\/wp\/v2\/posts"}],"about":[{"href":"https:\/\/www.blogsoestado.com\/danielmatos\/wp-json\/wp\/v2\/types\/post"}],"replies":[{"embeddable":true,"href":"https:\/\/www.blogsoestado.com\/danielmatos\/wp-json\/wp\/v2\/comments?post=108195"}],"version-history":[{"count":0,"href":"https:\/\/www.blogsoestado.com\/danielmatos\/wp-json\/wp\/v2\/posts\/108195\/revisions"}],"wp:attachment":[{"href":"https:\/\/www.blogsoestado.com\/danielmatos\/wp-json\/wp\/v2\/media?parent=108195"}],"wp:term":[{"taxonomy":"category","embeddable":true,"href":"https:\/\/www.blogsoestado.com\/danielmatos\/wp-json\/wp\/v2\/categories?post=108195"},{"taxonomy":"post_tag","embeddable":true,"href":"https:\/\/www.blogsoestado.com\/danielmatos\/wp-json\/wp\/v2\/tags?post=108195"}],"curies":[{"name":"wp","href":"https:\/\/api.w.org\/{rel}","templated":true}]}}