{"id":108205,"date":"2023-04-10T20:57:26","date_gmt":"2023-04-10T23:57:26","guid":{"rendered":"https:\/\/www.blogsoestado.com\/danielmatos\/?p=108205"},"modified":"2023-04-10T20:57:26","modified_gmt":"2023-04-10T23:57:26","slug":"ameacas-de-massacres-nas-escolas-repercutem-na-camara-de-sao-luis","status":"publish","type":"post","link":"https:\/\/www.blogsoestado.com\/danielmatos\/ameacas-de-massacres-nas-escolas-repercutem-na-camara-de-sao-luis\/","title":{"rendered":"Amea\u00e7as de massacres em escolas repercutem na C\u00e2mara de S\u00e3o Lu\u00eds"},"content":{"rendered":"\n<p><em><strong><span class=\"has-inline-color has-vivid-red-color\">Os vereadores Dr. Gutemberg, Marcelo Poeta, Marcial Lima, Ant\u00f4nio Garcez e Nato J\u00fanior se manifestaram sobre o assunto apontando as causas e solu\u00e7\u00f5es para o problema<\/span><\/strong><\/em><\/p>\n\n\n\n<div class=\"wp-block-image\"><figure class=\"aligncenter size-large\"><a href=\"https:\/\/www.blogsoestado.com\/danielmatos\/files\/2023\/04\/Screenshot_20230410-2101422.png\"><img decoding=\"async\" src=\"https:\/\/www.blogsoestado.com\/danielmatos\/files\/2023\/04\/Screenshot_20230410-2101422.png\" alt=\"\" class=\"wp-image-108210\"\/><\/a><figcaption>Durante a sess\u00e3o, parlamentares demonstraram preocupa\u00e7\u00e3o com a onda de viol\u00eancia nas escolas (<strong>Foto:<\/strong> Fabr\u00edcio Cunha)<\/figcaption><\/figure><\/div>\n\n\n\n<p>O mais recente ataque a uma creche que deixou quatro crian\u00e7as mortas e outras quatro feridas, em Blumenau (SC), na \u00faltima quarta-feira (5), sensibilizou vereadores na manh\u00e3 desta segunda-feira (10), na C\u00e2mara Municipal de S\u00e3o Lu\u00eds. V\u00e1rios parlamentares se solidarizaram com as fam\u00edlias e pediram mais pol\u00edticas p\u00fablicas que reduzam a viol\u00eancia nas escolas.<\/p>\n\n\n\n<p>Primeiro a se manifestar, o vereador Gutemberg Ara\u00fajo (PSC) lamentou o epis\u00f3dio e citou casos de amea\u00e7as que tamb\u00e9m ocorreram na capital maranhense na semana passada. Segundo o parlamentar, a situa\u00e7\u00e3o vem causando p\u00e2nico na sociedade.<\/p>\n\n\n\n<p>\u201cA amea\u00e7a dos massacres escolares tem levado p\u00e2nico para a cidade de S\u00e3o Lu\u00eds, quando a gente verifica que, na semana passada, tr\u00eas unidades de ensino, duas privadas e uma p\u00fablica, suspenderam suas aulas por amea\u00e7a de massacre nas escolas\u201d, disse.<\/p>\n\n\n\n<p>Em seu pronunciamento, o Dr. Gutemberg pediu a uni\u00e3o de todos para buscar uma solu\u00e7\u00e3o visando minimizar ou evitar esse tipo de a\u00e7\u00e3o nefasta que vem acontecendo em todo o pa\u00eds. Al\u00e9m disso, o vereador levou ao plen\u00e1rio da Casa dados que afetam outro pa\u00eds: os Estados Unidos, que sofrem com a mesma problem\u00e1tica.<\/p>\n\n\n\n<p>\u201cHoje vejo que [S\u00e3o Jos\u00e9 de] Ribamar tamb\u00e9m suspendeu as aulas na rede municipal com as mesmas suspeitas. Ent\u00e3o, entendo que isso \u00e9 de uma gravidade t\u00e3o grande, que precisamos juntar nossas for\u00e7as para buscar um norte visando minimizar ou evitar esse tipo de a\u00e7\u00e3o nefasta que vem acontecendo em todo o pa\u00eds que teve como modelo negativo, o que aconteceu em Blumenau, quando foi invadida uma creche que culminou com a morte de quatro crian\u00e7as\u201d, afirmou.<\/p>\n\n\n\n<p>\u201cQuando a gente faz uma avalia\u00e7\u00e3o, parece com atos que ocorrem nos Estados Unidos, que tem empregado quantias bilion\u00e1rias para tentar conter ou minimizar esses ataques e massacres escolares. Ano passado, por exemplo, foram US$ 3,1 bilh\u00f5es \u2013 equivalentes a R$ 15 milh\u00f5es \u2013 para o sistema de viol\u00eancia e de prote\u00e7\u00e3o. O pa\u00eds j\u00e1 sofreu 377 massacres, sendo 47 ataques s\u00f3 em 2022\u201d, completou.<\/p>\n\n\n\n<p>Ao encerrar o discurso, Dr. Gutemberg destacou que n\u00e3o h\u00e1 evid\u00eancias cient\u00edficas de que todo aparato militar, por pre\u00e7os estratosf\u00e9ricos, possa impedir os massacres nas escolas, mas lembrou de que s\u00e3o medidas positivas, pois s\u00e3o a\u00e7\u00f5es emergenciais que d\u00e3o seguran\u00e7a aos pais e aos estudantes.<\/p>\n\n\n\n<p>\u201cO que a gente pode concluir diante de tudo isso? \u00c9 que n\u00e3o h\u00e1 evid\u00eancias cient\u00edficas de que todo esse aparato militar nos Estados Unidos, por pre\u00e7os estratosf\u00e9ricos e que vem sendo adotado tamb\u00e9m no Brasil, possa impedir os massacres nas escolas. A gente entende que s\u00e3o medidas positivas porque s\u00e3o medidas emergenciais que precisam dar seguran\u00e7a aos pais e aos estudantes\u201d, concluiu.<\/p>\n\n\n\n<p><strong>Pais est\u00e3o sem paz<\/strong><\/p>\n\n\n\n<p>Em seu discurso, o Dr. Gutemberg lembrou que muitos respons\u00e1veis por alunos n\u00e3o t\u00eam mais paz em mandar seus filhos para as escolas. Ele pediu a uni\u00e3o de todos os vereadores para buscar solu\u00e7\u00f5es no \u00e2mbito da capital maranhense.<\/p>\n\n\n\n<p>\u201cFica o alerta e essas reflex\u00f5es. O que eu pe\u00e7o \u00e9 que todos os vereadores se juntem a essa causa, pois todos n\u00f3s, sobretudo, aqueles que t\u00eam filhos nas escolas, hoje n\u00e3o t\u00eam mais paz para mandar seus filhos para as unidades de ensino\u201d, destacou.<\/p>\n\n\n\n<p><strong>Bullying como causa<\/strong><\/p>\n\n\n\n<p>Ap\u00f3s o pronunciamento, muitos vereadores se manifestaram para tratar do assunto. Na opini\u00e3o de Marcelo Poeta (PCdoB), a discuss\u00e3o precisa ser muito mais ampliada e apontou o bullying como poss\u00edveis causas para o problema.<\/p>\n\n\n\n<p>\u201c\u00c9 necess\u00e1rio que seja feito um estudo sobre o tema, mas o que a gente percebe \u00e9 que a grande maioria dos casos tem origem no bullying, homofobia, racismo e intoler\u00e2ncia. \u00c9 isso que temos que combater\u201d, frisou.<\/p>\n\n\n\n<p><strong>Suspens\u00e3o sem solu\u00e7\u00e3o<\/strong><\/p>\n\n\n\n<p>Marcial Lima (Podemos) demonstrou preocupa\u00e7\u00e3o com a poss\u00edvel suspens\u00e3o das aulas sem que venha ocorrer medidas para solucionar o problema. \u201cO que n\u00e3o pode acontecer \u00e9 as autoridades de ensino suspender as aulas e n\u00e3o tomar medidas para o problema\u201d, informou.<\/p>\n\n\n\n<p>Durante o debate, Ant\u00f4nio Garcez (Agir) levou ao plen\u00e1rio o caso de um professor que foi transferido de uma determinada escola por amea\u00e7a de um pai de aluno. O caso, segundo o parlamentar, foi revelado durante uma audi\u00eancia com o pr\u00f3prio docente na Secretaria Municipal de Educa\u00e7\u00e3o (Semed). \u201cO caso \u00e9 s\u00e9rio e precisa ser debatido\u201d, pontuou.<\/p>\n\n\n\n<p><strong>Combate ao bullying<\/strong><\/p>\n\n\n\n<p>Por fim, Nato J\u00fanior (PDT) se manifestou sobre o tema, apontando algumas medidas aprovadas pela Casa. Uma delas, segundo ele, \u00e9 uma lei de autoria do ex-vereador Nato \u2013 seu pai \u2013 que determina o combate ao bullying nas escolas. \u201cInfelizmente at\u00e9 hoje essa regra n\u00e3o vem sendo cumprida na capital maranhense\u201d, alertou.<\/p>\n","protected":false},"excerpt":{"rendered":"<p>Os vereadores Dr. Gutemberg, Marcelo Poeta, Marcial Lima, Ant\u00f4nio Garcez e Nato J\u00fanior se manifestaram sobre o assunto apontando as [&hellip;]<\/p>\n","protected":false},"author":0,"featured_media":0,"comment_status":"open","ping_status":"open","sticky":false,"template":"","format":"standard","meta":{"site-sidebar-layout":"default","site-content-layout":"","ast-site-content-layout":"default","site-content-style":"default","site-sidebar-style":"default","ast-global-header-display":"","ast-banner-title-visibility":"","ast-main-header-display":"","ast-hfb-above-header-display":"","ast-hfb-below-header-display":"","ast-hfb-mobile-header-display":"","site-post-title":"","ast-breadcrumbs-content":"","ast-featured-img":"","footer-sml-layout":"","ast-disable-related-posts":"","theme-transparent-header-meta":"","adv-header-id-meta":"","stick-header-meta":"","header-above-stick-meta":"","header-main-stick-meta":"","header-below-stick-meta":"","astra-migrate-meta-layouts":"default","ast-page-background-enabled":"default","ast-page-background-meta":{"desktop":{"background-color":"var(--ast-global-color-5)","background-image":"","background-repeat":"repeat","background-position":"center center","background-size":"auto","background-attachment":"scroll","background-type":"","background-media":"","overlay-type":"","overlay-color":"","overlay-opacity":"","overlay-gradient":""},"tablet":{"background-color":"","background-image":"","background-repeat":"repeat","background-position":"center center","background-size":"auto","background-attachment":"scroll","background-type":"","background-media":"","overlay-type":"","overlay-color":"","overlay-opacity":"","overlay-gradient":""},"mobile":{"background-color":"","background-image":"","background-repeat":"repeat","background-position":"center center","background-size":"auto","background-attachment":"scroll","background-type":"","background-media":"","overlay-type":"","overlay-color":"","overlay-opacity":"","overlay-gradient":""}},"ast-content-background-meta":{"desktop":{"background-color":"var(--ast-global-color-4)","background-image":"","background-repeat":"repeat","background-position":"center center","background-size":"auto","background-attachment":"scroll","background-type":"","background-media":"","overlay-type":"","overlay-color":"","overlay-opacity":"","overlay-gradient":""},"tablet":{"background-color":"var(--ast-global-color-4)","background-image":"","background-repeat":"repeat","background-position":"center center","background-size":"auto","background-attachment":"scroll","background-type":"","background-media":"","overlay-type":"","overlay-color":"","overlay-opacity":"","overlay-gradient":""},"mobile":{"background-color":"var(--ast-global-color-4)","background-image":"","background-repeat":"repeat","background-position":"center center","background-size":"auto","background-attachment":"scroll","background-type":"","background-media":"","overlay-type":"","overlay-color":"","overlay-opacity":"","overlay-gradient":""}},"footnotes":""},"categories":[1],"tags":[],"class_list":["post-108205","post","type-post","status-publish","format-standard","hentry","category-sem-categoria"],"yoast_head":"<!-- This site is optimized with the Yoast SEO plugin v26.6 - https:\/\/yoast.com\/wordpress\/plugins\/seo\/ -->\n<title>Amea\u00e7as de massacres em escolas repercutem na C\u00e2mara de S\u00e3o Lu\u00eds - Daniel Matos<\/title>\n<meta name=\"robots\" content=\"index, follow, max-snippet:-1, max-image-preview:large, max-video-preview:-1\" \/>\n<link rel=\"canonical\" href=\"https:\/\/www.blogsoestado.com\/danielmatos\/ameacas-de-massacres-nas-escolas-repercutem-na-camara-de-sao-luis\/\" \/>\n<meta property=\"og:locale\" content=\"pt_BR\" \/>\n<meta property=\"og:type\" content=\"article\" \/>\n<meta property=\"og:title\" content=\"Amea\u00e7as de massacres em escolas repercutem na C\u00e2mara de S\u00e3o Lu\u00eds - Daniel Matos\" \/>\n<meta property=\"og:description\" content=\"Os vereadores Dr. Gutemberg, Marcelo Poeta, Marcial Lima, Ant\u00f4nio Garcez e Nato J\u00fanior se manifestaram sobre o assunto apontando as [&hellip;]\" \/>\n<meta property=\"og:url\" content=\"https:\/\/www.blogsoestado.com\/danielmatos\/ameacas-de-massacres-nas-escolas-repercutem-na-camara-de-sao-luis\/\" \/>\n<meta property=\"og:site_name\" content=\"Daniel Matos\" \/>\n<meta property=\"article:published_time\" content=\"2023-04-10T23:57:26+00:00\" \/>\n<meta property=\"og:image\" content=\"https:\/\/www.blogsoestado.com\/danielmatos\/files\/2023\/04\/Screenshot_20230410-2101422.png\" \/>\n<meta name=\"twitter:card\" content=\"summary_large_image\" \/>\n<meta name=\"twitter:label1\" content=\"Est. tempo de leitura\" \/>\n\t<meta name=\"twitter:data1\" content=\"4 minutos\" \/>\n<script type=\"application\/ld+json\" class=\"yoast-schema-graph\">{\"@context\":\"https:\/\/schema.org\",\"@graph\":[{\"@type\":\"WebPage\",\"@id\":\"https:\/\/www.blogsoestado.com\/danielmatos\/ameacas-de-massacres-nas-escolas-repercutem-na-camara-de-sao-luis\/\",\"url\":\"https:\/\/www.blogsoestado.com\/danielmatos\/ameacas-de-massacres-nas-escolas-repercutem-na-camara-de-sao-luis\/\",\"name\":\"Amea\u00e7as de massacres em escolas repercutem na C\u00e2mara de S\u00e3o Lu\u00eds - Daniel Matos\",\"isPartOf\":{\"@id\":\"https:\/\/www.blogsoestado.com\/danielmatos\/#website\"},\"primaryImageOfPage\":{\"@id\":\"https:\/\/www.blogsoestado.com\/danielmatos\/ameacas-de-massacres-nas-escolas-repercutem-na-camara-de-sao-luis\/#primaryimage\"},\"image\":{\"@id\":\"https:\/\/www.blogsoestado.com\/danielmatos\/ameacas-de-massacres-nas-escolas-repercutem-na-camara-de-sao-luis\/#primaryimage\"},\"thumbnailUrl\":\"https:\/\/www.blogsoestado.com\/danielmatos\/files\/2023\/04\/Screenshot_20230410-2101422.png\",\"datePublished\":\"2023-04-10T23:57:26+00:00\",\"author\":{\"@id\":\"\"},\"breadcrumb\":{\"@id\":\"https:\/\/www.blogsoestado.com\/danielmatos\/ameacas-de-massacres-nas-escolas-repercutem-na-camara-de-sao-luis\/#breadcrumb\"},\"inLanguage\":\"pt-BR\",\"potentialAction\":[{\"@type\":\"ReadAction\",\"target\":[\"https:\/\/www.blogsoestado.com\/danielmatos\/ameacas-de-massacres-nas-escolas-repercutem-na-camara-de-sao-luis\/\"]}]},{\"@type\":\"ImageObject\",\"inLanguage\":\"pt-BR\",\"@id\":\"https:\/\/www.blogsoestado.com\/danielmatos\/ameacas-de-massacres-nas-escolas-repercutem-na-camara-de-sao-luis\/#primaryimage\",\"url\":\"https:\/\/www.blogsoestado.com\/danielmatos\/files\/2023\/04\/Screenshot_20230410-2101422.png\",\"contentUrl\":\"https:\/\/www.blogsoestado.com\/danielmatos\/files\/2023\/04\/Screenshot_20230410-2101422.png\"},{\"@type\":\"BreadcrumbList\",\"@id\":\"https:\/\/www.blogsoestado.com\/danielmatos\/ameacas-de-massacres-nas-escolas-repercutem-na-camara-de-sao-luis\/#breadcrumb\",\"itemListElement\":[{\"@type\":\"ListItem\",\"position\":1,\"name\":\"In\u00edcio\",\"item\":\"https:\/\/www.blogsoestado.com\/danielmatos\/\"},{\"@type\":\"ListItem\",\"position\":2,\"name\":\"Amea\u00e7as de massacres em escolas repercutem na C\u00e2mara de S\u00e3o Lu\u00eds\"}]},{\"@type\":\"WebSite\",\"@id\":\"https:\/\/www.blogsoestado.com\/danielmatos\/#website\",\"url\":\"https:\/\/www.blogsoestado.com\/danielmatos\/\",\"name\":\"Daniel Matos\",\"description\":\"\",\"potentialAction\":[{\"@type\":\"SearchAction\",\"target\":{\"@type\":\"EntryPoint\",\"urlTemplate\":\"https:\/\/www.blogsoestado.com\/danielmatos\/?s={search_term_string}\"},\"query-input\":{\"@type\":\"PropertyValueSpecification\",\"valueRequired\":true,\"valueName\":\"search_term_string\"}}],\"inLanguage\":\"pt-BR\"}]}<\/script>\n<!-- \/ Yoast SEO plugin. -->","yoast_head_json":{"title":"Amea\u00e7as de massacres em escolas repercutem na C\u00e2mara de S\u00e3o Lu\u00eds - Daniel Matos","robots":{"index":"index","follow":"follow","max-snippet":"max-snippet:-1","max-image-preview":"max-image-preview:large","max-video-preview":"max-video-preview:-1"},"canonical":"https:\/\/www.blogsoestado.com\/danielmatos\/ameacas-de-massacres-nas-escolas-repercutem-na-camara-de-sao-luis\/","og_locale":"pt_BR","og_type":"article","og_title":"Amea\u00e7as de massacres em escolas repercutem na C\u00e2mara de S\u00e3o Lu\u00eds - Daniel Matos","og_description":"Os vereadores Dr. Gutemberg, Marcelo Poeta, Marcial Lima, Ant\u00f4nio Garcez e Nato J\u00fanior se manifestaram sobre o assunto apontando as [&hellip;]","og_url":"https:\/\/www.blogsoestado.com\/danielmatos\/ameacas-de-massacres-nas-escolas-repercutem-na-camara-de-sao-luis\/","og_site_name":"Daniel Matos","article_published_time":"2023-04-10T23:57:26+00:00","og_image":[{"url":"https:\/\/www.blogsoestado.com\/danielmatos\/files\/2023\/04\/Screenshot_20230410-2101422.png","type":"","width":"","height":""}],"twitter_card":"summary_large_image","twitter_misc":{"Est. tempo de leitura":"4 minutos"},"schema":{"@context":"https:\/\/schema.org","@graph":[{"@type":"WebPage","@id":"https:\/\/www.blogsoestado.com\/danielmatos\/ameacas-de-massacres-nas-escolas-repercutem-na-camara-de-sao-luis\/","url":"https:\/\/www.blogsoestado.com\/danielmatos\/ameacas-de-massacres-nas-escolas-repercutem-na-camara-de-sao-luis\/","name":"Amea\u00e7as de massacres em escolas repercutem na C\u00e2mara de S\u00e3o Lu\u00eds - Daniel Matos","isPartOf":{"@id":"https:\/\/www.blogsoestado.com\/danielmatos\/#website"},"primaryImageOfPage":{"@id":"https:\/\/www.blogsoestado.com\/danielmatos\/ameacas-de-massacres-nas-escolas-repercutem-na-camara-de-sao-luis\/#primaryimage"},"image":{"@id":"https:\/\/www.blogsoestado.com\/danielmatos\/ameacas-de-massacres-nas-escolas-repercutem-na-camara-de-sao-luis\/#primaryimage"},"thumbnailUrl":"https:\/\/www.blogsoestado.com\/danielmatos\/files\/2023\/04\/Screenshot_20230410-2101422.png","datePublished":"2023-04-10T23:57:26+00:00","author":{"@id":""},"breadcrumb":{"@id":"https:\/\/www.blogsoestado.com\/danielmatos\/ameacas-de-massacres-nas-escolas-repercutem-na-camara-de-sao-luis\/#breadcrumb"},"inLanguage":"pt-BR","potentialAction":[{"@type":"ReadAction","target":["https:\/\/www.blogsoestado.com\/danielmatos\/ameacas-de-massacres-nas-escolas-repercutem-na-camara-de-sao-luis\/"]}]},{"@type":"ImageObject","inLanguage":"pt-BR","@id":"https:\/\/www.blogsoestado.com\/danielmatos\/ameacas-de-massacres-nas-escolas-repercutem-na-camara-de-sao-luis\/#primaryimage","url":"https:\/\/www.blogsoestado.com\/danielmatos\/files\/2023\/04\/Screenshot_20230410-2101422.png","contentUrl":"https:\/\/www.blogsoestado.com\/danielmatos\/files\/2023\/04\/Screenshot_20230410-2101422.png"},{"@type":"BreadcrumbList","@id":"https:\/\/www.blogsoestado.com\/danielmatos\/ameacas-de-massacres-nas-escolas-repercutem-na-camara-de-sao-luis\/#breadcrumb","itemListElement":[{"@type":"ListItem","position":1,"name":"In\u00edcio","item":"https:\/\/www.blogsoestado.com\/danielmatos\/"},{"@type":"ListItem","position":2,"name":"Amea\u00e7as de massacres em escolas repercutem na C\u00e2mara de S\u00e3o Lu\u00eds"}]},{"@type":"WebSite","@id":"https:\/\/www.blogsoestado.com\/danielmatos\/#website","url":"https:\/\/www.blogsoestado.com\/danielmatos\/","name":"Daniel Matos","description":"","potentialAction":[{"@type":"SearchAction","target":{"@type":"EntryPoint","urlTemplate":"https:\/\/www.blogsoestado.com\/danielmatos\/?s={search_term_string}"},"query-input":{"@type":"PropertyValueSpecification","valueRequired":true,"valueName":"search_term_string"}}],"inLanguage":"pt-BR"}]}},"jetpack_featured_media_url":"","_links":{"self":[{"href":"https:\/\/www.blogsoestado.com\/danielmatos\/wp-json\/wp\/v2\/posts\/108205","targetHints":{"allow":["GET"]}}],"collection":[{"href":"https:\/\/www.blogsoestado.com\/danielmatos\/wp-json\/wp\/v2\/posts"}],"about":[{"href":"https:\/\/www.blogsoestado.com\/danielmatos\/wp-json\/wp\/v2\/types\/post"}],"replies":[{"embeddable":true,"href":"https:\/\/www.blogsoestado.com\/danielmatos\/wp-json\/wp\/v2\/comments?post=108205"}],"version-history":[{"count":0,"href":"https:\/\/www.blogsoestado.com\/danielmatos\/wp-json\/wp\/v2\/posts\/108205\/revisions"}],"wp:attachment":[{"href":"https:\/\/www.blogsoestado.com\/danielmatos\/wp-json\/wp\/v2\/media?parent=108205"}],"wp:term":[{"taxonomy":"category","embeddable":true,"href":"https:\/\/www.blogsoestado.com\/danielmatos\/wp-json\/wp\/v2\/categories?post=108205"},{"taxonomy":"post_tag","embeddable":true,"href":"https:\/\/www.blogsoestado.com\/danielmatos\/wp-json\/wp\/v2\/tags?post=108205"}],"curies":[{"name":"wp","href":"https:\/\/api.w.org\/{rel}","templated":true}]}}