{"id":108213,"date":"2023-04-10T21:28:50","date_gmt":"2023-04-11T00:28:50","guid":{"rendered":"https:\/\/www.blogsoestado.com\/danielmatos\/?p=108213"},"modified":"2023-04-10T21:28:50","modified_gmt":"2023-04-11T00:28:50","slug":"dia-do-egresso-orgulho-de-ser-ceuma-acontece-nesta-terca-feira-11-em-comemoracao-aos-33-anos-da-instituicao","status":"publish","type":"post","link":"https:\/\/www.blogsoestado.com\/danielmatos\/dia-do-egresso-orgulho-de-ser-ceuma-acontece-nesta-terca-feira-11-em-comemoracao-aos-33-anos-da-instituicao\/","title":{"rendered":"Dia do Egresso &#8211; Orgulho de ser Ceuma acontece nesta ter\u00e7a-feira (11), em comemora\u00e7\u00e3o aos 33 anos da institui\u00e7\u00e3o"},"content":{"rendered":"\n<p><strong><span class=\"has-inline-color has-vivid-red-color\">Evento, que ser\u00e1 realizado no Campus Renascen\u00e7a, ter\u00e1 na programa\u00e7\u00e3o palestra do secret\u00e1rio de Estado da Ind\u00fastria, Com\u00e9rcio e Servi\u00e7os, Marco Moura, graduado em Economia na universidade<\/span><\/strong><\/p>\n\n\n\n<div class=\"wp-block-image\"><figure class=\"aligncenter size-large\"><a href=\"https:\/\/www.blogsoestado.com\/danielmatos\/files\/2023\/04\/Screenshot_20230410-2116442.png\"><img decoding=\"async\" src=\"https:\/\/www.blogsoestado.com\/danielmatos\/files\/2023\/04\/Screenshot_20230410-2116442.png\" alt=\"\" class=\"wp-image-108214\"\/><\/a><\/figure><\/div>\n\n\n\n<p>Para comemorar os seus 33 anos, a Universidade Ceuma, vai promover amanh\u00e3, dia 11, o Dia do Egresso, um evento com a participa\u00e7\u00e3o de grandes profissionais formados na Institui\u00e7\u00e3o de Ensino Superior (IES,) voltado para os ingressantes de 2023 e toda a comunidade acad\u00eamica.<\/p>\n\n\n\n<p>Em sua primeira edi\u00e7\u00e3o, o palestrante \u00e9 o egresso <em>Marco Moura, Secret\u00e1rio Adjunto de Ind\u00fastria, Com\u00e9rcio e Servi\u00e7os<\/em>, que vai ministrar a palestra <em>Universos Convergentes: Sala de Aula e Mundo do Trabalho.<\/em><\/p>\n\n\n\n<p>Marco Moura \u00e9 economista graduado na Universidade Ceuma, com Mestrado em Gest\u00e3o e especializa\u00e7\u00e3o em<br \/>Ger\u00eancia Empresarial, Educa\u00e7\u00e3o Ambiental e Gest\u00e3o Estrat\u00e9gica. Ocupou todos os cargos de lideran\u00e7a no Sistema Fiema como executivo; foi professor universit\u00e1rio, diretor de rede privada de educa\u00e7\u00e3o b\u00e1sica; Diretor da Escola de Governo de S\u00e3o Lu\u00eds e Secret\u00e1rio Municipal de Educa\u00e7\u00e3o de S\u00e3o Lu\u00eds.<\/p>\n\n\n\n<p>Atualmente desenvolve ainda atividades de consultoria e mentoring para empresas dos segmentos de educa\u00e7\u00e3o e institui\u00e7\u00f5es sem fins lucrativos.<\/p>\n\n\n\n<p><strong>Servi\u00e7o<\/strong> <\/p>\n\n\n\n<p>O que: Dia do Egresso &#8211; Orgulho de ser Ceuma<\/p>\n\n\n\n<p>Quando: nesta <em>ter\u00e7a-feira, dia 11 de abril, \u00e0s 19h<\/em><\/p>\n\n\n\n<p>Onde:<em> Audit\u00f3rio Expedito Bacelar (Campus Renascen\u00e7a)<\/em><\/p>\n\n\n\n<p>P\u00fablico-alvo: ingressantes de 2023 e toda a comunidade acad\u00eamica<\/p>\n","protected":false},"excerpt":{"rendered":"<p>Evento, que ser\u00e1 realizado no Campus Renascen\u00e7a, ter\u00e1 na programa\u00e7\u00e3o palestra do secret\u00e1rio de Estado da Ind\u00fastria, Com\u00e9rcio e Servi\u00e7os, [&hellip;]<\/p>\n","protected":false},"author":0,"featured_media":0,"comment_status":"open","ping_status":"open","sticky":false,"template":"","format":"standard","meta":{"site-sidebar-layout":"default","site-content-layout":"","ast-site-content-layout":"default","site-content-style":"default","site-sidebar-style":"default","ast-global-header-display":"","ast-banner-title-visibility":"","ast-main-header-display":"","ast-hfb-above-header-display":"","ast-hfb-below-header-display":"","ast-hfb-mobile-header-display":"","site-post-title":"","ast-breadcrumbs-content":"","ast-featured-img":"","footer-sml-layout":"","ast-disable-related-posts":"","theme-transparent-header-meta":"","adv-header-id-meta":"","stick-header-meta":"","header-above-stick-meta":"","header-main-stick-meta":"","header-below-stick-meta":"","astra-migrate-meta-layouts":"default","ast-page-background-enabled":"default","ast-page-background-meta":{"desktop":{"background-color":"var(--ast-global-color-5)","background-image":"","background-repeat":"repeat","background-position":"center center","background-size":"auto","background-attachment":"scroll","background-type":"","background-media":"","overlay-type":"","overlay-color":"","overlay-opacity":"","overlay-gradient":""},"tablet":{"background-color":"","background-image":"","background-repeat":"repeat","background-position":"center center","background-size":"auto","background-attachment":"scroll","background-type":"","background-media":"","overlay-type":"","overlay-color":"","overlay-opacity":"","overlay-gradient":""},"mobile":{"background-color":"","background-image":"","background-repeat":"repeat","background-position":"center center","background-size":"auto","background-attachment":"scroll","background-type":"","background-media":"","overlay-type":"","overlay-color":"","overlay-opacity":"","overlay-gradient":""}},"ast-content-background-meta":{"desktop":{"background-color":"var(--ast-global-color-4)","background-image":"","background-repeat":"repeat","background-position":"center center","background-size":"auto","background-attachment":"scroll","background-type":"","background-media":"","overlay-type":"","overlay-color":"","overlay-opacity":"","overlay-gradient":""},"tablet":{"background-color":"var(--ast-global-color-4)","background-image":"","background-repeat":"repeat","background-position":"center center","background-size":"auto","background-attachment":"scroll","background-type":"","background-media":"","overlay-type":"","overlay-color":"","overlay-opacity":"","overlay-gradient":""},"mobile":{"background-color":"var(--ast-global-color-4)","background-image":"","background-repeat":"repeat","background-position":"center center","background-size":"auto","background-attachment":"scroll","background-type":"","background-media":"","overlay-type":"","overlay-color":"","overlay-opacity":"","overlay-gradient":""}},"footnotes":""},"categories":[1],"tags":[],"class_list":["post-108213","post","type-post","status-publish","format-standard","hentry","category-sem-categoria"],"yoast_head":"<!-- This site is optimized with the Yoast SEO plugin v26.6 - https:\/\/yoast.com\/wordpress\/plugins\/seo\/ -->\n<title>Dia do Egresso - Orgulho de ser Ceuma acontece nesta ter\u00e7a-feira (11), em comemora\u00e7\u00e3o aos 33 anos da institui\u00e7\u00e3o - Daniel Matos<\/title>\n<meta name=\"robots\" content=\"index, follow, max-snippet:-1, max-image-preview:large, max-video-preview:-1\" \/>\n<link rel=\"canonical\" href=\"https:\/\/www.blogsoestado.com\/danielmatos\/dia-do-egresso-orgulho-de-ser-ceuma-acontece-nesta-terca-feira-11-em-comemoracao-aos-33-anos-da-instituicao\/\" \/>\n<meta property=\"og:locale\" content=\"pt_BR\" \/>\n<meta property=\"og:type\" content=\"article\" \/>\n<meta property=\"og:title\" content=\"Dia do Egresso - Orgulho de ser Ceuma acontece nesta ter\u00e7a-feira (11), em comemora\u00e7\u00e3o aos 33 anos da institui\u00e7\u00e3o - Daniel Matos\" \/>\n<meta property=\"og:description\" content=\"Evento, que ser\u00e1 realizado no Campus Renascen\u00e7a, ter\u00e1 na programa\u00e7\u00e3o palestra do secret\u00e1rio de Estado da Ind\u00fastria, Com\u00e9rcio e Servi\u00e7os, [&hellip;]\" \/>\n<meta property=\"og:url\" content=\"https:\/\/www.blogsoestado.com\/danielmatos\/dia-do-egresso-orgulho-de-ser-ceuma-acontece-nesta-terca-feira-11-em-comemoracao-aos-33-anos-da-instituicao\/\" \/>\n<meta property=\"og:site_name\" content=\"Daniel Matos\" \/>\n<meta property=\"article:published_time\" content=\"2023-04-11T00:28:50+00:00\" \/>\n<meta property=\"og:image\" content=\"https:\/\/www.blogsoestado.com\/danielmatos\/files\/2023\/04\/Screenshot_20230410-2116442.png\" \/>\n<meta name=\"twitter:card\" content=\"summary_large_image\" \/>\n<meta name=\"twitter:label1\" content=\"Est. tempo de leitura\" \/>\n\t<meta name=\"twitter:data1\" content=\"2 minutos\" \/>\n<script type=\"application\/ld+json\" class=\"yoast-schema-graph\">{\"@context\":\"https:\/\/schema.org\",\"@graph\":[{\"@type\":\"WebPage\",\"@id\":\"https:\/\/www.blogsoestado.com\/danielmatos\/dia-do-egresso-orgulho-de-ser-ceuma-acontece-nesta-terca-feira-11-em-comemoracao-aos-33-anos-da-instituicao\/\",\"url\":\"https:\/\/www.blogsoestado.com\/danielmatos\/dia-do-egresso-orgulho-de-ser-ceuma-acontece-nesta-terca-feira-11-em-comemoracao-aos-33-anos-da-instituicao\/\",\"name\":\"Dia do Egresso - Orgulho de ser Ceuma acontece nesta ter\u00e7a-feira (11), em comemora\u00e7\u00e3o aos 33 anos da institui\u00e7\u00e3o - Daniel Matos\",\"isPartOf\":{\"@id\":\"https:\/\/www.blogsoestado.com\/danielmatos\/#website\"},\"primaryImageOfPage\":{\"@id\":\"https:\/\/www.blogsoestado.com\/danielmatos\/dia-do-egresso-orgulho-de-ser-ceuma-acontece-nesta-terca-feira-11-em-comemoracao-aos-33-anos-da-instituicao\/#primaryimage\"},\"image\":{\"@id\":\"https:\/\/www.blogsoestado.com\/danielmatos\/dia-do-egresso-orgulho-de-ser-ceuma-acontece-nesta-terca-feira-11-em-comemoracao-aos-33-anos-da-instituicao\/#primaryimage\"},\"thumbnailUrl\":\"https:\/\/www.blogsoestado.com\/danielmatos\/files\/2023\/04\/Screenshot_20230410-2116442.png\",\"datePublished\":\"2023-04-11T00:28:50+00:00\",\"author\":{\"@id\":\"\"},\"breadcrumb\":{\"@id\":\"https:\/\/www.blogsoestado.com\/danielmatos\/dia-do-egresso-orgulho-de-ser-ceuma-acontece-nesta-terca-feira-11-em-comemoracao-aos-33-anos-da-instituicao\/#breadcrumb\"},\"inLanguage\":\"pt-BR\",\"potentialAction\":[{\"@type\":\"ReadAction\",\"target\":[\"https:\/\/www.blogsoestado.com\/danielmatos\/dia-do-egresso-orgulho-de-ser-ceuma-acontece-nesta-terca-feira-11-em-comemoracao-aos-33-anos-da-instituicao\/\"]}]},{\"@type\":\"ImageObject\",\"inLanguage\":\"pt-BR\",\"@id\":\"https:\/\/www.blogsoestado.com\/danielmatos\/dia-do-egresso-orgulho-de-ser-ceuma-acontece-nesta-terca-feira-11-em-comemoracao-aos-33-anos-da-instituicao\/#primaryimage\",\"url\":\"https:\/\/www.blogsoestado.com\/danielmatos\/files\/2023\/04\/Screenshot_20230410-2116442.png\",\"contentUrl\":\"https:\/\/www.blogsoestado.com\/danielmatos\/files\/2023\/04\/Screenshot_20230410-2116442.png\"},{\"@type\":\"BreadcrumbList\",\"@id\":\"https:\/\/www.blogsoestado.com\/danielmatos\/dia-do-egresso-orgulho-de-ser-ceuma-acontece-nesta-terca-feira-11-em-comemoracao-aos-33-anos-da-instituicao\/#breadcrumb\",\"itemListElement\":[{\"@type\":\"ListItem\",\"position\":1,\"name\":\"In\u00edcio\",\"item\":\"https:\/\/www.blogsoestado.com\/danielmatos\/\"},{\"@type\":\"ListItem\",\"position\":2,\"name\":\"Dia do Egresso &#8211; Orgulho de ser Ceuma acontece nesta ter\u00e7a-feira (11), em comemora\u00e7\u00e3o aos 33 anos da institui\u00e7\u00e3o\"}]},{\"@type\":\"WebSite\",\"@id\":\"https:\/\/www.blogsoestado.com\/danielmatos\/#website\",\"url\":\"https:\/\/www.blogsoestado.com\/danielmatos\/\",\"name\":\"Daniel Matos\",\"description\":\"\",\"potentialAction\":[{\"@type\":\"SearchAction\",\"target\":{\"@type\":\"EntryPoint\",\"urlTemplate\":\"https:\/\/www.blogsoestado.com\/danielmatos\/?s={search_term_string}\"},\"query-input\":{\"@type\":\"PropertyValueSpecification\",\"valueRequired\":true,\"valueName\":\"search_term_string\"}}],\"inLanguage\":\"pt-BR\"}]}<\/script>\n<!-- \/ Yoast SEO plugin. -->","yoast_head_json":{"title":"Dia do Egresso - Orgulho de ser Ceuma acontece nesta ter\u00e7a-feira (11), em comemora\u00e7\u00e3o aos 33 anos da institui\u00e7\u00e3o - Daniel Matos","robots":{"index":"index","follow":"follow","max-snippet":"max-snippet:-1","max-image-preview":"max-image-preview:large","max-video-preview":"max-video-preview:-1"},"canonical":"https:\/\/www.blogsoestado.com\/danielmatos\/dia-do-egresso-orgulho-de-ser-ceuma-acontece-nesta-terca-feira-11-em-comemoracao-aos-33-anos-da-instituicao\/","og_locale":"pt_BR","og_type":"article","og_title":"Dia do Egresso - Orgulho de ser Ceuma acontece nesta ter\u00e7a-feira (11), em comemora\u00e7\u00e3o aos 33 anos da institui\u00e7\u00e3o - Daniel Matos","og_description":"Evento, que ser\u00e1 realizado no Campus Renascen\u00e7a, ter\u00e1 na programa\u00e7\u00e3o palestra do secret\u00e1rio de Estado da Ind\u00fastria, Com\u00e9rcio e Servi\u00e7os, [&hellip;]","og_url":"https:\/\/www.blogsoestado.com\/danielmatos\/dia-do-egresso-orgulho-de-ser-ceuma-acontece-nesta-terca-feira-11-em-comemoracao-aos-33-anos-da-instituicao\/","og_site_name":"Daniel Matos","article_published_time":"2023-04-11T00:28:50+00:00","og_image":[{"url":"https:\/\/www.blogsoestado.com\/danielmatos\/files\/2023\/04\/Screenshot_20230410-2116442.png","type":"","width":"","height":""}],"twitter_card":"summary_large_image","twitter_misc":{"Est. tempo de leitura":"2 minutos"},"schema":{"@context":"https:\/\/schema.org","@graph":[{"@type":"WebPage","@id":"https:\/\/www.blogsoestado.com\/danielmatos\/dia-do-egresso-orgulho-de-ser-ceuma-acontece-nesta-terca-feira-11-em-comemoracao-aos-33-anos-da-instituicao\/","url":"https:\/\/www.blogsoestado.com\/danielmatos\/dia-do-egresso-orgulho-de-ser-ceuma-acontece-nesta-terca-feira-11-em-comemoracao-aos-33-anos-da-instituicao\/","name":"Dia do Egresso - Orgulho de ser Ceuma acontece nesta ter\u00e7a-feira (11), em comemora\u00e7\u00e3o aos 33 anos da institui\u00e7\u00e3o - Daniel Matos","isPartOf":{"@id":"https:\/\/www.blogsoestado.com\/danielmatos\/#website"},"primaryImageOfPage":{"@id":"https:\/\/www.blogsoestado.com\/danielmatos\/dia-do-egresso-orgulho-de-ser-ceuma-acontece-nesta-terca-feira-11-em-comemoracao-aos-33-anos-da-instituicao\/#primaryimage"},"image":{"@id":"https:\/\/www.blogsoestado.com\/danielmatos\/dia-do-egresso-orgulho-de-ser-ceuma-acontece-nesta-terca-feira-11-em-comemoracao-aos-33-anos-da-instituicao\/#primaryimage"},"thumbnailUrl":"https:\/\/www.blogsoestado.com\/danielmatos\/files\/2023\/04\/Screenshot_20230410-2116442.png","datePublished":"2023-04-11T00:28:50+00:00","author":{"@id":""},"breadcrumb":{"@id":"https:\/\/www.blogsoestado.com\/danielmatos\/dia-do-egresso-orgulho-de-ser-ceuma-acontece-nesta-terca-feira-11-em-comemoracao-aos-33-anos-da-instituicao\/#breadcrumb"},"inLanguage":"pt-BR","potentialAction":[{"@type":"ReadAction","target":["https:\/\/www.blogsoestado.com\/danielmatos\/dia-do-egresso-orgulho-de-ser-ceuma-acontece-nesta-terca-feira-11-em-comemoracao-aos-33-anos-da-instituicao\/"]}]},{"@type":"ImageObject","inLanguage":"pt-BR","@id":"https:\/\/www.blogsoestado.com\/danielmatos\/dia-do-egresso-orgulho-de-ser-ceuma-acontece-nesta-terca-feira-11-em-comemoracao-aos-33-anos-da-instituicao\/#primaryimage","url":"https:\/\/www.blogsoestado.com\/danielmatos\/files\/2023\/04\/Screenshot_20230410-2116442.png","contentUrl":"https:\/\/www.blogsoestado.com\/danielmatos\/files\/2023\/04\/Screenshot_20230410-2116442.png"},{"@type":"BreadcrumbList","@id":"https:\/\/www.blogsoestado.com\/danielmatos\/dia-do-egresso-orgulho-de-ser-ceuma-acontece-nesta-terca-feira-11-em-comemoracao-aos-33-anos-da-instituicao\/#breadcrumb","itemListElement":[{"@type":"ListItem","position":1,"name":"In\u00edcio","item":"https:\/\/www.blogsoestado.com\/danielmatos\/"},{"@type":"ListItem","position":2,"name":"Dia do Egresso &#8211; Orgulho de ser Ceuma acontece nesta ter\u00e7a-feira (11), em comemora\u00e7\u00e3o aos 33 anos da institui\u00e7\u00e3o"}]},{"@type":"WebSite","@id":"https:\/\/www.blogsoestado.com\/danielmatos\/#website","url":"https:\/\/www.blogsoestado.com\/danielmatos\/","name":"Daniel Matos","description":"","potentialAction":[{"@type":"SearchAction","target":{"@type":"EntryPoint","urlTemplate":"https:\/\/www.blogsoestado.com\/danielmatos\/?s={search_term_string}"},"query-input":{"@type":"PropertyValueSpecification","valueRequired":true,"valueName":"search_term_string"}}],"inLanguage":"pt-BR"}]}},"jetpack_featured_media_url":"","_links":{"self":[{"href":"https:\/\/www.blogsoestado.com\/danielmatos\/wp-json\/wp\/v2\/posts\/108213","targetHints":{"allow":["GET"]}}],"collection":[{"href":"https:\/\/www.blogsoestado.com\/danielmatos\/wp-json\/wp\/v2\/posts"}],"about":[{"href":"https:\/\/www.blogsoestado.com\/danielmatos\/wp-json\/wp\/v2\/types\/post"}],"replies":[{"embeddable":true,"href":"https:\/\/www.blogsoestado.com\/danielmatos\/wp-json\/wp\/v2\/comments?post=108213"}],"version-history":[{"count":0,"href":"https:\/\/www.blogsoestado.com\/danielmatos\/wp-json\/wp\/v2\/posts\/108213\/revisions"}],"wp:attachment":[{"href":"https:\/\/www.blogsoestado.com\/danielmatos\/wp-json\/wp\/v2\/media?parent=108213"}],"wp:term":[{"taxonomy":"category","embeddable":true,"href":"https:\/\/www.blogsoestado.com\/danielmatos\/wp-json\/wp\/v2\/categories?post=108213"},{"taxonomy":"post_tag","embeddable":true,"href":"https:\/\/www.blogsoestado.com\/danielmatos\/wp-json\/wp\/v2\/tags?post=108213"}],"curies":[{"name":"wp","href":"https:\/\/api.w.org\/{rel}","templated":true}]}}