{"id":108216,"date":"2023-04-10T23:50:14","date_gmt":"2023-04-11T02:50:14","guid":{"rendered":"https:\/\/www.blogsoestado.com\/danielmatos\/?p=108216"},"modified":"2023-04-10T23:50:14","modified_gmt":"2023-04-11T02:50:14","slug":"ceuma-comemora-33-anos-com-festa-para-a-comunidade-academica-e-homenagens","status":"publish","type":"post","link":"https:\/\/www.blogsoestado.com\/danielmatos\/ceuma-comemora-33-anos-com-festa-para-a-comunidade-academica-e-homenagens\/","title":{"rendered":"Ceuma comemora 33 anos com festa para a comunidade acad\u00eamica e homenagens"},"content":{"rendered":"\n<div class=\"wp-block-image\"><figure class=\"aligncenter size-large\"><a href=\"https:\/\/www.blogsoestado.com\/danielmatos\/files\/2023\/04\/Screenshot_20230410-2243202.png\"><img decoding=\"async\" src=\"https:\/\/www.blogsoestado.com\/danielmatos\/files\/2023\/04\/Screenshot_20230410-2243202.png\" alt=\"\" class=\"wp-image-108219\"\/><\/a><figcaption>O fundador e mantenedor da Universidade Ceuma, Mauro Fecury, \u00e9 cumprimentado por brincante de grupo de bumba meu boi durante a comemora\u00e7\u00e3o no Campus Renascen\u00e7a <\/figcaption><\/figure><\/div>\n\n\n\n<p>A Universidade Ceuma completou, no \u00faltimo domingo, 9 de abril, 33 anos de relevantes servi\u00e7os prestados \u00e0 educa\u00e7\u00e3o superior do Maranh\u00e3o. Para marcar a data, a institui\u00e7\u00e3o realizou uma grandiosa festa para a comunidade acad\u00eamica, nesta segunda-feira (9), no Campus Renascen\u00e7a, com direito a bolo, homenagens, apresenta\u00e7\u00f5es culturais e at\u00e9 performance de DJ.<\/p>\n\n\n\n<div class=\"wp-block-image\"><figure class=\"aligncenter size-large\"><a href=\"https:\/\/www.blogsoestado.com\/danielmatos\/files\/2023\/04\/Screenshot_20230410-2243542.png\"><img decoding=\"async\" src=\"https:\/\/www.blogsoestado.com\/danielmatos\/files\/2023\/04\/Screenshot_20230410-2243542.png\" alt=\"\" class=\"wp-image-108220\"\/><\/a><figcaption>Bolo tem\u00e1tico que simbolizou o anivers\u00e1rio de 33 anos do Ceuma<\/figcaption><\/figure><\/div>\n\n\n\n<p>A programa\u00e7\u00e3o comemorativa alegrou estudantes, professores, coordenadores e demais colaboradores da \u00fanica universidade particular do Maranh\u00e3o, credenciada em 2012 pelo Minist\u00e9rio da Educa\u00e7\u00e3o (MEC). Al\u00e9m do clima de descontra\u00e7\u00e3o e alto astral, o evento festivo refor\u00e7ou o sentimento de orgulho de todos os que mant\u00eam ou mantiveram v\u00ednculo com a institui\u00e7\u00e3o de ensino, que ao longo de mais de tr\u00eas d\u00e9cadas tornou-se refer\u00eancia na forma\u00e7\u00e3o de profissionais altamente capacitados para atuar no mercado, em diferentes \u00e1reas, e contribuir para o desenvolvimento do estado.<\/p>\n\n\n\n<div class=\"wp-block-image\"><figure class=\"aligncenter size-large\"><a href=\"https:\/\/www.blogsoestado.com\/danielmatos\/files\/2023\/04\/Screenshot_20230410-2244512.png\"><img decoding=\"async\" src=\"https:\/\/www.blogsoestado.com\/danielmatos\/files\/2023\/04\/Screenshot_20230410-2244512.png\" alt=\"\" class=\"wp-image-108221\"\/><\/a><figcaption>A reitora da Universidade Ceuma, Maria Cristina Nitz, com grupo de colaboradores envolvidos na organiza\u00e7\u00e3o da festa <\/figcaption><\/figure><\/div>\n\n\n\n<p><strong>Presen\u00e7a ilustre<\/strong><\/p>\n\n\n\n<p>Presente \u00e0 comemora\u00e7\u00e3o, o fundador e mantenedor do Ceuma, Mauro Fecury, n\u00e3o conteve a emo\u00e7\u00e3o ao se deparar, mais uma vez, com o sucesso do projeto educacional que lan\u00e7ou no j\u00e1 long\u00ednquo ano de 1990 e soube conduzir rumo ao sucesso, com habilidade, dedica\u00e7\u00e3o e extrema sensibilidade. <\/p>\n\n\n\n<div class=\"wp-block-image\"><figure class=\"aligncenter size-large\"><a href=\"https:\/\/www.blogsoestado.com\/danielmatos\/files\/2023\/04\/Screenshot_20230410-2337332.png\"><img decoding=\"async\" src=\"https:\/\/www.blogsoestado.com\/danielmatos\/files\/2023\/04\/Screenshot_20230410-2337332.png\" alt=\"\" class=\"wp-image-108223\"\/><\/a><figcaption>Aluna esbanja alegria e descontra\u00e7\u00e3o durante a comemora\u00e7\u00e3o do anivers\u00e1rio do Ceuma, no Campus Renascen\u00e7a<\/figcaption><\/figure><\/div>\n\n\n\n<p>Durante a festa, a reitora da Universidade Ceuma, Maria Cristina Nitz, agradeceu a participa\u00e7\u00e3o de todos e lembrou que o m\u00eas de abril ser\u00e1 repleto de atividades em alus\u00e3o aos 33 anos da institui\u00e7\u00e3o. <\/p>\n\n\n\n<div class=\"wp-block-image\"><figure class=\"aligncenter size-large\"><a href=\"https:\/\/www.blogsoestado.com\/danielmatos\/files\/2023\/04\/Screenshot_20230410-2244222.png\"><img decoding=\"async\" src=\"https:\/\/www.blogsoestado.com\/danielmatos\/files\/2023\/04\/Screenshot_20230410-2244222.png\" alt=\"\" class=\"wp-image-108222\"\/><\/a><figcaption>Performance de DJ foi um dos momentos mais vibrantes da comemora\u00e7\u00e3o dos 33 anos da Universidade Ceuma<\/figcaption><\/figure><\/div>\n\n\n\n<p><strong>Galeria de reitores<\/strong> <\/p>\n\n\n\n<p>Ao celebrar seu 33\u00ba anivers\u00e1rio, a Universidade Ceuma fez distin\u00e7\u00e3o especial aos seis reitores que j\u00e1 estiveram \u00e0 frente da institui\u00e7\u00e3o &#8211; Jos\u00e9 Maria Cabral Marques (2000-2002), Lu\u00eds An\u00edsio Camar\u00e3o Chaves (2002-2004), Aldy Melo de Ara\u00fajo (2004-2009), Marcos Barros e Silva (2012-2015), Saulo Henrique Brito Matos Martins (2015-2019) e Maria Cristina Nitz (2009-2012)\/(2019 at\u00e9 o presente).<\/p>\n\n\n\n<div class=\"wp-block-image\"><figure class=\"aligncenter size-large\"><a href=\"https:\/\/www.blogsoestado.com\/danielmatos\/files\/2023\/04\/Screenshot_20230410-2325262.png\"><img decoding=\"async\" src=\"https:\/\/www.blogsoestado.com\/danielmatos\/files\/2023\/04\/Screenshot_20230410-2325262.png\" alt=\"\" class=\"wp-image-108218\"\/><\/a><figcaption>Galeria de reitores da Universidade Ceuma re\u00fane grandes nomes da educa\u00e7\u00e3o nacional <\/figcaption><\/figure><\/div>\n\n\n\n<p>&#8220;Tivemos a oportunidade de compartilhar a nossa rica trajet\u00f3ria com grandes nomes da Educa\u00e7\u00e3o nacional e \u00e9 um orgulho recapitular tudo isso neste carrossel. S\u00e3o 33 anos de muita hist\u00f3ria, inova\u00e7\u00e3o e educa\u00e7\u00e3o!&#8221;, exaltou a universidade em suas redes sociais oficiais.<\/p>\n","protected":false},"excerpt":{"rendered":"<p>A Universidade Ceuma completou, no \u00faltimo domingo, 9 de abril, 33 anos de relevantes servi\u00e7os prestados \u00e0 educa\u00e7\u00e3o superior do [&hellip;]<\/p>\n","protected":false},"author":0,"featured_media":0,"comment_status":"open","ping_status":"open","sticky":false,"template":"","format":"standard","meta":{"site-sidebar-layout":"default","site-content-layout":"","ast-site-content-layout":"default","site-content-style":"default","site-sidebar-style":"default","ast-global-header-display":"","ast-banner-title-visibility":"","ast-main-header-display":"","ast-hfb-above-header-display":"","ast-hfb-below-header-display":"","ast-hfb-mobile-header-display":"","site-post-title":"","ast-breadcrumbs-content":"","ast-featured-img":"","footer-sml-layout":"","ast-disable-related-posts":"","theme-transparent-header-meta":"","adv-header-id-meta":"","stick-header-meta":"","header-above-stick-meta":"","header-main-stick-meta":"","header-below-stick-meta":"","astra-migrate-meta-layouts":"default","ast-page-background-enabled":"default","ast-page-background-meta":{"desktop":{"background-color":"var(--ast-global-color-5)","background-image":"","background-repeat":"repeat","background-position":"center center","background-size":"auto","background-attachment":"scroll","background-type":"","background-media":"","overlay-type":"","overlay-color":"","overlay-opacity":"","overlay-gradient":""},"tablet":{"background-color":"","background-image":"","background-repeat":"repeat","background-position":"center center","background-size":"auto","background-attachment":"scroll","background-type":"","background-media":"","overlay-type":"","overlay-color":"","overlay-opacity":"","overlay-gradient":""},"mobile":{"background-color":"","background-image":"","background-repeat":"repeat","background-position":"center center","background-size":"auto","background-attachment":"scroll","background-type":"","background-media":"","overlay-type":"","overlay-color":"","overlay-opacity":"","overlay-gradient":""}},"ast-content-background-meta":{"desktop":{"background-color":"var(--ast-global-color-4)","background-image":"","background-repeat":"repeat","background-position":"center center","background-size":"auto","background-attachment":"scroll","background-type":"","background-media":"","overlay-type":"","overlay-color":"","overlay-opacity":"","overlay-gradient":""},"tablet":{"background-color":"var(--ast-global-color-4)","background-image":"","background-repeat":"repeat","background-position":"center center","background-size":"auto","background-attachment":"scroll","background-type":"","background-media":"","overlay-type":"","overlay-color":"","overlay-opacity":"","overlay-gradient":""},"mobile":{"background-color":"var(--ast-global-color-4)","background-image":"","background-repeat":"repeat","background-position":"center center","background-size":"auto","background-attachment":"scroll","background-type":"","background-media":"","overlay-type":"","overlay-color":"","overlay-opacity":"","overlay-gradient":""}},"footnotes":""},"categories":[1],"tags":[],"class_list":["post-108216","post","type-post","status-publish","format-standard","hentry","category-sem-categoria"],"yoast_head":"<!-- This site is optimized with the Yoast SEO plugin v26.6 - https:\/\/yoast.com\/wordpress\/plugins\/seo\/ -->\n<title>Ceuma comemora 33 anos com festa para a comunidade acad\u00eamica e homenagens - Daniel Matos<\/title>\n<meta name=\"robots\" content=\"index, follow, max-snippet:-1, max-image-preview:large, max-video-preview:-1\" \/>\n<link rel=\"canonical\" href=\"https:\/\/www.blogsoestado.com\/danielmatos\/ceuma-comemora-33-anos-com-festa-para-a-comunidade-academica-e-homenagens\/\" \/>\n<meta property=\"og:locale\" content=\"pt_BR\" \/>\n<meta property=\"og:type\" content=\"article\" \/>\n<meta property=\"og:title\" content=\"Ceuma comemora 33 anos com festa para a comunidade acad\u00eamica e homenagens - Daniel Matos\" \/>\n<meta property=\"og:description\" content=\"A Universidade Ceuma completou, no \u00faltimo domingo, 9 de abril, 33 anos de relevantes servi\u00e7os prestados \u00e0 educa\u00e7\u00e3o superior do [&hellip;]\" \/>\n<meta property=\"og:url\" content=\"https:\/\/www.blogsoestado.com\/danielmatos\/ceuma-comemora-33-anos-com-festa-para-a-comunidade-academica-e-homenagens\/\" \/>\n<meta property=\"og:site_name\" content=\"Daniel Matos\" \/>\n<meta property=\"article:published_time\" content=\"2023-04-11T02:50:14+00:00\" \/>\n<meta property=\"og:image\" content=\"https:\/\/www.blogsoestado.com\/danielmatos\/files\/2023\/04\/Screenshot_20230410-2243202.png\" \/>\n<meta name=\"twitter:card\" content=\"summary_large_image\" \/>\n<meta name=\"twitter:label1\" content=\"Est. tempo de leitura\" \/>\n\t<meta name=\"twitter:data1\" content=\"4 minutos\" \/>\n<script type=\"application\/ld+json\" class=\"yoast-schema-graph\">{\"@context\":\"https:\/\/schema.org\",\"@graph\":[{\"@type\":\"WebPage\",\"@id\":\"https:\/\/www.blogsoestado.com\/danielmatos\/ceuma-comemora-33-anos-com-festa-para-a-comunidade-academica-e-homenagens\/\",\"url\":\"https:\/\/www.blogsoestado.com\/danielmatos\/ceuma-comemora-33-anos-com-festa-para-a-comunidade-academica-e-homenagens\/\",\"name\":\"Ceuma comemora 33 anos com festa para a comunidade acad\u00eamica e homenagens - Daniel Matos\",\"isPartOf\":{\"@id\":\"https:\/\/www.blogsoestado.com\/danielmatos\/#website\"},\"primaryImageOfPage\":{\"@id\":\"https:\/\/www.blogsoestado.com\/danielmatos\/ceuma-comemora-33-anos-com-festa-para-a-comunidade-academica-e-homenagens\/#primaryimage\"},\"image\":{\"@id\":\"https:\/\/www.blogsoestado.com\/danielmatos\/ceuma-comemora-33-anos-com-festa-para-a-comunidade-academica-e-homenagens\/#primaryimage\"},\"thumbnailUrl\":\"https:\/\/www.blogsoestado.com\/danielmatos\/files\/2023\/04\/Screenshot_20230410-2243202.png\",\"datePublished\":\"2023-04-11T02:50:14+00:00\",\"author\":{\"@id\":\"\"},\"breadcrumb\":{\"@id\":\"https:\/\/www.blogsoestado.com\/danielmatos\/ceuma-comemora-33-anos-com-festa-para-a-comunidade-academica-e-homenagens\/#breadcrumb\"},\"inLanguage\":\"pt-BR\",\"potentialAction\":[{\"@type\":\"ReadAction\",\"target\":[\"https:\/\/www.blogsoestado.com\/danielmatos\/ceuma-comemora-33-anos-com-festa-para-a-comunidade-academica-e-homenagens\/\"]}]},{\"@type\":\"ImageObject\",\"inLanguage\":\"pt-BR\",\"@id\":\"https:\/\/www.blogsoestado.com\/danielmatos\/ceuma-comemora-33-anos-com-festa-para-a-comunidade-academica-e-homenagens\/#primaryimage\",\"url\":\"https:\/\/www.blogsoestado.com\/danielmatos\/files\/2023\/04\/Screenshot_20230410-2243202.png\",\"contentUrl\":\"https:\/\/www.blogsoestado.com\/danielmatos\/files\/2023\/04\/Screenshot_20230410-2243202.png\"},{\"@type\":\"BreadcrumbList\",\"@id\":\"https:\/\/www.blogsoestado.com\/danielmatos\/ceuma-comemora-33-anos-com-festa-para-a-comunidade-academica-e-homenagens\/#breadcrumb\",\"itemListElement\":[{\"@type\":\"ListItem\",\"position\":1,\"name\":\"In\u00edcio\",\"item\":\"https:\/\/www.blogsoestado.com\/danielmatos\/\"},{\"@type\":\"ListItem\",\"position\":2,\"name\":\"Ceuma comemora 33 anos com festa para a comunidade acad\u00eamica e homenagens\"}]},{\"@type\":\"WebSite\",\"@id\":\"https:\/\/www.blogsoestado.com\/danielmatos\/#website\",\"url\":\"https:\/\/www.blogsoestado.com\/danielmatos\/\",\"name\":\"Daniel Matos\",\"description\":\"\",\"potentialAction\":[{\"@type\":\"SearchAction\",\"target\":{\"@type\":\"EntryPoint\",\"urlTemplate\":\"https:\/\/www.blogsoestado.com\/danielmatos\/?s={search_term_string}\"},\"query-input\":{\"@type\":\"PropertyValueSpecification\",\"valueRequired\":true,\"valueName\":\"search_term_string\"}}],\"inLanguage\":\"pt-BR\"}]}<\/script>\n<!-- \/ Yoast SEO plugin. -->","yoast_head_json":{"title":"Ceuma comemora 33 anos com festa para a comunidade acad\u00eamica e homenagens - Daniel Matos","robots":{"index":"index","follow":"follow","max-snippet":"max-snippet:-1","max-image-preview":"max-image-preview:large","max-video-preview":"max-video-preview:-1"},"canonical":"https:\/\/www.blogsoestado.com\/danielmatos\/ceuma-comemora-33-anos-com-festa-para-a-comunidade-academica-e-homenagens\/","og_locale":"pt_BR","og_type":"article","og_title":"Ceuma comemora 33 anos com festa para a comunidade acad\u00eamica e homenagens - Daniel Matos","og_description":"A Universidade Ceuma completou, no \u00faltimo domingo, 9 de abril, 33 anos de relevantes servi\u00e7os prestados \u00e0 educa\u00e7\u00e3o superior do [&hellip;]","og_url":"https:\/\/www.blogsoestado.com\/danielmatos\/ceuma-comemora-33-anos-com-festa-para-a-comunidade-academica-e-homenagens\/","og_site_name":"Daniel Matos","article_published_time":"2023-04-11T02:50:14+00:00","og_image":[{"url":"https:\/\/www.blogsoestado.com\/danielmatos\/files\/2023\/04\/Screenshot_20230410-2243202.png","type":"","width":"","height":""}],"twitter_card":"summary_large_image","twitter_misc":{"Est. tempo de leitura":"4 minutos"},"schema":{"@context":"https:\/\/schema.org","@graph":[{"@type":"WebPage","@id":"https:\/\/www.blogsoestado.com\/danielmatos\/ceuma-comemora-33-anos-com-festa-para-a-comunidade-academica-e-homenagens\/","url":"https:\/\/www.blogsoestado.com\/danielmatos\/ceuma-comemora-33-anos-com-festa-para-a-comunidade-academica-e-homenagens\/","name":"Ceuma comemora 33 anos com festa para a comunidade acad\u00eamica e homenagens - Daniel Matos","isPartOf":{"@id":"https:\/\/www.blogsoestado.com\/danielmatos\/#website"},"primaryImageOfPage":{"@id":"https:\/\/www.blogsoestado.com\/danielmatos\/ceuma-comemora-33-anos-com-festa-para-a-comunidade-academica-e-homenagens\/#primaryimage"},"image":{"@id":"https:\/\/www.blogsoestado.com\/danielmatos\/ceuma-comemora-33-anos-com-festa-para-a-comunidade-academica-e-homenagens\/#primaryimage"},"thumbnailUrl":"https:\/\/www.blogsoestado.com\/danielmatos\/files\/2023\/04\/Screenshot_20230410-2243202.png","datePublished":"2023-04-11T02:50:14+00:00","author":{"@id":""},"breadcrumb":{"@id":"https:\/\/www.blogsoestado.com\/danielmatos\/ceuma-comemora-33-anos-com-festa-para-a-comunidade-academica-e-homenagens\/#breadcrumb"},"inLanguage":"pt-BR","potentialAction":[{"@type":"ReadAction","target":["https:\/\/www.blogsoestado.com\/danielmatos\/ceuma-comemora-33-anos-com-festa-para-a-comunidade-academica-e-homenagens\/"]}]},{"@type":"ImageObject","inLanguage":"pt-BR","@id":"https:\/\/www.blogsoestado.com\/danielmatos\/ceuma-comemora-33-anos-com-festa-para-a-comunidade-academica-e-homenagens\/#primaryimage","url":"https:\/\/www.blogsoestado.com\/danielmatos\/files\/2023\/04\/Screenshot_20230410-2243202.png","contentUrl":"https:\/\/www.blogsoestado.com\/danielmatos\/files\/2023\/04\/Screenshot_20230410-2243202.png"},{"@type":"BreadcrumbList","@id":"https:\/\/www.blogsoestado.com\/danielmatos\/ceuma-comemora-33-anos-com-festa-para-a-comunidade-academica-e-homenagens\/#breadcrumb","itemListElement":[{"@type":"ListItem","position":1,"name":"In\u00edcio","item":"https:\/\/www.blogsoestado.com\/danielmatos\/"},{"@type":"ListItem","position":2,"name":"Ceuma comemora 33 anos com festa para a comunidade acad\u00eamica e homenagens"}]},{"@type":"WebSite","@id":"https:\/\/www.blogsoestado.com\/danielmatos\/#website","url":"https:\/\/www.blogsoestado.com\/danielmatos\/","name":"Daniel Matos","description":"","potentialAction":[{"@type":"SearchAction","target":{"@type":"EntryPoint","urlTemplate":"https:\/\/www.blogsoestado.com\/danielmatos\/?s={search_term_string}"},"query-input":{"@type":"PropertyValueSpecification","valueRequired":true,"valueName":"search_term_string"}}],"inLanguage":"pt-BR"}]}},"jetpack_featured_media_url":"","_links":{"self":[{"href":"https:\/\/www.blogsoestado.com\/danielmatos\/wp-json\/wp\/v2\/posts\/108216","targetHints":{"allow":["GET"]}}],"collection":[{"href":"https:\/\/www.blogsoestado.com\/danielmatos\/wp-json\/wp\/v2\/posts"}],"about":[{"href":"https:\/\/www.blogsoestado.com\/danielmatos\/wp-json\/wp\/v2\/types\/post"}],"replies":[{"embeddable":true,"href":"https:\/\/www.blogsoestado.com\/danielmatos\/wp-json\/wp\/v2\/comments?post=108216"}],"version-history":[{"count":0,"href":"https:\/\/www.blogsoestado.com\/danielmatos\/wp-json\/wp\/v2\/posts\/108216\/revisions"}],"wp:attachment":[{"href":"https:\/\/www.blogsoestado.com\/danielmatos\/wp-json\/wp\/v2\/media?parent=108216"}],"wp:term":[{"taxonomy":"category","embeddable":true,"href":"https:\/\/www.blogsoestado.com\/danielmatos\/wp-json\/wp\/v2\/categories?post=108216"},{"taxonomy":"post_tag","embeddable":true,"href":"https:\/\/www.blogsoestado.com\/danielmatos\/wp-json\/wp\/v2\/tags?post=108216"}],"curies":[{"name":"wp","href":"https:\/\/api.w.org\/{rel}","templated":true}]}}