{"id":108225,"date":"2023-04-11T08:00:00","date_gmt":"2023-04-11T11:00:00","guid":{"rendered":"https:\/\/www.blogsoestado.com\/danielmatos\/?p=108225"},"modified":"2023-04-11T08:00:00","modified_gmt":"2023-04-11T11:00:00","slug":"marcial-lima-critica-limpeza-publica-de-sao-luis","status":"publish","type":"post","link":"https:\/\/www.blogsoestado.com\/danielmatos\/marcial-lima-critica-limpeza-publica-de-sao-luis\/","title":{"rendered":"Marcial Lima critica limpeza p\u00fablica de S\u00e3o Lu\u00eds"},"content":{"rendered":"\n<p><em><strong><span class=\"has-inline-color has-vivid-red-color\">Parlamentar sugeriu contrata\u00e7\u00e3o de mais profissionais<\/span><\/strong><\/em><\/p>\n\n\n\n<div class=\"wp-block-image\"><figure class=\"aligncenter size-large\"><a href=\"https:\/\/www.blogsoestado.com\/danielmatos\/files\/2023\/04\/Screenshot_20230411-0032422.png\"><img decoding=\"async\" src=\"https:\/\/www.blogsoestado.com\/danielmatos\/files\/2023\/04\/Screenshot_20230411-0032422.png\" alt=\"\" class=\"wp-image-108226\"\/><\/a><figcaption>O vereador citou reclama\u00e7\u00e3o de moradores do Turu e estado de pra\u00e7a no Vinhais (<strong>Foto: <\/strong>Fabr\u00edcio Cunha)<\/figcaption><\/figure><\/div>\n\n\n\n<p>O vereador Marcial Lima (Podemos) subiu \u00e0 tribuna, na sess\u00e3o ordin\u00e1ria desta segunda-feira (10), oara falar sobre a situa\u00e7\u00e3o da limpeza e zelo est\u00e9tico de S\u00e3o Lu\u00eds, dentre outros assuntos.<\/p>\n\n\n\n<p>Ao iniciar o discurso, Marcial Lima pontuou que, em suas observa\u00e7\u00f5es da cidade, tem notado a aus\u00eancia dos servi\u00e7os de capina nos principais pontos da capital. \u201cA atual condi\u00e7\u00e3o da limpeza p\u00fablica de S\u00e3o Lu\u00eds \u00e9 lament\u00e1vel. A prefeitura tirou do Comit\u00ea de Limpeza uma boa quantidade de pessoas que conheciam essa cidade na palma da m\u00e3o e que estavam permanentemente trabalhando com a comunidade\u201d, disse.<\/p>\n\n\n\n<p>No discurso, o vereador criticou a situa\u00e7\u00e3o da Avenida Oito, localizada no Turu, e de grande movimenta\u00e7\u00e3o de pedestres e ve\u00edculos, enfatizando que a \u00e1rea est\u00e1 rodeada de mato, que atrai mosquitos e animais.&nbsp;<\/p>\n\n\n\n<p>\u201cA cidade virou uma grande moita de mato, uma vez que n\u00e3o h\u00e1 mais capina nas pra\u00e7as e ruas. No Vinhais, temos uma das pra\u00e7as mais importantes, a Pra\u00e7a do Letrado, completamente abandonada. Os equipamentos de gin\u00e1stica, que s\u00e3o p\u00fablicos, s\u00e3o uma vergonha, sem cuidado nenhum\u201d, destacou.<\/p>\n\n\n\n<p>Marcial Lima afirmou que foi abordado por moradores do Turu pedindo que os parlamentares tomem provid\u00eancias em rela\u00e7\u00e3o ao abandono do bairro. \u201cOs moradores ir\u00e3o fazer uma manifesta\u00e7\u00e3o para ver se chamam a aten\u00e7\u00e3o da prefeitura\u201d, disse.<\/p>\n\n\n\n<p>O vereador fez um apelo para o prefeito Eduardo Braide para que contrate mais profissionais para a limpeza p\u00fablica de S\u00e3o Lu\u00eds. \u201cMuitas pessoas est\u00e3o desempregadas, querendo trabalhar e melhorar essa situa\u00e7\u00e3o. Nossa cidade \u00e9 grande, tem or\u00e7amento para isso\u201d, encerrou.<\/p>\n","protected":false},"excerpt":{"rendered":"<p>Parlamentar sugeriu contrata\u00e7\u00e3o de mais profissionais O vereador Marcial Lima (Podemos) subiu \u00e0 tribuna, na sess\u00e3o ordin\u00e1ria desta segunda-feira (10), [&hellip;]<\/p>\n","protected":false},"author":0,"featured_media":0,"comment_status":"open","ping_status":"open","sticky":false,"template":"","format":"standard","meta":{"site-sidebar-layout":"default","site-content-layout":"","ast-site-content-layout":"default","site-content-style":"default","site-sidebar-style":"default","ast-global-header-display":"","ast-banner-title-visibility":"","ast-main-header-display":"","ast-hfb-above-header-display":"","ast-hfb-below-header-display":"","ast-hfb-mobile-header-display":"","site-post-title":"","ast-breadcrumbs-content":"","ast-featured-img":"","footer-sml-layout":"","ast-disable-related-posts":"","theme-transparent-header-meta":"","adv-header-id-meta":"","stick-header-meta":"","header-above-stick-meta":"","header-main-stick-meta":"","header-below-stick-meta":"","astra-migrate-meta-layouts":"default","ast-page-background-enabled":"default","ast-page-background-meta":{"desktop":{"background-color":"var(--ast-global-color-5)","background-image":"","background-repeat":"repeat","background-position":"center center","background-size":"auto","background-attachment":"scroll","background-type":"","background-media":"","overlay-type":"","overlay-color":"","overlay-opacity":"","overlay-gradient":""},"tablet":{"background-color":"","background-image":"","background-repeat":"repeat","background-position":"center center","background-size":"auto","background-attachment":"scroll","background-type":"","background-media":"","overlay-type":"","overlay-color":"","overlay-opacity":"","overlay-gradient":""},"mobile":{"background-color":"","background-image":"","background-repeat":"repeat","background-position":"center center","background-size":"auto","background-attachment":"scroll","background-type":"","background-media":"","overlay-type":"","overlay-color":"","overlay-opacity":"","overlay-gradient":""}},"ast-content-background-meta":{"desktop":{"background-color":"var(--ast-global-color-4)","background-image":"","background-repeat":"repeat","background-position":"center center","background-size":"auto","background-attachment":"scroll","background-type":"","background-media":"","overlay-type":"","overlay-color":"","overlay-opacity":"","overlay-gradient":""},"tablet":{"background-color":"var(--ast-global-color-4)","background-image":"","background-repeat":"repeat","background-position":"center center","background-size":"auto","background-attachment":"scroll","background-type":"","background-media":"","overlay-type":"","overlay-color":"","overlay-opacity":"","overlay-gradient":""},"mobile":{"background-color":"var(--ast-global-color-4)","background-image":"","background-repeat":"repeat","background-position":"center center","background-size":"auto","background-attachment":"scroll","background-type":"","background-media":"","overlay-type":"","overlay-color":"","overlay-opacity":"","overlay-gradient":""}},"footnotes":""},"categories":[1],"tags":[],"class_list":["post-108225","post","type-post","status-publish","format-standard","hentry","category-sem-categoria"],"yoast_head":"<!-- This site is optimized with the Yoast SEO plugin v26.6 - https:\/\/yoast.com\/wordpress\/plugins\/seo\/ -->\n<title>Marcial Lima critica limpeza p\u00fablica de S\u00e3o Lu\u00eds - Daniel Matos<\/title>\n<meta name=\"robots\" content=\"index, follow, max-snippet:-1, max-image-preview:large, max-video-preview:-1\" \/>\n<link rel=\"canonical\" href=\"https:\/\/www.blogsoestado.com\/danielmatos\/marcial-lima-critica-limpeza-publica-de-sao-luis\/\" \/>\n<meta property=\"og:locale\" content=\"pt_BR\" \/>\n<meta property=\"og:type\" content=\"article\" \/>\n<meta property=\"og:title\" content=\"Marcial Lima critica limpeza p\u00fablica de S\u00e3o Lu\u00eds - Daniel Matos\" \/>\n<meta property=\"og:description\" content=\"Parlamentar sugeriu contrata\u00e7\u00e3o de mais profissionais O vereador Marcial Lima (Podemos) subiu \u00e0 tribuna, na sess\u00e3o ordin\u00e1ria desta segunda-feira (10), [&hellip;]\" \/>\n<meta property=\"og:url\" content=\"https:\/\/www.blogsoestado.com\/danielmatos\/marcial-lima-critica-limpeza-publica-de-sao-luis\/\" \/>\n<meta property=\"og:site_name\" content=\"Daniel Matos\" \/>\n<meta property=\"article:published_time\" content=\"2023-04-11T11:00:00+00:00\" \/>\n<meta property=\"og:image\" content=\"https:\/\/www.blogsoestado.com\/danielmatos\/files\/2023\/04\/Screenshot_20230411-0032422.png\" \/>\n<meta name=\"twitter:card\" content=\"summary_large_image\" \/>\n<meta name=\"twitter:label1\" content=\"Est. tempo de leitura\" \/>\n\t<meta name=\"twitter:data1\" content=\"2 minutos\" \/>\n<script type=\"application\/ld+json\" class=\"yoast-schema-graph\">{\"@context\":\"https:\/\/schema.org\",\"@graph\":[{\"@type\":\"WebPage\",\"@id\":\"https:\/\/www.blogsoestado.com\/danielmatos\/marcial-lima-critica-limpeza-publica-de-sao-luis\/\",\"url\":\"https:\/\/www.blogsoestado.com\/danielmatos\/marcial-lima-critica-limpeza-publica-de-sao-luis\/\",\"name\":\"Marcial Lima critica limpeza p\u00fablica de S\u00e3o Lu\u00eds - Daniel Matos\",\"isPartOf\":{\"@id\":\"https:\/\/www.blogsoestado.com\/danielmatos\/#website\"},\"primaryImageOfPage\":{\"@id\":\"https:\/\/www.blogsoestado.com\/danielmatos\/marcial-lima-critica-limpeza-publica-de-sao-luis\/#primaryimage\"},\"image\":{\"@id\":\"https:\/\/www.blogsoestado.com\/danielmatos\/marcial-lima-critica-limpeza-publica-de-sao-luis\/#primaryimage\"},\"thumbnailUrl\":\"https:\/\/www.blogsoestado.com\/danielmatos\/files\/2023\/04\/Screenshot_20230411-0032422.png\",\"datePublished\":\"2023-04-11T11:00:00+00:00\",\"author\":{\"@id\":\"\"},\"breadcrumb\":{\"@id\":\"https:\/\/www.blogsoestado.com\/danielmatos\/marcial-lima-critica-limpeza-publica-de-sao-luis\/#breadcrumb\"},\"inLanguage\":\"pt-BR\",\"potentialAction\":[{\"@type\":\"ReadAction\",\"target\":[\"https:\/\/www.blogsoestado.com\/danielmatos\/marcial-lima-critica-limpeza-publica-de-sao-luis\/\"]}]},{\"@type\":\"ImageObject\",\"inLanguage\":\"pt-BR\",\"@id\":\"https:\/\/www.blogsoestado.com\/danielmatos\/marcial-lima-critica-limpeza-publica-de-sao-luis\/#primaryimage\",\"url\":\"https:\/\/www.blogsoestado.com\/danielmatos\/files\/2023\/04\/Screenshot_20230411-0032422.png\",\"contentUrl\":\"https:\/\/www.blogsoestado.com\/danielmatos\/files\/2023\/04\/Screenshot_20230411-0032422.png\"},{\"@type\":\"BreadcrumbList\",\"@id\":\"https:\/\/www.blogsoestado.com\/danielmatos\/marcial-lima-critica-limpeza-publica-de-sao-luis\/#breadcrumb\",\"itemListElement\":[{\"@type\":\"ListItem\",\"position\":1,\"name\":\"In\u00edcio\",\"item\":\"https:\/\/www.blogsoestado.com\/danielmatos\/\"},{\"@type\":\"ListItem\",\"position\":2,\"name\":\"Marcial Lima critica limpeza p\u00fablica de S\u00e3o Lu\u00eds\"}]},{\"@type\":\"WebSite\",\"@id\":\"https:\/\/www.blogsoestado.com\/danielmatos\/#website\",\"url\":\"https:\/\/www.blogsoestado.com\/danielmatos\/\",\"name\":\"Daniel Matos\",\"description\":\"\",\"potentialAction\":[{\"@type\":\"SearchAction\",\"target\":{\"@type\":\"EntryPoint\",\"urlTemplate\":\"https:\/\/www.blogsoestado.com\/danielmatos\/?s={search_term_string}\"},\"query-input\":{\"@type\":\"PropertyValueSpecification\",\"valueRequired\":true,\"valueName\":\"search_term_string\"}}],\"inLanguage\":\"pt-BR\"}]}<\/script>\n<!-- \/ Yoast SEO plugin. -->","yoast_head_json":{"title":"Marcial Lima critica limpeza p\u00fablica de S\u00e3o Lu\u00eds - Daniel Matos","robots":{"index":"index","follow":"follow","max-snippet":"max-snippet:-1","max-image-preview":"max-image-preview:large","max-video-preview":"max-video-preview:-1"},"canonical":"https:\/\/www.blogsoestado.com\/danielmatos\/marcial-lima-critica-limpeza-publica-de-sao-luis\/","og_locale":"pt_BR","og_type":"article","og_title":"Marcial Lima critica limpeza p\u00fablica de S\u00e3o Lu\u00eds - Daniel Matos","og_description":"Parlamentar sugeriu contrata\u00e7\u00e3o de mais profissionais O vereador Marcial Lima (Podemos) subiu \u00e0 tribuna, na sess\u00e3o ordin\u00e1ria desta segunda-feira (10), [&hellip;]","og_url":"https:\/\/www.blogsoestado.com\/danielmatos\/marcial-lima-critica-limpeza-publica-de-sao-luis\/","og_site_name":"Daniel Matos","article_published_time":"2023-04-11T11:00:00+00:00","og_image":[{"url":"https:\/\/www.blogsoestado.com\/danielmatos\/files\/2023\/04\/Screenshot_20230411-0032422.png","type":"","width":"","height":""}],"twitter_card":"summary_large_image","twitter_misc":{"Est. tempo de leitura":"2 minutos"},"schema":{"@context":"https:\/\/schema.org","@graph":[{"@type":"WebPage","@id":"https:\/\/www.blogsoestado.com\/danielmatos\/marcial-lima-critica-limpeza-publica-de-sao-luis\/","url":"https:\/\/www.blogsoestado.com\/danielmatos\/marcial-lima-critica-limpeza-publica-de-sao-luis\/","name":"Marcial Lima critica limpeza p\u00fablica de S\u00e3o Lu\u00eds - Daniel Matos","isPartOf":{"@id":"https:\/\/www.blogsoestado.com\/danielmatos\/#website"},"primaryImageOfPage":{"@id":"https:\/\/www.blogsoestado.com\/danielmatos\/marcial-lima-critica-limpeza-publica-de-sao-luis\/#primaryimage"},"image":{"@id":"https:\/\/www.blogsoestado.com\/danielmatos\/marcial-lima-critica-limpeza-publica-de-sao-luis\/#primaryimage"},"thumbnailUrl":"https:\/\/www.blogsoestado.com\/danielmatos\/files\/2023\/04\/Screenshot_20230411-0032422.png","datePublished":"2023-04-11T11:00:00+00:00","author":{"@id":""},"breadcrumb":{"@id":"https:\/\/www.blogsoestado.com\/danielmatos\/marcial-lima-critica-limpeza-publica-de-sao-luis\/#breadcrumb"},"inLanguage":"pt-BR","potentialAction":[{"@type":"ReadAction","target":["https:\/\/www.blogsoestado.com\/danielmatos\/marcial-lima-critica-limpeza-publica-de-sao-luis\/"]}]},{"@type":"ImageObject","inLanguage":"pt-BR","@id":"https:\/\/www.blogsoestado.com\/danielmatos\/marcial-lima-critica-limpeza-publica-de-sao-luis\/#primaryimage","url":"https:\/\/www.blogsoestado.com\/danielmatos\/files\/2023\/04\/Screenshot_20230411-0032422.png","contentUrl":"https:\/\/www.blogsoestado.com\/danielmatos\/files\/2023\/04\/Screenshot_20230411-0032422.png"},{"@type":"BreadcrumbList","@id":"https:\/\/www.blogsoestado.com\/danielmatos\/marcial-lima-critica-limpeza-publica-de-sao-luis\/#breadcrumb","itemListElement":[{"@type":"ListItem","position":1,"name":"In\u00edcio","item":"https:\/\/www.blogsoestado.com\/danielmatos\/"},{"@type":"ListItem","position":2,"name":"Marcial Lima critica limpeza p\u00fablica de S\u00e3o Lu\u00eds"}]},{"@type":"WebSite","@id":"https:\/\/www.blogsoestado.com\/danielmatos\/#website","url":"https:\/\/www.blogsoestado.com\/danielmatos\/","name":"Daniel Matos","description":"","potentialAction":[{"@type":"SearchAction","target":{"@type":"EntryPoint","urlTemplate":"https:\/\/www.blogsoestado.com\/danielmatos\/?s={search_term_string}"},"query-input":{"@type":"PropertyValueSpecification","valueRequired":true,"valueName":"search_term_string"}}],"inLanguage":"pt-BR"}]}},"jetpack_featured_media_url":"","_links":{"self":[{"href":"https:\/\/www.blogsoestado.com\/danielmatos\/wp-json\/wp\/v2\/posts\/108225","targetHints":{"allow":["GET"]}}],"collection":[{"href":"https:\/\/www.blogsoestado.com\/danielmatos\/wp-json\/wp\/v2\/posts"}],"about":[{"href":"https:\/\/www.blogsoestado.com\/danielmatos\/wp-json\/wp\/v2\/types\/post"}],"replies":[{"embeddable":true,"href":"https:\/\/www.blogsoestado.com\/danielmatos\/wp-json\/wp\/v2\/comments?post=108225"}],"version-history":[{"count":0,"href":"https:\/\/www.blogsoestado.com\/danielmatos\/wp-json\/wp\/v2\/posts\/108225\/revisions"}],"wp:attachment":[{"href":"https:\/\/www.blogsoestado.com\/danielmatos\/wp-json\/wp\/v2\/media?parent=108225"}],"wp:term":[{"taxonomy":"category","embeddable":true,"href":"https:\/\/www.blogsoestado.com\/danielmatos\/wp-json\/wp\/v2\/categories?post=108225"},{"taxonomy":"post_tag","embeddable":true,"href":"https:\/\/www.blogsoestado.com\/danielmatos\/wp-json\/wp\/v2\/tags?post=108225"}],"curies":[{"name":"wp","href":"https:\/\/api.w.org\/{rel}","templated":true}]}}