{"id":108242,"date":"2023-04-11T22:23:36","date_gmt":"2023-04-12T01:23:36","guid":{"rendered":"https:\/\/www.blogsoestado.com\/danielmatos\/?p=108242"},"modified":"2023-04-11T22:23:36","modified_gmt":"2023-04-12T01:23:36","slug":"audiencia-com-flavio-dino-na-comissao-de-seguranca-publica-da-camara-federal-termina-em-tumulto","status":"publish","type":"post","link":"https:\/\/www.blogsoestado.com\/danielmatos\/audiencia-com-flavio-dino-na-comissao-de-seguranca-publica-da-camara-federal-termina-em-tumulto\/","title":{"rendered":"Audi\u00eancia com Fl\u00e1vio Dino na Comiss\u00e3o de Seguran\u00e7a P\u00fablica da C\u00e2mara Federal termina em tumulto"},"content":{"rendered":"\n<p><strong><span class=\"has-inline-color has-vivid-red-color\">Deputados questionaram o ministro da Justi\u00e7a sobre nova pol\u00edtica de armas; ministro diz que o foco \u00e9 fortalecer as pol\u00edcias<\/span><\/strong><\/p>\n\n\n\n<div class=\"wp-block-image\"><figure class=\"aligncenter size-large\"><a href=\"https:\/\/www.blogsoestado.com\/danielmatos\/files\/2023\/04\/Screenshot_20230411-2218292.png\"><img decoding=\"async\" src=\"https:\/\/www.blogsoestado.com\/danielmatos\/files\/2023\/04\/Screenshot_20230411-2218292.png\" alt=\"\" class=\"wp-image-108243\"\/><\/a><figcaption>Fl\u00e1vio Dino chegou a responder questionamentos de parlamentares que integram a Comiss\u00e3o de Seguran\u00e7a P\u00fablica da C\u00e2mara Federal, mas audi\u00eancia foi suspensa em meio a tumulto causado por alguns participantes <\/figcaption><\/figure><\/div>\n\n\n\n<p>Uma audi\u00eancia p\u00fablica com o ministro da Justi\u00e7a, Fl\u00e1vio Dino, na Comiss\u00e3o de Seguran\u00e7a P\u00fablica da C\u00e2mara dos Deputados foi encerrada de maneira inesperada, nesta ter\u00e7a-feira (11), pelo presidente do colegiado, deputado Sanderson (PL-RS), em raz\u00e3o de gritaria e troca de acusa\u00e7\u00f5es envolvendo o ministro e deputados presentes. Ainda n\u00e3o h\u00e1 data para o retorno do ministro ao colegiado.<\/p>\n\n\n\n<p>Atendendo a convite de diversos deputados, Dino compareceu \u00e0 comiss\u00e3o para falar, entre outros temas, sobre a nova pol\u00edtica de controle de armas do governo federal e sobre sua visita ao Complexo da Mar\u00e9, no Rio de Janeiro, no dia 13 de mar\u00e7o. Por diversas vezes, acabou interrompido por deputados durante as respostas e chegou a amea\u00e7ar deixar a reuni\u00e3o.<\/p>\n\n\n\n<p>O tumulto que levou ao fim da reuni\u00e3o ocorreu depois que o deputado Gilvan da Federal (PL-ES) citou a\u00e7\u00f5es da Pol\u00edcia Federal durante o governo Bolsonaro e questionou Dino se ele se referia ao ex-presidente Jair Bolsonaro quando afirmou que \u201cquem diz enfrentar o crime, na verdade, \u00e9 s\u00f3cio dele\u201d.<\/p>\n\n\n\n<p>\u201cO senhor se referiu a quem, ao presidente Jair Bolsonaro? Porque o presidente Bolsonaro n\u00e3o sobe numa comunidade dominada por fa\u00e7\u00e3o criminosa. Nenhum secret\u00e1rio de Seguran\u00e7a do Pa\u00eds sobe em uma comunidade dominada pelo Comando Vermelho, a n\u00e3o ser que ele tome tiro ou troque tiro\u201d, disse o deputado.<\/p>\n\n\n\n<p>Em resposta, Dino disse que quem julga o fato de o governo ter feito isso ou aquilo s\u00e3o os eleitores. \u201cEssa pergunta que o senhor fez foi feita aos eleitores no dia 30 de outubro&#8230;\u201d, dizia o ministro antes de ser interrompido pelo deputado, que afirmou: \u201cEu n\u00e3o fiz essa pergunta\u201d.<\/p>\n\n\n\n<p>Ao retomar a palavra, Dino acrescentou: \u201c&#8230;os candidatos disputam a elei\u00e7\u00e3o e o povo julga. Houve o julgamento no dia 30 de outubro e o seu presidente perdeu a elei\u00e7\u00e3o&#8230;\u201d.<\/p>\n\n\n\n<p>Interrompido novamente, Dino acusou dois deputados sentados na primeira fila de o terem agredido verbalmente. Foi quando um grande tumulto se formou e n\u00e3o p\u00f4de ser controlado pelo presidente do colegiado, que optou por encerrar a reuni\u00e3o.<\/p>\n\n\n\n<p>Pelas redes sociais, Dino afirmou que, \u201cinfelizmente, deputados extremistas adotaram uma sequ\u00eancia de atitudes amea\u00e7adoras, ofensivas e agressivas, impedindo a realiza\u00e7\u00e3o da audi\u00eancia\u201d.<\/p>\n\n\n\n<p><strong>Armas<\/strong><br \/>Mesmo com diversas interrup\u00e7\u00f5es, o tema que mais ganhou corpo durante a reuni\u00e3o foi a nova pol\u00edtica de controle de armas adotada pelo governo federal. Com a nova pol\u00edtica, o governo suspendeu novos registros de clubes e de escolas de tiro no Pa\u00eds e tamb\u00e9m de CACs (colecionadores, atiradores esportivos e ca\u00e7adores). Entre outras altera\u00e7\u00f5es, o texto impede CACs com registro ativo de adquirirem armamentos e muni\u00e7\u00f5es de uso restrito e cria novos limites para a compra de equipamentos de uso permitido.<\/p>\n\n\n\n<p>Os deputados Tenente Coronel Zucco (Republicanos-RS), Delegado Paulo Bilynskyj (PL-SP), Junio Amaral (PL-MG) e Delegado \u00c9der Mauro (PL-PA) questionaram Dino sobre o assunto, mesmo ap\u00f3s a edi\u00e7\u00e3o de um novo decreto que prorrogou o prazo para o recadastramento de armas na Pol\u00edcia Federal.<\/p>\n\n\n\n<p>\u201cN\u00e3o podemos falar que esse decreto de mar\u00e7o agora \u00e9 uma resposta, at\u00e9 porque ele s\u00f3 trabalhou a quest\u00e3o da prorroga\u00e7\u00e3o. S\u00e3o lojas, clubes, colecionadores, atiradores, ca\u00e7adores. Para esses 3 milh\u00f5es de pessoas que est\u00e3o ansiosas, qual \u00e9 a previs\u00e3o de um novo decreto que os atenda?\u201d, perguntou Zucco.<\/p>\n\n\n\n<p>Tamb\u00e9m questionando as perdas no setor armamentista, Bilynskyj, por sua vez, comparou o presidente Luiz In\u00e1cio Lula da Silva a Hitler, Mao Ts\u00e9-Tung, Stalin e Fidel Castro, os quais, segundo ele, t\u00eam em comum a vontade de desarmar o cidad\u00e3o. \u201cVoc\u00ea acredita, ministro, que o Estado tem a capacidade de proteger todos os cidad\u00e3os?\u201d, questionou.<\/p>\n\n\n\n<p>Em resposta aos deputados, Dino come\u00e7ou afirmando que a compara\u00e7\u00e3o \u00e9 injusta. \u201cS\u00e3o pessoas que n\u00e3o t\u00eam pertin\u00eancia biogr\u00e1fica com o presidente Lula.\u201d Em seguida, disse que o foco do governo n\u00e3o \u00e9 acabar com o mercado de armas nem apreender armas legais e sim apreender as ilegais e fortalecer as pol\u00edcias.<\/p>\n\n\n\n<p>\u201cEu confio nas pol\u00edcias. Acho que elas merecem considera\u00e7\u00e3o e confian\u00e7a. H\u00e1 pessoas que n\u00e3o confiam [nas pol\u00edcias] e que querem instalar uma esp\u00e9cie de vale-tudo no Brasil\u201d, rebateu o ministro.<\/p>\n\n\n\n<p>Dino informou ainda que, ap\u00f3s o dia 3 de maio, novo prazo para o recadastramento de armas na Pol\u00edcia Federal, dever\u00e1 enviar ao presidente Lula a minuta de um novo decreto sobre o assunto. Segundo ele, com o novo decreto, as atividades suspensas dever\u00e3o ser retomadas.<\/p>\n\n\n\n<p><strong>Fonte: <\/strong>Ag\u00eancia C\u00e2mara de Not\u00edcias<\/p>\n","protected":false},"excerpt":{"rendered":"<p>Deputados questionaram o ministro da Justi\u00e7a sobre nova pol\u00edtica de armas; ministro diz que o foco \u00e9 fortalecer as pol\u00edcias [&hellip;]<\/p>\n","protected":false},"author":0,"featured_media":0,"comment_status":"open","ping_status":"open","sticky":false,"template":"","format":"standard","meta":{"site-sidebar-layout":"default","site-content-layout":"","ast-site-content-layout":"default","site-content-style":"default","site-sidebar-style":"default","ast-global-header-display":"","ast-banner-title-visibility":"","ast-main-header-display":"","ast-hfb-above-header-display":"","ast-hfb-below-header-display":"","ast-hfb-mobile-header-display":"","site-post-title":"","ast-breadcrumbs-content":"","ast-featured-img":"","footer-sml-layout":"","ast-disable-related-posts":"","theme-transparent-header-meta":"","adv-header-id-meta":"","stick-header-meta":"","header-above-stick-meta":"","header-main-stick-meta":"","header-below-stick-meta":"","astra-migrate-meta-layouts":"default","ast-page-background-enabled":"default","ast-page-background-meta":{"desktop":{"background-color":"var(--ast-global-color-5)","background-image":"","background-repeat":"repeat","background-position":"center center","background-size":"auto","background-attachment":"scroll","background-type":"","background-media":"","overlay-type":"","overlay-color":"","overlay-opacity":"","overlay-gradient":""},"tablet":{"background-color":"","background-image":"","background-repeat":"repeat","background-position":"center center","background-size":"auto","background-attachment":"scroll","background-type":"","background-media":"","overlay-type":"","overlay-color":"","overlay-opacity":"","overlay-gradient":""},"mobile":{"background-color":"","background-image":"","background-repeat":"repeat","background-position":"center center","background-size":"auto","background-attachment":"scroll","background-type":"","background-media":"","overlay-type":"","overlay-color":"","overlay-opacity":"","overlay-gradient":""}},"ast-content-background-meta":{"desktop":{"background-color":"var(--ast-global-color-4)","background-image":"","background-repeat":"repeat","background-position":"center center","background-size":"auto","background-attachment":"scroll","background-type":"","background-media":"","overlay-type":"","overlay-color":"","overlay-opacity":"","overlay-gradient":""},"tablet":{"background-color":"var(--ast-global-color-4)","background-image":"","background-repeat":"repeat","background-position":"center center","background-size":"auto","background-attachment":"scroll","background-type":"","background-media":"","overlay-type":"","overlay-color":"","overlay-opacity":"","overlay-gradient":""},"mobile":{"background-color":"var(--ast-global-color-4)","background-image":"","background-repeat":"repeat","background-position":"center center","background-size":"auto","background-attachment":"scroll","background-type":"","background-media":"","overlay-type":"","overlay-color":"","overlay-opacity":"","overlay-gradient":""}},"footnotes":""},"categories":[1],"tags":[],"class_list":["post-108242","post","type-post","status-publish","format-standard","hentry","category-sem-categoria"],"yoast_head":"<!-- This site is optimized with the Yoast SEO plugin v26.6 - https:\/\/yoast.com\/wordpress\/plugins\/seo\/ -->\n<title>Audi\u00eancia com Fl\u00e1vio Dino na Comiss\u00e3o de Seguran\u00e7a P\u00fablica da C\u00e2mara Federal termina em tumulto - Daniel Matos<\/title>\n<meta name=\"robots\" content=\"index, follow, max-snippet:-1, max-image-preview:large, max-video-preview:-1\" \/>\n<link rel=\"canonical\" href=\"https:\/\/www.blogsoestado.com\/danielmatos\/audiencia-com-flavio-dino-na-comissao-de-seguranca-publica-da-camara-federal-termina-em-tumulto\/\" \/>\n<meta property=\"og:locale\" content=\"pt_BR\" \/>\n<meta property=\"og:type\" content=\"article\" \/>\n<meta property=\"og:title\" content=\"Audi\u00eancia com Fl\u00e1vio Dino na Comiss\u00e3o de Seguran\u00e7a P\u00fablica da C\u00e2mara Federal termina em tumulto - Daniel Matos\" \/>\n<meta property=\"og:description\" content=\"Deputados questionaram o ministro da Justi\u00e7a sobre nova pol\u00edtica de armas; ministro diz que o foco \u00e9 fortalecer as pol\u00edcias [&hellip;]\" \/>\n<meta property=\"og:url\" content=\"https:\/\/www.blogsoestado.com\/danielmatos\/audiencia-com-flavio-dino-na-comissao-de-seguranca-publica-da-camara-federal-termina-em-tumulto\/\" \/>\n<meta property=\"og:site_name\" content=\"Daniel Matos\" \/>\n<meta property=\"article:published_time\" content=\"2023-04-12T01:23:36+00:00\" \/>\n<meta property=\"og:image\" content=\"https:\/\/www.blogsoestado.com\/danielmatos\/files\/2023\/04\/Screenshot_20230411-2218292.png\" \/>\n<meta name=\"twitter:card\" content=\"summary_large_image\" \/>\n<meta name=\"twitter:label1\" content=\"Est. tempo de leitura\" \/>\n\t<meta name=\"twitter:data1\" content=\"4 minutos\" \/>\n<script type=\"application\/ld+json\" class=\"yoast-schema-graph\">{\"@context\":\"https:\/\/schema.org\",\"@graph\":[{\"@type\":\"WebPage\",\"@id\":\"https:\/\/www.blogsoestado.com\/danielmatos\/audiencia-com-flavio-dino-na-comissao-de-seguranca-publica-da-camara-federal-termina-em-tumulto\/\",\"url\":\"https:\/\/www.blogsoestado.com\/danielmatos\/audiencia-com-flavio-dino-na-comissao-de-seguranca-publica-da-camara-federal-termina-em-tumulto\/\",\"name\":\"Audi\u00eancia com Fl\u00e1vio Dino na Comiss\u00e3o de Seguran\u00e7a P\u00fablica da C\u00e2mara Federal termina em tumulto - Daniel Matos\",\"isPartOf\":{\"@id\":\"https:\/\/www.blogsoestado.com\/danielmatos\/#website\"},\"primaryImageOfPage\":{\"@id\":\"https:\/\/www.blogsoestado.com\/danielmatos\/audiencia-com-flavio-dino-na-comissao-de-seguranca-publica-da-camara-federal-termina-em-tumulto\/#primaryimage\"},\"image\":{\"@id\":\"https:\/\/www.blogsoestado.com\/danielmatos\/audiencia-com-flavio-dino-na-comissao-de-seguranca-publica-da-camara-federal-termina-em-tumulto\/#primaryimage\"},\"thumbnailUrl\":\"https:\/\/www.blogsoestado.com\/danielmatos\/files\/2023\/04\/Screenshot_20230411-2218292.png\",\"datePublished\":\"2023-04-12T01:23:36+00:00\",\"author\":{\"@id\":\"\"},\"breadcrumb\":{\"@id\":\"https:\/\/www.blogsoestado.com\/danielmatos\/audiencia-com-flavio-dino-na-comissao-de-seguranca-publica-da-camara-federal-termina-em-tumulto\/#breadcrumb\"},\"inLanguage\":\"pt-BR\",\"potentialAction\":[{\"@type\":\"ReadAction\",\"target\":[\"https:\/\/www.blogsoestado.com\/danielmatos\/audiencia-com-flavio-dino-na-comissao-de-seguranca-publica-da-camara-federal-termina-em-tumulto\/\"]}]},{\"@type\":\"ImageObject\",\"inLanguage\":\"pt-BR\",\"@id\":\"https:\/\/www.blogsoestado.com\/danielmatos\/audiencia-com-flavio-dino-na-comissao-de-seguranca-publica-da-camara-federal-termina-em-tumulto\/#primaryimage\",\"url\":\"https:\/\/www.blogsoestado.com\/danielmatos\/files\/2023\/04\/Screenshot_20230411-2218292.png\",\"contentUrl\":\"https:\/\/www.blogsoestado.com\/danielmatos\/files\/2023\/04\/Screenshot_20230411-2218292.png\"},{\"@type\":\"BreadcrumbList\",\"@id\":\"https:\/\/www.blogsoestado.com\/danielmatos\/audiencia-com-flavio-dino-na-comissao-de-seguranca-publica-da-camara-federal-termina-em-tumulto\/#breadcrumb\",\"itemListElement\":[{\"@type\":\"ListItem\",\"position\":1,\"name\":\"In\u00edcio\",\"item\":\"https:\/\/www.blogsoestado.com\/danielmatos\/\"},{\"@type\":\"ListItem\",\"position\":2,\"name\":\"Audi\u00eancia com Fl\u00e1vio Dino na Comiss\u00e3o de Seguran\u00e7a P\u00fablica da C\u00e2mara Federal termina em tumulto\"}]},{\"@type\":\"WebSite\",\"@id\":\"https:\/\/www.blogsoestado.com\/danielmatos\/#website\",\"url\":\"https:\/\/www.blogsoestado.com\/danielmatos\/\",\"name\":\"Daniel Matos\",\"description\":\"\",\"potentialAction\":[{\"@type\":\"SearchAction\",\"target\":{\"@type\":\"EntryPoint\",\"urlTemplate\":\"https:\/\/www.blogsoestado.com\/danielmatos\/?s={search_term_string}\"},\"query-input\":{\"@type\":\"PropertyValueSpecification\",\"valueRequired\":true,\"valueName\":\"search_term_string\"}}],\"inLanguage\":\"pt-BR\"}]}<\/script>\n<!-- \/ Yoast SEO plugin. -->","yoast_head_json":{"title":"Audi\u00eancia com Fl\u00e1vio Dino na Comiss\u00e3o de Seguran\u00e7a P\u00fablica da C\u00e2mara Federal termina em tumulto - Daniel Matos","robots":{"index":"index","follow":"follow","max-snippet":"max-snippet:-1","max-image-preview":"max-image-preview:large","max-video-preview":"max-video-preview:-1"},"canonical":"https:\/\/www.blogsoestado.com\/danielmatos\/audiencia-com-flavio-dino-na-comissao-de-seguranca-publica-da-camara-federal-termina-em-tumulto\/","og_locale":"pt_BR","og_type":"article","og_title":"Audi\u00eancia com Fl\u00e1vio Dino na Comiss\u00e3o de Seguran\u00e7a P\u00fablica da C\u00e2mara Federal termina em tumulto - Daniel Matos","og_description":"Deputados questionaram o ministro da Justi\u00e7a sobre nova pol\u00edtica de armas; ministro diz que o foco \u00e9 fortalecer as pol\u00edcias [&hellip;]","og_url":"https:\/\/www.blogsoestado.com\/danielmatos\/audiencia-com-flavio-dino-na-comissao-de-seguranca-publica-da-camara-federal-termina-em-tumulto\/","og_site_name":"Daniel Matos","article_published_time":"2023-04-12T01:23:36+00:00","og_image":[{"url":"https:\/\/www.blogsoestado.com\/danielmatos\/files\/2023\/04\/Screenshot_20230411-2218292.png","type":"","width":"","height":""}],"twitter_card":"summary_large_image","twitter_misc":{"Est. tempo de leitura":"4 minutos"},"schema":{"@context":"https:\/\/schema.org","@graph":[{"@type":"WebPage","@id":"https:\/\/www.blogsoestado.com\/danielmatos\/audiencia-com-flavio-dino-na-comissao-de-seguranca-publica-da-camara-federal-termina-em-tumulto\/","url":"https:\/\/www.blogsoestado.com\/danielmatos\/audiencia-com-flavio-dino-na-comissao-de-seguranca-publica-da-camara-federal-termina-em-tumulto\/","name":"Audi\u00eancia com Fl\u00e1vio Dino na Comiss\u00e3o de Seguran\u00e7a P\u00fablica da C\u00e2mara Federal termina em tumulto - Daniel Matos","isPartOf":{"@id":"https:\/\/www.blogsoestado.com\/danielmatos\/#website"},"primaryImageOfPage":{"@id":"https:\/\/www.blogsoestado.com\/danielmatos\/audiencia-com-flavio-dino-na-comissao-de-seguranca-publica-da-camara-federal-termina-em-tumulto\/#primaryimage"},"image":{"@id":"https:\/\/www.blogsoestado.com\/danielmatos\/audiencia-com-flavio-dino-na-comissao-de-seguranca-publica-da-camara-federal-termina-em-tumulto\/#primaryimage"},"thumbnailUrl":"https:\/\/www.blogsoestado.com\/danielmatos\/files\/2023\/04\/Screenshot_20230411-2218292.png","datePublished":"2023-04-12T01:23:36+00:00","author":{"@id":""},"breadcrumb":{"@id":"https:\/\/www.blogsoestado.com\/danielmatos\/audiencia-com-flavio-dino-na-comissao-de-seguranca-publica-da-camara-federal-termina-em-tumulto\/#breadcrumb"},"inLanguage":"pt-BR","potentialAction":[{"@type":"ReadAction","target":["https:\/\/www.blogsoestado.com\/danielmatos\/audiencia-com-flavio-dino-na-comissao-de-seguranca-publica-da-camara-federal-termina-em-tumulto\/"]}]},{"@type":"ImageObject","inLanguage":"pt-BR","@id":"https:\/\/www.blogsoestado.com\/danielmatos\/audiencia-com-flavio-dino-na-comissao-de-seguranca-publica-da-camara-federal-termina-em-tumulto\/#primaryimage","url":"https:\/\/www.blogsoestado.com\/danielmatos\/files\/2023\/04\/Screenshot_20230411-2218292.png","contentUrl":"https:\/\/www.blogsoestado.com\/danielmatos\/files\/2023\/04\/Screenshot_20230411-2218292.png"},{"@type":"BreadcrumbList","@id":"https:\/\/www.blogsoestado.com\/danielmatos\/audiencia-com-flavio-dino-na-comissao-de-seguranca-publica-da-camara-federal-termina-em-tumulto\/#breadcrumb","itemListElement":[{"@type":"ListItem","position":1,"name":"In\u00edcio","item":"https:\/\/www.blogsoestado.com\/danielmatos\/"},{"@type":"ListItem","position":2,"name":"Audi\u00eancia com Fl\u00e1vio Dino na Comiss\u00e3o de Seguran\u00e7a P\u00fablica da C\u00e2mara Federal termina em tumulto"}]},{"@type":"WebSite","@id":"https:\/\/www.blogsoestado.com\/danielmatos\/#website","url":"https:\/\/www.blogsoestado.com\/danielmatos\/","name":"Daniel Matos","description":"","potentialAction":[{"@type":"SearchAction","target":{"@type":"EntryPoint","urlTemplate":"https:\/\/www.blogsoestado.com\/danielmatos\/?s={search_term_string}"},"query-input":{"@type":"PropertyValueSpecification","valueRequired":true,"valueName":"search_term_string"}}],"inLanguage":"pt-BR"}]}},"jetpack_featured_media_url":"","_links":{"self":[{"href":"https:\/\/www.blogsoestado.com\/danielmatos\/wp-json\/wp\/v2\/posts\/108242","targetHints":{"allow":["GET"]}}],"collection":[{"href":"https:\/\/www.blogsoestado.com\/danielmatos\/wp-json\/wp\/v2\/posts"}],"about":[{"href":"https:\/\/www.blogsoestado.com\/danielmatos\/wp-json\/wp\/v2\/types\/post"}],"replies":[{"embeddable":true,"href":"https:\/\/www.blogsoestado.com\/danielmatos\/wp-json\/wp\/v2\/comments?post=108242"}],"version-history":[{"count":0,"href":"https:\/\/www.blogsoestado.com\/danielmatos\/wp-json\/wp\/v2\/posts\/108242\/revisions"}],"wp:attachment":[{"href":"https:\/\/www.blogsoestado.com\/danielmatos\/wp-json\/wp\/v2\/media?parent=108242"}],"wp:term":[{"taxonomy":"category","embeddable":true,"href":"https:\/\/www.blogsoestado.com\/danielmatos\/wp-json\/wp\/v2\/categories?post=108242"},{"taxonomy":"post_tag","embeddable":true,"href":"https:\/\/www.blogsoestado.com\/danielmatos\/wp-json\/wp\/v2\/tags?post=108242"}],"curies":[{"name":"wp","href":"https:\/\/api.w.org\/{rel}","templated":true}]}}