{"id":108245,"date":"2023-04-12T08:00:00","date_gmt":"2023-04-12T11:00:00","guid":{"rendered":"https:\/\/www.blogsoestado.com\/danielmatos\/?p=108245"},"modified":"2023-04-12T08:00:00","modified_gmt":"2023-04-12T11:00:00","slug":"ligga-projeto-porto-sao-luis-entrega-doacao-de-cestas-basicas-ao-governo-do-estado","status":"publish","type":"post","link":"https:\/\/www.blogsoestado.com\/danielmatos\/ligga-projeto-porto-sao-luis-entrega-doacao-de-cestas-basicas-ao-governo-do-estado\/","title":{"rendered":"LIGGA \u2013 Projeto Porto S\u00e3o Lu\u00eds entrega doa\u00e7\u00e3o de cestas b\u00e1sicas ao Governo do Estado"},"content":{"rendered":"\n<p><strong><span class=\"has-inline-color has-vivid-red-color\">Empresa atendeu ao chamado coletivo do governador Carlos Brand\u00e3o em favor das v\u00edtimas das enchentes<\/span><\/strong><\/p>\n\n\n\n<div class=\"wp-block-image\"><figure class=\"aligncenter size-large\"><a href=\"https:\/\/www.blogsoestado.com\/danielmatos\/files\/2023\/04\/Screenshot_20230412-0042412.png\"><img decoding=\"async\" src=\"https:\/\/www.blogsoestado.com\/danielmatos\/files\/2023\/04\/Screenshot_20230412-0042412.png\" alt=\"\" class=\"wp-image-108246\"\/><\/a><figcaption>Os representantes da LIGGA \u2013 Projeto Porto S\u00e3o Lu\u00eds, Fabiano Barros e L\u00edvia C\u00e2ndice, entregaram 400 cestas b\u00e1sicas ao Governo do Estado <\/figcaption><\/figure><\/div>\n\n\n\n<p>A LIGGA &#8211; Projeto Porto S\u00e3o Lu\u00eds \u00e9 um dos maiores projetos de infraestrutura em processo de implanta\u00e7\u00e3o no Maranh\u00e3o e no Brasil. E como tal, baseia sua gest\u00e3o em valores \u00e9ticos e socioambientais.<\/p>\n\n\n\n<p>A empresa est\u00e1 comprometida com o desenvolvimento social no estado. Mesmo antes de operar, j\u00e1 demonstra na pr\u00e1tica a sua forte cultura de responsabilidade social empresarial. E atendendo \u00e0 chamada do Governador Carlos Brand\u00e3o, se engajou prontamente no esfor\u00e7o coletivo empresarial em prol das v\u00edtimas das enchentes no Maranh\u00e3o, mediante decreto de n\u00ba 38.177, que declarou situa\u00e7\u00e3o de emerg\u00eancia em diversos munic\u00edpios atingidos pelas fortes chuvas. <\/p>\n\n\n\n<div class=\"wp-block-image\"><figure class=\"aligncenter size-large\"><a href=\"https:\/\/www.blogsoestado.com\/danielmatos\/files\/2023\/04\/Screenshot_20230412-0045592.png\"><img decoding=\"async\" src=\"https:\/\/www.blogsoestado.com\/danielmatos\/files\/2023\/04\/Screenshot_20230412-0045592.png\" alt=\"\" class=\"wp-image-108247\"\/><\/a><figcaption>Os alimentos ser\u00e3o doados \u00e0s v\u00edtimas das enchentes em diferentes munic\u00edpios do Maranh\u00e3o<\/figcaption><\/figure><\/div>\n\n\n\n<p>Representantes da LIGGA &#8211; Projeto Porto S\u00e3o Lu\u00eds fizeram a doa\u00e7\u00e3o de 400 cestas b\u00e1sicas, contendo cada uma 11 itens &#8211; 2 Kg arroz, a\u00e7\u00facar cristal, feij\u00e3o, sal, 2 pacotes de floc\u00e3o de milho, sardinha, macarr\u00e3o, caf\u00e9 e leite em p\u00f3. Os alimentos foram entregues no Centro de Distribui\u00e7\u00e3o do Comit\u00ea Gestor de Preven\u00e7\u00e3o e Assist\u00eancia \u00e0s Popula\u00e7\u00f5es V\u00edtimas das Chuvas, na Vila Ivar Saldanha, em S\u00e3o Lu\u00eds.<\/p>\n","protected":false},"excerpt":{"rendered":"<p>Empresa atendeu ao chamado coletivo do governador Carlos Brand\u00e3o em favor das v\u00edtimas das enchentes A LIGGA &#8211; Projeto Porto [&hellip;]<\/p>\n","protected":false},"author":0,"featured_media":0,"comment_status":"open","ping_status":"open","sticky":false,"template":"","format":"standard","meta":{"site-sidebar-layout":"default","site-content-layout":"","ast-site-content-layout":"default","site-content-style":"default","site-sidebar-style":"default","ast-global-header-display":"","ast-banner-title-visibility":"","ast-main-header-display":"","ast-hfb-above-header-display":"","ast-hfb-below-header-display":"","ast-hfb-mobile-header-display":"","site-post-title":"","ast-breadcrumbs-content":"","ast-featured-img":"","footer-sml-layout":"","ast-disable-related-posts":"","theme-transparent-header-meta":"","adv-header-id-meta":"","stick-header-meta":"","header-above-stick-meta":"","header-main-stick-meta":"","header-below-stick-meta":"","astra-migrate-meta-layouts":"default","ast-page-background-enabled":"default","ast-page-background-meta":{"desktop":{"background-color":"var(--ast-global-color-5)","background-image":"","background-repeat":"repeat","background-position":"center center","background-size":"auto","background-attachment":"scroll","background-type":"","background-media":"","overlay-type":"","overlay-color":"","overlay-opacity":"","overlay-gradient":""},"tablet":{"background-color":"","background-image":"","background-repeat":"repeat","background-position":"center center","background-size":"auto","background-attachment":"scroll","background-type":"","background-media":"","overlay-type":"","overlay-color":"","overlay-opacity":"","overlay-gradient":""},"mobile":{"background-color":"","background-image":"","background-repeat":"repeat","background-position":"center center","background-size":"auto","background-attachment":"scroll","background-type":"","background-media":"","overlay-type":"","overlay-color":"","overlay-opacity":"","overlay-gradient":""}},"ast-content-background-meta":{"desktop":{"background-color":"var(--ast-global-color-4)","background-image":"","background-repeat":"repeat","background-position":"center center","background-size":"auto","background-attachment":"scroll","background-type":"","background-media":"","overlay-type":"","overlay-color":"","overlay-opacity":"","overlay-gradient":""},"tablet":{"background-color":"var(--ast-global-color-4)","background-image":"","background-repeat":"repeat","background-position":"center center","background-size":"auto","background-attachment":"scroll","background-type":"","background-media":"","overlay-type":"","overlay-color":"","overlay-opacity":"","overlay-gradient":""},"mobile":{"background-color":"var(--ast-global-color-4)","background-image":"","background-repeat":"repeat","background-position":"center center","background-size":"auto","background-attachment":"scroll","background-type":"","background-media":"","overlay-type":"","overlay-color":"","overlay-opacity":"","overlay-gradient":""}},"footnotes":""},"categories":[1],"tags":[],"class_list":["post-108245","post","type-post","status-publish","format-standard","hentry","category-sem-categoria"],"yoast_head":"<!-- This site is optimized with the Yoast SEO plugin v26.6 - https:\/\/yoast.com\/wordpress\/plugins\/seo\/ -->\n<title>LIGGA \u2013 Projeto Porto S\u00e3o Lu\u00eds entrega doa\u00e7\u00e3o de cestas b\u00e1sicas ao Governo do Estado - Daniel Matos<\/title>\n<meta name=\"robots\" content=\"index, follow, max-snippet:-1, max-image-preview:large, max-video-preview:-1\" \/>\n<link rel=\"canonical\" href=\"https:\/\/www.blogsoestado.com\/danielmatos\/ligga-projeto-porto-sao-luis-entrega-doacao-de-cestas-basicas-ao-governo-do-estado\/\" \/>\n<meta property=\"og:locale\" content=\"pt_BR\" \/>\n<meta property=\"og:type\" content=\"article\" \/>\n<meta property=\"og:title\" content=\"LIGGA \u2013 Projeto Porto S\u00e3o Lu\u00eds entrega doa\u00e7\u00e3o de cestas b\u00e1sicas ao Governo do Estado - Daniel Matos\" \/>\n<meta property=\"og:description\" content=\"Empresa atendeu ao chamado coletivo do governador Carlos Brand\u00e3o em favor das v\u00edtimas das enchentes A LIGGA &#8211; Projeto Porto [&hellip;]\" \/>\n<meta property=\"og:url\" content=\"https:\/\/www.blogsoestado.com\/danielmatos\/ligga-projeto-porto-sao-luis-entrega-doacao-de-cestas-basicas-ao-governo-do-estado\/\" \/>\n<meta property=\"og:site_name\" content=\"Daniel Matos\" \/>\n<meta property=\"article:published_time\" content=\"2023-04-12T11:00:00+00:00\" \/>\n<meta property=\"og:image\" content=\"https:\/\/www.blogsoestado.com\/danielmatos\/files\/2023\/04\/Screenshot_20230412-0042412.png\" \/>\n<meta name=\"twitter:card\" content=\"summary_large_image\" \/>\n<meta name=\"twitter:label1\" content=\"Est. tempo de leitura\" \/>\n\t<meta name=\"twitter:data1\" content=\"2 minutos\" \/>\n<script type=\"application\/ld+json\" class=\"yoast-schema-graph\">{\"@context\":\"https:\/\/schema.org\",\"@graph\":[{\"@type\":\"WebPage\",\"@id\":\"https:\/\/www.blogsoestado.com\/danielmatos\/ligga-projeto-porto-sao-luis-entrega-doacao-de-cestas-basicas-ao-governo-do-estado\/\",\"url\":\"https:\/\/www.blogsoestado.com\/danielmatos\/ligga-projeto-porto-sao-luis-entrega-doacao-de-cestas-basicas-ao-governo-do-estado\/\",\"name\":\"LIGGA \u2013 Projeto Porto S\u00e3o Lu\u00eds entrega doa\u00e7\u00e3o de cestas b\u00e1sicas ao Governo do Estado - Daniel Matos\",\"isPartOf\":{\"@id\":\"https:\/\/www.blogsoestado.com\/danielmatos\/#website\"},\"primaryImageOfPage\":{\"@id\":\"https:\/\/www.blogsoestado.com\/danielmatos\/ligga-projeto-porto-sao-luis-entrega-doacao-de-cestas-basicas-ao-governo-do-estado\/#primaryimage\"},\"image\":{\"@id\":\"https:\/\/www.blogsoestado.com\/danielmatos\/ligga-projeto-porto-sao-luis-entrega-doacao-de-cestas-basicas-ao-governo-do-estado\/#primaryimage\"},\"thumbnailUrl\":\"https:\/\/www.blogsoestado.com\/danielmatos\/files\/2023\/04\/Screenshot_20230412-0042412.png\",\"datePublished\":\"2023-04-12T11:00:00+00:00\",\"author\":{\"@id\":\"\"},\"breadcrumb\":{\"@id\":\"https:\/\/www.blogsoestado.com\/danielmatos\/ligga-projeto-porto-sao-luis-entrega-doacao-de-cestas-basicas-ao-governo-do-estado\/#breadcrumb\"},\"inLanguage\":\"pt-BR\",\"potentialAction\":[{\"@type\":\"ReadAction\",\"target\":[\"https:\/\/www.blogsoestado.com\/danielmatos\/ligga-projeto-porto-sao-luis-entrega-doacao-de-cestas-basicas-ao-governo-do-estado\/\"]}]},{\"@type\":\"ImageObject\",\"inLanguage\":\"pt-BR\",\"@id\":\"https:\/\/www.blogsoestado.com\/danielmatos\/ligga-projeto-porto-sao-luis-entrega-doacao-de-cestas-basicas-ao-governo-do-estado\/#primaryimage\",\"url\":\"https:\/\/www.blogsoestado.com\/danielmatos\/files\/2023\/04\/Screenshot_20230412-0042412.png\",\"contentUrl\":\"https:\/\/www.blogsoestado.com\/danielmatos\/files\/2023\/04\/Screenshot_20230412-0042412.png\"},{\"@type\":\"BreadcrumbList\",\"@id\":\"https:\/\/www.blogsoestado.com\/danielmatos\/ligga-projeto-porto-sao-luis-entrega-doacao-de-cestas-basicas-ao-governo-do-estado\/#breadcrumb\",\"itemListElement\":[{\"@type\":\"ListItem\",\"position\":1,\"name\":\"In\u00edcio\",\"item\":\"https:\/\/www.blogsoestado.com\/danielmatos\/\"},{\"@type\":\"ListItem\",\"position\":2,\"name\":\"LIGGA \u2013 Projeto Porto S\u00e3o Lu\u00eds entrega doa\u00e7\u00e3o de cestas b\u00e1sicas ao Governo do Estado\"}]},{\"@type\":\"WebSite\",\"@id\":\"https:\/\/www.blogsoestado.com\/danielmatos\/#website\",\"url\":\"https:\/\/www.blogsoestado.com\/danielmatos\/\",\"name\":\"Daniel Matos\",\"description\":\"\",\"potentialAction\":[{\"@type\":\"SearchAction\",\"target\":{\"@type\":\"EntryPoint\",\"urlTemplate\":\"https:\/\/www.blogsoestado.com\/danielmatos\/?s={search_term_string}\"},\"query-input\":{\"@type\":\"PropertyValueSpecification\",\"valueRequired\":true,\"valueName\":\"search_term_string\"}}],\"inLanguage\":\"pt-BR\"}]}<\/script>\n<!-- \/ Yoast SEO plugin. -->","yoast_head_json":{"title":"LIGGA \u2013 Projeto Porto S\u00e3o Lu\u00eds entrega doa\u00e7\u00e3o de cestas b\u00e1sicas ao Governo do Estado - Daniel Matos","robots":{"index":"index","follow":"follow","max-snippet":"max-snippet:-1","max-image-preview":"max-image-preview:large","max-video-preview":"max-video-preview:-1"},"canonical":"https:\/\/www.blogsoestado.com\/danielmatos\/ligga-projeto-porto-sao-luis-entrega-doacao-de-cestas-basicas-ao-governo-do-estado\/","og_locale":"pt_BR","og_type":"article","og_title":"LIGGA \u2013 Projeto Porto S\u00e3o Lu\u00eds entrega doa\u00e7\u00e3o de cestas b\u00e1sicas ao Governo do Estado - Daniel Matos","og_description":"Empresa atendeu ao chamado coletivo do governador Carlos Brand\u00e3o em favor das v\u00edtimas das enchentes A LIGGA &#8211; Projeto Porto [&hellip;]","og_url":"https:\/\/www.blogsoestado.com\/danielmatos\/ligga-projeto-porto-sao-luis-entrega-doacao-de-cestas-basicas-ao-governo-do-estado\/","og_site_name":"Daniel Matos","article_published_time":"2023-04-12T11:00:00+00:00","og_image":[{"url":"https:\/\/www.blogsoestado.com\/danielmatos\/files\/2023\/04\/Screenshot_20230412-0042412.png","type":"","width":"","height":""}],"twitter_card":"summary_large_image","twitter_misc":{"Est. tempo de leitura":"2 minutos"},"schema":{"@context":"https:\/\/schema.org","@graph":[{"@type":"WebPage","@id":"https:\/\/www.blogsoestado.com\/danielmatos\/ligga-projeto-porto-sao-luis-entrega-doacao-de-cestas-basicas-ao-governo-do-estado\/","url":"https:\/\/www.blogsoestado.com\/danielmatos\/ligga-projeto-porto-sao-luis-entrega-doacao-de-cestas-basicas-ao-governo-do-estado\/","name":"LIGGA \u2013 Projeto Porto S\u00e3o Lu\u00eds entrega doa\u00e7\u00e3o de cestas b\u00e1sicas ao Governo do Estado - Daniel Matos","isPartOf":{"@id":"https:\/\/www.blogsoestado.com\/danielmatos\/#website"},"primaryImageOfPage":{"@id":"https:\/\/www.blogsoestado.com\/danielmatos\/ligga-projeto-porto-sao-luis-entrega-doacao-de-cestas-basicas-ao-governo-do-estado\/#primaryimage"},"image":{"@id":"https:\/\/www.blogsoestado.com\/danielmatos\/ligga-projeto-porto-sao-luis-entrega-doacao-de-cestas-basicas-ao-governo-do-estado\/#primaryimage"},"thumbnailUrl":"https:\/\/www.blogsoestado.com\/danielmatos\/files\/2023\/04\/Screenshot_20230412-0042412.png","datePublished":"2023-04-12T11:00:00+00:00","author":{"@id":""},"breadcrumb":{"@id":"https:\/\/www.blogsoestado.com\/danielmatos\/ligga-projeto-porto-sao-luis-entrega-doacao-de-cestas-basicas-ao-governo-do-estado\/#breadcrumb"},"inLanguage":"pt-BR","potentialAction":[{"@type":"ReadAction","target":["https:\/\/www.blogsoestado.com\/danielmatos\/ligga-projeto-porto-sao-luis-entrega-doacao-de-cestas-basicas-ao-governo-do-estado\/"]}]},{"@type":"ImageObject","inLanguage":"pt-BR","@id":"https:\/\/www.blogsoestado.com\/danielmatos\/ligga-projeto-porto-sao-luis-entrega-doacao-de-cestas-basicas-ao-governo-do-estado\/#primaryimage","url":"https:\/\/www.blogsoestado.com\/danielmatos\/files\/2023\/04\/Screenshot_20230412-0042412.png","contentUrl":"https:\/\/www.blogsoestado.com\/danielmatos\/files\/2023\/04\/Screenshot_20230412-0042412.png"},{"@type":"BreadcrumbList","@id":"https:\/\/www.blogsoestado.com\/danielmatos\/ligga-projeto-porto-sao-luis-entrega-doacao-de-cestas-basicas-ao-governo-do-estado\/#breadcrumb","itemListElement":[{"@type":"ListItem","position":1,"name":"In\u00edcio","item":"https:\/\/www.blogsoestado.com\/danielmatos\/"},{"@type":"ListItem","position":2,"name":"LIGGA \u2013 Projeto Porto S\u00e3o Lu\u00eds entrega doa\u00e7\u00e3o de cestas b\u00e1sicas ao Governo do Estado"}]},{"@type":"WebSite","@id":"https:\/\/www.blogsoestado.com\/danielmatos\/#website","url":"https:\/\/www.blogsoestado.com\/danielmatos\/","name":"Daniel Matos","description":"","potentialAction":[{"@type":"SearchAction","target":{"@type":"EntryPoint","urlTemplate":"https:\/\/www.blogsoestado.com\/danielmatos\/?s={search_term_string}"},"query-input":{"@type":"PropertyValueSpecification","valueRequired":true,"valueName":"search_term_string"}}],"inLanguage":"pt-BR"}]}},"jetpack_featured_media_url":"","_links":{"self":[{"href":"https:\/\/www.blogsoestado.com\/danielmatos\/wp-json\/wp\/v2\/posts\/108245","targetHints":{"allow":["GET"]}}],"collection":[{"href":"https:\/\/www.blogsoestado.com\/danielmatos\/wp-json\/wp\/v2\/posts"}],"about":[{"href":"https:\/\/www.blogsoestado.com\/danielmatos\/wp-json\/wp\/v2\/types\/post"}],"replies":[{"embeddable":true,"href":"https:\/\/www.blogsoestado.com\/danielmatos\/wp-json\/wp\/v2\/comments?post=108245"}],"version-history":[{"count":0,"href":"https:\/\/www.blogsoestado.com\/danielmatos\/wp-json\/wp\/v2\/posts\/108245\/revisions"}],"wp:attachment":[{"href":"https:\/\/www.blogsoestado.com\/danielmatos\/wp-json\/wp\/v2\/media?parent=108245"}],"wp:term":[{"taxonomy":"category","embeddable":true,"href":"https:\/\/www.blogsoestado.com\/danielmatos\/wp-json\/wp\/v2\/categories?post=108245"},{"taxonomy":"post_tag","embeddable":true,"href":"https:\/\/www.blogsoestado.com\/danielmatos\/wp-json\/wp\/v2\/tags?post=108245"}],"curies":[{"name":"wp","href":"https:\/\/api.w.org\/{rel}","templated":true}]}}