{"id":108249,"date":"2023-04-12T01:53:13","date_gmt":"2023-04-12T04:53:13","guid":{"rendered":"https:\/\/www.blogsoestado.com\/danielmatos\/?p=108249"},"modified":"2023-04-12T01:53:13","modified_gmt":"2023-04-12T04:53:13","slug":"associacao-do-pessoal-da-caixa-economica-no-maranhao-adere-a-campanha-em-favor-das-vitimas-das-enchentes","status":"publish","type":"post","link":"https:\/\/www.blogsoestado.com\/danielmatos\/associacao-do-pessoal-da-caixa-economica-no-maranhao-adere-a-campanha-em-favor-das-vitimas-das-enchentes\/","title":{"rendered":"Associa\u00e7\u00e3o do Pessoal da Caixa Econ\u00f4mica no Maranh\u00e3o adere a campanha em favor das v\u00edtimas das enchentes"},"content":{"rendered":"\n<div class=\"wp-block-image\"><figure class=\"aligncenter size-large\"><a href=\"https:\/\/www.blogsoestado.com\/danielmatos\/files\/2023\/04\/IMG-20230410-WA0168.jpg\"><img decoding=\"async\" src=\"https:\/\/www.blogsoestado.com\/danielmatos\/files\/2023\/04\/IMG-20230410-WA0168-576x1024.jpg\" alt=\"\" class=\"wp-image-108250\"\/><\/a><\/figure><\/div>\n\n\n\n<p>A Associa\u00e7\u00e3o do Pessoal da Caixa Econ\u00f4mica Federal no Maranh\u00e3o (APCEF\/MA) aderiu \u00e0 campanha nacional em favor das v\u00edtimas das enchentes. A entidade est\u00e1 arrecadando donativos para serem entregues \u00e0s fam\u00edlias afetadas pelas chuvas intensas que, at\u00e9 o momento, j\u00e1 deixaram 64 munic\u00edpios do estado em situa\u00e7\u00e3o de emerg\u00eancia e afetam cerca de 36 mil pessoas.<\/p>\n\n\n\n<p>Intitulada &#8220;SOS Maranh\u00e3o&#8221;, a campanha \u00e9 resultado de uma mobiliza\u00e7\u00e3o iniciada em diferentes regi\u00f5es do pa\u00eds pela Federa\u00e7\u00e3o Nacional das Associa\u00e7\u00f5es do Pessoal da Caixa Econ\u00f4mica Federal (Fenae), que tem apoiado integralmente a a\u00e7\u00e3o solid\u00e1ria.<\/p>\n\n\n\n<p>As doa\u00e7\u00f5es podem ser feitas de duas formas. Uma delas \u00e9 a entrega de colch\u00f5es, len\u00e7\u00f3is, produtos de higiene pessoal, \u00e1gua, produtos de limpeza, dentre outros itens para atender as v\u00edtimas das enchentes, principalmente aquelas que est\u00e3o desabrigadas e desalojadas. Os donativos devem ser levados \u00e0 sede da APCEF\/MA, na Rua Jos\u00e9 Lu\u00eds Nova da Costa, s\/n, bairro Calhau.<\/p>\n\n\n\n<p>O aux\u00edlio \u00e0s fam\u00edlias maranhenses atingidas por desastres provocados pelas chuvas intensas tamb\u00e9m pode ser prestado por meio de transfer\u00eancia banc\u00e1ria \u00e0 Caixa Econ\u00f4mica Federal, ag\u00eancia 1413, opera\u00e7\u00e3o 1388, conta 739075259. \u00c9 poss\u00edvel, ainda, realizar uma transfer\u00eancia via PIX. Para essa modalidade de doa\u00e7\u00e3o, est\u00e3o sendo disponibilizadas duas chaves: o n\u00famero de celular 98 98299-0145 e o e-mail apcefma@apcefma.org.br.<\/p>\n\n\n\n<p>Confira abaixo:<\/p>\n\n\n\n<div class=\"wp-block-image\"><figure class=\"aligncenter size-large\"><a href=\"https:\/\/www.blogsoestado.com\/danielmatos\/files\/2023\/04\/IMG-20230410-WA0170.jpg\"><img decoding=\"async\" src=\"https:\/\/www.blogsoestado.com\/danielmatos\/files\/2023\/04\/IMG-20230410-WA0170-576x1024.jpg\" alt=\"\" class=\"wp-image-108251\"\/><\/a><\/figure><\/div>\n\n\n\n<div class=\"wp-block-image\"><figure class=\"aligncenter size-large\"><a href=\"https:\/\/www.blogsoestado.com\/danielmatos\/files\/2023\/04\/IMG-20230410-WA0169.jpg\"><img decoding=\"async\" src=\"https:\/\/www.blogsoestado.com\/danielmatos\/files\/2023\/04\/IMG-20230410-WA0169-1024x1024.jpg\" alt=\"\" class=\"wp-image-108252\"\/><\/a><\/figure><\/div>\n","protected":false},"excerpt":{"rendered":"<p>A Associa\u00e7\u00e3o do Pessoal da Caixa Econ\u00f4mica Federal no Maranh\u00e3o (APCEF\/MA) aderiu \u00e0 campanha nacional em favor das v\u00edtimas das [&hellip;]<\/p>\n","protected":false},"author":0,"featured_media":0,"comment_status":"open","ping_status":"open","sticky":false,"template":"","format":"standard","meta":{"site-sidebar-layout":"default","site-content-layout":"","ast-site-content-layout":"default","site-content-style":"default","site-sidebar-style":"default","ast-global-header-display":"","ast-banner-title-visibility":"","ast-main-header-display":"","ast-hfb-above-header-display":"","ast-hfb-below-header-display":"","ast-hfb-mobile-header-display":"","site-post-title":"","ast-breadcrumbs-content":"","ast-featured-img":"","footer-sml-layout":"","ast-disable-related-posts":"","theme-transparent-header-meta":"","adv-header-id-meta":"","stick-header-meta":"","header-above-stick-meta":"","header-main-stick-meta":"","header-below-stick-meta":"","astra-migrate-meta-layouts":"default","ast-page-background-enabled":"default","ast-page-background-meta":{"desktop":{"background-color":"var(--ast-global-color-5)","background-image":"","background-repeat":"repeat","background-position":"center center","background-size":"auto","background-attachment":"scroll","background-type":"","background-media":"","overlay-type":"","overlay-color":"","overlay-opacity":"","overlay-gradient":""},"tablet":{"background-color":"","background-image":"","background-repeat":"repeat","background-position":"center center","background-size":"auto","background-attachment":"scroll","background-type":"","background-media":"","overlay-type":"","overlay-color":"","overlay-opacity":"","overlay-gradient":""},"mobile":{"background-color":"","background-image":"","background-repeat":"repeat","background-position":"center center","background-size":"auto","background-attachment":"scroll","background-type":"","background-media":"","overlay-type":"","overlay-color":"","overlay-opacity":"","overlay-gradient":""}},"ast-content-background-meta":{"desktop":{"background-color":"var(--ast-global-color-4)","background-image":"","background-repeat":"repeat","background-position":"center center","background-size":"auto","background-attachment":"scroll","background-type":"","background-media":"","overlay-type":"","overlay-color":"","overlay-opacity":"","overlay-gradient":""},"tablet":{"background-color":"var(--ast-global-color-4)","background-image":"","background-repeat":"repeat","background-position":"center center","background-size":"auto","background-attachment":"scroll","background-type":"","background-media":"","overlay-type":"","overlay-color":"","overlay-opacity":"","overlay-gradient":""},"mobile":{"background-color":"var(--ast-global-color-4)","background-image":"","background-repeat":"repeat","background-position":"center center","background-size":"auto","background-attachment":"scroll","background-type":"","background-media":"","overlay-type":"","overlay-color":"","overlay-opacity":"","overlay-gradient":""}},"footnotes":""},"categories":[1],"tags":[],"class_list":["post-108249","post","type-post","status-publish","format-standard","hentry","category-sem-categoria"],"yoast_head":"<!-- This site is optimized with the Yoast SEO plugin v26.6 - https:\/\/yoast.com\/wordpress\/plugins\/seo\/ -->\n<title>Associa\u00e7\u00e3o do Pessoal da Caixa Econ\u00f4mica no Maranh\u00e3o adere a campanha em favor das v\u00edtimas das enchentes - Daniel Matos<\/title>\n<meta name=\"robots\" content=\"index, follow, max-snippet:-1, max-image-preview:large, max-video-preview:-1\" \/>\n<link rel=\"canonical\" href=\"https:\/\/www.blogsoestado.com\/danielmatos\/associacao-do-pessoal-da-caixa-economica-no-maranhao-adere-a-campanha-em-favor-das-vitimas-das-enchentes\/\" \/>\n<meta property=\"og:locale\" content=\"pt_BR\" \/>\n<meta property=\"og:type\" content=\"article\" \/>\n<meta property=\"og:title\" content=\"Associa\u00e7\u00e3o do Pessoal da Caixa Econ\u00f4mica no Maranh\u00e3o adere a campanha em favor das v\u00edtimas das enchentes - Daniel Matos\" \/>\n<meta property=\"og:description\" content=\"A Associa\u00e7\u00e3o do Pessoal da Caixa Econ\u00f4mica Federal no Maranh\u00e3o (APCEF\/MA) aderiu \u00e0 campanha nacional em favor das v\u00edtimas das [&hellip;]\" \/>\n<meta property=\"og:url\" content=\"https:\/\/www.blogsoestado.com\/danielmatos\/associacao-do-pessoal-da-caixa-economica-no-maranhao-adere-a-campanha-em-favor-das-vitimas-das-enchentes\/\" \/>\n<meta property=\"og:site_name\" content=\"Daniel Matos\" \/>\n<meta property=\"article:published_time\" content=\"2023-04-12T04:53:13+00:00\" \/>\n<meta property=\"og:image\" content=\"https:\/\/www.blogsoestado.com\/danielmatos\/files\/2023\/04\/IMG-20230410-WA0168-576x1024.jpg\" \/>\n<meta name=\"twitter:card\" content=\"summary_large_image\" \/>\n<meta name=\"twitter:label1\" content=\"Est. tempo de leitura\" \/>\n\t<meta name=\"twitter:data1\" content=\"2 minutos\" \/>\n<script type=\"application\/ld+json\" class=\"yoast-schema-graph\">{\"@context\":\"https:\/\/schema.org\",\"@graph\":[{\"@type\":\"WebPage\",\"@id\":\"https:\/\/www.blogsoestado.com\/danielmatos\/associacao-do-pessoal-da-caixa-economica-no-maranhao-adere-a-campanha-em-favor-das-vitimas-das-enchentes\/\",\"url\":\"https:\/\/www.blogsoestado.com\/danielmatos\/associacao-do-pessoal-da-caixa-economica-no-maranhao-adere-a-campanha-em-favor-das-vitimas-das-enchentes\/\",\"name\":\"Associa\u00e7\u00e3o do Pessoal da Caixa Econ\u00f4mica no Maranh\u00e3o adere a campanha em favor das v\u00edtimas das enchentes - Daniel Matos\",\"isPartOf\":{\"@id\":\"https:\/\/www.blogsoestado.com\/danielmatos\/#website\"},\"primaryImageOfPage\":{\"@id\":\"https:\/\/www.blogsoestado.com\/danielmatos\/associacao-do-pessoal-da-caixa-economica-no-maranhao-adere-a-campanha-em-favor-das-vitimas-das-enchentes\/#primaryimage\"},\"image\":{\"@id\":\"https:\/\/www.blogsoestado.com\/danielmatos\/associacao-do-pessoal-da-caixa-economica-no-maranhao-adere-a-campanha-em-favor-das-vitimas-das-enchentes\/#primaryimage\"},\"thumbnailUrl\":\"https:\/\/www.blogsoestado.com\/danielmatos\/files\/2023\/04\/IMG-20230410-WA0168-576x1024.jpg\",\"datePublished\":\"2023-04-12T04:53:13+00:00\",\"author\":{\"@id\":\"\"},\"breadcrumb\":{\"@id\":\"https:\/\/www.blogsoestado.com\/danielmatos\/associacao-do-pessoal-da-caixa-economica-no-maranhao-adere-a-campanha-em-favor-das-vitimas-das-enchentes\/#breadcrumb\"},\"inLanguage\":\"pt-BR\",\"potentialAction\":[{\"@type\":\"ReadAction\",\"target\":[\"https:\/\/www.blogsoestado.com\/danielmatos\/associacao-do-pessoal-da-caixa-economica-no-maranhao-adere-a-campanha-em-favor-das-vitimas-das-enchentes\/\"]}]},{\"@type\":\"ImageObject\",\"inLanguage\":\"pt-BR\",\"@id\":\"https:\/\/www.blogsoestado.com\/danielmatos\/associacao-do-pessoal-da-caixa-economica-no-maranhao-adere-a-campanha-em-favor-das-vitimas-das-enchentes\/#primaryimage\",\"url\":\"https:\/\/www.blogsoestado.com\/danielmatos\/files\/2023\/04\/IMG-20230410-WA0168-576x1024.jpg\",\"contentUrl\":\"https:\/\/www.blogsoestado.com\/danielmatos\/files\/2023\/04\/IMG-20230410-WA0168-576x1024.jpg\"},{\"@type\":\"BreadcrumbList\",\"@id\":\"https:\/\/www.blogsoestado.com\/danielmatos\/associacao-do-pessoal-da-caixa-economica-no-maranhao-adere-a-campanha-em-favor-das-vitimas-das-enchentes\/#breadcrumb\",\"itemListElement\":[{\"@type\":\"ListItem\",\"position\":1,\"name\":\"In\u00edcio\",\"item\":\"https:\/\/www.blogsoestado.com\/danielmatos\/\"},{\"@type\":\"ListItem\",\"position\":2,\"name\":\"Associa\u00e7\u00e3o do Pessoal da Caixa Econ\u00f4mica no Maranh\u00e3o adere a campanha em favor das v\u00edtimas das enchentes\"}]},{\"@type\":\"WebSite\",\"@id\":\"https:\/\/www.blogsoestado.com\/danielmatos\/#website\",\"url\":\"https:\/\/www.blogsoestado.com\/danielmatos\/\",\"name\":\"Daniel Matos\",\"description\":\"\",\"potentialAction\":[{\"@type\":\"SearchAction\",\"target\":{\"@type\":\"EntryPoint\",\"urlTemplate\":\"https:\/\/www.blogsoestado.com\/danielmatos\/?s={search_term_string}\"},\"query-input\":{\"@type\":\"PropertyValueSpecification\",\"valueRequired\":true,\"valueName\":\"search_term_string\"}}],\"inLanguage\":\"pt-BR\"}]}<\/script>\n<!-- \/ Yoast SEO plugin. -->","yoast_head_json":{"title":"Associa\u00e7\u00e3o do Pessoal da Caixa Econ\u00f4mica no Maranh\u00e3o adere a campanha em favor das v\u00edtimas das enchentes - Daniel Matos","robots":{"index":"index","follow":"follow","max-snippet":"max-snippet:-1","max-image-preview":"max-image-preview:large","max-video-preview":"max-video-preview:-1"},"canonical":"https:\/\/www.blogsoestado.com\/danielmatos\/associacao-do-pessoal-da-caixa-economica-no-maranhao-adere-a-campanha-em-favor-das-vitimas-das-enchentes\/","og_locale":"pt_BR","og_type":"article","og_title":"Associa\u00e7\u00e3o do Pessoal da Caixa Econ\u00f4mica no Maranh\u00e3o adere a campanha em favor das v\u00edtimas das enchentes - Daniel Matos","og_description":"A Associa\u00e7\u00e3o do Pessoal da Caixa Econ\u00f4mica Federal no Maranh\u00e3o (APCEF\/MA) aderiu \u00e0 campanha nacional em favor das v\u00edtimas das [&hellip;]","og_url":"https:\/\/www.blogsoestado.com\/danielmatos\/associacao-do-pessoal-da-caixa-economica-no-maranhao-adere-a-campanha-em-favor-das-vitimas-das-enchentes\/","og_site_name":"Daniel Matos","article_published_time":"2023-04-12T04:53:13+00:00","og_image":[{"url":"https:\/\/www.blogsoestado.com\/danielmatos\/files\/2023\/04\/IMG-20230410-WA0168-576x1024.jpg","type":"","width":"","height":""}],"twitter_card":"summary_large_image","twitter_misc":{"Est. tempo de leitura":"2 minutos"},"schema":{"@context":"https:\/\/schema.org","@graph":[{"@type":"WebPage","@id":"https:\/\/www.blogsoestado.com\/danielmatos\/associacao-do-pessoal-da-caixa-economica-no-maranhao-adere-a-campanha-em-favor-das-vitimas-das-enchentes\/","url":"https:\/\/www.blogsoestado.com\/danielmatos\/associacao-do-pessoal-da-caixa-economica-no-maranhao-adere-a-campanha-em-favor-das-vitimas-das-enchentes\/","name":"Associa\u00e7\u00e3o do Pessoal da Caixa Econ\u00f4mica no Maranh\u00e3o adere a campanha em favor das v\u00edtimas das enchentes - Daniel Matos","isPartOf":{"@id":"https:\/\/www.blogsoestado.com\/danielmatos\/#website"},"primaryImageOfPage":{"@id":"https:\/\/www.blogsoestado.com\/danielmatos\/associacao-do-pessoal-da-caixa-economica-no-maranhao-adere-a-campanha-em-favor-das-vitimas-das-enchentes\/#primaryimage"},"image":{"@id":"https:\/\/www.blogsoestado.com\/danielmatos\/associacao-do-pessoal-da-caixa-economica-no-maranhao-adere-a-campanha-em-favor-das-vitimas-das-enchentes\/#primaryimage"},"thumbnailUrl":"https:\/\/www.blogsoestado.com\/danielmatos\/files\/2023\/04\/IMG-20230410-WA0168-576x1024.jpg","datePublished":"2023-04-12T04:53:13+00:00","author":{"@id":""},"breadcrumb":{"@id":"https:\/\/www.blogsoestado.com\/danielmatos\/associacao-do-pessoal-da-caixa-economica-no-maranhao-adere-a-campanha-em-favor-das-vitimas-das-enchentes\/#breadcrumb"},"inLanguage":"pt-BR","potentialAction":[{"@type":"ReadAction","target":["https:\/\/www.blogsoestado.com\/danielmatos\/associacao-do-pessoal-da-caixa-economica-no-maranhao-adere-a-campanha-em-favor-das-vitimas-das-enchentes\/"]}]},{"@type":"ImageObject","inLanguage":"pt-BR","@id":"https:\/\/www.blogsoestado.com\/danielmatos\/associacao-do-pessoal-da-caixa-economica-no-maranhao-adere-a-campanha-em-favor-das-vitimas-das-enchentes\/#primaryimage","url":"https:\/\/www.blogsoestado.com\/danielmatos\/files\/2023\/04\/IMG-20230410-WA0168-576x1024.jpg","contentUrl":"https:\/\/www.blogsoestado.com\/danielmatos\/files\/2023\/04\/IMG-20230410-WA0168-576x1024.jpg"},{"@type":"BreadcrumbList","@id":"https:\/\/www.blogsoestado.com\/danielmatos\/associacao-do-pessoal-da-caixa-economica-no-maranhao-adere-a-campanha-em-favor-das-vitimas-das-enchentes\/#breadcrumb","itemListElement":[{"@type":"ListItem","position":1,"name":"In\u00edcio","item":"https:\/\/www.blogsoestado.com\/danielmatos\/"},{"@type":"ListItem","position":2,"name":"Associa\u00e7\u00e3o do Pessoal da Caixa Econ\u00f4mica no Maranh\u00e3o adere a campanha em favor das v\u00edtimas das enchentes"}]},{"@type":"WebSite","@id":"https:\/\/www.blogsoestado.com\/danielmatos\/#website","url":"https:\/\/www.blogsoestado.com\/danielmatos\/","name":"Daniel Matos","description":"","potentialAction":[{"@type":"SearchAction","target":{"@type":"EntryPoint","urlTemplate":"https:\/\/www.blogsoestado.com\/danielmatos\/?s={search_term_string}"},"query-input":{"@type":"PropertyValueSpecification","valueRequired":true,"valueName":"search_term_string"}}],"inLanguage":"pt-BR"}]}},"jetpack_featured_media_url":"","_links":{"self":[{"href":"https:\/\/www.blogsoestado.com\/danielmatos\/wp-json\/wp\/v2\/posts\/108249","targetHints":{"allow":["GET"]}}],"collection":[{"href":"https:\/\/www.blogsoestado.com\/danielmatos\/wp-json\/wp\/v2\/posts"}],"about":[{"href":"https:\/\/www.blogsoestado.com\/danielmatos\/wp-json\/wp\/v2\/types\/post"}],"replies":[{"embeddable":true,"href":"https:\/\/www.blogsoestado.com\/danielmatos\/wp-json\/wp\/v2\/comments?post=108249"}],"version-history":[{"count":0,"href":"https:\/\/www.blogsoestado.com\/danielmatos\/wp-json\/wp\/v2\/posts\/108249\/revisions"}],"wp:attachment":[{"href":"https:\/\/www.blogsoestado.com\/danielmatos\/wp-json\/wp\/v2\/media?parent=108249"}],"wp:term":[{"taxonomy":"category","embeddable":true,"href":"https:\/\/www.blogsoestado.com\/danielmatos\/wp-json\/wp\/v2\/categories?post=108249"},{"taxonomy":"post_tag","embeddable":true,"href":"https:\/\/www.blogsoestado.com\/danielmatos\/wp-json\/wp\/v2\/tags?post=108249"}],"curies":[{"name":"wp","href":"https:\/\/api.w.org\/{rel}","templated":true}]}}