{"id":108258,"date":"2023-04-12T12:05:31","date_gmt":"2023-04-12T15:05:31","guid":{"rendered":"https:\/\/www.blogsoestado.com\/danielmatos\/?p=108258"},"modified":"2023-04-12T12:05:31","modified_gmt":"2023-04-12T15:05:31","slug":"ceuma-retoma-campanha-solidaria-no-aniversario-de-33-anos-da-instituicao","status":"publish","type":"post","link":"https:\/\/www.blogsoestado.com\/danielmatos\/ceuma-retoma-campanha-solidaria-no-aniversario-de-33-anos-da-instituicao\/","title":{"rendered":"Ceuma retoma campanha solid\u00e1ria no anivers\u00e1rio de 33 anos da institui\u00e7\u00e3o"},"content":{"rendered":"\n<p><strong><span class=\"has-inline-color has-vivid-red-color\">\u00danica universidade particular do Maranh\u00e3o doar\u00e1 2 mil cestas b\u00e1sicas a v\u00edtimas das enchentes no Maranh\u00e3o e manter\u00e1 pontos de coleta nos campi de S\u00e3o Lu\u00eds e Imperatriz durante todo o m\u00eas de abril<\/span><\/strong><\/p>\n\n\n\n<div class=\"wp-block-image\"><figure class=\"aligncenter size-large\"><a href=\"https:\/\/www.blogsoestado.com\/danielmatos\/files\/2023\/04\/Screenshot_20230412-1147182.png\"><img decoding=\"async\" src=\"https:\/\/www.blogsoestado.com\/danielmatos\/files\/2023\/04\/Screenshot_20230412-1147182-591x1024.png\" alt=\"\" class=\"wp-image-108259\"\/><\/a><\/figure><\/div>\n\n\n\n<p>Para tornar o seu anivers\u00e1rio de 33 anos ainda mais significativa, o Ceuma retomou a campanha &#8220;Todos por Todos&#8221;, que consiste na doa\u00e7\u00e3o de 2 mil cestas b\u00e1sicas pela universidade. Os donativos ser\u00e3o destinados \u00e0s v\u00edtimas das enchentes que assolam dezenas de munic\u00edpios do Maranh\u00e3o e j\u00e1 fizeram cerca de 36 mil v\u00edtimas, at\u00e9 o momento.<\/p>\n\n\n\n<p>Al\u00e9m de destinar, com recursos pr\u00f3prios, cestas b\u00e1sicas a desabrigados, desalojados e outros milhares de pessoas afetadas pelas cheias, a Universidade Ceuma instalou pontos de coleta de doa\u00e7\u00f5es nos campi de S\u00e3o Lu\u00eds (Renascen\u00e7a e Turu), a na unidade de Imperatriz. <\/p>\n\n\n\n<p>A campanha ser\u00e1 realizada durante todo o m\u00eas de abril e certamente entrar\u00e1 para a hist\u00f3ria como uma das mobiliza\u00e7\u00f5es mais expressivas em aux\u00edlio \u00e0s v\u00edtimas de desastres naturais no estado.<\/p>\n\n\n\n<p>&#8220;Vamos ajudar as v\u00edtimas das enchentes no Maranh\u00e3o. Vamos refor\u00e7ar o nosso importante papel social.Vem ser Ceuma&#8221;, conclama a institui\u00e7\u00e3o.<\/p>\n","protected":false},"excerpt":{"rendered":"<p>\u00danica universidade particular do Maranh\u00e3o doar\u00e1 2 mil cestas b\u00e1sicas a v\u00edtimas das enchentes no Maranh\u00e3o e manter\u00e1 pontos de [&hellip;]<\/p>\n","protected":false},"author":0,"featured_media":0,"comment_status":"open","ping_status":"open","sticky":false,"template":"","format":"standard","meta":{"site-sidebar-layout":"default","site-content-layout":"","ast-site-content-layout":"default","site-content-style":"default","site-sidebar-style":"default","ast-global-header-display":"","ast-banner-title-visibility":"","ast-main-header-display":"","ast-hfb-above-header-display":"","ast-hfb-below-header-display":"","ast-hfb-mobile-header-display":"","site-post-title":"","ast-breadcrumbs-content":"","ast-featured-img":"","footer-sml-layout":"","ast-disable-related-posts":"","theme-transparent-header-meta":"","adv-header-id-meta":"","stick-header-meta":"","header-above-stick-meta":"","header-main-stick-meta":"","header-below-stick-meta":"","astra-migrate-meta-layouts":"default","ast-page-background-enabled":"default","ast-page-background-meta":{"desktop":{"background-color":"var(--ast-global-color-5)","background-image":"","background-repeat":"repeat","background-position":"center center","background-size":"auto","background-attachment":"scroll","background-type":"","background-media":"","overlay-type":"","overlay-color":"","overlay-opacity":"","overlay-gradient":""},"tablet":{"background-color":"","background-image":"","background-repeat":"repeat","background-position":"center center","background-size":"auto","background-attachment":"scroll","background-type":"","background-media":"","overlay-type":"","overlay-color":"","overlay-opacity":"","overlay-gradient":""},"mobile":{"background-color":"","background-image":"","background-repeat":"repeat","background-position":"center center","background-size":"auto","background-attachment":"scroll","background-type":"","background-media":"","overlay-type":"","overlay-color":"","overlay-opacity":"","overlay-gradient":""}},"ast-content-background-meta":{"desktop":{"background-color":"var(--ast-global-color-4)","background-image":"","background-repeat":"repeat","background-position":"center center","background-size":"auto","background-attachment":"scroll","background-type":"","background-media":"","overlay-type":"","overlay-color":"","overlay-opacity":"","overlay-gradient":""},"tablet":{"background-color":"var(--ast-global-color-4)","background-image":"","background-repeat":"repeat","background-position":"center center","background-size":"auto","background-attachment":"scroll","background-type":"","background-media":"","overlay-type":"","overlay-color":"","overlay-opacity":"","overlay-gradient":""},"mobile":{"background-color":"var(--ast-global-color-4)","background-image":"","background-repeat":"repeat","background-position":"center center","background-size":"auto","background-attachment":"scroll","background-type":"","background-media":"","overlay-type":"","overlay-color":"","overlay-opacity":"","overlay-gradient":""}},"footnotes":""},"categories":[1],"tags":[],"class_list":["post-108258","post","type-post","status-publish","format-standard","hentry","category-sem-categoria"],"yoast_head":"<!-- This site is optimized with the Yoast SEO plugin v26.6 - https:\/\/yoast.com\/wordpress\/plugins\/seo\/ -->\n<title>Ceuma retoma campanha solid\u00e1ria no anivers\u00e1rio de 33 anos da institui\u00e7\u00e3o - Daniel Matos<\/title>\n<meta name=\"robots\" content=\"index, follow, max-snippet:-1, max-image-preview:large, max-video-preview:-1\" \/>\n<link rel=\"canonical\" href=\"https:\/\/www.blogsoestado.com\/danielmatos\/ceuma-retoma-campanha-solidaria-no-aniversario-de-33-anos-da-instituicao\/\" \/>\n<meta property=\"og:locale\" content=\"pt_BR\" \/>\n<meta property=\"og:type\" content=\"article\" \/>\n<meta property=\"og:title\" content=\"Ceuma retoma campanha solid\u00e1ria no anivers\u00e1rio de 33 anos da institui\u00e7\u00e3o - Daniel Matos\" \/>\n<meta property=\"og:description\" content=\"\u00danica universidade particular do Maranh\u00e3o doar\u00e1 2 mil cestas b\u00e1sicas a v\u00edtimas das enchentes no Maranh\u00e3o e manter\u00e1 pontos de [&hellip;]\" \/>\n<meta property=\"og:url\" content=\"https:\/\/www.blogsoestado.com\/danielmatos\/ceuma-retoma-campanha-solidaria-no-aniversario-de-33-anos-da-instituicao\/\" \/>\n<meta property=\"og:site_name\" content=\"Daniel Matos\" \/>\n<meta property=\"article:published_time\" content=\"2023-04-12T15:05:31+00:00\" \/>\n<meta property=\"og:image\" content=\"https:\/\/www.blogsoestado.com\/danielmatos\/files\/2023\/04\/Screenshot_20230412-1147182-591x1024.png\" \/>\n<meta name=\"twitter:card\" content=\"summary_large_image\" \/>\n<meta name=\"twitter:label1\" content=\"Est. tempo de leitura\" \/>\n\t<meta name=\"twitter:data1\" content=\"1 minuto\" \/>\n<script type=\"application\/ld+json\" class=\"yoast-schema-graph\">{\"@context\":\"https:\/\/schema.org\",\"@graph\":[{\"@type\":\"WebPage\",\"@id\":\"https:\/\/www.blogsoestado.com\/danielmatos\/ceuma-retoma-campanha-solidaria-no-aniversario-de-33-anos-da-instituicao\/\",\"url\":\"https:\/\/www.blogsoestado.com\/danielmatos\/ceuma-retoma-campanha-solidaria-no-aniversario-de-33-anos-da-instituicao\/\",\"name\":\"Ceuma retoma campanha solid\u00e1ria no anivers\u00e1rio de 33 anos da institui\u00e7\u00e3o - Daniel Matos\",\"isPartOf\":{\"@id\":\"https:\/\/www.blogsoestado.com\/danielmatos\/#website\"},\"primaryImageOfPage\":{\"@id\":\"https:\/\/www.blogsoestado.com\/danielmatos\/ceuma-retoma-campanha-solidaria-no-aniversario-de-33-anos-da-instituicao\/#primaryimage\"},\"image\":{\"@id\":\"https:\/\/www.blogsoestado.com\/danielmatos\/ceuma-retoma-campanha-solidaria-no-aniversario-de-33-anos-da-instituicao\/#primaryimage\"},\"thumbnailUrl\":\"https:\/\/www.blogsoestado.com\/danielmatos\/files\/2023\/04\/Screenshot_20230412-1147182-591x1024.png\",\"datePublished\":\"2023-04-12T15:05:31+00:00\",\"author\":{\"@id\":\"\"},\"breadcrumb\":{\"@id\":\"https:\/\/www.blogsoestado.com\/danielmatos\/ceuma-retoma-campanha-solidaria-no-aniversario-de-33-anos-da-instituicao\/#breadcrumb\"},\"inLanguage\":\"pt-BR\",\"potentialAction\":[{\"@type\":\"ReadAction\",\"target\":[\"https:\/\/www.blogsoestado.com\/danielmatos\/ceuma-retoma-campanha-solidaria-no-aniversario-de-33-anos-da-instituicao\/\"]}]},{\"@type\":\"ImageObject\",\"inLanguage\":\"pt-BR\",\"@id\":\"https:\/\/www.blogsoestado.com\/danielmatos\/ceuma-retoma-campanha-solidaria-no-aniversario-de-33-anos-da-instituicao\/#primaryimage\",\"url\":\"https:\/\/www.blogsoestado.com\/danielmatos\/files\/2023\/04\/Screenshot_20230412-1147182-591x1024.png\",\"contentUrl\":\"https:\/\/www.blogsoestado.com\/danielmatos\/files\/2023\/04\/Screenshot_20230412-1147182-591x1024.png\"},{\"@type\":\"BreadcrumbList\",\"@id\":\"https:\/\/www.blogsoestado.com\/danielmatos\/ceuma-retoma-campanha-solidaria-no-aniversario-de-33-anos-da-instituicao\/#breadcrumb\",\"itemListElement\":[{\"@type\":\"ListItem\",\"position\":1,\"name\":\"In\u00edcio\",\"item\":\"https:\/\/www.blogsoestado.com\/danielmatos\/\"},{\"@type\":\"ListItem\",\"position\":2,\"name\":\"Ceuma retoma campanha solid\u00e1ria no anivers\u00e1rio de 33 anos da institui\u00e7\u00e3o\"}]},{\"@type\":\"WebSite\",\"@id\":\"https:\/\/www.blogsoestado.com\/danielmatos\/#website\",\"url\":\"https:\/\/www.blogsoestado.com\/danielmatos\/\",\"name\":\"Daniel Matos\",\"description\":\"\",\"potentialAction\":[{\"@type\":\"SearchAction\",\"target\":{\"@type\":\"EntryPoint\",\"urlTemplate\":\"https:\/\/www.blogsoestado.com\/danielmatos\/?s={search_term_string}\"},\"query-input\":{\"@type\":\"PropertyValueSpecification\",\"valueRequired\":true,\"valueName\":\"search_term_string\"}}],\"inLanguage\":\"pt-BR\"}]}<\/script>\n<!-- \/ Yoast SEO plugin. -->","yoast_head_json":{"title":"Ceuma retoma campanha solid\u00e1ria no anivers\u00e1rio de 33 anos da institui\u00e7\u00e3o - Daniel Matos","robots":{"index":"index","follow":"follow","max-snippet":"max-snippet:-1","max-image-preview":"max-image-preview:large","max-video-preview":"max-video-preview:-1"},"canonical":"https:\/\/www.blogsoestado.com\/danielmatos\/ceuma-retoma-campanha-solidaria-no-aniversario-de-33-anos-da-instituicao\/","og_locale":"pt_BR","og_type":"article","og_title":"Ceuma retoma campanha solid\u00e1ria no anivers\u00e1rio de 33 anos da institui\u00e7\u00e3o - Daniel Matos","og_description":"\u00danica universidade particular do Maranh\u00e3o doar\u00e1 2 mil cestas b\u00e1sicas a v\u00edtimas das enchentes no Maranh\u00e3o e manter\u00e1 pontos de [&hellip;]","og_url":"https:\/\/www.blogsoestado.com\/danielmatos\/ceuma-retoma-campanha-solidaria-no-aniversario-de-33-anos-da-instituicao\/","og_site_name":"Daniel Matos","article_published_time":"2023-04-12T15:05:31+00:00","og_image":[{"url":"https:\/\/www.blogsoestado.com\/danielmatos\/files\/2023\/04\/Screenshot_20230412-1147182-591x1024.png","type":"","width":"","height":""}],"twitter_card":"summary_large_image","twitter_misc":{"Est. tempo de leitura":"1 minuto"},"schema":{"@context":"https:\/\/schema.org","@graph":[{"@type":"WebPage","@id":"https:\/\/www.blogsoestado.com\/danielmatos\/ceuma-retoma-campanha-solidaria-no-aniversario-de-33-anos-da-instituicao\/","url":"https:\/\/www.blogsoestado.com\/danielmatos\/ceuma-retoma-campanha-solidaria-no-aniversario-de-33-anos-da-instituicao\/","name":"Ceuma retoma campanha solid\u00e1ria no anivers\u00e1rio de 33 anos da institui\u00e7\u00e3o - Daniel Matos","isPartOf":{"@id":"https:\/\/www.blogsoestado.com\/danielmatos\/#website"},"primaryImageOfPage":{"@id":"https:\/\/www.blogsoestado.com\/danielmatos\/ceuma-retoma-campanha-solidaria-no-aniversario-de-33-anos-da-instituicao\/#primaryimage"},"image":{"@id":"https:\/\/www.blogsoestado.com\/danielmatos\/ceuma-retoma-campanha-solidaria-no-aniversario-de-33-anos-da-instituicao\/#primaryimage"},"thumbnailUrl":"https:\/\/www.blogsoestado.com\/danielmatos\/files\/2023\/04\/Screenshot_20230412-1147182-591x1024.png","datePublished":"2023-04-12T15:05:31+00:00","author":{"@id":""},"breadcrumb":{"@id":"https:\/\/www.blogsoestado.com\/danielmatos\/ceuma-retoma-campanha-solidaria-no-aniversario-de-33-anos-da-instituicao\/#breadcrumb"},"inLanguage":"pt-BR","potentialAction":[{"@type":"ReadAction","target":["https:\/\/www.blogsoestado.com\/danielmatos\/ceuma-retoma-campanha-solidaria-no-aniversario-de-33-anos-da-instituicao\/"]}]},{"@type":"ImageObject","inLanguage":"pt-BR","@id":"https:\/\/www.blogsoestado.com\/danielmatos\/ceuma-retoma-campanha-solidaria-no-aniversario-de-33-anos-da-instituicao\/#primaryimage","url":"https:\/\/www.blogsoestado.com\/danielmatos\/files\/2023\/04\/Screenshot_20230412-1147182-591x1024.png","contentUrl":"https:\/\/www.blogsoestado.com\/danielmatos\/files\/2023\/04\/Screenshot_20230412-1147182-591x1024.png"},{"@type":"BreadcrumbList","@id":"https:\/\/www.blogsoestado.com\/danielmatos\/ceuma-retoma-campanha-solidaria-no-aniversario-de-33-anos-da-instituicao\/#breadcrumb","itemListElement":[{"@type":"ListItem","position":1,"name":"In\u00edcio","item":"https:\/\/www.blogsoestado.com\/danielmatos\/"},{"@type":"ListItem","position":2,"name":"Ceuma retoma campanha solid\u00e1ria no anivers\u00e1rio de 33 anos da institui\u00e7\u00e3o"}]},{"@type":"WebSite","@id":"https:\/\/www.blogsoestado.com\/danielmatos\/#website","url":"https:\/\/www.blogsoestado.com\/danielmatos\/","name":"Daniel Matos","description":"","potentialAction":[{"@type":"SearchAction","target":{"@type":"EntryPoint","urlTemplate":"https:\/\/www.blogsoestado.com\/danielmatos\/?s={search_term_string}"},"query-input":{"@type":"PropertyValueSpecification","valueRequired":true,"valueName":"search_term_string"}}],"inLanguage":"pt-BR"}]}},"jetpack_featured_media_url":"","_links":{"self":[{"href":"https:\/\/www.blogsoestado.com\/danielmatos\/wp-json\/wp\/v2\/posts\/108258","targetHints":{"allow":["GET"]}}],"collection":[{"href":"https:\/\/www.blogsoestado.com\/danielmatos\/wp-json\/wp\/v2\/posts"}],"about":[{"href":"https:\/\/www.blogsoestado.com\/danielmatos\/wp-json\/wp\/v2\/types\/post"}],"replies":[{"embeddable":true,"href":"https:\/\/www.blogsoestado.com\/danielmatos\/wp-json\/wp\/v2\/comments?post=108258"}],"version-history":[{"count":0,"href":"https:\/\/www.blogsoestado.com\/danielmatos\/wp-json\/wp\/v2\/posts\/108258\/revisions"}],"wp:attachment":[{"href":"https:\/\/www.blogsoestado.com\/danielmatos\/wp-json\/wp\/v2\/media?parent=108258"}],"wp:term":[{"taxonomy":"category","embeddable":true,"href":"https:\/\/www.blogsoestado.com\/danielmatos\/wp-json\/wp\/v2\/categories?post=108258"},{"taxonomy":"post_tag","embeddable":true,"href":"https:\/\/www.blogsoestado.com\/danielmatos\/wp-json\/wp\/v2\/tags?post=108258"}],"curies":[{"name":"wp","href":"https:\/\/api.w.org\/{rel}","templated":true}]}}