{"id":108277,"date":"2023-04-12T22:52:06","date_gmt":"2023-04-13T01:52:06","guid":{"rendered":"https:\/\/www.blogsoestado.com\/danielmatos\/?p=108277"},"modified":"2023-04-12T22:52:06","modified_gmt":"2023-04-13T01:52:06","slug":"deputado-wellington-se-reune-com-comando-da-pmma-e-apresenta-demandas-de-policiais-militares","status":"publish","type":"post","link":"https:\/\/www.blogsoestado.com\/danielmatos\/deputado-wellington-se-reune-com-comando-da-pmma-e-apresenta-demandas-de-policiais-militares\/","title":{"rendered":"Deputado Wellington se re\u00fane com Comando da PMMA e apresenta demandas de policiais militares"},"content":{"rendered":"\n<div class=\"wp-block-image\"><figure class=\"aligncenter size-large\"><a href=\"https:\/\/www.blogsoestado.com\/danielmatos\/files\/2023\/04\/Screenshot_20230412-2254122.png\"><img decoding=\"async\" src=\"https:\/\/www.blogsoestado.com\/danielmatos\/files\/2023\/04\/Screenshot_20230412-2254122.png\" alt=\"\" class=\"wp-image-108281\"\/><\/a><figcaption>O deputado estadual Wellington do Curso Wellington reafirmou ao comandante geral da PM o seu compromisso em defender os policiais militares<\/figcaption><\/figure><\/div>\n\n\n\n<p>O deputado estadual Wellington do Curso esteve em importante reuni\u00e3o com o comandante-geral da Pol\u00edcia Militar do Maranh\u00e3o (PMMA), Clcoronel Emerson Bezerra. O objetivo foi debater sobre pontos apresentados por policiais ao deputado Wellington, a exemplo do pagamento antecipado das di\u00e1rias operacionais, melhor distribui\u00e7\u00e3o do efetivo e adicional noturno.<\/p>\n\n\n\n<p>Na ocasi\u00e3o, Wellington reafirmou o compromisso em defender os policiais militares e disse que ir\u00e1 dialogar com o Secret\u00e1rio de Seguran\u00e7a P\u00fablica para trazer melhorias \u00e0 tropa.<\/p>\n\n\n\n<p>\u201cO meu compromisso sempre foi defender os policiais no Maranh\u00e3o. Por isso, trouxe uma s\u00e9rie de pontos elencados pelos militares, a exemplo do pagamento antecipado das di\u00e1rias operacionais, da melhor distribui\u00e7\u00e3o do efetivo e, ainda, da implanta\u00e7\u00e3o do adicional noturno. Sei que alguns pontos fogem da atribui\u00e7\u00e3o do Comando e, por isso, estarei dialogando com o Secret\u00e1rio de Seguran\u00e7a P\u00fablica para garantir que as demandas sejam atendidas. Policial tem que ser valorizado!\u201d, disse o deputado Wellington.<\/p>\n","protected":false},"excerpt":{"rendered":"<p>O deputado estadual Wellington do Curso esteve em importante reuni\u00e3o com o comandante-geral da Pol\u00edcia Militar do Maranh\u00e3o (PMMA), Clcoronel [&hellip;]<\/p>\n","protected":false},"author":0,"featured_media":0,"comment_status":"open","ping_status":"open","sticky":false,"template":"","format":"standard","meta":{"site-sidebar-layout":"default","site-content-layout":"","ast-site-content-layout":"default","site-content-style":"default","site-sidebar-style":"default","ast-global-header-display":"","ast-banner-title-visibility":"","ast-main-header-display":"","ast-hfb-above-header-display":"","ast-hfb-below-header-display":"","ast-hfb-mobile-header-display":"","site-post-title":"","ast-breadcrumbs-content":"","ast-featured-img":"","footer-sml-layout":"","ast-disable-related-posts":"","theme-transparent-header-meta":"","adv-header-id-meta":"","stick-header-meta":"","header-above-stick-meta":"","header-main-stick-meta":"","header-below-stick-meta":"","astra-migrate-meta-layouts":"default","ast-page-background-enabled":"default","ast-page-background-meta":{"desktop":{"background-color":"var(--ast-global-color-5)","background-image":"","background-repeat":"repeat","background-position":"center center","background-size":"auto","background-attachment":"scroll","background-type":"","background-media":"","overlay-type":"","overlay-color":"","overlay-opacity":"","overlay-gradient":""},"tablet":{"background-color":"","background-image":"","background-repeat":"repeat","background-position":"center center","background-size":"auto","background-attachment":"scroll","background-type":"","background-media":"","overlay-type":"","overlay-color":"","overlay-opacity":"","overlay-gradient":""},"mobile":{"background-color":"","background-image":"","background-repeat":"repeat","background-position":"center center","background-size":"auto","background-attachment":"scroll","background-type":"","background-media":"","overlay-type":"","overlay-color":"","overlay-opacity":"","overlay-gradient":""}},"ast-content-background-meta":{"desktop":{"background-color":"var(--ast-global-color-4)","background-image":"","background-repeat":"repeat","background-position":"center center","background-size":"auto","background-attachment":"scroll","background-type":"","background-media":"","overlay-type":"","overlay-color":"","overlay-opacity":"","overlay-gradient":""},"tablet":{"background-color":"var(--ast-global-color-4)","background-image":"","background-repeat":"repeat","background-position":"center center","background-size":"auto","background-attachment":"scroll","background-type":"","background-media":"","overlay-type":"","overlay-color":"","overlay-opacity":"","overlay-gradient":""},"mobile":{"background-color":"var(--ast-global-color-4)","background-image":"","background-repeat":"repeat","background-position":"center center","background-size":"auto","background-attachment":"scroll","background-type":"","background-media":"","overlay-type":"","overlay-color":"","overlay-opacity":"","overlay-gradient":""}},"footnotes":""},"categories":[1],"tags":[],"class_list":["post-108277","post","type-post","status-publish","format-standard","hentry","category-sem-categoria"],"yoast_head":"<!-- This site is optimized with the Yoast SEO plugin v26.6 - https:\/\/yoast.com\/wordpress\/plugins\/seo\/ -->\n<title>Deputado Wellington se re\u00fane com Comando da PMMA e apresenta demandas de policiais militares - Daniel Matos<\/title>\n<meta name=\"robots\" content=\"index, follow, max-snippet:-1, max-image-preview:large, max-video-preview:-1\" \/>\n<link rel=\"canonical\" href=\"https:\/\/www.blogsoestado.com\/danielmatos\/deputado-wellington-se-reune-com-comando-da-pmma-e-apresenta-demandas-de-policiais-militares\/\" \/>\n<meta property=\"og:locale\" content=\"pt_BR\" \/>\n<meta property=\"og:type\" content=\"article\" \/>\n<meta property=\"og:title\" content=\"Deputado Wellington se re\u00fane com Comando da PMMA e apresenta demandas de policiais militares - Daniel Matos\" \/>\n<meta property=\"og:description\" content=\"O deputado estadual Wellington do Curso esteve em importante reuni\u00e3o com o comandante-geral da Pol\u00edcia Militar do Maranh\u00e3o (PMMA), Clcoronel [&hellip;]\" \/>\n<meta property=\"og:url\" content=\"https:\/\/www.blogsoestado.com\/danielmatos\/deputado-wellington-se-reune-com-comando-da-pmma-e-apresenta-demandas-de-policiais-militares\/\" \/>\n<meta property=\"og:site_name\" content=\"Daniel Matos\" \/>\n<meta property=\"article:published_time\" content=\"2023-04-13T01:52:06+00:00\" \/>\n<meta property=\"og:image\" content=\"https:\/\/www.blogsoestado.com\/danielmatos\/files\/2023\/04\/Screenshot_20230412-2254122.png\" \/>\n<meta name=\"twitter:card\" content=\"summary_large_image\" \/>\n<meta name=\"twitter:label1\" content=\"Est. tempo de leitura\" \/>\n\t<meta name=\"twitter:data1\" content=\"1 minuto\" \/>\n<script type=\"application\/ld+json\" class=\"yoast-schema-graph\">{\"@context\":\"https:\/\/schema.org\",\"@graph\":[{\"@type\":\"WebPage\",\"@id\":\"https:\/\/www.blogsoestado.com\/danielmatos\/deputado-wellington-se-reune-com-comando-da-pmma-e-apresenta-demandas-de-policiais-militares\/\",\"url\":\"https:\/\/www.blogsoestado.com\/danielmatos\/deputado-wellington-se-reune-com-comando-da-pmma-e-apresenta-demandas-de-policiais-militares\/\",\"name\":\"Deputado Wellington se re\u00fane com Comando da PMMA e apresenta demandas de policiais militares - Daniel Matos\",\"isPartOf\":{\"@id\":\"https:\/\/www.blogsoestado.com\/danielmatos\/#website\"},\"primaryImageOfPage\":{\"@id\":\"https:\/\/www.blogsoestado.com\/danielmatos\/deputado-wellington-se-reune-com-comando-da-pmma-e-apresenta-demandas-de-policiais-militares\/#primaryimage\"},\"image\":{\"@id\":\"https:\/\/www.blogsoestado.com\/danielmatos\/deputado-wellington-se-reune-com-comando-da-pmma-e-apresenta-demandas-de-policiais-militares\/#primaryimage\"},\"thumbnailUrl\":\"https:\/\/www.blogsoestado.com\/danielmatos\/files\/2023\/04\/Screenshot_20230412-2254122.png\",\"datePublished\":\"2023-04-13T01:52:06+00:00\",\"author\":{\"@id\":\"\"},\"breadcrumb\":{\"@id\":\"https:\/\/www.blogsoestado.com\/danielmatos\/deputado-wellington-se-reune-com-comando-da-pmma-e-apresenta-demandas-de-policiais-militares\/#breadcrumb\"},\"inLanguage\":\"pt-BR\",\"potentialAction\":[{\"@type\":\"ReadAction\",\"target\":[\"https:\/\/www.blogsoestado.com\/danielmatos\/deputado-wellington-se-reune-com-comando-da-pmma-e-apresenta-demandas-de-policiais-militares\/\"]}]},{\"@type\":\"ImageObject\",\"inLanguage\":\"pt-BR\",\"@id\":\"https:\/\/www.blogsoestado.com\/danielmatos\/deputado-wellington-se-reune-com-comando-da-pmma-e-apresenta-demandas-de-policiais-militares\/#primaryimage\",\"url\":\"https:\/\/www.blogsoestado.com\/danielmatos\/files\/2023\/04\/Screenshot_20230412-2254122.png\",\"contentUrl\":\"https:\/\/www.blogsoestado.com\/danielmatos\/files\/2023\/04\/Screenshot_20230412-2254122.png\"},{\"@type\":\"BreadcrumbList\",\"@id\":\"https:\/\/www.blogsoestado.com\/danielmatos\/deputado-wellington-se-reune-com-comando-da-pmma-e-apresenta-demandas-de-policiais-militares\/#breadcrumb\",\"itemListElement\":[{\"@type\":\"ListItem\",\"position\":1,\"name\":\"In\u00edcio\",\"item\":\"https:\/\/www.blogsoestado.com\/danielmatos\/\"},{\"@type\":\"ListItem\",\"position\":2,\"name\":\"Deputado Wellington se re\u00fane com Comando da PMMA e apresenta demandas de policiais militares\"}]},{\"@type\":\"WebSite\",\"@id\":\"https:\/\/www.blogsoestado.com\/danielmatos\/#website\",\"url\":\"https:\/\/www.blogsoestado.com\/danielmatos\/\",\"name\":\"Daniel Matos\",\"description\":\"\",\"potentialAction\":[{\"@type\":\"SearchAction\",\"target\":{\"@type\":\"EntryPoint\",\"urlTemplate\":\"https:\/\/www.blogsoestado.com\/danielmatos\/?s={search_term_string}\"},\"query-input\":{\"@type\":\"PropertyValueSpecification\",\"valueRequired\":true,\"valueName\":\"search_term_string\"}}],\"inLanguage\":\"pt-BR\"}]}<\/script>\n<!-- \/ Yoast SEO plugin. -->","yoast_head_json":{"title":"Deputado Wellington se re\u00fane com Comando da PMMA e apresenta demandas de policiais militares - Daniel Matos","robots":{"index":"index","follow":"follow","max-snippet":"max-snippet:-1","max-image-preview":"max-image-preview:large","max-video-preview":"max-video-preview:-1"},"canonical":"https:\/\/www.blogsoestado.com\/danielmatos\/deputado-wellington-se-reune-com-comando-da-pmma-e-apresenta-demandas-de-policiais-militares\/","og_locale":"pt_BR","og_type":"article","og_title":"Deputado Wellington se re\u00fane com Comando da PMMA e apresenta demandas de policiais militares - Daniel Matos","og_description":"O deputado estadual Wellington do Curso esteve em importante reuni\u00e3o com o comandante-geral da Pol\u00edcia Militar do Maranh\u00e3o (PMMA), Clcoronel [&hellip;]","og_url":"https:\/\/www.blogsoestado.com\/danielmatos\/deputado-wellington-se-reune-com-comando-da-pmma-e-apresenta-demandas-de-policiais-militares\/","og_site_name":"Daniel Matos","article_published_time":"2023-04-13T01:52:06+00:00","og_image":[{"url":"https:\/\/www.blogsoestado.com\/danielmatos\/files\/2023\/04\/Screenshot_20230412-2254122.png","type":"","width":"","height":""}],"twitter_card":"summary_large_image","twitter_misc":{"Est. tempo de leitura":"1 minuto"},"schema":{"@context":"https:\/\/schema.org","@graph":[{"@type":"WebPage","@id":"https:\/\/www.blogsoestado.com\/danielmatos\/deputado-wellington-se-reune-com-comando-da-pmma-e-apresenta-demandas-de-policiais-militares\/","url":"https:\/\/www.blogsoestado.com\/danielmatos\/deputado-wellington-se-reune-com-comando-da-pmma-e-apresenta-demandas-de-policiais-militares\/","name":"Deputado Wellington se re\u00fane com Comando da PMMA e apresenta demandas de policiais militares - Daniel Matos","isPartOf":{"@id":"https:\/\/www.blogsoestado.com\/danielmatos\/#website"},"primaryImageOfPage":{"@id":"https:\/\/www.blogsoestado.com\/danielmatos\/deputado-wellington-se-reune-com-comando-da-pmma-e-apresenta-demandas-de-policiais-militares\/#primaryimage"},"image":{"@id":"https:\/\/www.blogsoestado.com\/danielmatos\/deputado-wellington-se-reune-com-comando-da-pmma-e-apresenta-demandas-de-policiais-militares\/#primaryimage"},"thumbnailUrl":"https:\/\/www.blogsoestado.com\/danielmatos\/files\/2023\/04\/Screenshot_20230412-2254122.png","datePublished":"2023-04-13T01:52:06+00:00","author":{"@id":""},"breadcrumb":{"@id":"https:\/\/www.blogsoestado.com\/danielmatos\/deputado-wellington-se-reune-com-comando-da-pmma-e-apresenta-demandas-de-policiais-militares\/#breadcrumb"},"inLanguage":"pt-BR","potentialAction":[{"@type":"ReadAction","target":["https:\/\/www.blogsoestado.com\/danielmatos\/deputado-wellington-se-reune-com-comando-da-pmma-e-apresenta-demandas-de-policiais-militares\/"]}]},{"@type":"ImageObject","inLanguage":"pt-BR","@id":"https:\/\/www.blogsoestado.com\/danielmatos\/deputado-wellington-se-reune-com-comando-da-pmma-e-apresenta-demandas-de-policiais-militares\/#primaryimage","url":"https:\/\/www.blogsoestado.com\/danielmatos\/files\/2023\/04\/Screenshot_20230412-2254122.png","contentUrl":"https:\/\/www.blogsoestado.com\/danielmatos\/files\/2023\/04\/Screenshot_20230412-2254122.png"},{"@type":"BreadcrumbList","@id":"https:\/\/www.blogsoestado.com\/danielmatos\/deputado-wellington-se-reune-com-comando-da-pmma-e-apresenta-demandas-de-policiais-militares\/#breadcrumb","itemListElement":[{"@type":"ListItem","position":1,"name":"In\u00edcio","item":"https:\/\/www.blogsoestado.com\/danielmatos\/"},{"@type":"ListItem","position":2,"name":"Deputado Wellington se re\u00fane com Comando da PMMA e apresenta demandas de policiais militares"}]},{"@type":"WebSite","@id":"https:\/\/www.blogsoestado.com\/danielmatos\/#website","url":"https:\/\/www.blogsoestado.com\/danielmatos\/","name":"Daniel Matos","description":"","potentialAction":[{"@type":"SearchAction","target":{"@type":"EntryPoint","urlTemplate":"https:\/\/www.blogsoestado.com\/danielmatos\/?s={search_term_string}"},"query-input":{"@type":"PropertyValueSpecification","valueRequired":true,"valueName":"search_term_string"}}],"inLanguage":"pt-BR"}]}},"jetpack_featured_media_url":"","_links":{"self":[{"href":"https:\/\/www.blogsoestado.com\/danielmatos\/wp-json\/wp\/v2\/posts\/108277","targetHints":{"allow":["GET"]}}],"collection":[{"href":"https:\/\/www.blogsoestado.com\/danielmatos\/wp-json\/wp\/v2\/posts"}],"about":[{"href":"https:\/\/www.blogsoestado.com\/danielmatos\/wp-json\/wp\/v2\/types\/post"}],"replies":[{"embeddable":true,"href":"https:\/\/www.blogsoestado.com\/danielmatos\/wp-json\/wp\/v2\/comments?post=108277"}],"version-history":[{"count":0,"href":"https:\/\/www.blogsoestado.com\/danielmatos\/wp-json\/wp\/v2\/posts\/108277\/revisions"}],"wp:attachment":[{"href":"https:\/\/www.blogsoestado.com\/danielmatos\/wp-json\/wp\/v2\/media?parent=108277"}],"wp:term":[{"taxonomy":"category","embeddable":true,"href":"https:\/\/www.blogsoestado.com\/danielmatos\/wp-json\/wp\/v2\/categories?post=108277"},{"taxonomy":"post_tag","embeddable":true,"href":"https:\/\/www.blogsoestado.com\/danielmatos\/wp-json\/wp\/v2\/tags?post=108277"}],"curies":[{"name":"wp","href":"https:\/\/api.w.org\/{rel}","templated":true}]}}