{"id":108283,"date":"2023-04-12T23:25:13","date_gmt":"2023-04-13T02:25:13","guid":{"rendered":"https:\/\/www.blogsoestado.com\/danielmatos\/?p=108283"},"modified":"2023-04-12T23:25:13","modified_gmt":"2023-04-13T02:25:13","slug":"midr-reconhece-situacao-de-emergencia-em-mais-14-cidades-do-maranhao-atingidas-por-desastres","status":"publish","type":"post","link":"https:\/\/www.blogsoestado.com\/danielmatos\/midr-reconhece-situacao-de-emergencia-em-mais-14-cidades-do-maranhao-atingidas-por-desastres\/","title":{"rendered":"Governo Federal reconhece situa\u00e7\u00e3o de emerg\u00eancia em mais 14 cidades do Maranh\u00e3o atingidas por desastres"},"content":{"rendered":"\n<p><strong><span class=\"has-inline-color has-vivid-red-color\">Desde o in\u00edcio do ano, j\u00e1 foram repassados, por meio do MDIR, mais de R$ 16,7 milh\u00f5es para a\u00e7\u00f5es de prote\u00e7\u00e3o e defesa civil no estado<\/span><\/strong><\/p>\n\n\n\n<div class=\"wp-block-image\"><figure class=\"aligncenter size-large\"><a href=\"https:\/\/www.blogsoestado.com\/danielmatos\/files\/2023\/04\/Screenshot_20230412-2329522.png\"><img decoding=\"async\" src=\"https:\/\/www.blogsoestado.com\/danielmatos\/files\/2023\/04\/Screenshot_20230412-2329522.png\" alt=\"\" class=\"wp-image-108287\"\/><\/a><figcaption>Cheia do Rio Mearim obriga fam\u00edlias de Bacabal a usarem canoas como meios de locomo\u00e7\u00e3o<\/figcaption><\/figure><\/div>\n\n\n\n<p>O Minist\u00e9rio da Integra\u00e7\u00e3o e do Desenvolvimento Regional (MIDR), por meio da Defesa Civil Nacional, reconheceu a situa\u00e7\u00e3o de emerg\u00eancia em mais 14 cidades do Maranh\u00e3o atingidas por chuvas intensas. As portarias que oficializam a medida foram publicadas na edi\u00e7\u00e3o desta quarta-feira (12) do Di\u00e1rio Oficial da Uni\u00e3o. Clique&nbsp;<a href=\"https:\/\/www.in.gov.br\/en\/web\/dou\/-\/portaria-n-1.415-de-10-de-abril-de-2023-476381221\" target=\"_blank\" rel=\"noreferrer noopener\">aqui<\/a>&nbsp;e&nbsp;<a href=\"https:\/\/www.in.gov.br\/en\/web\/dou\/-\/portaria-n-1.416-de-10-de-abril-de-2023-476381112\" target=\"_blank\" rel=\"noreferrer noopener\">aqui<\/a>&nbsp;para acessar.<\/p>\n\n\n\n<p>Integram a lista os munic\u00edpios de A\u00e7ail\u00e2ndia, Bacabal, Cantanhede, Josel\u00e2ndia, Maraj\u00e1 do Sena, Nina Rodrigues, Olinda Nova do Maranh\u00e3o, Presidente Vargas, Ros\u00e1rio, Santa Luzia, S\u00e3o Vicente Ferrer, Tufil\u00e2ndia, Tut\u00f3ia e Vit\u00f3ria do Mearim. Com o reconhecimento, os munic\u00edpios podem solicitar recursos federais para a\u00e7\u00f5es de defesa civil.<\/p>\n\n\n\n<p>Desde o in\u00edcio do ano, o MIDR j\u00e1 repassou mais de R$ 16,7 milh\u00f5es para munic\u00edpios atingidos por desastres no Maranh\u00e3o. Os recursos foram destinados \u00e0 compra de itens de assist\u00eancia humanit\u00e1ria, como cestas b\u00e1sicas, colch\u00f5es e kits de limpeza e alimenta\u00e7\u00e3o, al\u00e9m de reconstru\u00e7\u00e3o de moradias, limpeza urbana e desobstru\u00e7\u00e3o de galerias de \u00e1guas pluviais, entre outras.<\/p>\n\n\n\n<p>No momento, 51 cidades do Maranh\u00e3o est\u00e3o com reconhecimento federal de situa\u00e7\u00e3o de emerg\u00eancia ou de estado de calamidade p\u00fablica vigente devido a desastres. Confira&nbsp;<a target=\"_blank\" href=\"https:\/\/www.gov.br\/mdr\/pt-br\/noticias\/Relatorio_Reconhecimentos_Vigentes.pdf\" rel=\"noreferrer noopener\">aqui<\/a>&nbsp;a lista com todos os munic\u00edpios.<\/p>\n\n\n\n<p>No domingo (9), o presidente Luiz In\u00e1cio Lula da Silva e uma comitiva de ministros, na qual estava Waldez G\u00f3es, titular do MIDR, visitaram as regi\u00f5es de Trizidela do Vale e Pedreiras, uma das mais atingidas pelas fortes chuvas. A comitiva do Governo Federal tamb\u00e9m foi composta pelos ministros Alexandre Padilha (Rela\u00e7\u00f5es Institucionais), Fl\u00e1vio Dino (Justi\u00e7a e Seguran\u00e7a P\u00fablica), Paulo Pimenta (Secretaria de Comunica\u00e7\u00e3o Social da Presid\u00eancia), Jader Filho (Cidades) e Luiz Marinho (Previd\u00eancia e Trabalho).<\/p>\n\n\n\n<p>Depois de pousar em Bacabal, a comitiva fez um sobrevoo, ao lado do governador do Maranh\u00e3o, Carlos Brand\u00e3o, nas \u00e1reas mais prejudicadas em Trizidela do Vale e Pedreiras e, na sequ\u00eancia, retornou a Bacabal, onde visitou um abrigo na Par\u00f3quia Santa Terezinha.<\/p>\n\n\n\n<div class=\"wp-block-image\"><figure class=\"aligncenter size-large\"><a href=\"https:\/\/www.blogsoestado.com\/danielmatos\/files\/2023\/04\/Screenshot_20230412-2336322.png\"><img decoding=\"async\" src=\"https:\/\/www.blogsoestado.com\/danielmatos\/files\/2023\/04\/Screenshot_20230412-2336322.png\" alt=\"\" class=\"wp-image-108289\"\/><\/a><figcaption>Entorno de igreja totalmente inundado em Vit\u00f3ria do Mearim, outro munic\u00edpio maranhense que teve situa\u00e7\u00e3o de emerg\u00eancia reconhecida em Vit\u00f3ria do Mearim<\/figcaption><\/figure><\/div>\n\n\n\n<p><strong>Outras a\u00e7\u00f5es<\/strong><\/p>\n\n\n\n<p>O Centro Nacional de Gerenciamento de Riscos e Desastres (Cenad) mobilizou equipe do Grupo de Apoio a Desastres (GADE), composta por seis t\u00e9cnicos, para auxiliar nos procedimentos relacionados a decreta\u00e7\u00e3o de situa\u00e7\u00e3o de emerg\u00eancia e solicita\u00e7\u00e3o de recursos federais para socorro e assist\u00eancia \u00e0s v\u00edtimas das chuvas. O grupo prestou aux\u00edlio a 14 munic\u00edpios, de maneira presencial ou remota.<\/p>\n\n\n\n<p><strong>Como solicitar recursos federais para a\u00e7\u00f5es de defesa civil<\/strong><\/p>\n\n\n\n<p>Cidades em situa\u00e7\u00e3o de emerg\u00eancia ou estado de calamidade p\u00fablica reconhecido pela Defesa Civil Nacional est\u00e3o aptas a solicitar recursos do Minist\u00e9rio da Integra\u00e7\u00e3o e do Desenvolvimento Regional para atendimento \u00e0 popula\u00e7\u00e3o afetada.<\/p>\n\n\n\n<p>As a\u00e7\u00f5es envolvem socorro, assist\u00eancia \u00e0s v\u00edtimas, restabelecimento de servi\u00e7os essenciais e reconstru\u00e7\u00e3o de infraestrutura destru\u00edda ou danificada. A solicita\u00e7\u00e3o deve ser feita por meio do&nbsp;<a href=\"https:\/\/s2id.mi.gov.br\/\" target=\"_blank\" rel=\"noreferrer noopener\">Sistema Integrado de Informa\u00e7\u00f5es sobre Desastres (S2iD)<\/a>.<\/p>\n\n\n\n<p>Com base nas informa\u00e7\u00f5es enviadas, a equipe t\u00e9cnica da Defesa Civil Nacional avalia as metas e os valores solicitados. Com a aprova\u00e7\u00e3o, \u00e9 publicada portaria no DOU com a valor ser liberado.<\/p>\n\n\n\n<p><strong>Capacita\u00e7\u00f5es da Defesa Civil Nacional<\/strong><\/p>\n\n\n\n<p>A Defesa Civil Nacional oferece uma s\u00e9rie de cursos a dist\u00e2ncia para habilitar e qualificar agentes municipais e estaduais para o uso do S2iD. As capacita\u00e7\u00f5es t\u00eam como foco os agentes de prote\u00e7\u00e3o e defesa civil nas tr\u00eas esferas de governo. Confira&nbsp;<a href=\"http:\/\/www.gov.br\/mdr\/pt-br\/assuntos\/protecao-e-defesa-civil\/capacitacoes\/cursos-em-andamento\" target=\"_blank\" rel=\"noreferrer noopener\">neste link<\/a>&nbsp;a lista completa dos cursos.<\/p>\n","protected":false},"excerpt":{"rendered":"<p>Desde o in\u00edcio do ano, j\u00e1 foram repassados, por meio do MDIR, mais de R$ 16,7 milh\u00f5es para a\u00e7\u00f5es de [&hellip;]<\/p>\n","protected":false},"author":0,"featured_media":0,"comment_status":"open","ping_status":"open","sticky":false,"template":"","format":"standard","meta":{"site-sidebar-layout":"default","site-content-layout":"","ast-site-content-layout":"default","site-content-style":"default","site-sidebar-style":"default","ast-global-header-display":"","ast-banner-title-visibility":"","ast-main-header-display":"","ast-hfb-above-header-display":"","ast-hfb-below-header-display":"","ast-hfb-mobile-header-display":"","site-post-title":"","ast-breadcrumbs-content":"","ast-featured-img":"","footer-sml-layout":"","ast-disable-related-posts":"","theme-transparent-header-meta":"","adv-header-id-meta":"","stick-header-meta":"","header-above-stick-meta":"","header-main-stick-meta":"","header-below-stick-meta":"","astra-migrate-meta-layouts":"default","ast-page-background-enabled":"default","ast-page-background-meta":{"desktop":{"background-color":"var(--ast-global-color-5)","background-image":"","background-repeat":"repeat","background-position":"center center","background-size":"auto","background-attachment":"scroll","background-type":"","background-media":"","overlay-type":"","overlay-color":"","overlay-opacity":"","overlay-gradient":""},"tablet":{"background-color":"","background-image":"","background-repeat":"repeat","background-position":"center center","background-size":"auto","background-attachment":"scroll","background-type":"","background-media":"","overlay-type":"","overlay-color":"","overlay-opacity":"","overlay-gradient":""},"mobile":{"background-color":"","background-image":"","background-repeat":"repeat","background-position":"center center","background-size":"auto","background-attachment":"scroll","background-type":"","background-media":"","overlay-type":"","overlay-color":"","overlay-opacity":"","overlay-gradient":""}},"ast-content-background-meta":{"desktop":{"background-color":"var(--ast-global-color-4)","background-image":"","background-repeat":"repeat","background-position":"center center","background-size":"auto","background-attachment":"scroll","background-type":"","background-media":"","overlay-type":"","overlay-color":"","overlay-opacity":"","overlay-gradient":""},"tablet":{"background-color":"var(--ast-global-color-4)","background-image":"","background-repeat":"repeat","background-position":"center center","background-size":"auto","background-attachment":"scroll","background-type":"","background-media":"","overlay-type":"","overlay-color":"","overlay-opacity":"","overlay-gradient":""},"mobile":{"background-color":"var(--ast-global-color-4)","background-image":"","background-repeat":"repeat","background-position":"center center","background-size":"auto","background-attachment":"scroll","background-type":"","background-media":"","overlay-type":"","overlay-color":"","overlay-opacity":"","overlay-gradient":""}},"footnotes":""},"categories":[1],"tags":[],"class_list":["post-108283","post","type-post","status-publish","format-standard","hentry","category-sem-categoria"],"yoast_head":"<!-- This site is optimized with the Yoast SEO plugin v26.6 - https:\/\/yoast.com\/wordpress\/plugins\/seo\/ -->\n<title>Governo Federal reconhece situa\u00e7\u00e3o de emerg\u00eancia em mais 14 cidades do Maranh\u00e3o atingidas por desastres - Daniel Matos<\/title>\n<meta name=\"robots\" content=\"index, follow, max-snippet:-1, max-image-preview:large, max-video-preview:-1\" \/>\n<link rel=\"canonical\" href=\"https:\/\/www.blogsoestado.com\/danielmatos\/midr-reconhece-situacao-de-emergencia-em-mais-14-cidades-do-maranhao-atingidas-por-desastres\/\" \/>\n<meta property=\"og:locale\" content=\"pt_BR\" \/>\n<meta property=\"og:type\" content=\"article\" \/>\n<meta property=\"og:title\" content=\"Governo Federal reconhece situa\u00e7\u00e3o de emerg\u00eancia em mais 14 cidades do Maranh\u00e3o atingidas por desastres - Daniel Matos\" \/>\n<meta property=\"og:description\" content=\"Desde o in\u00edcio do ano, j\u00e1 foram repassados, por meio do MDIR, mais de R$ 16,7 milh\u00f5es para a\u00e7\u00f5es de [&hellip;]\" \/>\n<meta property=\"og:url\" content=\"https:\/\/www.blogsoestado.com\/danielmatos\/midr-reconhece-situacao-de-emergencia-em-mais-14-cidades-do-maranhao-atingidas-por-desastres\/\" \/>\n<meta property=\"og:site_name\" content=\"Daniel Matos\" \/>\n<meta property=\"article:published_time\" content=\"2023-04-13T02:25:13+00:00\" \/>\n<meta property=\"og:image\" content=\"https:\/\/www.blogsoestado.com\/danielmatos\/files\/2023\/04\/Screenshot_20230412-2329522.png\" \/>\n<meta name=\"twitter:card\" content=\"summary_large_image\" \/>\n<meta name=\"twitter:label1\" content=\"Est. tempo de leitura\" \/>\n\t<meta name=\"twitter:data1\" content=\"4 minutos\" \/>\n<script type=\"application\/ld+json\" class=\"yoast-schema-graph\">{\"@context\":\"https:\/\/schema.org\",\"@graph\":[{\"@type\":\"WebPage\",\"@id\":\"https:\/\/www.blogsoestado.com\/danielmatos\/midr-reconhece-situacao-de-emergencia-em-mais-14-cidades-do-maranhao-atingidas-por-desastres\/\",\"url\":\"https:\/\/www.blogsoestado.com\/danielmatos\/midr-reconhece-situacao-de-emergencia-em-mais-14-cidades-do-maranhao-atingidas-por-desastres\/\",\"name\":\"Governo Federal reconhece situa\u00e7\u00e3o de emerg\u00eancia em mais 14 cidades do Maranh\u00e3o atingidas por desastres - Daniel Matos\",\"isPartOf\":{\"@id\":\"https:\/\/www.blogsoestado.com\/danielmatos\/#website\"},\"primaryImageOfPage\":{\"@id\":\"https:\/\/www.blogsoestado.com\/danielmatos\/midr-reconhece-situacao-de-emergencia-em-mais-14-cidades-do-maranhao-atingidas-por-desastres\/#primaryimage\"},\"image\":{\"@id\":\"https:\/\/www.blogsoestado.com\/danielmatos\/midr-reconhece-situacao-de-emergencia-em-mais-14-cidades-do-maranhao-atingidas-por-desastres\/#primaryimage\"},\"thumbnailUrl\":\"https:\/\/www.blogsoestado.com\/danielmatos\/files\/2023\/04\/Screenshot_20230412-2329522.png\",\"datePublished\":\"2023-04-13T02:25:13+00:00\",\"author\":{\"@id\":\"\"},\"breadcrumb\":{\"@id\":\"https:\/\/www.blogsoestado.com\/danielmatos\/midr-reconhece-situacao-de-emergencia-em-mais-14-cidades-do-maranhao-atingidas-por-desastres\/#breadcrumb\"},\"inLanguage\":\"pt-BR\",\"potentialAction\":[{\"@type\":\"ReadAction\",\"target\":[\"https:\/\/www.blogsoestado.com\/danielmatos\/midr-reconhece-situacao-de-emergencia-em-mais-14-cidades-do-maranhao-atingidas-por-desastres\/\"]}]},{\"@type\":\"ImageObject\",\"inLanguage\":\"pt-BR\",\"@id\":\"https:\/\/www.blogsoestado.com\/danielmatos\/midr-reconhece-situacao-de-emergencia-em-mais-14-cidades-do-maranhao-atingidas-por-desastres\/#primaryimage\",\"url\":\"https:\/\/www.blogsoestado.com\/danielmatos\/files\/2023\/04\/Screenshot_20230412-2329522.png\",\"contentUrl\":\"https:\/\/www.blogsoestado.com\/danielmatos\/files\/2023\/04\/Screenshot_20230412-2329522.png\"},{\"@type\":\"BreadcrumbList\",\"@id\":\"https:\/\/www.blogsoestado.com\/danielmatos\/midr-reconhece-situacao-de-emergencia-em-mais-14-cidades-do-maranhao-atingidas-por-desastres\/#breadcrumb\",\"itemListElement\":[{\"@type\":\"ListItem\",\"position\":1,\"name\":\"In\u00edcio\",\"item\":\"https:\/\/www.blogsoestado.com\/danielmatos\/\"},{\"@type\":\"ListItem\",\"position\":2,\"name\":\"Governo Federal reconhece situa\u00e7\u00e3o de emerg\u00eancia em mais 14 cidades do Maranh\u00e3o atingidas por desastres\"}]},{\"@type\":\"WebSite\",\"@id\":\"https:\/\/www.blogsoestado.com\/danielmatos\/#website\",\"url\":\"https:\/\/www.blogsoestado.com\/danielmatos\/\",\"name\":\"Daniel Matos\",\"description\":\"\",\"potentialAction\":[{\"@type\":\"SearchAction\",\"target\":{\"@type\":\"EntryPoint\",\"urlTemplate\":\"https:\/\/www.blogsoestado.com\/danielmatos\/?s={search_term_string}\"},\"query-input\":{\"@type\":\"PropertyValueSpecification\",\"valueRequired\":true,\"valueName\":\"search_term_string\"}}],\"inLanguage\":\"pt-BR\"}]}<\/script>\n<!-- \/ Yoast SEO plugin. -->","yoast_head_json":{"title":"Governo Federal reconhece situa\u00e7\u00e3o de emerg\u00eancia em mais 14 cidades do Maranh\u00e3o atingidas por desastres - Daniel Matos","robots":{"index":"index","follow":"follow","max-snippet":"max-snippet:-1","max-image-preview":"max-image-preview:large","max-video-preview":"max-video-preview:-1"},"canonical":"https:\/\/www.blogsoestado.com\/danielmatos\/midr-reconhece-situacao-de-emergencia-em-mais-14-cidades-do-maranhao-atingidas-por-desastres\/","og_locale":"pt_BR","og_type":"article","og_title":"Governo Federal reconhece situa\u00e7\u00e3o de emerg\u00eancia em mais 14 cidades do Maranh\u00e3o atingidas por desastres - Daniel Matos","og_description":"Desde o in\u00edcio do ano, j\u00e1 foram repassados, por meio do MDIR, mais de R$ 16,7 milh\u00f5es para a\u00e7\u00f5es de [&hellip;]","og_url":"https:\/\/www.blogsoestado.com\/danielmatos\/midr-reconhece-situacao-de-emergencia-em-mais-14-cidades-do-maranhao-atingidas-por-desastres\/","og_site_name":"Daniel Matos","article_published_time":"2023-04-13T02:25:13+00:00","og_image":[{"url":"https:\/\/www.blogsoestado.com\/danielmatos\/files\/2023\/04\/Screenshot_20230412-2329522.png","type":"","width":"","height":""}],"twitter_card":"summary_large_image","twitter_misc":{"Est. tempo de leitura":"4 minutos"},"schema":{"@context":"https:\/\/schema.org","@graph":[{"@type":"WebPage","@id":"https:\/\/www.blogsoestado.com\/danielmatos\/midr-reconhece-situacao-de-emergencia-em-mais-14-cidades-do-maranhao-atingidas-por-desastres\/","url":"https:\/\/www.blogsoestado.com\/danielmatos\/midr-reconhece-situacao-de-emergencia-em-mais-14-cidades-do-maranhao-atingidas-por-desastres\/","name":"Governo Federal reconhece situa\u00e7\u00e3o de emerg\u00eancia em mais 14 cidades do Maranh\u00e3o atingidas por desastres - Daniel Matos","isPartOf":{"@id":"https:\/\/www.blogsoestado.com\/danielmatos\/#website"},"primaryImageOfPage":{"@id":"https:\/\/www.blogsoestado.com\/danielmatos\/midr-reconhece-situacao-de-emergencia-em-mais-14-cidades-do-maranhao-atingidas-por-desastres\/#primaryimage"},"image":{"@id":"https:\/\/www.blogsoestado.com\/danielmatos\/midr-reconhece-situacao-de-emergencia-em-mais-14-cidades-do-maranhao-atingidas-por-desastres\/#primaryimage"},"thumbnailUrl":"https:\/\/www.blogsoestado.com\/danielmatos\/files\/2023\/04\/Screenshot_20230412-2329522.png","datePublished":"2023-04-13T02:25:13+00:00","author":{"@id":""},"breadcrumb":{"@id":"https:\/\/www.blogsoestado.com\/danielmatos\/midr-reconhece-situacao-de-emergencia-em-mais-14-cidades-do-maranhao-atingidas-por-desastres\/#breadcrumb"},"inLanguage":"pt-BR","potentialAction":[{"@type":"ReadAction","target":["https:\/\/www.blogsoestado.com\/danielmatos\/midr-reconhece-situacao-de-emergencia-em-mais-14-cidades-do-maranhao-atingidas-por-desastres\/"]}]},{"@type":"ImageObject","inLanguage":"pt-BR","@id":"https:\/\/www.blogsoestado.com\/danielmatos\/midr-reconhece-situacao-de-emergencia-em-mais-14-cidades-do-maranhao-atingidas-por-desastres\/#primaryimage","url":"https:\/\/www.blogsoestado.com\/danielmatos\/files\/2023\/04\/Screenshot_20230412-2329522.png","contentUrl":"https:\/\/www.blogsoestado.com\/danielmatos\/files\/2023\/04\/Screenshot_20230412-2329522.png"},{"@type":"BreadcrumbList","@id":"https:\/\/www.blogsoestado.com\/danielmatos\/midr-reconhece-situacao-de-emergencia-em-mais-14-cidades-do-maranhao-atingidas-por-desastres\/#breadcrumb","itemListElement":[{"@type":"ListItem","position":1,"name":"In\u00edcio","item":"https:\/\/www.blogsoestado.com\/danielmatos\/"},{"@type":"ListItem","position":2,"name":"Governo Federal reconhece situa\u00e7\u00e3o de emerg\u00eancia em mais 14 cidades do Maranh\u00e3o atingidas por desastres"}]},{"@type":"WebSite","@id":"https:\/\/www.blogsoestado.com\/danielmatos\/#website","url":"https:\/\/www.blogsoestado.com\/danielmatos\/","name":"Daniel Matos","description":"","potentialAction":[{"@type":"SearchAction","target":{"@type":"EntryPoint","urlTemplate":"https:\/\/www.blogsoestado.com\/danielmatos\/?s={search_term_string}"},"query-input":{"@type":"PropertyValueSpecification","valueRequired":true,"valueName":"search_term_string"}}],"inLanguage":"pt-BR"}]}},"jetpack_featured_media_url":"","_links":{"self":[{"href":"https:\/\/www.blogsoestado.com\/danielmatos\/wp-json\/wp\/v2\/posts\/108283","targetHints":{"allow":["GET"]}}],"collection":[{"href":"https:\/\/www.blogsoestado.com\/danielmatos\/wp-json\/wp\/v2\/posts"}],"about":[{"href":"https:\/\/www.blogsoestado.com\/danielmatos\/wp-json\/wp\/v2\/types\/post"}],"replies":[{"embeddable":true,"href":"https:\/\/www.blogsoestado.com\/danielmatos\/wp-json\/wp\/v2\/comments?post=108283"}],"version-history":[{"count":0,"href":"https:\/\/www.blogsoestado.com\/danielmatos\/wp-json\/wp\/v2\/posts\/108283\/revisions"}],"wp:attachment":[{"href":"https:\/\/www.blogsoestado.com\/danielmatos\/wp-json\/wp\/v2\/media?parent=108283"}],"wp:term":[{"taxonomy":"category","embeddable":true,"href":"https:\/\/www.blogsoestado.com\/danielmatos\/wp-json\/wp\/v2\/categories?post=108283"},{"taxonomy":"post_tag","embeddable":true,"href":"https:\/\/www.blogsoestado.com\/danielmatos\/wp-json\/wp\/v2\/tags?post=108283"}],"curies":[{"name":"wp","href":"https:\/\/api.w.org\/{rel}","templated":true}]}}