{"id":1083,"date":"2009-05-28T10:31:35","date_gmt":"2009-05-28T13:31:35","guid":{"rendered":"https:\/\/www.blogsoestado.com\/danielmatos\/2009\/05\/28\/o-drama-das-enchentes\/"},"modified":"2009-05-28T10:31:35","modified_gmt":"2009-05-28T13:31:35","slug":"o-drama-das-enchentes","status":"publish","type":"post","link":"https:\/\/www.blogsoestado.com\/danielmatos\/o-drama-das-enchentes\/","title":{"rendered":"O drama das enchentes"},"content":{"rendered":"<p align=\"right\"><a href=\"https:\/\/www.blogsoestado.com\/danielmatos\/files\/2009\/05\/enchente1.JPG\" title=\"enchente1.JPG\"><img decoding=\"async\" align=\"right\" src=\"https:\/\/www.blogsoestado.com\/danielmatos\/files\/2009\/05\/enchente1.JPG\" alt=\"enchente1.JPG\" \/><\/a>Era quinta-feira, dia 21 de maio, quando o meu telefona toca. Minha m\u00e3e diz do outro lado da linha que a sua casa havia sido inundada pelo rio Mearim. N\u00e3o acreditei no que estava ouvindo. Dois dias depois, peguei um \u00f4nibus e segui rumo \u00e0 cidade. Para meu espanto, quando me aproximei do munic\u00edpio deparei-me com os campos pr\u00f3ximos \u00e0 estrada completamente inundados. Em Vit\u00f3ria do Mearim, contemplei uma cena que n\u00e3o via in loco desde quando tinha 11 anos de idade.\u00a0 A minha terra natal estava debaixo d\u2019\u00e1gua. Na porta da casa da minha m\u00e3e, que fica a mais 300 metros da margem do rio, a \u00e1gua dava na cintura. Ao andar pela cidade, percebi que a cheia era mais grave do que imaginava. Por\u00e9m, o Maranh\u00e3o n\u00e3o sabia.<\/p>\n<p>Enquanto as popula\u00e7\u00f5es de cidades como Pedreiras e Trizidela do Vale comemoram a redu\u00e7\u00e3o do n\u00edvel do rio Mearim, moradores de Vit\u00f3ria do Mearim, a 165 km da capital, come\u00e7am a se mudar de suas casas por causa da enchente. O fato \u00e9 registrado em todas as grandes cheias do maior rio maranhense. Quando come\u00e7a a baixar na cabeceira, o volume das \u00e1guas aumenta nas cidades pr\u00f3ximas \u00e0 foz, como est\u00e1 acontecendo agora em Vit\u00f3ria e Arari, cidades vizinhas uma da outra.\u00a0<\/p>\n<p><a href=\"https:\/\/www.blogsoestado.com\/danielmatos\/files\/2009\/05\/enchentes21.JPG\" title=\"enchentes21.JPG\"><img decoding=\"async\" align=\"left\" src=\"https:\/\/www.blogsoestado.com\/danielmatos\/files\/2009\/05\/enchentes21.JPG\" alt=\"enchentes21.JPG\" \/><\/a>Ruas e avenidas que passam pr\u00f3ximas \u00e0 margem do rio est\u00e3o debaixo d\u2019\u00e1gua. O n\u00edvel subiu tanto que at\u00e9 na rodovi\u00e1ria est\u00e3o atracando pequenas embarca\u00e7\u00f5es.\u00a0 Cerca de 70 porcento da cidade foram inundados. Apenas o centro e os bairros do Alto das Palmeiras e Tapuitapera\u00a0 ficaram imunes \u00e0 cheia. Milhares de fam\u00edlias est\u00e3o desabrigadas em todo o munic\u00edpio. O com\u00e9rcio n\u00e3o est\u00e1 vendendo como dantes. Fam\u00edlias est\u00e3o procurando outras cidades para passar a cheia, pois j\u00e1 n\u00e3o h\u00e1 tantas casas dispon\u00edveis no munic\u00edpio para alugar.\u00a0 As lavouras foram arrasadas pela enchente.<\/p>\n<p>Com o transbordamento do rio e a mistura com o conte\u00fado dos a\u00e7udes, a popula\u00e7\u00e3o est\u00e1 sem \u00e1gua em condi\u00e7\u00f5es adequadas para ingerir. Em uma igreja que est\u00e1 servindo de abrigo, crian\u00e7as dormem no ch\u00e3o por falta de colchonetes.\u00a0 \u00c0 noite, o drama aumenta com a presen\u00e7a de mosquitos. A dona-de-casa, diz que os desabrigados do local n\u00e3o recebem ajuda oficial h\u00e1 cinco dias. \u201cAqui est\u00e1 faltando comida, \u00e1gua para beber e at\u00e9 para tomar banho. Hoje o meu beb\u00ea de 1 ano n\u00e3o tomou banho. E para piorar, ele est\u00e1 com muita coceira. N\u00f3s n\u00e3o temos m\u00e9dico para atender tanta gente desabrigada\u201d, comentou ela ao ser questionada sobre a situa\u00e7\u00e3o das fam\u00edlias do local.<\/p>\n<p><a href=\"https:\/\/www.blogsoestado.com\/danielmatos\/files\/2009\/05\/enchentes3.JPG\" title=\"enchentes3.JPG\"><img decoding=\"async\" align=\"right\" src=\"https:\/\/www.blogsoestado.com\/danielmatos\/files\/2009\/05\/enchentes3.JPG\" alt=\"enchentes3.JPG\" \/><\/a>A hist\u00f3ria conta que para vencer a luta a for\u00e7a do rio Mearim, a cidade teve que mudar de local por tr\u00eas vezes. Mas em 1924, 1974 e 75 e 1985 e 86, Vit\u00f3ria do Mearim registrou as maiores enchentes de todos os tempos. Com a constru\u00e7\u00e3o da barragem do rio Flores, o fen\u00f4meno da natureza deixou de atormentar os moradores da cidade.\u00a0 Agora, 23 anos depois da \u00faltima grande cheia, uma outra p\u00e1gina dessa hist\u00f3ria de luta pela sobreviv\u00eancia est\u00e1 sendo escrita \u00e0s custas de muito sofrimento e perdas para milhares de vitorienses.<\/p>\n<p>Vit\u00f3ria do Mearim pede socorro.<\/p>\n<p><strong>Texto e fotos:<\/strong> Ciro Nolasco, jornalista\u00a0<\/p>\n","protected":false},"excerpt":{"rendered":"<p>Era quinta-feira, dia 21 de maio, quando o meu telefona toca. Minha m\u00e3e diz do outro lado da linha que [&hellip;]<\/p>\n","protected":false},"author":0,"featured_media":0,"comment_status":"open","ping_status":"open","sticky":false,"template":"","format":"standard","meta":{"site-sidebar-layout":"default","site-content-layout":"","ast-site-content-layout":"default","site-content-style":"default","site-sidebar-style":"default","ast-global-header-display":"","ast-banner-title-visibility":"","ast-main-header-display":"","ast-hfb-above-header-display":"","ast-hfb-below-header-display":"","ast-hfb-mobile-header-display":"","site-post-title":"","ast-breadcrumbs-content":"","ast-featured-img":"","footer-sml-layout":"","ast-disable-related-posts":"","theme-transparent-header-meta":"","adv-header-id-meta":"","stick-header-meta":"","header-above-stick-meta":"","header-main-stick-meta":"","header-below-stick-meta":"","astra-migrate-meta-layouts":"default","ast-page-background-enabled":"default","ast-page-background-meta":{"desktop":{"background-color":"var(--ast-global-color-5)","background-image":"","background-repeat":"repeat","background-position":"center center","background-size":"auto","background-attachment":"scroll","background-type":"","background-media":"","overlay-type":"","overlay-color":"","overlay-opacity":"","overlay-gradient":""},"tablet":{"background-color":"","background-image":"","background-repeat":"repeat","background-position":"center center","background-size":"auto","background-attachment":"scroll","background-type":"","background-media":"","overlay-type":"","overlay-color":"","overlay-opacity":"","overlay-gradient":""},"mobile":{"background-color":"","background-image":"","background-repeat":"repeat","background-position":"center center","background-size":"auto","background-attachment":"scroll","background-type":"","background-media":"","overlay-type":"","overlay-color":"","overlay-opacity":"","overlay-gradient":""}},"ast-content-background-meta":{"desktop":{"background-color":"var(--ast-global-color-4)","background-image":"","background-repeat":"repeat","background-position":"center center","background-size":"auto","background-attachment":"scroll","background-type":"","background-media":"","overlay-type":"","overlay-color":"","overlay-opacity":"","overlay-gradient":""},"tablet":{"background-color":"var(--ast-global-color-4)","background-image":"","background-repeat":"repeat","background-position":"center center","background-size":"auto","background-attachment":"scroll","background-type":"","background-media":"","overlay-type":"","overlay-color":"","overlay-opacity":"","overlay-gradient":""},"mobile":{"background-color":"var(--ast-global-color-4)","background-image":"","background-repeat":"repeat","background-position":"center center","background-size":"auto","background-attachment":"scroll","background-type":"","background-media":"","overlay-type":"","overlay-color":"","overlay-opacity":"","overlay-gradient":""}},"footnotes":""},"categories":[1],"tags":[],"class_list":["post-1083","post","type-post","status-publish","format-standard","hentry","category-sem-categoria"],"yoast_head":"<!-- This site is optimized with the Yoast SEO plugin v26.6 - https:\/\/yoast.com\/wordpress\/plugins\/seo\/ -->\n<title>O drama das enchentes - Daniel Matos<\/title>\n<meta name=\"robots\" content=\"index, follow, max-snippet:-1, max-image-preview:large, max-video-preview:-1\" \/>\n<link rel=\"canonical\" href=\"https:\/\/www.blogsoestado.com\/danielmatos\/o-drama-das-enchentes\/\" \/>\n<meta property=\"og:locale\" content=\"pt_BR\" \/>\n<meta property=\"og:type\" content=\"article\" \/>\n<meta property=\"og:title\" content=\"O drama das enchentes - Daniel Matos\" \/>\n<meta property=\"og:description\" content=\"Era quinta-feira, dia 21 de maio, quando o meu telefona toca. Minha m\u00e3e diz do outro lado da linha que [&hellip;]\" \/>\n<meta property=\"og:url\" content=\"https:\/\/www.blogsoestado.com\/danielmatos\/o-drama-das-enchentes\/\" \/>\n<meta property=\"og:site_name\" content=\"Daniel Matos\" \/>\n<meta property=\"article:published_time\" content=\"2009-05-28T13:31:35+00:00\" \/>\n<meta property=\"og:image\" content=\"https:\/\/www.blogsoestado.com\/danielmatos\/files\/2009\/05\/enchente1.JPG\" \/>\n<meta name=\"twitter:card\" content=\"summary_large_image\" \/>\n<meta name=\"twitter:label1\" content=\"Est. tempo de leitura\" \/>\n\t<meta name=\"twitter:data1\" content=\"3 minutos\" \/>\n<script type=\"application\/ld+json\" class=\"yoast-schema-graph\">{\"@context\":\"https:\/\/schema.org\",\"@graph\":[{\"@type\":\"WebPage\",\"@id\":\"https:\/\/www.blogsoestado.com\/danielmatos\/o-drama-das-enchentes\/\",\"url\":\"https:\/\/www.blogsoestado.com\/danielmatos\/o-drama-das-enchentes\/\",\"name\":\"O drama das enchentes - Daniel Matos\",\"isPartOf\":{\"@id\":\"https:\/\/www.blogsoestado.com\/danielmatos\/#website\"},\"primaryImageOfPage\":{\"@id\":\"https:\/\/www.blogsoestado.com\/danielmatos\/o-drama-das-enchentes\/#primaryimage\"},\"image\":{\"@id\":\"https:\/\/www.blogsoestado.com\/danielmatos\/o-drama-das-enchentes\/#primaryimage\"},\"thumbnailUrl\":\"https:\/\/www.blogsoestado.com\/danielmatos\/files\/2009\/05\/enchente1.JPG\",\"datePublished\":\"2009-05-28T13:31:35+00:00\",\"author\":{\"@id\":\"\"},\"breadcrumb\":{\"@id\":\"https:\/\/www.blogsoestado.com\/danielmatos\/o-drama-das-enchentes\/#breadcrumb\"},\"inLanguage\":\"pt-BR\",\"potentialAction\":[{\"@type\":\"ReadAction\",\"target\":[\"https:\/\/www.blogsoestado.com\/danielmatos\/o-drama-das-enchentes\/\"]}]},{\"@type\":\"ImageObject\",\"inLanguage\":\"pt-BR\",\"@id\":\"https:\/\/www.blogsoestado.com\/danielmatos\/o-drama-das-enchentes\/#primaryimage\",\"url\":\"https:\/\/www.blogsoestado.com\/danielmatos\/files\/2009\/05\/enchente1.JPG\",\"contentUrl\":\"https:\/\/www.blogsoestado.com\/danielmatos\/files\/2009\/05\/enchente1.JPG\"},{\"@type\":\"BreadcrumbList\",\"@id\":\"https:\/\/www.blogsoestado.com\/danielmatos\/o-drama-das-enchentes\/#breadcrumb\",\"itemListElement\":[{\"@type\":\"ListItem\",\"position\":1,\"name\":\"In\u00edcio\",\"item\":\"https:\/\/www.blogsoestado.com\/danielmatos\/\"},{\"@type\":\"ListItem\",\"position\":2,\"name\":\"O drama das enchentes\"}]},{\"@type\":\"WebSite\",\"@id\":\"https:\/\/www.blogsoestado.com\/danielmatos\/#website\",\"url\":\"https:\/\/www.blogsoestado.com\/danielmatos\/\",\"name\":\"Daniel Matos\",\"description\":\"\",\"potentialAction\":[{\"@type\":\"SearchAction\",\"target\":{\"@type\":\"EntryPoint\",\"urlTemplate\":\"https:\/\/www.blogsoestado.com\/danielmatos\/?s={search_term_string}\"},\"query-input\":{\"@type\":\"PropertyValueSpecification\",\"valueRequired\":true,\"valueName\":\"search_term_string\"}}],\"inLanguage\":\"pt-BR\"}]}<\/script>\n<!-- \/ Yoast SEO plugin. -->","yoast_head_json":{"title":"O drama das enchentes - Daniel Matos","robots":{"index":"index","follow":"follow","max-snippet":"max-snippet:-1","max-image-preview":"max-image-preview:large","max-video-preview":"max-video-preview:-1"},"canonical":"https:\/\/www.blogsoestado.com\/danielmatos\/o-drama-das-enchentes\/","og_locale":"pt_BR","og_type":"article","og_title":"O drama das enchentes - Daniel Matos","og_description":"Era quinta-feira, dia 21 de maio, quando o meu telefona toca. Minha m\u00e3e diz do outro lado da linha que [&hellip;]","og_url":"https:\/\/www.blogsoestado.com\/danielmatos\/o-drama-das-enchentes\/","og_site_name":"Daniel Matos","article_published_time":"2009-05-28T13:31:35+00:00","og_image":[{"url":"https:\/\/www.blogsoestado.com\/danielmatos\/files\/2009\/05\/enchente1.JPG","type":"","width":"","height":""}],"twitter_card":"summary_large_image","twitter_misc":{"Est. tempo de leitura":"3 minutos"},"schema":{"@context":"https:\/\/schema.org","@graph":[{"@type":"WebPage","@id":"https:\/\/www.blogsoestado.com\/danielmatos\/o-drama-das-enchentes\/","url":"https:\/\/www.blogsoestado.com\/danielmatos\/o-drama-das-enchentes\/","name":"O drama das enchentes - Daniel Matos","isPartOf":{"@id":"https:\/\/www.blogsoestado.com\/danielmatos\/#website"},"primaryImageOfPage":{"@id":"https:\/\/www.blogsoestado.com\/danielmatos\/o-drama-das-enchentes\/#primaryimage"},"image":{"@id":"https:\/\/www.blogsoestado.com\/danielmatos\/o-drama-das-enchentes\/#primaryimage"},"thumbnailUrl":"https:\/\/www.blogsoestado.com\/danielmatos\/files\/2009\/05\/enchente1.JPG","datePublished":"2009-05-28T13:31:35+00:00","author":{"@id":""},"breadcrumb":{"@id":"https:\/\/www.blogsoestado.com\/danielmatos\/o-drama-das-enchentes\/#breadcrumb"},"inLanguage":"pt-BR","potentialAction":[{"@type":"ReadAction","target":["https:\/\/www.blogsoestado.com\/danielmatos\/o-drama-das-enchentes\/"]}]},{"@type":"ImageObject","inLanguage":"pt-BR","@id":"https:\/\/www.blogsoestado.com\/danielmatos\/o-drama-das-enchentes\/#primaryimage","url":"https:\/\/www.blogsoestado.com\/danielmatos\/files\/2009\/05\/enchente1.JPG","contentUrl":"https:\/\/www.blogsoestado.com\/danielmatos\/files\/2009\/05\/enchente1.JPG"},{"@type":"BreadcrumbList","@id":"https:\/\/www.blogsoestado.com\/danielmatos\/o-drama-das-enchentes\/#breadcrumb","itemListElement":[{"@type":"ListItem","position":1,"name":"In\u00edcio","item":"https:\/\/www.blogsoestado.com\/danielmatos\/"},{"@type":"ListItem","position":2,"name":"O drama das enchentes"}]},{"@type":"WebSite","@id":"https:\/\/www.blogsoestado.com\/danielmatos\/#website","url":"https:\/\/www.blogsoestado.com\/danielmatos\/","name":"Daniel Matos","description":"","potentialAction":[{"@type":"SearchAction","target":{"@type":"EntryPoint","urlTemplate":"https:\/\/www.blogsoestado.com\/danielmatos\/?s={search_term_string}"},"query-input":{"@type":"PropertyValueSpecification","valueRequired":true,"valueName":"search_term_string"}}],"inLanguage":"pt-BR"}]}},"jetpack_featured_media_url":"","_links":{"self":[{"href":"https:\/\/www.blogsoestado.com\/danielmatos\/wp-json\/wp\/v2\/posts\/1083","targetHints":{"allow":["GET"]}}],"collection":[{"href":"https:\/\/www.blogsoestado.com\/danielmatos\/wp-json\/wp\/v2\/posts"}],"about":[{"href":"https:\/\/www.blogsoestado.com\/danielmatos\/wp-json\/wp\/v2\/types\/post"}],"replies":[{"embeddable":true,"href":"https:\/\/www.blogsoestado.com\/danielmatos\/wp-json\/wp\/v2\/comments?post=1083"}],"version-history":[{"count":0,"href":"https:\/\/www.blogsoestado.com\/danielmatos\/wp-json\/wp\/v2\/posts\/1083\/revisions"}],"wp:attachment":[{"href":"https:\/\/www.blogsoestado.com\/danielmatos\/wp-json\/wp\/v2\/media?parent=1083"}],"wp:term":[{"taxonomy":"category","embeddable":true,"href":"https:\/\/www.blogsoestado.com\/danielmatos\/wp-json\/wp\/v2\/categories?post=1083"},{"taxonomy":"post_tag","embeddable":true,"href":"https:\/\/www.blogsoestado.com\/danielmatos\/wp-json\/wp\/v2\/tags?post=1083"}],"curies":[{"name":"wp","href":"https:\/\/api.w.org\/{rel}","templated":true}]}}