{"id":108346,"date":"2023-04-14T09:00:00","date_gmt":"2023-04-14T12:00:00","guid":{"rendered":"https:\/\/www.blogsoestado.com\/danielmatos\/?p=108346"},"modified":"2023-04-14T09:00:00","modified_gmt":"2023-04-14T12:00:00","slug":"emporio-fribal-destaca-o-dia-mundial-do-cafe-e-os-beneficios-da-bebida-mais-popular-do-mundo","status":"publish","type":"post","link":"https:\/\/www.blogsoestado.com\/danielmatos\/emporio-fribal-destaca-o-dia-mundial-do-cafe-e-os-beneficios-da-bebida-mais-popular-do-mundo\/","title":{"rendered":"Emp\u00f3rio Fribal destaca o Dia Mundial do Caf\u00e9 e os benef\u00edcios da bebida mais popular do mundo"},"content":{"rendered":"\n<p><strong><span class=\"has-inline-color has-vivid-red-color\">Mais que uma bebida, um elixir de sa\u00fade e vitalidade <\/span><\/strong><\/p>\n\n\n\n<div class=\"wp-block-image\"><figure class=\"aligncenter size-large\"><a href=\"https:\/\/www.blogsoestado.com\/danielmatos\/files\/2023\/04\/Screenshot_20230414-0055222.png\"><img decoding=\"async\" src=\"https:\/\/www.blogsoestado.com\/danielmatos\/files\/2023\/04\/Screenshot_20230414-0055222.png\" alt=\"\" class=\"wp-image-108347\"\/><\/a><figcaption>Marcas premium de caf\u00e9 assim como cafeteiras especiais fazem sucesso nas lojas do Emp\u00f3rio Fribal<\/figcaption><\/figure><\/div>\n\n\n\n<p>O caf\u00e9 est\u00e1 entre as bebidas mais consumidas em todo o mundo, s\u00f3 perdendo o posto de primeiro lugar para a \u00e1gua. E no dia 14 de abril comemora-se o Dia Mundial do Caf\u00e9.<\/p>\n\n\n\n<p>Apesar do Brasil ser um dos maiores produtos mundiais de caf\u00e9, engana-se quem pensa que o gr\u00e3o \u00e9 de origem brasileira. Segundo historiadores, O caf\u00e9 \u00e9 uma planta que tem a sua origem no continente africano, na regi\u00e3o da Cafa, na Eti\u00f3pia. A primeira muda de caf\u00e9 foi trazida ao Brasil em 1727, clandestinamente pelo sargento-mor Francisco de Melo Palheta, quando fez uma viagem \u00e0 Guiana Francesa com interesses comerciais.<\/p>\n\n\n\n<p>J\u00e1 a paix\u00e3o pelo caf\u00e9 teria se disseminado \u00e0 partir dos monges, que o bebiam para se manterem acordados durante os longos per\u00edodos de ora\u00e7\u00e3o e leitura.<\/p>\n\n\n\n<p>Al\u00e9m de delicioso, o caf\u00e9 com modera\u00e7\u00e3o faz bem para a sa\u00fade e pode ser um aliado na luta contra doen\u00e7as como c\u00e2ncer, Alzheimer, depress\u00e3o, estresse e diabetes. Al\u00e9m disso, ajuda na digest\u00e3o e at\u00e9 no rejuvenescimento das c\u00e9lulas do corpo.<\/p>\n\n\n\n<div class=\"wp-block-image\"><figure class=\"aligncenter size-large\"><a href=\"https:\/\/www.blogsoestado.com\/danielmatos\/files\/2023\/04\/Screenshot_20230414-0055502.png\"><img decoding=\"async\" src=\"https:\/\/www.blogsoestado.com\/danielmatos\/files\/2023\/04\/Screenshot_20230414-0055502-695x1024.png\" alt=\"\" class=\"wp-image-108348\"\/><\/a><figcaption>Nas lanchonetes do Emp\u00f3rio Fribal o caf\u00e9 \u00e9 sempre especial e com muitas del\u00edcias para acompanhar, da manh\u00e3 a noite.<br \/>&nbsp;<\/figcaption><\/figure><\/div>\n\n\n\n<p>Segundo dados da ABIC (Associa\u00e7\u00e3o Brasileira da Ind\u00fastria de Caf\u00e9), cerca de 9 em cada 10 brasileiros com mais de 15 anos consomem regularmente caf\u00e9. O Brasil \u00e9 o maior produtor e exportador de caf\u00e9 no mundo e o estado de Minas Gerais concentra a maior parte da produ\u00e7\u00e3o cafeeira no territ\u00f3rio.<\/p>\n\n\n\n<p>Entre os tipos favoritos de caf\u00e9 est\u00e3o o carioca (caf\u00e9 expresso menos intenso), o cappuccino e o expresso. Al\u00e9m destes, nas Lojas do Emp\u00f3rio Fribal h\u00e1 uma grande variedade de marcas de caf\u00e9 gourmet como Illy, Lavazza, Baob\u00e1 e Havana; assim como cafeteiras manuais ou m\u00e1quinas el\u00e9tricas para caf\u00e9s em c\u00e1psulas para agradar a todos os amantes de caf\u00e9. E mais, x\u00edcaras especiais para tornar o prazer de tomar um bom caf\u00e9 um momento de pausa e relax em grande estilo.<\/p>\n\n\n\n<p>E para quem preferir dar uma pausa na rotina para degustar um bom caf\u00e9, as lanchonetes dos Emp\u00f3rios Fribal oferecem variados tipos de caf\u00e9 para uma reuni\u00e3o com amigos ou de neg\u00f3cios; incluindo tamb\u00e9m deliciosos combos para um refor\u00e7ado e delicioso caf\u00e9 da manh\u00e3.<\/p>\n","protected":false},"excerpt":{"rendered":"<p>Mais que uma bebida, um elixir de sa\u00fade e vitalidade O caf\u00e9 est\u00e1 entre as bebidas mais consumidas em todo [&hellip;]<\/p>\n","protected":false},"author":0,"featured_media":0,"comment_status":"open","ping_status":"open","sticky":false,"template":"","format":"standard","meta":{"site-sidebar-layout":"default","site-content-layout":"","ast-site-content-layout":"default","site-content-style":"default","site-sidebar-style":"default","ast-global-header-display":"","ast-banner-title-visibility":"","ast-main-header-display":"","ast-hfb-above-header-display":"","ast-hfb-below-header-display":"","ast-hfb-mobile-header-display":"","site-post-title":"","ast-breadcrumbs-content":"","ast-featured-img":"","footer-sml-layout":"","ast-disable-related-posts":"","theme-transparent-header-meta":"","adv-header-id-meta":"","stick-header-meta":"","header-above-stick-meta":"","header-main-stick-meta":"","header-below-stick-meta":"","astra-migrate-meta-layouts":"default","ast-page-background-enabled":"default","ast-page-background-meta":{"desktop":{"background-color":"var(--ast-global-color-5)","background-image":"","background-repeat":"repeat","background-position":"center center","background-size":"auto","background-attachment":"scroll","background-type":"","background-media":"","overlay-type":"","overlay-color":"","overlay-opacity":"","overlay-gradient":""},"tablet":{"background-color":"","background-image":"","background-repeat":"repeat","background-position":"center center","background-size":"auto","background-attachment":"scroll","background-type":"","background-media":"","overlay-type":"","overlay-color":"","overlay-opacity":"","overlay-gradient":""},"mobile":{"background-color":"","background-image":"","background-repeat":"repeat","background-position":"center center","background-size":"auto","background-attachment":"scroll","background-type":"","background-media":"","overlay-type":"","overlay-color":"","overlay-opacity":"","overlay-gradient":""}},"ast-content-background-meta":{"desktop":{"background-color":"var(--ast-global-color-4)","background-image":"","background-repeat":"repeat","background-position":"center center","background-size":"auto","background-attachment":"scroll","background-type":"","background-media":"","overlay-type":"","overlay-color":"","overlay-opacity":"","overlay-gradient":""},"tablet":{"background-color":"var(--ast-global-color-4)","background-image":"","background-repeat":"repeat","background-position":"center center","background-size":"auto","background-attachment":"scroll","background-type":"","background-media":"","overlay-type":"","overlay-color":"","overlay-opacity":"","overlay-gradient":""},"mobile":{"background-color":"var(--ast-global-color-4)","background-image":"","background-repeat":"repeat","background-position":"center center","background-size":"auto","background-attachment":"scroll","background-type":"","background-media":"","overlay-type":"","overlay-color":"","overlay-opacity":"","overlay-gradient":""}},"footnotes":""},"categories":[1],"tags":[],"class_list":["post-108346","post","type-post","status-publish","format-standard","hentry","category-sem-categoria"],"yoast_head":"<!-- This site is optimized with the Yoast SEO plugin v26.6 - https:\/\/yoast.com\/wordpress\/plugins\/seo\/ -->\n<title>Emp\u00f3rio Fribal destaca o Dia Mundial do Caf\u00e9 e os benef\u00edcios da bebida mais popular do mundo - Daniel Matos<\/title>\n<meta name=\"robots\" content=\"index, follow, max-snippet:-1, max-image-preview:large, max-video-preview:-1\" \/>\n<link rel=\"canonical\" href=\"https:\/\/www.blogsoestado.com\/danielmatos\/emporio-fribal-destaca-o-dia-mundial-do-cafe-e-os-beneficios-da-bebida-mais-popular-do-mundo\/\" \/>\n<meta property=\"og:locale\" content=\"pt_BR\" \/>\n<meta property=\"og:type\" content=\"article\" \/>\n<meta property=\"og:title\" content=\"Emp\u00f3rio Fribal destaca o Dia Mundial do Caf\u00e9 e os benef\u00edcios da bebida mais popular do mundo - Daniel Matos\" \/>\n<meta property=\"og:description\" content=\"Mais que uma bebida, um elixir de sa\u00fade e vitalidade O caf\u00e9 est\u00e1 entre as bebidas mais consumidas em todo [&hellip;]\" \/>\n<meta property=\"og:url\" content=\"https:\/\/www.blogsoestado.com\/danielmatos\/emporio-fribal-destaca-o-dia-mundial-do-cafe-e-os-beneficios-da-bebida-mais-popular-do-mundo\/\" \/>\n<meta property=\"og:site_name\" content=\"Daniel Matos\" \/>\n<meta property=\"article:published_time\" content=\"2023-04-14T12:00:00+00:00\" \/>\n<meta property=\"og:image\" content=\"https:\/\/www.blogsoestado.com\/danielmatos\/files\/2023\/04\/Screenshot_20230414-0055222.png\" \/>\n<meta name=\"twitter:card\" content=\"summary_large_image\" \/>\n<meta name=\"twitter:label1\" content=\"Est. tempo de leitura\" \/>\n\t<meta name=\"twitter:data1\" content=\"3 minutos\" \/>\n<script type=\"application\/ld+json\" class=\"yoast-schema-graph\">{\"@context\":\"https:\/\/schema.org\",\"@graph\":[{\"@type\":\"WebPage\",\"@id\":\"https:\/\/www.blogsoestado.com\/danielmatos\/emporio-fribal-destaca-o-dia-mundial-do-cafe-e-os-beneficios-da-bebida-mais-popular-do-mundo\/\",\"url\":\"https:\/\/www.blogsoestado.com\/danielmatos\/emporio-fribal-destaca-o-dia-mundial-do-cafe-e-os-beneficios-da-bebida-mais-popular-do-mundo\/\",\"name\":\"Emp\u00f3rio Fribal destaca o Dia Mundial do Caf\u00e9 e os benef\u00edcios da bebida mais popular do mundo - Daniel Matos\",\"isPartOf\":{\"@id\":\"https:\/\/www.blogsoestado.com\/danielmatos\/#website\"},\"primaryImageOfPage\":{\"@id\":\"https:\/\/www.blogsoestado.com\/danielmatos\/emporio-fribal-destaca-o-dia-mundial-do-cafe-e-os-beneficios-da-bebida-mais-popular-do-mundo\/#primaryimage\"},\"image\":{\"@id\":\"https:\/\/www.blogsoestado.com\/danielmatos\/emporio-fribal-destaca-o-dia-mundial-do-cafe-e-os-beneficios-da-bebida-mais-popular-do-mundo\/#primaryimage\"},\"thumbnailUrl\":\"https:\/\/www.blogsoestado.com\/danielmatos\/files\/2023\/04\/Screenshot_20230414-0055222.png\",\"datePublished\":\"2023-04-14T12:00:00+00:00\",\"author\":{\"@id\":\"\"},\"breadcrumb\":{\"@id\":\"https:\/\/www.blogsoestado.com\/danielmatos\/emporio-fribal-destaca-o-dia-mundial-do-cafe-e-os-beneficios-da-bebida-mais-popular-do-mundo\/#breadcrumb\"},\"inLanguage\":\"pt-BR\",\"potentialAction\":[{\"@type\":\"ReadAction\",\"target\":[\"https:\/\/www.blogsoestado.com\/danielmatos\/emporio-fribal-destaca-o-dia-mundial-do-cafe-e-os-beneficios-da-bebida-mais-popular-do-mundo\/\"]}]},{\"@type\":\"ImageObject\",\"inLanguage\":\"pt-BR\",\"@id\":\"https:\/\/www.blogsoestado.com\/danielmatos\/emporio-fribal-destaca-o-dia-mundial-do-cafe-e-os-beneficios-da-bebida-mais-popular-do-mundo\/#primaryimage\",\"url\":\"https:\/\/www.blogsoestado.com\/danielmatos\/files\/2023\/04\/Screenshot_20230414-0055222.png\",\"contentUrl\":\"https:\/\/www.blogsoestado.com\/danielmatos\/files\/2023\/04\/Screenshot_20230414-0055222.png\"},{\"@type\":\"BreadcrumbList\",\"@id\":\"https:\/\/www.blogsoestado.com\/danielmatos\/emporio-fribal-destaca-o-dia-mundial-do-cafe-e-os-beneficios-da-bebida-mais-popular-do-mundo\/#breadcrumb\",\"itemListElement\":[{\"@type\":\"ListItem\",\"position\":1,\"name\":\"In\u00edcio\",\"item\":\"https:\/\/www.blogsoestado.com\/danielmatos\/\"},{\"@type\":\"ListItem\",\"position\":2,\"name\":\"Emp\u00f3rio Fribal destaca o Dia Mundial do Caf\u00e9 e os benef\u00edcios da bebida mais popular do mundo\"}]},{\"@type\":\"WebSite\",\"@id\":\"https:\/\/www.blogsoestado.com\/danielmatos\/#website\",\"url\":\"https:\/\/www.blogsoestado.com\/danielmatos\/\",\"name\":\"Daniel Matos\",\"description\":\"\",\"potentialAction\":[{\"@type\":\"SearchAction\",\"target\":{\"@type\":\"EntryPoint\",\"urlTemplate\":\"https:\/\/www.blogsoestado.com\/danielmatos\/?s={search_term_string}\"},\"query-input\":{\"@type\":\"PropertyValueSpecification\",\"valueRequired\":true,\"valueName\":\"search_term_string\"}}],\"inLanguage\":\"pt-BR\"}]}<\/script>\n<!-- \/ Yoast SEO plugin. -->","yoast_head_json":{"title":"Emp\u00f3rio Fribal destaca o Dia Mundial do Caf\u00e9 e os benef\u00edcios da bebida mais popular do mundo - Daniel Matos","robots":{"index":"index","follow":"follow","max-snippet":"max-snippet:-1","max-image-preview":"max-image-preview:large","max-video-preview":"max-video-preview:-1"},"canonical":"https:\/\/www.blogsoestado.com\/danielmatos\/emporio-fribal-destaca-o-dia-mundial-do-cafe-e-os-beneficios-da-bebida-mais-popular-do-mundo\/","og_locale":"pt_BR","og_type":"article","og_title":"Emp\u00f3rio Fribal destaca o Dia Mundial do Caf\u00e9 e os benef\u00edcios da bebida mais popular do mundo - Daniel Matos","og_description":"Mais que uma bebida, um elixir de sa\u00fade e vitalidade O caf\u00e9 est\u00e1 entre as bebidas mais consumidas em todo [&hellip;]","og_url":"https:\/\/www.blogsoestado.com\/danielmatos\/emporio-fribal-destaca-o-dia-mundial-do-cafe-e-os-beneficios-da-bebida-mais-popular-do-mundo\/","og_site_name":"Daniel Matos","article_published_time":"2023-04-14T12:00:00+00:00","og_image":[{"url":"https:\/\/www.blogsoestado.com\/danielmatos\/files\/2023\/04\/Screenshot_20230414-0055222.png","type":"","width":"","height":""}],"twitter_card":"summary_large_image","twitter_misc":{"Est. tempo de leitura":"3 minutos"},"schema":{"@context":"https:\/\/schema.org","@graph":[{"@type":"WebPage","@id":"https:\/\/www.blogsoestado.com\/danielmatos\/emporio-fribal-destaca-o-dia-mundial-do-cafe-e-os-beneficios-da-bebida-mais-popular-do-mundo\/","url":"https:\/\/www.blogsoestado.com\/danielmatos\/emporio-fribal-destaca-o-dia-mundial-do-cafe-e-os-beneficios-da-bebida-mais-popular-do-mundo\/","name":"Emp\u00f3rio Fribal destaca o Dia Mundial do Caf\u00e9 e os benef\u00edcios da bebida mais popular do mundo - Daniel Matos","isPartOf":{"@id":"https:\/\/www.blogsoestado.com\/danielmatos\/#website"},"primaryImageOfPage":{"@id":"https:\/\/www.blogsoestado.com\/danielmatos\/emporio-fribal-destaca-o-dia-mundial-do-cafe-e-os-beneficios-da-bebida-mais-popular-do-mundo\/#primaryimage"},"image":{"@id":"https:\/\/www.blogsoestado.com\/danielmatos\/emporio-fribal-destaca-o-dia-mundial-do-cafe-e-os-beneficios-da-bebida-mais-popular-do-mundo\/#primaryimage"},"thumbnailUrl":"https:\/\/www.blogsoestado.com\/danielmatos\/files\/2023\/04\/Screenshot_20230414-0055222.png","datePublished":"2023-04-14T12:00:00+00:00","author":{"@id":""},"breadcrumb":{"@id":"https:\/\/www.blogsoestado.com\/danielmatos\/emporio-fribal-destaca-o-dia-mundial-do-cafe-e-os-beneficios-da-bebida-mais-popular-do-mundo\/#breadcrumb"},"inLanguage":"pt-BR","potentialAction":[{"@type":"ReadAction","target":["https:\/\/www.blogsoestado.com\/danielmatos\/emporio-fribal-destaca-o-dia-mundial-do-cafe-e-os-beneficios-da-bebida-mais-popular-do-mundo\/"]}]},{"@type":"ImageObject","inLanguage":"pt-BR","@id":"https:\/\/www.blogsoestado.com\/danielmatos\/emporio-fribal-destaca-o-dia-mundial-do-cafe-e-os-beneficios-da-bebida-mais-popular-do-mundo\/#primaryimage","url":"https:\/\/www.blogsoestado.com\/danielmatos\/files\/2023\/04\/Screenshot_20230414-0055222.png","contentUrl":"https:\/\/www.blogsoestado.com\/danielmatos\/files\/2023\/04\/Screenshot_20230414-0055222.png"},{"@type":"BreadcrumbList","@id":"https:\/\/www.blogsoestado.com\/danielmatos\/emporio-fribal-destaca-o-dia-mundial-do-cafe-e-os-beneficios-da-bebida-mais-popular-do-mundo\/#breadcrumb","itemListElement":[{"@type":"ListItem","position":1,"name":"In\u00edcio","item":"https:\/\/www.blogsoestado.com\/danielmatos\/"},{"@type":"ListItem","position":2,"name":"Emp\u00f3rio Fribal destaca o Dia Mundial do Caf\u00e9 e os benef\u00edcios da bebida mais popular do mundo"}]},{"@type":"WebSite","@id":"https:\/\/www.blogsoestado.com\/danielmatos\/#website","url":"https:\/\/www.blogsoestado.com\/danielmatos\/","name":"Daniel Matos","description":"","potentialAction":[{"@type":"SearchAction","target":{"@type":"EntryPoint","urlTemplate":"https:\/\/www.blogsoestado.com\/danielmatos\/?s={search_term_string}"},"query-input":{"@type":"PropertyValueSpecification","valueRequired":true,"valueName":"search_term_string"}}],"inLanguage":"pt-BR"}]}},"jetpack_featured_media_url":"","_links":{"self":[{"href":"https:\/\/www.blogsoestado.com\/danielmatos\/wp-json\/wp\/v2\/posts\/108346","targetHints":{"allow":["GET"]}}],"collection":[{"href":"https:\/\/www.blogsoestado.com\/danielmatos\/wp-json\/wp\/v2\/posts"}],"about":[{"href":"https:\/\/www.blogsoestado.com\/danielmatos\/wp-json\/wp\/v2\/types\/post"}],"replies":[{"embeddable":true,"href":"https:\/\/www.blogsoestado.com\/danielmatos\/wp-json\/wp\/v2\/comments?post=108346"}],"version-history":[{"count":0,"href":"https:\/\/www.blogsoestado.com\/danielmatos\/wp-json\/wp\/v2\/posts\/108346\/revisions"}],"wp:attachment":[{"href":"https:\/\/www.blogsoestado.com\/danielmatos\/wp-json\/wp\/v2\/media?parent=108346"}],"wp:term":[{"taxonomy":"category","embeddable":true,"href":"https:\/\/www.blogsoestado.com\/danielmatos\/wp-json\/wp\/v2\/categories?post=108346"},{"taxonomy":"post_tag","embeddable":true,"href":"https:\/\/www.blogsoestado.com\/danielmatos\/wp-json\/wp\/v2\/tags?post=108346"}],"curies":[{"name":"wp","href":"https:\/\/api.w.org\/{rel}","templated":true}]}}