{"id":108358,"date":"2023-04-14T08:12:32","date_gmt":"2023-04-14T11:12:32","guid":{"rendered":"https:\/\/www.blogsoestado.com\/danielmatos\/?p=108358"},"modified":"2023-04-14T08:12:32","modified_gmt":"2023-04-14T11:12:32","slug":"casarao-colonial-reabre-para-nova-temporada-na-tarde-deste-domingo-16","status":"publish","type":"post","link":"https:\/\/www.blogsoestado.com\/danielmatos\/casarao-colonial-reabre-para-nova-temporada-na-tarde-deste-domingo-16\/","title":{"rendered":"Casar\u00e3o Colonial reabre para nova temporada na tarde deste domingo (16)"},"content":{"rendered":"\n<p><strong><span class=\"has-inline-color has-vivid-red-color\">Reabertura ser\u00e1 marcada por apresenta\u00e7\u00f5es de Vittor e Rodolfo, CDC, Os Par\u00e7as e Samba da Tamarineira<\/span><\/strong><\/p>\n\n\n\n<div class=\"wp-block-image\"><figure class=\"aligncenter size-large\"><a href=\"https:\/\/www.blogsoestado.com\/danielmatos\/files\/2023\/04\/Screenshot_20230414-0735262.png\"><img decoding=\"async\" src=\"https:\/\/www.blogsoestado.com\/danielmatos\/files\/2023\/04\/Screenshot_20230414-0735262.png\" alt=\"\" class=\"wp-image-108359\"\/><\/a><figcaption>O Casar\u00e3o Colonial vai reabrir ao p\u00fablico com diversas atra\u00e7\u00f5es ap\u00f3s per\u00edodo de readequa\u00e7\u00e3o estrutural<\/figcaption><\/figure><\/div>\n\n\n\n<p><strong>S\u00c3O LU\u00cdS &#8211;<\/strong> Ap\u00f3s dois meses de portas fechadas para melhorias em sua.estrutura e proporcionar mais conforto aos frequentadores, em parceria com o Instituto do Patrim\u00f4nio Hist\u00f3rico e Art\u00edstico Nacional (Iphan) e o Departamento de Patrim\u00f4nio Hist\u00f3rico (DPH), o Casar\u00e3o Colonial, endere\u00e7o musical na Rua Afonso Pena (Centro Hist\u00f3rico), est\u00e1 de volta para nova temporada a partir da tarde deste domingo (16). A programa\u00e7\u00e3o come\u00e7a \u00e0s 16h.<\/p>\n\n\n\n<p>Desta vez, o foco do espa\u00e7o \u00e9, tamb\u00e9m, se consolidar como novo ponto tur\u00edstico da capital maranhense. O pr\u00e9dio hist\u00f3rico constru\u00eddo em 1858 e incrustado em uma das vias mais emblem\u00e1ticas da Ilha do Amor \u00e9 um atrativo por si s\u00f3 desde a fachada, preservando a hist\u00f3ria arquitet\u00f4nica da cidade patrim\u00f4nio da humanidade.<\/p>\n\n\n\n<p>A reabertura ser\u00e1 marcada por vasta programa\u00e7\u00e3o, com destaque para a apresenta\u00e7\u00e3o da dupla revela\u00e7\u00e3o do sertanejo no Maranh\u00e3o, Vittor &amp; Rodolfo, que far\u00e1 um show especial e exclusivo no espa\u00e7o.<\/p>\n\n\n\n<div class=\"wp-block-image\"><figure class=\"aligncenter size-large\"><a href=\"https:\/\/www.blogsoestado.com\/danielmatos\/files\/2023\/04\/Screenshot_20230414-0734562.png\"><img decoding=\"async\" src=\"https:\/\/www.blogsoestado.com\/danielmatos\/files\/2023\/04\/Screenshot_20230414-0734562.png\" alt=\"\" class=\"wp-image-108360\"\/><\/a><figcaption>A dupla revela\u00e7\u00e3o do sertanejo no Maranh\u00e3o, Vittor &amp; Rodolfo, far\u00e1 um show especial e exclusivo na reabertura do Casar\u00e3o Colonial <\/figcaption><\/figure><\/div>\n\n\n\n<p>Os artistas somam seis anos de carreira e destacam-se por interpreta\u00e7\u00f5es de m\u00fasicas autorais e execu\u00e7\u00e3o de cl\u00e1ssicos da m\u00fasica sertaneja. Os cantores t\u00eam agenda movimentada e se apresentam em diferentes cidades maranhenses.<\/p>\n\n\n\n<p>&#8220;N\u00f3s estamos ansiosos para participar dessa grande festa que marcar\u00e1 o in\u00edcio da nova temporada na casa e preparamos um repert\u00f3rio com m\u00fasicas da atualidade&#8221;, frisou Rodolfo.<\/p>\n\n\n\n<p>Al\u00e9m dos sertanejos, confirmaram presen\u00e7a os grupos CDC, Os Par\u00e7as e Tamarineira, projetos que marcaram com sucesso as temporadas anteriores e que, por essa raz\u00e3o, foram mantidos na lista de atra\u00e7\u00f5es.<\/p>\n","protected":false},"excerpt":{"rendered":"<p>Reabertura ser\u00e1 marcada por apresenta\u00e7\u00f5es de Vittor e Rodolfo, CDC, Os Par\u00e7as e Samba da Tamarineira S\u00c3O LU\u00cdS &#8211; Ap\u00f3s [&hellip;]<\/p>\n","protected":false},"author":0,"featured_media":0,"comment_status":"open","ping_status":"open","sticky":false,"template":"","format":"standard","meta":{"site-sidebar-layout":"default","site-content-layout":"","ast-site-content-layout":"default","site-content-style":"default","site-sidebar-style":"default","ast-global-header-display":"","ast-banner-title-visibility":"","ast-main-header-display":"","ast-hfb-above-header-display":"","ast-hfb-below-header-display":"","ast-hfb-mobile-header-display":"","site-post-title":"","ast-breadcrumbs-content":"","ast-featured-img":"","footer-sml-layout":"","ast-disable-related-posts":"","theme-transparent-header-meta":"","adv-header-id-meta":"","stick-header-meta":"","header-above-stick-meta":"","header-main-stick-meta":"","header-below-stick-meta":"","astra-migrate-meta-layouts":"default","ast-page-background-enabled":"default","ast-page-background-meta":{"desktop":{"background-color":"var(--ast-global-color-5)","background-image":"","background-repeat":"repeat","background-position":"center center","background-size":"auto","background-attachment":"scroll","background-type":"","background-media":"","overlay-type":"","overlay-color":"","overlay-opacity":"","overlay-gradient":""},"tablet":{"background-color":"","background-image":"","background-repeat":"repeat","background-position":"center center","background-size":"auto","background-attachment":"scroll","background-type":"","background-media":"","overlay-type":"","overlay-color":"","overlay-opacity":"","overlay-gradient":""},"mobile":{"background-color":"","background-image":"","background-repeat":"repeat","background-position":"center center","background-size":"auto","background-attachment":"scroll","background-type":"","background-media":"","overlay-type":"","overlay-color":"","overlay-opacity":"","overlay-gradient":""}},"ast-content-background-meta":{"desktop":{"background-color":"var(--ast-global-color-4)","background-image":"","background-repeat":"repeat","background-position":"center center","background-size":"auto","background-attachment":"scroll","background-type":"","background-media":"","overlay-type":"","overlay-color":"","overlay-opacity":"","overlay-gradient":""},"tablet":{"background-color":"var(--ast-global-color-4)","background-image":"","background-repeat":"repeat","background-position":"center center","background-size":"auto","background-attachment":"scroll","background-type":"","background-media":"","overlay-type":"","overlay-color":"","overlay-opacity":"","overlay-gradient":""},"mobile":{"background-color":"var(--ast-global-color-4)","background-image":"","background-repeat":"repeat","background-position":"center center","background-size":"auto","background-attachment":"scroll","background-type":"","background-media":"","overlay-type":"","overlay-color":"","overlay-opacity":"","overlay-gradient":""}},"footnotes":""},"categories":[1],"tags":[],"class_list":["post-108358","post","type-post","status-publish","format-standard","hentry","category-sem-categoria"],"yoast_head":"<!-- This site is optimized with the Yoast SEO plugin v26.6 - https:\/\/yoast.com\/wordpress\/plugins\/seo\/ -->\n<title>Casar\u00e3o Colonial reabre para nova temporada na tarde deste domingo (16) - Daniel Matos<\/title>\n<meta name=\"robots\" content=\"index, follow, max-snippet:-1, max-image-preview:large, max-video-preview:-1\" \/>\n<link rel=\"canonical\" href=\"https:\/\/www.blogsoestado.com\/danielmatos\/casarao-colonial-reabre-para-nova-temporada-na-tarde-deste-domingo-16\/\" \/>\n<meta property=\"og:locale\" content=\"pt_BR\" \/>\n<meta property=\"og:type\" content=\"article\" \/>\n<meta property=\"og:title\" content=\"Casar\u00e3o Colonial reabre para nova temporada na tarde deste domingo (16) - Daniel Matos\" \/>\n<meta property=\"og:description\" content=\"Reabertura ser\u00e1 marcada por apresenta\u00e7\u00f5es de Vittor e Rodolfo, CDC, Os Par\u00e7as e Samba da Tamarineira S\u00c3O LU\u00cdS &#8211; Ap\u00f3s [&hellip;]\" \/>\n<meta property=\"og:url\" content=\"https:\/\/www.blogsoestado.com\/danielmatos\/casarao-colonial-reabre-para-nova-temporada-na-tarde-deste-domingo-16\/\" \/>\n<meta property=\"og:site_name\" content=\"Daniel Matos\" \/>\n<meta property=\"article:published_time\" content=\"2023-04-14T11:12:32+00:00\" \/>\n<meta property=\"og:image\" content=\"https:\/\/www.blogsoestado.com\/danielmatos\/files\/2023\/04\/Screenshot_20230414-0735262.png\" \/>\n<meta name=\"twitter:card\" content=\"summary_large_image\" \/>\n<meta name=\"twitter:label1\" content=\"Est. tempo de leitura\" \/>\n\t<meta name=\"twitter:data1\" content=\"2 minutos\" \/>\n<script type=\"application\/ld+json\" class=\"yoast-schema-graph\">{\"@context\":\"https:\/\/schema.org\",\"@graph\":[{\"@type\":\"WebPage\",\"@id\":\"https:\/\/www.blogsoestado.com\/danielmatos\/casarao-colonial-reabre-para-nova-temporada-na-tarde-deste-domingo-16\/\",\"url\":\"https:\/\/www.blogsoestado.com\/danielmatos\/casarao-colonial-reabre-para-nova-temporada-na-tarde-deste-domingo-16\/\",\"name\":\"Casar\u00e3o Colonial reabre para nova temporada na tarde deste domingo (16) - Daniel Matos\",\"isPartOf\":{\"@id\":\"https:\/\/www.blogsoestado.com\/danielmatos\/#website\"},\"primaryImageOfPage\":{\"@id\":\"https:\/\/www.blogsoestado.com\/danielmatos\/casarao-colonial-reabre-para-nova-temporada-na-tarde-deste-domingo-16\/#primaryimage\"},\"image\":{\"@id\":\"https:\/\/www.blogsoestado.com\/danielmatos\/casarao-colonial-reabre-para-nova-temporada-na-tarde-deste-domingo-16\/#primaryimage\"},\"thumbnailUrl\":\"https:\/\/www.blogsoestado.com\/danielmatos\/files\/2023\/04\/Screenshot_20230414-0735262.png\",\"datePublished\":\"2023-04-14T11:12:32+00:00\",\"author\":{\"@id\":\"\"},\"breadcrumb\":{\"@id\":\"https:\/\/www.blogsoestado.com\/danielmatos\/casarao-colonial-reabre-para-nova-temporada-na-tarde-deste-domingo-16\/#breadcrumb\"},\"inLanguage\":\"pt-BR\",\"potentialAction\":[{\"@type\":\"ReadAction\",\"target\":[\"https:\/\/www.blogsoestado.com\/danielmatos\/casarao-colonial-reabre-para-nova-temporada-na-tarde-deste-domingo-16\/\"]}]},{\"@type\":\"ImageObject\",\"inLanguage\":\"pt-BR\",\"@id\":\"https:\/\/www.blogsoestado.com\/danielmatos\/casarao-colonial-reabre-para-nova-temporada-na-tarde-deste-domingo-16\/#primaryimage\",\"url\":\"https:\/\/www.blogsoestado.com\/danielmatos\/files\/2023\/04\/Screenshot_20230414-0735262.png\",\"contentUrl\":\"https:\/\/www.blogsoestado.com\/danielmatos\/files\/2023\/04\/Screenshot_20230414-0735262.png\"},{\"@type\":\"BreadcrumbList\",\"@id\":\"https:\/\/www.blogsoestado.com\/danielmatos\/casarao-colonial-reabre-para-nova-temporada-na-tarde-deste-domingo-16\/#breadcrumb\",\"itemListElement\":[{\"@type\":\"ListItem\",\"position\":1,\"name\":\"In\u00edcio\",\"item\":\"https:\/\/www.blogsoestado.com\/danielmatos\/\"},{\"@type\":\"ListItem\",\"position\":2,\"name\":\"Casar\u00e3o Colonial reabre para nova temporada na tarde deste domingo (16)\"}]},{\"@type\":\"WebSite\",\"@id\":\"https:\/\/www.blogsoestado.com\/danielmatos\/#website\",\"url\":\"https:\/\/www.blogsoestado.com\/danielmatos\/\",\"name\":\"Daniel Matos\",\"description\":\"\",\"potentialAction\":[{\"@type\":\"SearchAction\",\"target\":{\"@type\":\"EntryPoint\",\"urlTemplate\":\"https:\/\/www.blogsoestado.com\/danielmatos\/?s={search_term_string}\"},\"query-input\":{\"@type\":\"PropertyValueSpecification\",\"valueRequired\":true,\"valueName\":\"search_term_string\"}}],\"inLanguage\":\"pt-BR\"}]}<\/script>\n<!-- \/ Yoast SEO plugin. -->","yoast_head_json":{"title":"Casar\u00e3o Colonial reabre para nova temporada na tarde deste domingo (16) - Daniel Matos","robots":{"index":"index","follow":"follow","max-snippet":"max-snippet:-1","max-image-preview":"max-image-preview:large","max-video-preview":"max-video-preview:-1"},"canonical":"https:\/\/www.blogsoestado.com\/danielmatos\/casarao-colonial-reabre-para-nova-temporada-na-tarde-deste-domingo-16\/","og_locale":"pt_BR","og_type":"article","og_title":"Casar\u00e3o Colonial reabre para nova temporada na tarde deste domingo (16) - Daniel Matos","og_description":"Reabertura ser\u00e1 marcada por apresenta\u00e7\u00f5es de Vittor e Rodolfo, CDC, Os Par\u00e7as e Samba da Tamarineira S\u00c3O LU\u00cdS &#8211; Ap\u00f3s [&hellip;]","og_url":"https:\/\/www.blogsoestado.com\/danielmatos\/casarao-colonial-reabre-para-nova-temporada-na-tarde-deste-domingo-16\/","og_site_name":"Daniel Matos","article_published_time":"2023-04-14T11:12:32+00:00","og_image":[{"url":"https:\/\/www.blogsoestado.com\/danielmatos\/files\/2023\/04\/Screenshot_20230414-0735262.png","type":"","width":"","height":""}],"twitter_card":"summary_large_image","twitter_misc":{"Est. tempo de leitura":"2 minutos"},"schema":{"@context":"https:\/\/schema.org","@graph":[{"@type":"WebPage","@id":"https:\/\/www.blogsoestado.com\/danielmatos\/casarao-colonial-reabre-para-nova-temporada-na-tarde-deste-domingo-16\/","url":"https:\/\/www.blogsoestado.com\/danielmatos\/casarao-colonial-reabre-para-nova-temporada-na-tarde-deste-domingo-16\/","name":"Casar\u00e3o Colonial reabre para nova temporada na tarde deste domingo (16) - Daniel Matos","isPartOf":{"@id":"https:\/\/www.blogsoestado.com\/danielmatos\/#website"},"primaryImageOfPage":{"@id":"https:\/\/www.blogsoestado.com\/danielmatos\/casarao-colonial-reabre-para-nova-temporada-na-tarde-deste-domingo-16\/#primaryimage"},"image":{"@id":"https:\/\/www.blogsoestado.com\/danielmatos\/casarao-colonial-reabre-para-nova-temporada-na-tarde-deste-domingo-16\/#primaryimage"},"thumbnailUrl":"https:\/\/www.blogsoestado.com\/danielmatos\/files\/2023\/04\/Screenshot_20230414-0735262.png","datePublished":"2023-04-14T11:12:32+00:00","author":{"@id":""},"breadcrumb":{"@id":"https:\/\/www.blogsoestado.com\/danielmatos\/casarao-colonial-reabre-para-nova-temporada-na-tarde-deste-domingo-16\/#breadcrumb"},"inLanguage":"pt-BR","potentialAction":[{"@type":"ReadAction","target":["https:\/\/www.blogsoestado.com\/danielmatos\/casarao-colonial-reabre-para-nova-temporada-na-tarde-deste-domingo-16\/"]}]},{"@type":"ImageObject","inLanguage":"pt-BR","@id":"https:\/\/www.blogsoestado.com\/danielmatos\/casarao-colonial-reabre-para-nova-temporada-na-tarde-deste-domingo-16\/#primaryimage","url":"https:\/\/www.blogsoestado.com\/danielmatos\/files\/2023\/04\/Screenshot_20230414-0735262.png","contentUrl":"https:\/\/www.blogsoestado.com\/danielmatos\/files\/2023\/04\/Screenshot_20230414-0735262.png"},{"@type":"BreadcrumbList","@id":"https:\/\/www.blogsoestado.com\/danielmatos\/casarao-colonial-reabre-para-nova-temporada-na-tarde-deste-domingo-16\/#breadcrumb","itemListElement":[{"@type":"ListItem","position":1,"name":"In\u00edcio","item":"https:\/\/www.blogsoestado.com\/danielmatos\/"},{"@type":"ListItem","position":2,"name":"Casar\u00e3o Colonial reabre para nova temporada na tarde deste domingo (16)"}]},{"@type":"WebSite","@id":"https:\/\/www.blogsoestado.com\/danielmatos\/#website","url":"https:\/\/www.blogsoestado.com\/danielmatos\/","name":"Daniel Matos","description":"","potentialAction":[{"@type":"SearchAction","target":{"@type":"EntryPoint","urlTemplate":"https:\/\/www.blogsoestado.com\/danielmatos\/?s={search_term_string}"},"query-input":{"@type":"PropertyValueSpecification","valueRequired":true,"valueName":"search_term_string"}}],"inLanguage":"pt-BR"}]}},"jetpack_featured_media_url":"","_links":{"self":[{"href":"https:\/\/www.blogsoestado.com\/danielmatos\/wp-json\/wp\/v2\/posts\/108358","targetHints":{"allow":["GET"]}}],"collection":[{"href":"https:\/\/www.blogsoestado.com\/danielmatos\/wp-json\/wp\/v2\/posts"}],"about":[{"href":"https:\/\/www.blogsoestado.com\/danielmatos\/wp-json\/wp\/v2\/types\/post"}],"replies":[{"embeddable":true,"href":"https:\/\/www.blogsoestado.com\/danielmatos\/wp-json\/wp\/v2\/comments?post=108358"}],"version-history":[{"count":0,"href":"https:\/\/www.blogsoestado.com\/danielmatos\/wp-json\/wp\/v2\/posts\/108358\/revisions"}],"wp:attachment":[{"href":"https:\/\/www.blogsoestado.com\/danielmatos\/wp-json\/wp\/v2\/media?parent=108358"}],"wp:term":[{"taxonomy":"category","embeddable":true,"href":"https:\/\/www.blogsoestado.com\/danielmatos\/wp-json\/wp\/v2\/categories?post=108358"},{"taxonomy":"post_tag","embeddable":true,"href":"https:\/\/www.blogsoestado.com\/danielmatos\/wp-json\/wp\/v2\/tags?post=108358"}],"curies":[{"name":"wp","href":"https:\/\/api.w.org\/{rel}","templated":true}]}}