{"id":108385,"date":"2023-04-14T19:00:00","date_gmt":"2023-04-14T22:00:00","guid":{"rendered":"https:\/\/www.blogsoestado.com\/danielmatos\/?p=108385"},"modified":"2023-04-14T19:00:00","modified_gmt":"2023-04-14T22:00:00","slug":"banda-makina-du-tempo-anima-noite-de-flashback-neste-sabado-15-na-associacao-da-caixa","status":"publish","type":"post","link":"https:\/\/www.blogsoestado.com\/danielmatos\/banda-makina-du-tempo-anima-noite-de-flashback-neste-sabado-15-na-associacao-da-caixa\/","title":{"rendered":"Banda M\u00e1kina du Tempo anima noite de flashback neste s\u00e1bado (15), na Associa\u00e7\u00e3o da Caixa, no Calhau"},"content":{"rendered":"\n<div class=\"wp-block-image\"><figure class=\"aligncenter size-large\"><a href=\"https:\/\/www.blogsoestado.com\/danielmatos\/files\/2023\/04\/Screenshot_20230414-1956572.png\"><img decoding=\"async\" src=\"https:\/\/www.blogsoestado.com\/danielmatos\/files\/2023\/04\/Screenshot_20230414-1956572.png\" alt=\"\" class=\"wp-image-108393\"\/><\/a><\/figure><\/div>\n\n\n\n<p>A consagrada banda M\u00e1kina du Tempo ser\u00e1 a grande atra\u00e7\u00e3o da 11\u00aa edi\u00e7\u00e3o da Noite de Flashback, na neste s\u00e1bado (15), a partir das 21h, na Associa\u00e7\u00e3o do Pessoal da Caixa Econ\u00f4mica Federal (APCEF), no Calhau. A festa \u00e9 uma promo\u00e7\u00e3o da Par\u00f3quia Santo Ant\u00f4nio de P\u00e1dua, no Cohajap.<\/p>\n\n\n\n<p>No repert\u00f3rio, sucessos das d\u00e9cadas de 60, 70, 80 e 90. No comando das pick-ups, a equipe Pororoca Mix tocar\u00e1 o melhor do som eletr\u00f4nico, com os DJ&#8217;s Ricardo Bulc\u00e3o e Haroldo.<\/p>\n\n\n\n<p>Os ingressos est\u00e3o \u00e0 venda, ao pre\u00e7o de R$ 40,00 (quarenta reais), na Par\u00f3quia Santo Ant\u00f4nio de P\u00e1dua (Cohajap), na Panificadora Bom P\u00e3o (Vinhas) e Loja Territorium (Calhau Center).<\/p>\n\n\n\n<p><strong>Contatos: <\/strong>98825-9525\/98145-9975\/98804-3207.<\/p>\n\n\n\n<p><strong><span class=\"has-inline-color has-vivid-red-color\">Clique <a href=\"https:\/\/youtube.com\/shorts\/2KJB8rcGL2E?feature=share4\">aqui<\/a><\/span><\/strong> <strong><span class=\"has-inline-color has-vivid-red-color\">e assista ao v\u00eddeo.<\/span><\/strong><\/p>\n","protected":false},"excerpt":{"rendered":"<p>A consagrada banda M\u00e1kina du Tempo ser\u00e1 a grande atra\u00e7\u00e3o da 11\u00aa edi\u00e7\u00e3o da Noite de Flashback, na neste s\u00e1bado [&hellip;]<\/p>\n","protected":false},"author":0,"featured_media":0,"comment_status":"open","ping_status":"open","sticky":false,"template":"","format":"standard","meta":{"site-sidebar-layout":"default","site-content-layout":"","ast-site-content-layout":"default","site-content-style":"default","site-sidebar-style":"default","ast-global-header-display":"","ast-banner-title-visibility":"","ast-main-header-display":"","ast-hfb-above-header-display":"","ast-hfb-below-header-display":"","ast-hfb-mobile-header-display":"","site-post-title":"","ast-breadcrumbs-content":"","ast-featured-img":"","footer-sml-layout":"","ast-disable-related-posts":"","theme-transparent-header-meta":"","adv-header-id-meta":"","stick-header-meta":"","header-above-stick-meta":"","header-main-stick-meta":"","header-below-stick-meta":"","astra-migrate-meta-layouts":"default","ast-page-background-enabled":"default","ast-page-background-meta":{"desktop":{"background-color":"var(--ast-global-color-5)","background-image":"","background-repeat":"repeat","background-position":"center center","background-size":"auto","background-attachment":"scroll","background-type":"","background-media":"","overlay-type":"","overlay-color":"","overlay-opacity":"","overlay-gradient":""},"tablet":{"background-color":"","background-image":"","background-repeat":"repeat","background-position":"center center","background-size":"auto","background-attachment":"scroll","background-type":"","background-media":"","overlay-type":"","overlay-color":"","overlay-opacity":"","overlay-gradient":""},"mobile":{"background-color":"","background-image":"","background-repeat":"repeat","background-position":"center center","background-size":"auto","background-attachment":"scroll","background-type":"","background-media":"","overlay-type":"","overlay-color":"","overlay-opacity":"","overlay-gradient":""}},"ast-content-background-meta":{"desktop":{"background-color":"var(--ast-global-color-4)","background-image":"","background-repeat":"repeat","background-position":"center center","background-size":"auto","background-attachment":"scroll","background-type":"","background-media":"","overlay-type":"","overlay-color":"","overlay-opacity":"","overlay-gradient":""},"tablet":{"background-color":"var(--ast-global-color-4)","background-image":"","background-repeat":"repeat","background-position":"center center","background-size":"auto","background-attachment":"scroll","background-type":"","background-media":"","overlay-type":"","overlay-color":"","overlay-opacity":"","overlay-gradient":""},"mobile":{"background-color":"var(--ast-global-color-4)","background-image":"","background-repeat":"repeat","background-position":"center center","background-size":"auto","background-attachment":"scroll","background-type":"","background-media":"","overlay-type":"","overlay-color":"","overlay-opacity":"","overlay-gradient":""}},"footnotes":""},"categories":[1],"tags":[],"class_list":["post-108385","post","type-post","status-publish","format-standard","hentry","category-sem-categoria"],"yoast_head":"<!-- This site is optimized with the Yoast SEO plugin v26.6 - https:\/\/yoast.com\/wordpress\/plugins\/seo\/ -->\n<title>Banda M\u00e1kina du Tempo anima noite de flashback neste s\u00e1bado (15), na Associa\u00e7\u00e3o da Caixa, no Calhau - Daniel Matos<\/title>\n<meta name=\"robots\" content=\"index, follow, max-snippet:-1, max-image-preview:large, max-video-preview:-1\" \/>\n<link rel=\"canonical\" href=\"https:\/\/www.blogsoestado.com\/danielmatos\/banda-makina-du-tempo-anima-noite-de-flashback-neste-sabado-15-na-associacao-da-caixa\/\" \/>\n<meta property=\"og:locale\" content=\"pt_BR\" \/>\n<meta property=\"og:type\" content=\"article\" \/>\n<meta property=\"og:title\" content=\"Banda M\u00e1kina du Tempo anima noite de flashback neste s\u00e1bado (15), na Associa\u00e7\u00e3o da Caixa, no Calhau - Daniel Matos\" \/>\n<meta property=\"og:description\" content=\"A consagrada banda M\u00e1kina du Tempo ser\u00e1 a grande atra\u00e7\u00e3o da 11\u00aa edi\u00e7\u00e3o da Noite de Flashback, na neste s\u00e1bado [&hellip;]\" \/>\n<meta property=\"og:url\" content=\"https:\/\/www.blogsoestado.com\/danielmatos\/banda-makina-du-tempo-anima-noite-de-flashback-neste-sabado-15-na-associacao-da-caixa\/\" \/>\n<meta property=\"og:site_name\" content=\"Daniel Matos\" \/>\n<meta property=\"article:published_time\" content=\"2023-04-14T22:00:00+00:00\" \/>\n<meta property=\"og:image\" content=\"https:\/\/www.blogsoestado.com\/danielmatos\/files\/2023\/04\/Screenshot_20230414-1956572.png\" \/>\n<meta name=\"twitter:card\" content=\"summary_large_image\" \/>\n<meta name=\"twitter:label1\" content=\"Est. tempo de leitura\" \/>\n\t<meta name=\"twitter:data1\" content=\"1 minuto\" \/>\n<script type=\"application\/ld+json\" class=\"yoast-schema-graph\">{\"@context\":\"https:\/\/schema.org\",\"@graph\":[{\"@type\":\"WebPage\",\"@id\":\"https:\/\/www.blogsoestado.com\/danielmatos\/banda-makina-du-tempo-anima-noite-de-flashback-neste-sabado-15-na-associacao-da-caixa\/\",\"url\":\"https:\/\/www.blogsoestado.com\/danielmatos\/banda-makina-du-tempo-anima-noite-de-flashback-neste-sabado-15-na-associacao-da-caixa\/\",\"name\":\"Banda M\u00e1kina du Tempo anima noite de flashback neste s\u00e1bado (15), na Associa\u00e7\u00e3o da Caixa, no Calhau - Daniel Matos\",\"isPartOf\":{\"@id\":\"https:\/\/www.blogsoestado.com\/danielmatos\/#website\"},\"primaryImageOfPage\":{\"@id\":\"https:\/\/www.blogsoestado.com\/danielmatos\/banda-makina-du-tempo-anima-noite-de-flashback-neste-sabado-15-na-associacao-da-caixa\/#primaryimage\"},\"image\":{\"@id\":\"https:\/\/www.blogsoestado.com\/danielmatos\/banda-makina-du-tempo-anima-noite-de-flashback-neste-sabado-15-na-associacao-da-caixa\/#primaryimage\"},\"thumbnailUrl\":\"https:\/\/www.blogsoestado.com\/danielmatos\/files\/2023\/04\/Screenshot_20230414-1956572.png\",\"datePublished\":\"2023-04-14T22:00:00+00:00\",\"author\":{\"@id\":\"\"},\"breadcrumb\":{\"@id\":\"https:\/\/www.blogsoestado.com\/danielmatos\/banda-makina-du-tempo-anima-noite-de-flashback-neste-sabado-15-na-associacao-da-caixa\/#breadcrumb\"},\"inLanguage\":\"pt-BR\",\"potentialAction\":[{\"@type\":\"ReadAction\",\"target\":[\"https:\/\/www.blogsoestado.com\/danielmatos\/banda-makina-du-tempo-anima-noite-de-flashback-neste-sabado-15-na-associacao-da-caixa\/\"]}]},{\"@type\":\"ImageObject\",\"inLanguage\":\"pt-BR\",\"@id\":\"https:\/\/www.blogsoestado.com\/danielmatos\/banda-makina-du-tempo-anima-noite-de-flashback-neste-sabado-15-na-associacao-da-caixa\/#primaryimage\",\"url\":\"https:\/\/www.blogsoestado.com\/danielmatos\/files\/2023\/04\/Screenshot_20230414-1956572.png\",\"contentUrl\":\"https:\/\/www.blogsoestado.com\/danielmatos\/files\/2023\/04\/Screenshot_20230414-1956572.png\"},{\"@type\":\"BreadcrumbList\",\"@id\":\"https:\/\/www.blogsoestado.com\/danielmatos\/banda-makina-du-tempo-anima-noite-de-flashback-neste-sabado-15-na-associacao-da-caixa\/#breadcrumb\",\"itemListElement\":[{\"@type\":\"ListItem\",\"position\":1,\"name\":\"In\u00edcio\",\"item\":\"https:\/\/www.blogsoestado.com\/danielmatos\/\"},{\"@type\":\"ListItem\",\"position\":2,\"name\":\"Banda M\u00e1kina du Tempo anima noite de flashback neste s\u00e1bado (15), na Associa\u00e7\u00e3o da Caixa, no Calhau\"}]},{\"@type\":\"WebSite\",\"@id\":\"https:\/\/www.blogsoestado.com\/danielmatos\/#website\",\"url\":\"https:\/\/www.blogsoestado.com\/danielmatos\/\",\"name\":\"Daniel Matos\",\"description\":\"\",\"potentialAction\":[{\"@type\":\"SearchAction\",\"target\":{\"@type\":\"EntryPoint\",\"urlTemplate\":\"https:\/\/www.blogsoestado.com\/danielmatos\/?s={search_term_string}\"},\"query-input\":{\"@type\":\"PropertyValueSpecification\",\"valueRequired\":true,\"valueName\":\"search_term_string\"}}],\"inLanguage\":\"pt-BR\"}]}<\/script>\n<!-- \/ Yoast SEO plugin. -->","yoast_head_json":{"title":"Banda M\u00e1kina du Tempo anima noite de flashback neste s\u00e1bado (15), na Associa\u00e7\u00e3o da Caixa, no Calhau - Daniel Matos","robots":{"index":"index","follow":"follow","max-snippet":"max-snippet:-1","max-image-preview":"max-image-preview:large","max-video-preview":"max-video-preview:-1"},"canonical":"https:\/\/www.blogsoestado.com\/danielmatos\/banda-makina-du-tempo-anima-noite-de-flashback-neste-sabado-15-na-associacao-da-caixa\/","og_locale":"pt_BR","og_type":"article","og_title":"Banda M\u00e1kina du Tempo anima noite de flashback neste s\u00e1bado (15), na Associa\u00e7\u00e3o da Caixa, no Calhau - Daniel Matos","og_description":"A consagrada banda M\u00e1kina du Tempo ser\u00e1 a grande atra\u00e7\u00e3o da 11\u00aa edi\u00e7\u00e3o da Noite de Flashback, na neste s\u00e1bado [&hellip;]","og_url":"https:\/\/www.blogsoestado.com\/danielmatos\/banda-makina-du-tempo-anima-noite-de-flashback-neste-sabado-15-na-associacao-da-caixa\/","og_site_name":"Daniel Matos","article_published_time":"2023-04-14T22:00:00+00:00","og_image":[{"url":"https:\/\/www.blogsoestado.com\/danielmatos\/files\/2023\/04\/Screenshot_20230414-1956572.png","type":"","width":"","height":""}],"twitter_card":"summary_large_image","twitter_misc":{"Est. tempo de leitura":"1 minuto"},"schema":{"@context":"https:\/\/schema.org","@graph":[{"@type":"WebPage","@id":"https:\/\/www.blogsoestado.com\/danielmatos\/banda-makina-du-tempo-anima-noite-de-flashback-neste-sabado-15-na-associacao-da-caixa\/","url":"https:\/\/www.blogsoestado.com\/danielmatos\/banda-makina-du-tempo-anima-noite-de-flashback-neste-sabado-15-na-associacao-da-caixa\/","name":"Banda M\u00e1kina du Tempo anima noite de flashback neste s\u00e1bado (15), na Associa\u00e7\u00e3o da Caixa, no Calhau - Daniel Matos","isPartOf":{"@id":"https:\/\/www.blogsoestado.com\/danielmatos\/#website"},"primaryImageOfPage":{"@id":"https:\/\/www.blogsoestado.com\/danielmatos\/banda-makina-du-tempo-anima-noite-de-flashback-neste-sabado-15-na-associacao-da-caixa\/#primaryimage"},"image":{"@id":"https:\/\/www.blogsoestado.com\/danielmatos\/banda-makina-du-tempo-anima-noite-de-flashback-neste-sabado-15-na-associacao-da-caixa\/#primaryimage"},"thumbnailUrl":"https:\/\/www.blogsoestado.com\/danielmatos\/files\/2023\/04\/Screenshot_20230414-1956572.png","datePublished":"2023-04-14T22:00:00+00:00","author":{"@id":""},"breadcrumb":{"@id":"https:\/\/www.blogsoestado.com\/danielmatos\/banda-makina-du-tempo-anima-noite-de-flashback-neste-sabado-15-na-associacao-da-caixa\/#breadcrumb"},"inLanguage":"pt-BR","potentialAction":[{"@type":"ReadAction","target":["https:\/\/www.blogsoestado.com\/danielmatos\/banda-makina-du-tempo-anima-noite-de-flashback-neste-sabado-15-na-associacao-da-caixa\/"]}]},{"@type":"ImageObject","inLanguage":"pt-BR","@id":"https:\/\/www.blogsoestado.com\/danielmatos\/banda-makina-du-tempo-anima-noite-de-flashback-neste-sabado-15-na-associacao-da-caixa\/#primaryimage","url":"https:\/\/www.blogsoestado.com\/danielmatos\/files\/2023\/04\/Screenshot_20230414-1956572.png","contentUrl":"https:\/\/www.blogsoestado.com\/danielmatos\/files\/2023\/04\/Screenshot_20230414-1956572.png"},{"@type":"BreadcrumbList","@id":"https:\/\/www.blogsoestado.com\/danielmatos\/banda-makina-du-tempo-anima-noite-de-flashback-neste-sabado-15-na-associacao-da-caixa\/#breadcrumb","itemListElement":[{"@type":"ListItem","position":1,"name":"In\u00edcio","item":"https:\/\/www.blogsoestado.com\/danielmatos\/"},{"@type":"ListItem","position":2,"name":"Banda M\u00e1kina du Tempo anima noite de flashback neste s\u00e1bado (15), na Associa\u00e7\u00e3o da Caixa, no Calhau"}]},{"@type":"WebSite","@id":"https:\/\/www.blogsoestado.com\/danielmatos\/#website","url":"https:\/\/www.blogsoestado.com\/danielmatos\/","name":"Daniel Matos","description":"","potentialAction":[{"@type":"SearchAction","target":{"@type":"EntryPoint","urlTemplate":"https:\/\/www.blogsoestado.com\/danielmatos\/?s={search_term_string}"},"query-input":{"@type":"PropertyValueSpecification","valueRequired":true,"valueName":"search_term_string"}}],"inLanguage":"pt-BR"}]}},"jetpack_featured_media_url":"","_links":{"self":[{"href":"https:\/\/www.blogsoestado.com\/danielmatos\/wp-json\/wp\/v2\/posts\/108385","targetHints":{"allow":["GET"]}}],"collection":[{"href":"https:\/\/www.blogsoestado.com\/danielmatos\/wp-json\/wp\/v2\/posts"}],"about":[{"href":"https:\/\/www.blogsoestado.com\/danielmatos\/wp-json\/wp\/v2\/types\/post"}],"replies":[{"embeddable":true,"href":"https:\/\/www.blogsoestado.com\/danielmatos\/wp-json\/wp\/v2\/comments?post=108385"}],"version-history":[{"count":0,"href":"https:\/\/www.blogsoestado.com\/danielmatos\/wp-json\/wp\/v2\/posts\/108385\/revisions"}],"wp:attachment":[{"href":"https:\/\/www.blogsoestado.com\/danielmatos\/wp-json\/wp\/v2\/media?parent=108385"}],"wp:term":[{"taxonomy":"category","embeddable":true,"href":"https:\/\/www.blogsoestado.com\/danielmatos\/wp-json\/wp\/v2\/categories?post=108385"},{"taxonomy":"post_tag","embeddable":true,"href":"https:\/\/www.blogsoestado.com\/danielmatos\/wp-json\/wp\/v2\/tags?post=108385"}],"curies":[{"name":"wp","href":"https:\/\/api.w.org\/{rel}","templated":true}]}}