{"id":108422,"date":"2023-04-16T05:46:02","date_gmt":"2023-04-16T08:46:02","guid":{"rendered":"https:\/\/www.blogsoestado.com\/danielmatos\/?p=108422"},"modified":"2023-04-16T05:46:02","modified_gmt":"2023-04-16T08:46:02","slug":"pgr-pode-denuncia-eputado-federal-marcio-jerry-por-crime-de-importunacao-sexual-com-pena-de-1-a-4-anos-de-prisao","status":"publish","type":"post","link":"https:\/\/www.blogsoestado.com\/danielmatos\/pgr-pode-denuncia-eputado-federal-marcio-jerry-por-crime-de-importunacao-sexual-com-pena-de-1-a-4-anos-de-prisao\/","title":{"rendered":"MP Eleitoral pode denunciar deputado federal M\u00e1rcio Jerry por crime de importuna\u00e7\u00e3o sexual, com pena de 1 a 4 anos de pris\u00e3o"},"content":{"rendered":"\n<div class=\"wp-block-image\"><figure class=\"aligncenter size-large\"><a href=\"https:\/\/www.blogsoestado.com\/danielmatos\/files\/2023\/04\/Screenshot_20230416-1151262.png\"><img decoding=\"async\" src=\"https:\/\/www.blogsoestado.com\/danielmatos\/files\/2023\/04\/Screenshot_20230416-1151262.png\" alt=\"\" class=\"wp-image-108426\"\/><\/a><figcaption>Abordagem do deputado federal M\u00e1rcio Jerry \u00e0 colega J\u00falia Zanatta foi considerada inapropriada e, por lei, pode configurar crime<\/figcaption><\/figure><\/div>\n\n\n\n<p>O Grupo de Trabalho (GT) Preven\u00e7\u00e3o e Combate \u00e0 Viol\u00eancia Pol\u00edtica de G\u00eanero do <a href=\"https:\/\/www.mpf.mp.br\/pgr\/noticias-pgr\/se-confirmado-episodio-denunciado-por-deputada-do-pl-pode-configurar-violencia-politica-de-genero-afirma-gt\">Minist\u00e9rio P\u00fablico Eleitoral<\/a> defende que, se confirmado, o epis\u00f3dio denunciado pela deputada federal J\u00falia Zanatta (PL\/SC) pode configurar crime previsto no C\u00f3digo Eleitoral. A parlamentar afirma ter sido v\u00edtima de importuna\u00e7\u00e3o sexual, durante sess\u00e3o da Comiss\u00e3o de Seguran\u00e7a P\u00fablica e Combate ao Crime Organizado, ocorrida no \u00faltimo dia 11.<\/p>\n\n\n\n<p>A Lei 14.192\/2021, que inseriu o artigo 326-B no C\u00f3digo Eleitoral, tipificou como crime condutas que configuram ass\u00e9dio, constrangimento, humilha\u00e7\u00e3o, persegui\u00e7\u00e3o ou amea\u00e7a contra mulheres candidatas ou detentoras de mandato eletivo, que buscam impedir ou dificultar a realiza\u00e7\u00e3o de campanha ou o exerc\u00edcio do mandato parlamentar. A pena prevista para o agressor varia de 1 a 4 anos de pris\u00e3o, al\u00e9m de multa.<\/p>\n\n\n\n<p>Com base nesse dispositivo, o GT Preven\u00e7\u00e3o e Combate \u00e0 Viol\u00eancia Pol\u00edtica de G\u00eanero elaborou representa\u00e7\u00e3o sobre o epis\u00f3dio, com pedido de avalia\u00e7\u00e3o, pela Procuradoria-Geral da Rep\u00fablica (PGR), e eventuais provid\u00eancias apurat\u00f3rias cab\u00edveis na esfera criminal. O caso foi enviado \u00e0 PGR em raz\u00e3o do foro por prerrogativa de fun\u00e7\u00e3o do deputado federal M\u00e1rcio Jerry (PCdoB-MA), acusado pela parlamentar de praticar a conduta.<\/p>\n\n\n\n<p>\u201cOs fatos noticiados enquadram-se na hip\u00f3tese criminal do artigo 326-B do C\u00f3digo Eleitoral e demandam apura\u00e7\u00e3o mediante a oitiva da v\u00edtima, oitiva das testemunhas presentes na ocasi\u00e3o, preserva\u00e7\u00e3o de v\u00eddeos e grava\u00e7\u00f5es do local onde ocorreram os fatos, entre outras medidas cab\u00edveis para preserva\u00e7\u00e3o da cadeia de cust\u00f3dia probat\u00f3ria\u201d, afirma o GT, na representa\u00e7\u00e3o. A cadeia de cust\u00f3dia consiste em um conjunto de procedimentos t\u00e9cnicos para assegurar a autenticidade e integridade de provas.<\/p>\n\n\n\n<p><strong>Viol\u00eancia pol\u00edtica de g\u00eanero<\/strong><\/p>\n\n\n\n<p>Desde que foi criado, o grupo do MP Eleitoral j\u00e1 enviou 33 representa\u00e7\u00f5es sobre supostos casos de viol\u00eancia pol\u00edtica de g\u00eanero a procuradorias regionais eleitorais e ao PGR, para an\u00e1lise e tomada de eventuais provid\u00eancias na esfera criminal (<a href=\"https:\/\/www.mpf.mp.br\/pge\/institucional\/gt-violencia-de-genero\/recomendacoes-e-orientacoes-1\"><strong>veja aqui<\/strong><\/a>). <\/p>\n\n\n\n<p>O grupo tamb\u00e9m lan\u00e7ou&nbsp;<a href=\"https:\/\/bit.ly\/3B9P0ZF\"><strong>cartilha<\/strong>&nbsp;<\/a>que mostra como identificar e reportar casos de viol\u00eancia pol\u00edtica contra as mulheres ao Minist\u00e9rio P\u00fablico, que \u00e9 o \u00f3rg\u00e3o respons\u00e1vel por apresentar \u00e0 Justi\u00e7a den\u00fancia criminal contra o agressor.<\/p>\n","protected":false},"excerpt":{"rendered":"<p>O Grupo de Trabalho (GT) Preven\u00e7\u00e3o e Combate \u00e0 Viol\u00eancia Pol\u00edtica de G\u00eanero do Minist\u00e9rio P\u00fablico Eleitoral defende que, se [&hellip;]<\/p>\n","protected":false},"author":0,"featured_media":0,"comment_status":"open","ping_status":"open","sticky":false,"template":"","format":"standard","meta":{"site-sidebar-layout":"default","site-content-layout":"","ast-site-content-layout":"default","site-content-style":"default","site-sidebar-style":"default","ast-global-header-display":"","ast-banner-title-visibility":"","ast-main-header-display":"","ast-hfb-above-header-display":"","ast-hfb-below-header-display":"","ast-hfb-mobile-header-display":"","site-post-title":"","ast-breadcrumbs-content":"","ast-featured-img":"","footer-sml-layout":"","ast-disable-related-posts":"","theme-transparent-header-meta":"","adv-header-id-meta":"","stick-header-meta":"","header-above-stick-meta":"","header-main-stick-meta":"","header-below-stick-meta":"","astra-migrate-meta-layouts":"default","ast-page-background-enabled":"default","ast-page-background-meta":{"desktop":{"background-color":"var(--ast-global-color-5)","background-image":"","background-repeat":"repeat","background-position":"center center","background-size":"auto","background-attachment":"scroll","background-type":"","background-media":"","overlay-type":"","overlay-color":"","overlay-opacity":"","overlay-gradient":""},"tablet":{"background-color":"","background-image":"","background-repeat":"repeat","background-position":"center center","background-size":"auto","background-attachment":"scroll","background-type":"","background-media":"","overlay-type":"","overlay-color":"","overlay-opacity":"","overlay-gradient":""},"mobile":{"background-color":"","background-image":"","background-repeat":"repeat","background-position":"center center","background-size":"auto","background-attachment":"scroll","background-type":"","background-media":"","overlay-type":"","overlay-color":"","overlay-opacity":"","overlay-gradient":""}},"ast-content-background-meta":{"desktop":{"background-color":"var(--ast-global-color-4)","background-image":"","background-repeat":"repeat","background-position":"center center","background-size":"auto","background-attachment":"scroll","background-type":"","background-media":"","overlay-type":"","overlay-color":"","overlay-opacity":"","overlay-gradient":""},"tablet":{"background-color":"var(--ast-global-color-4)","background-image":"","background-repeat":"repeat","background-position":"center center","background-size":"auto","background-attachment":"scroll","background-type":"","background-media":"","overlay-type":"","overlay-color":"","overlay-opacity":"","overlay-gradient":""},"mobile":{"background-color":"var(--ast-global-color-4)","background-image":"","background-repeat":"repeat","background-position":"center center","background-size":"auto","background-attachment":"scroll","background-type":"","background-media":"","overlay-type":"","overlay-color":"","overlay-opacity":"","overlay-gradient":""}},"footnotes":""},"categories":[1],"tags":[],"class_list":["post-108422","post","type-post","status-publish","format-standard","hentry","category-sem-categoria"],"yoast_head":"<!-- This site is optimized with the Yoast SEO plugin v26.6 - https:\/\/yoast.com\/wordpress\/plugins\/seo\/ -->\n<title>MP Eleitoral pode denunciar deputado federal M\u00e1rcio Jerry por crime de importuna\u00e7\u00e3o sexual, com pena de 1 a 4 anos de pris\u00e3o - Daniel Matos<\/title>\n<meta name=\"robots\" content=\"index, follow, max-snippet:-1, max-image-preview:large, max-video-preview:-1\" \/>\n<link rel=\"canonical\" href=\"https:\/\/www.blogsoestado.com\/danielmatos\/pgr-pode-denuncia-eputado-federal-marcio-jerry-por-crime-de-importunacao-sexual-com-pena-de-1-a-4-anos-de-prisao\/\" \/>\n<meta property=\"og:locale\" content=\"pt_BR\" \/>\n<meta property=\"og:type\" content=\"article\" \/>\n<meta property=\"og:title\" content=\"MP Eleitoral pode denunciar deputado federal M\u00e1rcio Jerry por crime de importuna\u00e7\u00e3o sexual, com pena de 1 a 4 anos de pris\u00e3o - Daniel Matos\" \/>\n<meta property=\"og:description\" content=\"O Grupo de Trabalho (GT) Preven\u00e7\u00e3o e Combate \u00e0 Viol\u00eancia Pol\u00edtica de G\u00eanero do Minist\u00e9rio P\u00fablico Eleitoral defende que, se [&hellip;]\" \/>\n<meta property=\"og:url\" content=\"https:\/\/www.blogsoestado.com\/danielmatos\/pgr-pode-denuncia-eputado-federal-marcio-jerry-por-crime-de-importunacao-sexual-com-pena-de-1-a-4-anos-de-prisao\/\" \/>\n<meta property=\"og:site_name\" content=\"Daniel Matos\" \/>\n<meta property=\"article:published_time\" content=\"2023-04-16T08:46:02+00:00\" \/>\n<meta property=\"og:image\" content=\"https:\/\/www.blogsoestado.com\/danielmatos\/files\/2023\/04\/Screenshot_20230416-1151262.png\" \/>\n<meta name=\"twitter:card\" content=\"summary_large_image\" \/>\n<meta name=\"twitter:label1\" content=\"Est. tempo de leitura\" \/>\n\t<meta name=\"twitter:data1\" content=\"2 minutos\" \/>\n<script type=\"application\/ld+json\" class=\"yoast-schema-graph\">{\"@context\":\"https:\/\/schema.org\",\"@graph\":[{\"@type\":\"WebPage\",\"@id\":\"https:\/\/www.blogsoestado.com\/danielmatos\/pgr-pode-denuncia-eputado-federal-marcio-jerry-por-crime-de-importunacao-sexual-com-pena-de-1-a-4-anos-de-prisao\/\",\"url\":\"https:\/\/www.blogsoestado.com\/danielmatos\/pgr-pode-denuncia-eputado-federal-marcio-jerry-por-crime-de-importunacao-sexual-com-pena-de-1-a-4-anos-de-prisao\/\",\"name\":\"MP Eleitoral pode denunciar deputado federal M\u00e1rcio Jerry por crime de importuna\u00e7\u00e3o sexual, com pena de 1 a 4 anos de pris\u00e3o - Daniel Matos\",\"isPartOf\":{\"@id\":\"https:\/\/www.blogsoestado.com\/danielmatos\/#website\"},\"primaryImageOfPage\":{\"@id\":\"https:\/\/www.blogsoestado.com\/danielmatos\/pgr-pode-denuncia-eputado-federal-marcio-jerry-por-crime-de-importunacao-sexual-com-pena-de-1-a-4-anos-de-prisao\/#primaryimage\"},\"image\":{\"@id\":\"https:\/\/www.blogsoestado.com\/danielmatos\/pgr-pode-denuncia-eputado-federal-marcio-jerry-por-crime-de-importunacao-sexual-com-pena-de-1-a-4-anos-de-prisao\/#primaryimage\"},\"thumbnailUrl\":\"https:\/\/www.blogsoestado.com\/danielmatos\/files\/2023\/04\/Screenshot_20230416-1151262.png\",\"datePublished\":\"2023-04-16T08:46:02+00:00\",\"author\":{\"@id\":\"\"},\"breadcrumb\":{\"@id\":\"https:\/\/www.blogsoestado.com\/danielmatos\/pgr-pode-denuncia-eputado-federal-marcio-jerry-por-crime-de-importunacao-sexual-com-pena-de-1-a-4-anos-de-prisao\/#breadcrumb\"},\"inLanguage\":\"pt-BR\",\"potentialAction\":[{\"@type\":\"ReadAction\",\"target\":[\"https:\/\/www.blogsoestado.com\/danielmatos\/pgr-pode-denuncia-eputado-federal-marcio-jerry-por-crime-de-importunacao-sexual-com-pena-de-1-a-4-anos-de-prisao\/\"]}]},{\"@type\":\"ImageObject\",\"inLanguage\":\"pt-BR\",\"@id\":\"https:\/\/www.blogsoestado.com\/danielmatos\/pgr-pode-denuncia-eputado-federal-marcio-jerry-por-crime-de-importunacao-sexual-com-pena-de-1-a-4-anos-de-prisao\/#primaryimage\",\"url\":\"https:\/\/www.blogsoestado.com\/danielmatos\/files\/2023\/04\/Screenshot_20230416-1151262.png\",\"contentUrl\":\"https:\/\/www.blogsoestado.com\/danielmatos\/files\/2023\/04\/Screenshot_20230416-1151262.png\"},{\"@type\":\"BreadcrumbList\",\"@id\":\"https:\/\/www.blogsoestado.com\/danielmatos\/pgr-pode-denuncia-eputado-federal-marcio-jerry-por-crime-de-importunacao-sexual-com-pena-de-1-a-4-anos-de-prisao\/#breadcrumb\",\"itemListElement\":[{\"@type\":\"ListItem\",\"position\":1,\"name\":\"In\u00edcio\",\"item\":\"https:\/\/www.blogsoestado.com\/danielmatos\/\"},{\"@type\":\"ListItem\",\"position\":2,\"name\":\"MP Eleitoral pode denunciar deputado federal M\u00e1rcio Jerry por crime de importuna\u00e7\u00e3o sexual, com pena de 1 a 4 anos de pris\u00e3o\"}]},{\"@type\":\"WebSite\",\"@id\":\"https:\/\/www.blogsoestado.com\/danielmatos\/#website\",\"url\":\"https:\/\/www.blogsoestado.com\/danielmatos\/\",\"name\":\"Daniel Matos\",\"description\":\"\",\"potentialAction\":[{\"@type\":\"SearchAction\",\"target\":{\"@type\":\"EntryPoint\",\"urlTemplate\":\"https:\/\/www.blogsoestado.com\/danielmatos\/?s={search_term_string}\"},\"query-input\":{\"@type\":\"PropertyValueSpecification\",\"valueRequired\":true,\"valueName\":\"search_term_string\"}}],\"inLanguage\":\"pt-BR\"}]}<\/script>\n<!-- \/ Yoast SEO plugin. -->","yoast_head_json":{"title":"MP Eleitoral pode denunciar deputado federal M\u00e1rcio Jerry por crime de importuna\u00e7\u00e3o sexual, com pena de 1 a 4 anos de pris\u00e3o - Daniel Matos","robots":{"index":"index","follow":"follow","max-snippet":"max-snippet:-1","max-image-preview":"max-image-preview:large","max-video-preview":"max-video-preview:-1"},"canonical":"https:\/\/www.blogsoestado.com\/danielmatos\/pgr-pode-denuncia-eputado-federal-marcio-jerry-por-crime-de-importunacao-sexual-com-pena-de-1-a-4-anos-de-prisao\/","og_locale":"pt_BR","og_type":"article","og_title":"MP Eleitoral pode denunciar deputado federal M\u00e1rcio Jerry por crime de importuna\u00e7\u00e3o sexual, com pena de 1 a 4 anos de pris\u00e3o - Daniel Matos","og_description":"O Grupo de Trabalho (GT) Preven\u00e7\u00e3o e Combate \u00e0 Viol\u00eancia Pol\u00edtica de G\u00eanero do Minist\u00e9rio P\u00fablico Eleitoral defende que, se [&hellip;]","og_url":"https:\/\/www.blogsoestado.com\/danielmatos\/pgr-pode-denuncia-eputado-federal-marcio-jerry-por-crime-de-importunacao-sexual-com-pena-de-1-a-4-anos-de-prisao\/","og_site_name":"Daniel Matos","article_published_time":"2023-04-16T08:46:02+00:00","og_image":[{"url":"https:\/\/www.blogsoestado.com\/danielmatos\/files\/2023\/04\/Screenshot_20230416-1151262.png","type":"","width":"","height":""}],"twitter_card":"summary_large_image","twitter_misc":{"Est. tempo de leitura":"2 minutos"},"schema":{"@context":"https:\/\/schema.org","@graph":[{"@type":"WebPage","@id":"https:\/\/www.blogsoestado.com\/danielmatos\/pgr-pode-denuncia-eputado-federal-marcio-jerry-por-crime-de-importunacao-sexual-com-pena-de-1-a-4-anos-de-prisao\/","url":"https:\/\/www.blogsoestado.com\/danielmatos\/pgr-pode-denuncia-eputado-federal-marcio-jerry-por-crime-de-importunacao-sexual-com-pena-de-1-a-4-anos-de-prisao\/","name":"MP Eleitoral pode denunciar deputado federal M\u00e1rcio Jerry por crime de importuna\u00e7\u00e3o sexual, com pena de 1 a 4 anos de pris\u00e3o - Daniel Matos","isPartOf":{"@id":"https:\/\/www.blogsoestado.com\/danielmatos\/#website"},"primaryImageOfPage":{"@id":"https:\/\/www.blogsoestado.com\/danielmatos\/pgr-pode-denuncia-eputado-federal-marcio-jerry-por-crime-de-importunacao-sexual-com-pena-de-1-a-4-anos-de-prisao\/#primaryimage"},"image":{"@id":"https:\/\/www.blogsoestado.com\/danielmatos\/pgr-pode-denuncia-eputado-federal-marcio-jerry-por-crime-de-importunacao-sexual-com-pena-de-1-a-4-anos-de-prisao\/#primaryimage"},"thumbnailUrl":"https:\/\/www.blogsoestado.com\/danielmatos\/files\/2023\/04\/Screenshot_20230416-1151262.png","datePublished":"2023-04-16T08:46:02+00:00","author":{"@id":""},"breadcrumb":{"@id":"https:\/\/www.blogsoestado.com\/danielmatos\/pgr-pode-denuncia-eputado-federal-marcio-jerry-por-crime-de-importunacao-sexual-com-pena-de-1-a-4-anos-de-prisao\/#breadcrumb"},"inLanguage":"pt-BR","potentialAction":[{"@type":"ReadAction","target":["https:\/\/www.blogsoestado.com\/danielmatos\/pgr-pode-denuncia-eputado-federal-marcio-jerry-por-crime-de-importunacao-sexual-com-pena-de-1-a-4-anos-de-prisao\/"]}]},{"@type":"ImageObject","inLanguage":"pt-BR","@id":"https:\/\/www.blogsoestado.com\/danielmatos\/pgr-pode-denuncia-eputado-federal-marcio-jerry-por-crime-de-importunacao-sexual-com-pena-de-1-a-4-anos-de-prisao\/#primaryimage","url":"https:\/\/www.blogsoestado.com\/danielmatos\/files\/2023\/04\/Screenshot_20230416-1151262.png","contentUrl":"https:\/\/www.blogsoestado.com\/danielmatos\/files\/2023\/04\/Screenshot_20230416-1151262.png"},{"@type":"BreadcrumbList","@id":"https:\/\/www.blogsoestado.com\/danielmatos\/pgr-pode-denuncia-eputado-federal-marcio-jerry-por-crime-de-importunacao-sexual-com-pena-de-1-a-4-anos-de-prisao\/#breadcrumb","itemListElement":[{"@type":"ListItem","position":1,"name":"In\u00edcio","item":"https:\/\/www.blogsoestado.com\/danielmatos\/"},{"@type":"ListItem","position":2,"name":"MP Eleitoral pode denunciar deputado federal M\u00e1rcio Jerry por crime de importuna\u00e7\u00e3o sexual, com pena de 1 a 4 anos de pris\u00e3o"}]},{"@type":"WebSite","@id":"https:\/\/www.blogsoestado.com\/danielmatos\/#website","url":"https:\/\/www.blogsoestado.com\/danielmatos\/","name":"Daniel Matos","description":"","potentialAction":[{"@type":"SearchAction","target":{"@type":"EntryPoint","urlTemplate":"https:\/\/www.blogsoestado.com\/danielmatos\/?s={search_term_string}"},"query-input":{"@type":"PropertyValueSpecification","valueRequired":true,"valueName":"search_term_string"}}],"inLanguage":"pt-BR"}]}},"jetpack_featured_media_url":"","_links":{"self":[{"href":"https:\/\/www.blogsoestado.com\/danielmatos\/wp-json\/wp\/v2\/posts\/108422","targetHints":{"allow":["GET"]}}],"collection":[{"href":"https:\/\/www.blogsoestado.com\/danielmatos\/wp-json\/wp\/v2\/posts"}],"about":[{"href":"https:\/\/www.blogsoestado.com\/danielmatos\/wp-json\/wp\/v2\/types\/post"}],"replies":[{"embeddable":true,"href":"https:\/\/www.blogsoestado.com\/danielmatos\/wp-json\/wp\/v2\/comments?post=108422"}],"version-history":[{"count":0,"href":"https:\/\/www.blogsoestado.com\/danielmatos\/wp-json\/wp\/v2\/posts\/108422\/revisions"}],"wp:attachment":[{"href":"https:\/\/www.blogsoestado.com\/danielmatos\/wp-json\/wp\/v2\/media?parent=108422"}],"wp:term":[{"taxonomy":"category","embeddable":true,"href":"https:\/\/www.blogsoestado.com\/danielmatos\/wp-json\/wp\/v2\/categories?post=108422"},{"taxonomy":"post_tag","embeddable":true,"href":"https:\/\/www.blogsoestado.com\/danielmatos\/wp-json\/wp\/v2\/tags?post=108422"}],"curies":[{"name":"wp","href":"https:\/\/api.w.org\/{rel}","templated":true}]}}