{"id":108448,"date":"2023-04-17T08:00:00","date_gmt":"2023-04-17T11:00:00","guid":{"rendered":"https:\/\/www.blogsoestado.com\/danielmatos\/?p=108448"},"modified":"2023-04-17T08:00:00","modified_gmt":"2023-04-17T11:00:00","slug":"instituto-transformando-vidas-realiza-2a-acao-social-para-os-moradores-do-bairro-cruzeiro-do-anil","status":"publish","type":"post","link":"https:\/\/www.blogsoestado.com\/danielmatos\/instituto-transformando-vidas-realiza-2a-acao-social-para-os-moradores-do-bairro-cruzeiro-do-anil\/","title":{"rendered":"Instituto Transformando Vidas realiza 2\u00aa A\u00e7\u00e3o Social para os moradores do bairro Cruzeiro do Anil"},"content":{"rendered":"\n<div class=\"wp-block-image\"><figure class=\"aligncenter size-large\"><a href=\"https:\/\/www.blogsoestado.com\/danielmatos\/files\/2023\/04\/Screenshot_20230416-2354132.png\"><img decoding=\"async\" src=\"https:\/\/www.blogsoestado.com\/danielmatos\/files\/2023\/04\/Screenshot_20230416-2354132.png\" alt=\"\" class=\"wp-image-108449\"\/><\/a><figcaption>Na a\u00e7\u00e3o social, foram ofertados servi\u00e7os de: beleza (corte de cabelo e outros), sa\u00fade (aferi\u00e7\u00e3o de press\u00e3o e glicemia), atendimento nutricional, psicol\u00f3gico, servi\u00e7os jur\u00eddicos, al\u00e9m de distribui\u00e7\u00e3o de roupas<\/figcaption><\/figure><\/div>\n\n\n\n<p>Um ato solid\u00e1rio para ajudar quem mais precisa! Foi sucesso de p\u00fablico e exemplo de cidadania, a 2\u00aa A\u00e7\u00e3o Social do Instituto Transformando Vidas para os moradores do bairro Cruzeiro do Anil. A a\u00e7\u00e3o foi realizada em uma das unidades da Igreja Territ\u00f3rio de Deus, parceira do Instituto, localizada na Avenida S\u00e3o Sebasti\u00e3o, n\u00b0. 70, Cruzeiro do Anil.<\/p>\n\n\n\n<p>Foram ofertados servi\u00e7os de: beleza (corte de cabelo e outros), sa\u00fade (aferi\u00e7\u00e3o de press\u00e3o e glicemia), atendimento nutricional, psicol\u00f3gico, servi\u00e7os jur\u00eddicos, al\u00e9m de distribui\u00e7\u00e3o de roupas (com o Bazar Desapega) e cestas b\u00e1sicas.<\/p>\n\n\n\n<p>A organiza\u00e7\u00e3o \u00e9 uma das marcas do evento. Para melhor servir a todos, foram distribu\u00eddas senhas e cada benefici\u00e1rio teve direito a receber todos os atendimentos dispon\u00edveis na a\u00e7\u00e3o.<\/p>\n\n\n\n<p>Os atendimentos foram feitos por ordem de chegada com prioridade para idosos a partir de 60 anos de idade, lactantes ou m\u00e3es com crian\u00e7as de colo e pessoas com defici\u00eancia.<\/p>\n\n\n\n<div class=\"wp-block-image\"><figure class=\"aligncenter size-large\"><a href=\"https:\/\/www.blogsoestado.com\/danielmatos\/files\/2023\/04\/Screenshot_20230416-2354372.png\"><img decoding=\"async\" src=\"https:\/\/www.blogsoestado.com\/danielmatos\/files\/2023\/04\/Screenshot_20230416-2354372.png\" alt=\"\" class=\"wp-image-108450\"\/><\/a><figcaption>Moradores do bairro Cruzeiro do Anil tiveram acesso a servi\u00e7os de sa\u00fade como m\u00e9dico se glicemia <\/figcaption><\/figure><\/div>\n\n\n\n<p>No ato de chegada os colaboradores do instituto tamb\u00e9m preencheram a ficha de atendimento para forma\u00e7\u00e3o de um banco de dados com cadastro dos benefici\u00e1rios do instituto para futuras a\u00e7\u00f5es e doa\u00e7\u00f5es.<\/p>\n\n\n\n<p>E mais uma vez clima de solidariedade deu o tom da a\u00e7\u00e3o social. Profissionais volunt\u00e1rios de diversas \u00e1reas dedicaram o dia para praticar o bem.<\/p>\n\n\n\n<p>Os beneficiados pela a\u00e7\u00e3o, sa\u00edram satisfeito com a estrutura, organiza\u00e7\u00e3o e rapidez no atendimento.<\/p>\n\n\n\n<p>\u201cO Instituto Transformando Vidas est\u00e1 de parab\u00e9ns pela organiza\u00e7\u00e3o do evento. Fiz todos os meus atendimentos de forma bem r\u00e1pida. Fico at\u00e9 emocionado com uma a\u00e7\u00e3o linda dessas. Fui muito bem atendido e ainda ganhei roupas e cestas b\u00e1sicas. Obrigado a todos\u201d, disse Raimundo Silva, morador do bairro.<\/p>\n\n\n\n<div class=\"wp-block-image\"><figure class=\"aligncenter size-large\"><a href=\"https:\/\/www.blogsoestado.com\/danielmatos\/files\/2023\/04\/Screenshot_20230416-2353332.png\"><img decoding=\"async\" src=\"https:\/\/www.blogsoestado.com\/danielmatos\/files\/2023\/04\/Screenshot_20230416-2353332.png\" alt=\"\" class=\"wp-image-108451\"\/><\/a><figcaption>Volunt\u00e1rios da Igreja Territ\u00f3rio de Deus atenderam a popula\u00e7\u00e3o do bairro, ofertando diversos servi\u00e7os<\/figcaption><\/figure><\/div>\n\n\n\n<p>A pastora Fernanda Fernandes, presidente do Instituto, destaca que a miss\u00e3o do Instituto criado para amar e servir ao pr\u00f3ximo.<\/p>\n\n\n\n<p>\u201cA segunda edi\u00e7\u00e3o da nossa a\u00e7\u00e3o social traz-nos a convic\u00e7\u00e3o de que estamos no caminho certo. Nossa miss\u00e3o \u00e9 servir. Em meio aos servi\u00e7os ofertados, aproveitamos para pregar a Palavra de Deus. Afinal, evangelizar \u00e9 ordem de Deus e miss\u00e3o da Igreja. A Igreja, em sua diaconia, exerce um relevante papel social. Volto a dizer que gente \u00e9 tudo para gente. Quero agradecer o apoio do vereador Dr. Gutemberg. E fica o nosso convite para todos para conhecerem o nosso trabalho\u201d, disse a pastora Fernanda.<\/p>\n\n\n\n<p>A vice-presidente do Instituto, a professora Gorethi Camelo, tamb\u00e9m refor\u00e7a o projeto do Instituto que busca recursos para terminar a sua sede.<\/p>\n\n\n\n<div class=\"wp-block-image\"><figure class=\"aligncenter size-large\"><a href=\"https:\/\/www.blogsoestado.com\/danielmatos\/files\/2023\/04\/Screenshot_20230416-2353002.png\"><img decoding=\"async\" src=\"https:\/\/www.blogsoestado.com\/danielmatos\/files\/2023\/04\/Screenshot_20230416-2353002.png\" alt=\"\" class=\"wp-image-108452\"\/><\/a><figcaption>Grupo de volunt\u00e1rios que atendeu a popula\u00e7\u00e3o durante a segunda a\u00e7\u00e3o social realizada pela Igreja Territ\u00f3rio de Deus<\/figcaption><\/figure><\/div>\n\n\n\n<p>\u201cTemos um projeto muito bonito para esse pr\u00e9dio, aqui do Cruzeiro do Anil. Queremos ampliar as nossas instala\u00e7\u00f5es para a oferta de cursos de capacita\u00e7\u00e3o, al\u00e9m de outros servi\u00e7os. Quem quiser contribuir de forma financeira, ou doando mobili\u00e1rio, ou servi\u00e7os de atendimento, pode nos procurar na sede do Instituto, que fica na Avenida S\u00e3o Sebasti\u00e3o, n\u00b0. 70, Cruzeiro do Anil. Fa\u00e7a parte dessa corrente que tem como miss\u00e3o transformar vidas e formar cidad\u00e3os do bem\u201d, explica Gorethi Camelo.<\/p>\n","protected":false},"excerpt":{"rendered":"<p>Um ato solid\u00e1rio para ajudar quem mais precisa! Foi sucesso de p\u00fablico e exemplo de cidadania, a 2\u00aa A\u00e7\u00e3o Social [&hellip;]<\/p>\n","protected":false},"author":0,"featured_media":0,"comment_status":"open","ping_status":"open","sticky":false,"template":"","format":"standard","meta":{"site-sidebar-layout":"default","site-content-layout":"","ast-site-content-layout":"default","site-content-style":"default","site-sidebar-style":"default","ast-global-header-display":"","ast-banner-title-visibility":"","ast-main-header-display":"","ast-hfb-above-header-display":"","ast-hfb-below-header-display":"","ast-hfb-mobile-header-display":"","site-post-title":"","ast-breadcrumbs-content":"","ast-featured-img":"","footer-sml-layout":"","ast-disable-related-posts":"","theme-transparent-header-meta":"","adv-header-id-meta":"","stick-header-meta":"","header-above-stick-meta":"","header-main-stick-meta":"","header-below-stick-meta":"","astra-migrate-meta-layouts":"default","ast-page-background-enabled":"default","ast-page-background-meta":{"desktop":{"background-color":"var(--ast-global-color-5)","background-image":"","background-repeat":"repeat","background-position":"center center","background-size":"auto","background-attachment":"scroll","background-type":"","background-media":"","overlay-type":"","overlay-color":"","overlay-opacity":"","overlay-gradient":""},"tablet":{"background-color":"","background-image":"","background-repeat":"repeat","background-position":"center center","background-size":"auto","background-attachment":"scroll","background-type":"","background-media":"","overlay-type":"","overlay-color":"","overlay-opacity":"","overlay-gradient":""},"mobile":{"background-color":"","background-image":"","background-repeat":"repeat","background-position":"center center","background-size":"auto","background-attachment":"scroll","background-type":"","background-media":"","overlay-type":"","overlay-color":"","overlay-opacity":"","overlay-gradient":""}},"ast-content-background-meta":{"desktop":{"background-color":"var(--ast-global-color-4)","background-image":"","background-repeat":"repeat","background-position":"center center","background-size":"auto","background-attachment":"scroll","background-type":"","background-media":"","overlay-type":"","overlay-color":"","overlay-opacity":"","overlay-gradient":""},"tablet":{"background-color":"var(--ast-global-color-4)","background-image":"","background-repeat":"repeat","background-position":"center center","background-size":"auto","background-attachment":"scroll","background-type":"","background-media":"","overlay-type":"","overlay-color":"","overlay-opacity":"","overlay-gradient":""},"mobile":{"background-color":"var(--ast-global-color-4)","background-image":"","background-repeat":"repeat","background-position":"center center","background-size":"auto","background-attachment":"scroll","background-type":"","background-media":"","overlay-type":"","overlay-color":"","overlay-opacity":"","overlay-gradient":""}},"footnotes":""},"categories":[1],"tags":[],"class_list":["post-108448","post","type-post","status-publish","format-standard","hentry","category-sem-categoria"],"yoast_head":"<!-- This site is optimized with the Yoast SEO plugin v26.6 - https:\/\/yoast.com\/wordpress\/plugins\/seo\/ -->\n<title>Instituto Transformando Vidas realiza 2\u00aa A\u00e7\u00e3o Social para os moradores do bairro Cruzeiro do Anil - Daniel Matos<\/title>\n<meta name=\"robots\" content=\"index, follow, max-snippet:-1, max-image-preview:large, max-video-preview:-1\" \/>\n<link rel=\"canonical\" href=\"https:\/\/www.blogsoestado.com\/danielmatos\/instituto-transformando-vidas-realiza-2a-acao-social-para-os-moradores-do-bairro-cruzeiro-do-anil\/\" \/>\n<meta property=\"og:locale\" content=\"pt_BR\" \/>\n<meta property=\"og:type\" content=\"article\" \/>\n<meta property=\"og:title\" content=\"Instituto Transformando Vidas realiza 2\u00aa A\u00e7\u00e3o Social para os moradores do bairro Cruzeiro do Anil - Daniel Matos\" \/>\n<meta property=\"og:description\" content=\"Um ato solid\u00e1rio para ajudar quem mais precisa! Foi sucesso de p\u00fablico e exemplo de cidadania, a 2\u00aa A\u00e7\u00e3o Social [&hellip;]\" \/>\n<meta property=\"og:url\" content=\"https:\/\/www.blogsoestado.com\/danielmatos\/instituto-transformando-vidas-realiza-2a-acao-social-para-os-moradores-do-bairro-cruzeiro-do-anil\/\" \/>\n<meta property=\"og:site_name\" content=\"Daniel Matos\" \/>\n<meta property=\"article:published_time\" content=\"2023-04-17T11:00:00+00:00\" \/>\n<meta property=\"og:image\" content=\"https:\/\/www.blogsoestado.com\/danielmatos\/files\/2023\/04\/Screenshot_20230416-2354132.png\" \/>\n<meta name=\"twitter:card\" content=\"summary_large_image\" \/>\n<meta name=\"twitter:label1\" content=\"Est. tempo de leitura\" \/>\n\t<meta name=\"twitter:data1\" content=\"4 minutos\" \/>\n<script type=\"application\/ld+json\" class=\"yoast-schema-graph\">{\"@context\":\"https:\/\/schema.org\",\"@graph\":[{\"@type\":\"WebPage\",\"@id\":\"https:\/\/www.blogsoestado.com\/danielmatos\/instituto-transformando-vidas-realiza-2a-acao-social-para-os-moradores-do-bairro-cruzeiro-do-anil\/\",\"url\":\"https:\/\/www.blogsoestado.com\/danielmatos\/instituto-transformando-vidas-realiza-2a-acao-social-para-os-moradores-do-bairro-cruzeiro-do-anil\/\",\"name\":\"Instituto Transformando Vidas realiza 2\u00aa A\u00e7\u00e3o Social para os moradores do bairro Cruzeiro do Anil - Daniel Matos\",\"isPartOf\":{\"@id\":\"https:\/\/www.blogsoestado.com\/danielmatos\/#website\"},\"primaryImageOfPage\":{\"@id\":\"https:\/\/www.blogsoestado.com\/danielmatos\/instituto-transformando-vidas-realiza-2a-acao-social-para-os-moradores-do-bairro-cruzeiro-do-anil\/#primaryimage\"},\"image\":{\"@id\":\"https:\/\/www.blogsoestado.com\/danielmatos\/instituto-transformando-vidas-realiza-2a-acao-social-para-os-moradores-do-bairro-cruzeiro-do-anil\/#primaryimage\"},\"thumbnailUrl\":\"https:\/\/www.blogsoestado.com\/danielmatos\/files\/2023\/04\/Screenshot_20230416-2354132.png\",\"datePublished\":\"2023-04-17T11:00:00+00:00\",\"author\":{\"@id\":\"\"},\"breadcrumb\":{\"@id\":\"https:\/\/www.blogsoestado.com\/danielmatos\/instituto-transformando-vidas-realiza-2a-acao-social-para-os-moradores-do-bairro-cruzeiro-do-anil\/#breadcrumb\"},\"inLanguage\":\"pt-BR\",\"potentialAction\":[{\"@type\":\"ReadAction\",\"target\":[\"https:\/\/www.blogsoestado.com\/danielmatos\/instituto-transformando-vidas-realiza-2a-acao-social-para-os-moradores-do-bairro-cruzeiro-do-anil\/\"]}]},{\"@type\":\"ImageObject\",\"inLanguage\":\"pt-BR\",\"@id\":\"https:\/\/www.blogsoestado.com\/danielmatos\/instituto-transformando-vidas-realiza-2a-acao-social-para-os-moradores-do-bairro-cruzeiro-do-anil\/#primaryimage\",\"url\":\"https:\/\/www.blogsoestado.com\/danielmatos\/files\/2023\/04\/Screenshot_20230416-2354132.png\",\"contentUrl\":\"https:\/\/www.blogsoestado.com\/danielmatos\/files\/2023\/04\/Screenshot_20230416-2354132.png\"},{\"@type\":\"BreadcrumbList\",\"@id\":\"https:\/\/www.blogsoestado.com\/danielmatos\/instituto-transformando-vidas-realiza-2a-acao-social-para-os-moradores-do-bairro-cruzeiro-do-anil\/#breadcrumb\",\"itemListElement\":[{\"@type\":\"ListItem\",\"position\":1,\"name\":\"In\u00edcio\",\"item\":\"https:\/\/www.blogsoestado.com\/danielmatos\/\"},{\"@type\":\"ListItem\",\"position\":2,\"name\":\"Instituto Transformando Vidas realiza 2\u00aa A\u00e7\u00e3o Social para os moradores do bairro Cruzeiro do Anil\"}]},{\"@type\":\"WebSite\",\"@id\":\"https:\/\/www.blogsoestado.com\/danielmatos\/#website\",\"url\":\"https:\/\/www.blogsoestado.com\/danielmatos\/\",\"name\":\"Daniel Matos\",\"description\":\"\",\"potentialAction\":[{\"@type\":\"SearchAction\",\"target\":{\"@type\":\"EntryPoint\",\"urlTemplate\":\"https:\/\/www.blogsoestado.com\/danielmatos\/?s={search_term_string}\"},\"query-input\":{\"@type\":\"PropertyValueSpecification\",\"valueRequired\":true,\"valueName\":\"search_term_string\"}}],\"inLanguage\":\"pt-BR\"}]}<\/script>\n<!-- \/ Yoast SEO plugin. -->","yoast_head_json":{"title":"Instituto Transformando Vidas realiza 2\u00aa A\u00e7\u00e3o Social para os moradores do bairro Cruzeiro do Anil - Daniel Matos","robots":{"index":"index","follow":"follow","max-snippet":"max-snippet:-1","max-image-preview":"max-image-preview:large","max-video-preview":"max-video-preview:-1"},"canonical":"https:\/\/www.blogsoestado.com\/danielmatos\/instituto-transformando-vidas-realiza-2a-acao-social-para-os-moradores-do-bairro-cruzeiro-do-anil\/","og_locale":"pt_BR","og_type":"article","og_title":"Instituto Transformando Vidas realiza 2\u00aa A\u00e7\u00e3o Social para os moradores do bairro Cruzeiro do Anil - Daniel Matos","og_description":"Um ato solid\u00e1rio para ajudar quem mais precisa! Foi sucesso de p\u00fablico e exemplo de cidadania, a 2\u00aa A\u00e7\u00e3o Social [&hellip;]","og_url":"https:\/\/www.blogsoestado.com\/danielmatos\/instituto-transformando-vidas-realiza-2a-acao-social-para-os-moradores-do-bairro-cruzeiro-do-anil\/","og_site_name":"Daniel Matos","article_published_time":"2023-04-17T11:00:00+00:00","og_image":[{"url":"https:\/\/www.blogsoestado.com\/danielmatos\/files\/2023\/04\/Screenshot_20230416-2354132.png","type":"","width":"","height":""}],"twitter_card":"summary_large_image","twitter_misc":{"Est. tempo de leitura":"4 minutos"},"schema":{"@context":"https:\/\/schema.org","@graph":[{"@type":"WebPage","@id":"https:\/\/www.blogsoestado.com\/danielmatos\/instituto-transformando-vidas-realiza-2a-acao-social-para-os-moradores-do-bairro-cruzeiro-do-anil\/","url":"https:\/\/www.blogsoestado.com\/danielmatos\/instituto-transformando-vidas-realiza-2a-acao-social-para-os-moradores-do-bairro-cruzeiro-do-anil\/","name":"Instituto Transformando Vidas realiza 2\u00aa A\u00e7\u00e3o Social para os moradores do bairro Cruzeiro do Anil - Daniel Matos","isPartOf":{"@id":"https:\/\/www.blogsoestado.com\/danielmatos\/#website"},"primaryImageOfPage":{"@id":"https:\/\/www.blogsoestado.com\/danielmatos\/instituto-transformando-vidas-realiza-2a-acao-social-para-os-moradores-do-bairro-cruzeiro-do-anil\/#primaryimage"},"image":{"@id":"https:\/\/www.blogsoestado.com\/danielmatos\/instituto-transformando-vidas-realiza-2a-acao-social-para-os-moradores-do-bairro-cruzeiro-do-anil\/#primaryimage"},"thumbnailUrl":"https:\/\/www.blogsoestado.com\/danielmatos\/files\/2023\/04\/Screenshot_20230416-2354132.png","datePublished":"2023-04-17T11:00:00+00:00","author":{"@id":""},"breadcrumb":{"@id":"https:\/\/www.blogsoestado.com\/danielmatos\/instituto-transformando-vidas-realiza-2a-acao-social-para-os-moradores-do-bairro-cruzeiro-do-anil\/#breadcrumb"},"inLanguage":"pt-BR","potentialAction":[{"@type":"ReadAction","target":["https:\/\/www.blogsoestado.com\/danielmatos\/instituto-transformando-vidas-realiza-2a-acao-social-para-os-moradores-do-bairro-cruzeiro-do-anil\/"]}]},{"@type":"ImageObject","inLanguage":"pt-BR","@id":"https:\/\/www.blogsoestado.com\/danielmatos\/instituto-transformando-vidas-realiza-2a-acao-social-para-os-moradores-do-bairro-cruzeiro-do-anil\/#primaryimage","url":"https:\/\/www.blogsoestado.com\/danielmatos\/files\/2023\/04\/Screenshot_20230416-2354132.png","contentUrl":"https:\/\/www.blogsoestado.com\/danielmatos\/files\/2023\/04\/Screenshot_20230416-2354132.png"},{"@type":"BreadcrumbList","@id":"https:\/\/www.blogsoestado.com\/danielmatos\/instituto-transformando-vidas-realiza-2a-acao-social-para-os-moradores-do-bairro-cruzeiro-do-anil\/#breadcrumb","itemListElement":[{"@type":"ListItem","position":1,"name":"In\u00edcio","item":"https:\/\/www.blogsoestado.com\/danielmatos\/"},{"@type":"ListItem","position":2,"name":"Instituto Transformando Vidas realiza 2\u00aa A\u00e7\u00e3o Social para os moradores do bairro Cruzeiro do Anil"}]},{"@type":"WebSite","@id":"https:\/\/www.blogsoestado.com\/danielmatos\/#website","url":"https:\/\/www.blogsoestado.com\/danielmatos\/","name":"Daniel Matos","description":"","potentialAction":[{"@type":"SearchAction","target":{"@type":"EntryPoint","urlTemplate":"https:\/\/www.blogsoestado.com\/danielmatos\/?s={search_term_string}"},"query-input":{"@type":"PropertyValueSpecification","valueRequired":true,"valueName":"search_term_string"}}],"inLanguage":"pt-BR"}]}},"jetpack_featured_media_url":"","_links":{"self":[{"href":"https:\/\/www.blogsoestado.com\/danielmatos\/wp-json\/wp\/v2\/posts\/108448","targetHints":{"allow":["GET"]}}],"collection":[{"href":"https:\/\/www.blogsoestado.com\/danielmatos\/wp-json\/wp\/v2\/posts"}],"about":[{"href":"https:\/\/www.blogsoestado.com\/danielmatos\/wp-json\/wp\/v2\/types\/post"}],"replies":[{"embeddable":true,"href":"https:\/\/www.blogsoestado.com\/danielmatos\/wp-json\/wp\/v2\/comments?post=108448"}],"version-history":[{"count":0,"href":"https:\/\/www.blogsoestado.com\/danielmatos\/wp-json\/wp\/v2\/posts\/108448\/revisions"}],"wp:attachment":[{"href":"https:\/\/www.blogsoestado.com\/danielmatos\/wp-json\/wp\/v2\/media?parent=108448"}],"wp:term":[{"taxonomy":"category","embeddable":true,"href":"https:\/\/www.blogsoestado.com\/danielmatos\/wp-json\/wp\/v2\/categories?post=108448"},{"taxonomy":"post_tag","embeddable":true,"href":"https:\/\/www.blogsoestado.com\/danielmatos\/wp-json\/wp\/v2\/tags?post=108448"}],"curies":[{"name":"wp","href":"https:\/\/api.w.org\/{rel}","templated":true}]}}