{"id":108469,"date":"2023-04-17T16:30:52","date_gmt":"2023-04-17T19:30:52","guid":{"rendered":"https:\/\/www.blogsoestado.com\/danielmatos\/?p=108469"},"modified":"2023-04-17T16:30:52","modified_gmt":"2023-04-17T19:30:52","slug":"blitz-da-educacao-vereador-marlon-botao-vistoria-construcao-de-creche-municipal-na-zona-rural-de-sao-luis","status":"publish","type":"post","link":"https:\/\/www.blogsoestado.com\/danielmatos\/blitz-da-educacao-vereador-marlon-botao-vistoria-construcao-de-creche-municipal-na-zona-rural-de-sao-luis\/","title":{"rendered":"Blitz da Educa\u00e7\u00e3o: vereador Marlon Bot\u00e3o constata celeridade da constru\u00e7\u00e3o de creche na zona rural de S\u00e3o Lu\u00eds"},"content":{"rendered":"\n<div class=\"wp-block-image\"><figure class=\"aligncenter size-large\"><a href=\"https:\/\/www.blogsoestado.com\/danielmatos\/files\/2023\/04\/Screenshot_20230417-1631212.png\"><img decoding=\"async\" src=\"https:\/\/www.blogsoestado.com\/danielmatos\/files\/2023\/04\/Screenshot_20230417-1631212.png\" alt=\"\" class=\"wp-image-108473\"\/><\/a><figcaption>O vereador Marlon Bot\u00e3o levou o seu projeto Blitz da Educa\u00e7\u00e3o \u00e0 obra de constru\u00e7\u00e3o de uma creche no bairro Recanto Verde, pr\u00f3ximo \u00e0 Vila Itamar, na zona rural de S\u00e3o Lu\u00eds<\/figcaption><\/figure><\/div>\n\n\n\n<p>O vereador Marlon Bot\u00e3o (PSB) vistoriou, na manh\u00e3 desta segunda-feira (17), o andamento da constru\u00e7\u00e3o de uma creche municipal na zona rural de S\u00e3o Lu\u00eds, reafirmando o seu compromisso com a educa\u00e7\u00e3o p\u00fablica de qualidade. Ao constatar a celeridade da obra, que beneficiar\u00e1 a comunidade do bairro Recanto Verde, pr\u00f3ximo \u00e0 Vila Itamar, o jovem pol\u00edtico destacou a concretiza\u00e7\u00e3o de uma antiga aspira\u00e7\u00e3o da popula\u00e7\u00e3o, gra\u00e7as ao seu empenho junto \u00e0 prefeitura pelo atendimento da demanda.<\/p>\n\n\n\n<p>&#8220;Parece ser uma realidade muito distante do nosso povo ludovicense, mas eu acredito que esse direito b\u00e1sico das nossas crian\u00e7as e adolescentes est\u00e1 sendo garantido gradativamente&#8221;, assinalou, ao registrar a vistoria nas redes sociais.<\/p>\n\n\n\n<p>Marlon Bot\u00e3o acompanhou a secret\u00e1ria municipal de Educa\u00e7\u00e3o, Anna Caroline Salgado, e equipe t\u00e9cnica da Semed na inspe\u00e7\u00e3o da obra. &#8220;Pude ver que mais esse resultado positivo est\u00e1 sendo garantido na pr\u00e1tica. Os servi\u00e7os est\u00e3o em ritmo acelerado&#8221;, comemorou.<\/p>\n\n\n\n<div class=\"wp-block-image\"><figure class=\"aligncenter size-large\"><a href=\"https:\/\/www.blogsoestado.com\/danielmatos\/files\/2023\/04\/Screenshot_20230417-1634222.png\"><img decoding=\"async\" src=\"https:\/\/www.blogsoestado.com\/danielmatos\/files\/2023\/04\/Screenshot_20230417-1634222.png\" alt=\"\" class=\"wp-image-108475\"\/><\/a><figcaption>Marlon Bot\u00e3o acompanhou a secret\u00e1ria municipal de Educa\u00e7\u00e3o, Anna Caroline Salgado,.na vistoria e constou a celeridade da obra<\/figcaption><\/figure><\/div>\n\n\n\n<p><strong>Tempo integral <\/strong><\/p>\n\n\n\n<p>A creche atender\u00e1 180 crian\u00e7as, em regime de tempo integral, e tem previs\u00e3o de entrega para setembro deste ano. &#8220;\u00c9 fiscalizando e levando os anseios populares que o nosso projeto Blitz da Educa\u00e7\u00e3o segue adiante, para que possamos garantir sonhos e transformar realidades&#8221;, ressaltou.<\/p>\n\n\n\n<p>O vereador parabenizou o prefeito Eduardo Braide (PSD) e toda a sua equipe por tratar a educa\u00e7\u00e3o p\u00fablica municipal como prioridade, buscando os resultados positivos, de forma planejada e respons\u00e1vel.<\/p>\n","protected":false},"excerpt":{"rendered":"<p>O vereador Marlon Bot\u00e3o (PSB) vistoriou, na manh\u00e3 desta segunda-feira (17), o andamento da constru\u00e7\u00e3o de uma creche municipal na [&hellip;]<\/p>\n","protected":false},"author":0,"featured_media":0,"comment_status":"open","ping_status":"open","sticky":false,"template":"","format":"standard","meta":{"site-sidebar-layout":"default","site-content-layout":"","ast-site-content-layout":"default","site-content-style":"default","site-sidebar-style":"default","ast-global-header-display":"","ast-banner-title-visibility":"","ast-main-header-display":"","ast-hfb-above-header-display":"","ast-hfb-below-header-display":"","ast-hfb-mobile-header-display":"","site-post-title":"","ast-breadcrumbs-content":"","ast-featured-img":"","footer-sml-layout":"","ast-disable-related-posts":"","theme-transparent-header-meta":"","adv-header-id-meta":"","stick-header-meta":"","header-above-stick-meta":"","header-main-stick-meta":"","header-below-stick-meta":"","astra-migrate-meta-layouts":"default","ast-page-background-enabled":"default","ast-page-background-meta":{"desktop":{"background-color":"var(--ast-global-color-5)","background-image":"","background-repeat":"repeat","background-position":"center center","background-size":"auto","background-attachment":"scroll","background-type":"","background-media":"","overlay-type":"","overlay-color":"","overlay-opacity":"","overlay-gradient":""},"tablet":{"background-color":"","background-image":"","background-repeat":"repeat","background-position":"center center","background-size":"auto","background-attachment":"scroll","background-type":"","background-media":"","overlay-type":"","overlay-color":"","overlay-opacity":"","overlay-gradient":""},"mobile":{"background-color":"","background-image":"","background-repeat":"repeat","background-position":"center center","background-size":"auto","background-attachment":"scroll","background-type":"","background-media":"","overlay-type":"","overlay-color":"","overlay-opacity":"","overlay-gradient":""}},"ast-content-background-meta":{"desktop":{"background-color":"var(--ast-global-color-4)","background-image":"","background-repeat":"repeat","background-position":"center center","background-size":"auto","background-attachment":"scroll","background-type":"","background-media":"","overlay-type":"","overlay-color":"","overlay-opacity":"","overlay-gradient":""},"tablet":{"background-color":"var(--ast-global-color-4)","background-image":"","background-repeat":"repeat","background-position":"center center","background-size":"auto","background-attachment":"scroll","background-type":"","background-media":"","overlay-type":"","overlay-color":"","overlay-opacity":"","overlay-gradient":""},"mobile":{"background-color":"var(--ast-global-color-4)","background-image":"","background-repeat":"repeat","background-position":"center center","background-size":"auto","background-attachment":"scroll","background-type":"","background-media":"","overlay-type":"","overlay-color":"","overlay-opacity":"","overlay-gradient":""}},"footnotes":""},"categories":[1],"tags":[],"class_list":["post-108469","post","type-post","status-publish","format-standard","hentry","category-sem-categoria"],"yoast_head":"<!-- This site is optimized with the Yoast SEO plugin v26.6 - https:\/\/yoast.com\/wordpress\/plugins\/seo\/ -->\n<title>Blitz da Educa\u00e7\u00e3o: vereador Marlon Bot\u00e3o constata celeridade da constru\u00e7\u00e3o de creche na zona rural de S\u00e3o Lu\u00eds - Daniel Matos<\/title>\n<meta name=\"robots\" content=\"index, follow, max-snippet:-1, max-image-preview:large, max-video-preview:-1\" \/>\n<link rel=\"canonical\" href=\"https:\/\/www.blogsoestado.com\/danielmatos\/blitz-da-educacao-vereador-marlon-botao-vistoria-construcao-de-creche-municipal-na-zona-rural-de-sao-luis\/\" \/>\n<meta property=\"og:locale\" content=\"pt_BR\" \/>\n<meta property=\"og:type\" content=\"article\" \/>\n<meta property=\"og:title\" content=\"Blitz da Educa\u00e7\u00e3o: vereador Marlon Bot\u00e3o constata celeridade da constru\u00e7\u00e3o de creche na zona rural de S\u00e3o Lu\u00eds - Daniel Matos\" \/>\n<meta property=\"og:description\" content=\"O vereador Marlon Bot\u00e3o (PSB) vistoriou, na manh\u00e3 desta segunda-feira (17), o andamento da constru\u00e7\u00e3o de uma creche municipal na [&hellip;]\" \/>\n<meta property=\"og:url\" content=\"https:\/\/www.blogsoestado.com\/danielmatos\/blitz-da-educacao-vereador-marlon-botao-vistoria-construcao-de-creche-municipal-na-zona-rural-de-sao-luis\/\" \/>\n<meta property=\"og:site_name\" content=\"Daniel Matos\" \/>\n<meta property=\"article:published_time\" content=\"2023-04-17T19:30:52+00:00\" \/>\n<meta property=\"og:image\" content=\"https:\/\/www.blogsoestado.com\/danielmatos\/files\/2023\/04\/Screenshot_20230417-1631212.png\" \/>\n<meta name=\"twitter:card\" content=\"summary_large_image\" \/>\n<meta name=\"twitter:label1\" content=\"Est. tempo de leitura\" \/>\n\t<meta name=\"twitter:data1\" content=\"2 minutos\" \/>\n<script type=\"application\/ld+json\" class=\"yoast-schema-graph\">{\"@context\":\"https:\/\/schema.org\",\"@graph\":[{\"@type\":\"WebPage\",\"@id\":\"https:\/\/www.blogsoestado.com\/danielmatos\/blitz-da-educacao-vereador-marlon-botao-vistoria-construcao-de-creche-municipal-na-zona-rural-de-sao-luis\/\",\"url\":\"https:\/\/www.blogsoestado.com\/danielmatos\/blitz-da-educacao-vereador-marlon-botao-vistoria-construcao-de-creche-municipal-na-zona-rural-de-sao-luis\/\",\"name\":\"Blitz da Educa\u00e7\u00e3o: vereador Marlon Bot\u00e3o constata celeridade da constru\u00e7\u00e3o de creche na zona rural de S\u00e3o Lu\u00eds - Daniel Matos\",\"isPartOf\":{\"@id\":\"https:\/\/www.blogsoestado.com\/danielmatos\/#website\"},\"primaryImageOfPage\":{\"@id\":\"https:\/\/www.blogsoestado.com\/danielmatos\/blitz-da-educacao-vereador-marlon-botao-vistoria-construcao-de-creche-municipal-na-zona-rural-de-sao-luis\/#primaryimage\"},\"image\":{\"@id\":\"https:\/\/www.blogsoestado.com\/danielmatos\/blitz-da-educacao-vereador-marlon-botao-vistoria-construcao-de-creche-municipal-na-zona-rural-de-sao-luis\/#primaryimage\"},\"thumbnailUrl\":\"https:\/\/www.blogsoestado.com\/danielmatos\/files\/2023\/04\/Screenshot_20230417-1631212.png\",\"datePublished\":\"2023-04-17T19:30:52+00:00\",\"author\":{\"@id\":\"\"},\"breadcrumb\":{\"@id\":\"https:\/\/www.blogsoestado.com\/danielmatos\/blitz-da-educacao-vereador-marlon-botao-vistoria-construcao-de-creche-municipal-na-zona-rural-de-sao-luis\/#breadcrumb\"},\"inLanguage\":\"pt-BR\",\"potentialAction\":[{\"@type\":\"ReadAction\",\"target\":[\"https:\/\/www.blogsoestado.com\/danielmatos\/blitz-da-educacao-vereador-marlon-botao-vistoria-construcao-de-creche-municipal-na-zona-rural-de-sao-luis\/\"]}]},{\"@type\":\"ImageObject\",\"inLanguage\":\"pt-BR\",\"@id\":\"https:\/\/www.blogsoestado.com\/danielmatos\/blitz-da-educacao-vereador-marlon-botao-vistoria-construcao-de-creche-municipal-na-zona-rural-de-sao-luis\/#primaryimage\",\"url\":\"https:\/\/www.blogsoestado.com\/danielmatos\/files\/2023\/04\/Screenshot_20230417-1631212.png\",\"contentUrl\":\"https:\/\/www.blogsoestado.com\/danielmatos\/files\/2023\/04\/Screenshot_20230417-1631212.png\"},{\"@type\":\"BreadcrumbList\",\"@id\":\"https:\/\/www.blogsoestado.com\/danielmatos\/blitz-da-educacao-vereador-marlon-botao-vistoria-construcao-de-creche-municipal-na-zona-rural-de-sao-luis\/#breadcrumb\",\"itemListElement\":[{\"@type\":\"ListItem\",\"position\":1,\"name\":\"In\u00edcio\",\"item\":\"https:\/\/www.blogsoestado.com\/danielmatos\/\"},{\"@type\":\"ListItem\",\"position\":2,\"name\":\"Blitz da Educa\u00e7\u00e3o: vereador Marlon Bot\u00e3o constata celeridade da constru\u00e7\u00e3o de creche na zona rural de S\u00e3o Lu\u00eds\"}]},{\"@type\":\"WebSite\",\"@id\":\"https:\/\/www.blogsoestado.com\/danielmatos\/#website\",\"url\":\"https:\/\/www.blogsoestado.com\/danielmatos\/\",\"name\":\"Daniel Matos\",\"description\":\"\",\"potentialAction\":[{\"@type\":\"SearchAction\",\"target\":{\"@type\":\"EntryPoint\",\"urlTemplate\":\"https:\/\/www.blogsoestado.com\/danielmatos\/?s={search_term_string}\"},\"query-input\":{\"@type\":\"PropertyValueSpecification\",\"valueRequired\":true,\"valueName\":\"search_term_string\"}}],\"inLanguage\":\"pt-BR\"}]}<\/script>\n<!-- \/ Yoast SEO plugin. -->","yoast_head_json":{"title":"Blitz da Educa\u00e7\u00e3o: vereador Marlon Bot\u00e3o constata celeridade da constru\u00e7\u00e3o de creche na zona rural de S\u00e3o Lu\u00eds - Daniel Matos","robots":{"index":"index","follow":"follow","max-snippet":"max-snippet:-1","max-image-preview":"max-image-preview:large","max-video-preview":"max-video-preview:-1"},"canonical":"https:\/\/www.blogsoestado.com\/danielmatos\/blitz-da-educacao-vereador-marlon-botao-vistoria-construcao-de-creche-municipal-na-zona-rural-de-sao-luis\/","og_locale":"pt_BR","og_type":"article","og_title":"Blitz da Educa\u00e7\u00e3o: vereador Marlon Bot\u00e3o constata celeridade da constru\u00e7\u00e3o de creche na zona rural de S\u00e3o Lu\u00eds - Daniel Matos","og_description":"O vereador Marlon Bot\u00e3o (PSB) vistoriou, na manh\u00e3 desta segunda-feira (17), o andamento da constru\u00e7\u00e3o de uma creche municipal na [&hellip;]","og_url":"https:\/\/www.blogsoestado.com\/danielmatos\/blitz-da-educacao-vereador-marlon-botao-vistoria-construcao-de-creche-municipal-na-zona-rural-de-sao-luis\/","og_site_name":"Daniel Matos","article_published_time":"2023-04-17T19:30:52+00:00","og_image":[{"url":"https:\/\/www.blogsoestado.com\/danielmatos\/files\/2023\/04\/Screenshot_20230417-1631212.png","type":"","width":"","height":""}],"twitter_card":"summary_large_image","twitter_misc":{"Est. tempo de leitura":"2 minutos"},"schema":{"@context":"https:\/\/schema.org","@graph":[{"@type":"WebPage","@id":"https:\/\/www.blogsoestado.com\/danielmatos\/blitz-da-educacao-vereador-marlon-botao-vistoria-construcao-de-creche-municipal-na-zona-rural-de-sao-luis\/","url":"https:\/\/www.blogsoestado.com\/danielmatos\/blitz-da-educacao-vereador-marlon-botao-vistoria-construcao-de-creche-municipal-na-zona-rural-de-sao-luis\/","name":"Blitz da Educa\u00e7\u00e3o: vereador Marlon Bot\u00e3o constata celeridade da constru\u00e7\u00e3o de creche na zona rural de S\u00e3o Lu\u00eds - Daniel Matos","isPartOf":{"@id":"https:\/\/www.blogsoestado.com\/danielmatos\/#website"},"primaryImageOfPage":{"@id":"https:\/\/www.blogsoestado.com\/danielmatos\/blitz-da-educacao-vereador-marlon-botao-vistoria-construcao-de-creche-municipal-na-zona-rural-de-sao-luis\/#primaryimage"},"image":{"@id":"https:\/\/www.blogsoestado.com\/danielmatos\/blitz-da-educacao-vereador-marlon-botao-vistoria-construcao-de-creche-municipal-na-zona-rural-de-sao-luis\/#primaryimage"},"thumbnailUrl":"https:\/\/www.blogsoestado.com\/danielmatos\/files\/2023\/04\/Screenshot_20230417-1631212.png","datePublished":"2023-04-17T19:30:52+00:00","author":{"@id":""},"breadcrumb":{"@id":"https:\/\/www.blogsoestado.com\/danielmatos\/blitz-da-educacao-vereador-marlon-botao-vistoria-construcao-de-creche-municipal-na-zona-rural-de-sao-luis\/#breadcrumb"},"inLanguage":"pt-BR","potentialAction":[{"@type":"ReadAction","target":["https:\/\/www.blogsoestado.com\/danielmatos\/blitz-da-educacao-vereador-marlon-botao-vistoria-construcao-de-creche-municipal-na-zona-rural-de-sao-luis\/"]}]},{"@type":"ImageObject","inLanguage":"pt-BR","@id":"https:\/\/www.blogsoestado.com\/danielmatos\/blitz-da-educacao-vereador-marlon-botao-vistoria-construcao-de-creche-municipal-na-zona-rural-de-sao-luis\/#primaryimage","url":"https:\/\/www.blogsoestado.com\/danielmatos\/files\/2023\/04\/Screenshot_20230417-1631212.png","contentUrl":"https:\/\/www.blogsoestado.com\/danielmatos\/files\/2023\/04\/Screenshot_20230417-1631212.png"},{"@type":"BreadcrumbList","@id":"https:\/\/www.blogsoestado.com\/danielmatos\/blitz-da-educacao-vereador-marlon-botao-vistoria-construcao-de-creche-municipal-na-zona-rural-de-sao-luis\/#breadcrumb","itemListElement":[{"@type":"ListItem","position":1,"name":"In\u00edcio","item":"https:\/\/www.blogsoestado.com\/danielmatos\/"},{"@type":"ListItem","position":2,"name":"Blitz da Educa\u00e7\u00e3o: vereador Marlon Bot\u00e3o constata celeridade da constru\u00e7\u00e3o de creche na zona rural de S\u00e3o Lu\u00eds"}]},{"@type":"WebSite","@id":"https:\/\/www.blogsoestado.com\/danielmatos\/#website","url":"https:\/\/www.blogsoestado.com\/danielmatos\/","name":"Daniel Matos","description":"","potentialAction":[{"@type":"SearchAction","target":{"@type":"EntryPoint","urlTemplate":"https:\/\/www.blogsoestado.com\/danielmatos\/?s={search_term_string}"},"query-input":{"@type":"PropertyValueSpecification","valueRequired":true,"valueName":"search_term_string"}}],"inLanguage":"pt-BR"}]}},"jetpack_featured_media_url":"","_links":{"self":[{"href":"https:\/\/www.blogsoestado.com\/danielmatos\/wp-json\/wp\/v2\/posts\/108469","targetHints":{"allow":["GET"]}}],"collection":[{"href":"https:\/\/www.blogsoestado.com\/danielmatos\/wp-json\/wp\/v2\/posts"}],"about":[{"href":"https:\/\/www.blogsoestado.com\/danielmatos\/wp-json\/wp\/v2\/types\/post"}],"replies":[{"embeddable":true,"href":"https:\/\/www.blogsoestado.com\/danielmatos\/wp-json\/wp\/v2\/comments?post=108469"}],"version-history":[{"count":0,"href":"https:\/\/www.blogsoestado.com\/danielmatos\/wp-json\/wp\/v2\/posts\/108469\/revisions"}],"wp:attachment":[{"href":"https:\/\/www.blogsoestado.com\/danielmatos\/wp-json\/wp\/v2\/media?parent=108469"}],"wp:term":[{"taxonomy":"category","embeddable":true,"href":"https:\/\/www.blogsoestado.com\/danielmatos\/wp-json\/wp\/v2\/categories?post=108469"},{"taxonomy":"post_tag","embeddable":true,"href":"https:\/\/www.blogsoestado.com\/danielmatos\/wp-json\/wp\/v2\/tags?post=108469"}],"curies":[{"name":"wp","href":"https:\/\/api.w.org\/{rel}","templated":true}]}}