{"id":108479,"date":"2023-04-17T17:26:57","date_gmt":"2023-04-17T20:26:57","guid":{"rendered":"https:\/\/www.blogsoestado.com\/danielmatos\/?p=108479"},"modified":"2023-04-17T17:26:57","modified_gmt":"2023-04-17T20:26:57","slug":"roseana-sarney-debate-com-ministro-apoio-federal-a-cidades-atingidas-por-desastres-no-maranhao","status":"publish","type":"post","link":"https:\/\/www.blogsoestado.com\/danielmatos\/roseana-sarney-debate-com-ministro-apoio-federal-a-cidades-atingidas-por-desastres-no-maranhao\/","title":{"rendered":"Roseana Sarney debate com ministro apoio federal a cidades atingidas por desastres no Maranh\u00e3o"},"content":{"rendered":"\n<h3 class=\"wp-block-heading\"><span class=\"has-inline-color has-vivid-red-color\">A deputada federal foi recebida pelo titular do Minist\u00e9rio da Integra\u00e7\u00e3o e Desenvolvimento Regional, Waldez G\u00f3es. Desde janeiro, j\u00e1 foram repassados mais de R$ 16,7 milh\u00f5es para a\u00e7\u00f5es de defesa civil no estado<\/span><\/h3>\n\n\n\n<div class=\"wp-block-image\"><figure class=\"aligncenter size-large\"><a href=\"https:\/\/www.blogsoestado.com\/danielmatos\/files\/2023\/04\/Screenshot_20230417-1724222.png\"><img decoding=\"async\" src=\"https:\/\/www.blogsoestado.com\/danielmatos\/files\/2023\/04\/Screenshot_20230417-1724222.png\" alt=\"\" class=\"wp-image-108480\"\/><\/a><figcaption>O Ministro Waldez G\u00f3es e deputada federal Roseana Sarney (MDB\/MA) discutiram o apoio do Governo Federal aos munic\u00edpios do Maranh\u00e3o recentemente atingidos por chuvas intensas (<strong>Foto: <\/strong>M\u00e1rcio Pinheiro\/MIDR)<\/figcaption><\/figure><\/div>\n\n\n\n<p><strong>Bras\u00edlia (DF) <\/strong>\u2013 O ministro da Integra\u00e7\u00e3o e do Desenvolvimento Regional, Waldez G\u00f3es, recebeu, nesta sexta-feira (14), a deputada federal Roseana Sarney (MDB\/MA) para discutir o apoio do Governo Federal aos munic\u00edpios do Maranh\u00e3o recentemente atingidos por chuvas intensas. No momento, 51 cidades do estado est\u00e3o com reconhecimento federal de situa\u00e7\u00e3o de emerg\u00eancia ou de estado de calamidade p\u00fablica vigente devido a desastres.<\/p>\n\n\n\n<p>Durante a reuni\u00e3o, a deputada comentou sobre as consequ\u00eancias das fortes chuvas no Centro Hist\u00f3rico de S\u00e3o Lu\u00eds. Na quinta (13), um casar\u00e3o da segunda metade do s\u00e9culo XIX desabou, sem v\u00edtimas. Por medida de seguran\u00e7a, a Defesa Civil estadual esvaziou os im\u00f3veis vizinhos.<\/p>\n\n\n\n<p>O Centro Hist\u00f3rico da capital maranhense \u00e9 tombado pela Organiza\u00e7\u00e3o das Na\u00e7\u00f5es Unidas para a Educa\u00e7\u00e3o, a Ci\u00eancia e a Cultura (Unesco) como patrim\u00f4nio cultural da humanidade e tem mais de 3,5 mil casar\u00f5es. De acordo com a Defesa Civil local, mais de 200 sofrem com algum grau de degrada\u00e7\u00e3o.<\/p>\n\n\n\n<p>Desde o in\u00edcio das fortes chuvas no Maranh\u00e3o, o MIDR tem apoiado os munic\u00edpios atingidos. O ministro Waldez G\u00f3es j\u00e1 esteve duas vezes no estado, uma delas em companhia do presidente Luiz In\u00e1cio Lula da Silva, e uma equipe do Grupo de Apoio a Desastres (Gade) ajudou, in loco, v\u00e1rias cidades a elaborarem os pedidos de reconhecimento federal de situa\u00e7\u00e3o de emerg\u00eancia e de repasse de recursos.<\/p>\n\n\n\n<p>No total, o MIDR j\u00e1 repassou, desde o in\u00edcio do ano, mais de R$ 16,7 milh\u00f5es para munic\u00edpios atingidos por desastres no Maranh\u00e3o. Os recursos foram destinados \u00e0 compra de itens de assist\u00eancia humanit\u00e1ria, como cestas b\u00e1sicas, colch\u00f5es e kits de limpeza e alimenta\u00e7\u00e3o, al\u00e9m de reconstru\u00e7\u00e3o de moradias, limpeza urbana e desobstru\u00e7\u00e3o de galerias de \u00e1guas pluviais, entre outras.<\/p>\n\n\n\n<p><strong>Saiba mais <a href=\"https:\/\/www.gov.br\/mdr\/pt-br\/noticias\/ministro-waldez-goes-debate-apoio-federal-a-cidades-atingidas-por-desastres-no-maranhao\">aqui<\/a><\/strong>.<\/p>\n","protected":false},"excerpt":{"rendered":"<p>A deputada federal foi recebida pelo titular do Minist\u00e9rio da Integra\u00e7\u00e3o e Desenvolvimento Regional, Waldez G\u00f3es. Desde janeiro, j\u00e1 foram [&hellip;]<\/p>\n","protected":false},"author":0,"featured_media":0,"comment_status":"open","ping_status":"open","sticky":false,"template":"","format":"standard","meta":{"site-sidebar-layout":"default","site-content-layout":"","ast-site-content-layout":"default","site-content-style":"default","site-sidebar-style":"default","ast-global-header-display":"","ast-banner-title-visibility":"","ast-main-header-display":"","ast-hfb-above-header-display":"","ast-hfb-below-header-display":"","ast-hfb-mobile-header-display":"","site-post-title":"","ast-breadcrumbs-content":"","ast-featured-img":"","footer-sml-layout":"","ast-disable-related-posts":"","theme-transparent-header-meta":"","adv-header-id-meta":"","stick-header-meta":"","header-above-stick-meta":"","header-main-stick-meta":"","header-below-stick-meta":"","astra-migrate-meta-layouts":"default","ast-page-background-enabled":"default","ast-page-background-meta":{"desktop":{"background-color":"var(--ast-global-color-5)","background-image":"","background-repeat":"repeat","background-position":"center center","background-size":"auto","background-attachment":"scroll","background-type":"","background-media":"","overlay-type":"","overlay-color":"","overlay-opacity":"","overlay-gradient":""},"tablet":{"background-color":"","background-image":"","background-repeat":"repeat","background-position":"center center","background-size":"auto","background-attachment":"scroll","background-type":"","background-media":"","overlay-type":"","overlay-color":"","overlay-opacity":"","overlay-gradient":""},"mobile":{"background-color":"","background-image":"","background-repeat":"repeat","background-position":"center center","background-size":"auto","background-attachment":"scroll","background-type":"","background-media":"","overlay-type":"","overlay-color":"","overlay-opacity":"","overlay-gradient":""}},"ast-content-background-meta":{"desktop":{"background-color":"var(--ast-global-color-4)","background-image":"","background-repeat":"repeat","background-position":"center center","background-size":"auto","background-attachment":"scroll","background-type":"","background-media":"","overlay-type":"","overlay-color":"","overlay-opacity":"","overlay-gradient":""},"tablet":{"background-color":"var(--ast-global-color-4)","background-image":"","background-repeat":"repeat","background-position":"center center","background-size":"auto","background-attachment":"scroll","background-type":"","background-media":"","overlay-type":"","overlay-color":"","overlay-opacity":"","overlay-gradient":""},"mobile":{"background-color":"var(--ast-global-color-4)","background-image":"","background-repeat":"repeat","background-position":"center center","background-size":"auto","background-attachment":"scroll","background-type":"","background-media":"","overlay-type":"","overlay-color":"","overlay-opacity":"","overlay-gradient":""}},"footnotes":""},"categories":[1],"tags":[],"class_list":["post-108479","post","type-post","status-publish","format-standard","hentry","category-sem-categoria"],"yoast_head":"<!-- This site is optimized with the Yoast SEO plugin v26.6 - https:\/\/yoast.com\/wordpress\/plugins\/seo\/ -->\n<title>Roseana Sarney debate com ministro apoio federal a cidades atingidas por desastres no Maranh\u00e3o - Daniel Matos<\/title>\n<meta name=\"robots\" content=\"index, follow, max-snippet:-1, max-image-preview:large, max-video-preview:-1\" \/>\n<link rel=\"canonical\" href=\"https:\/\/www.blogsoestado.com\/danielmatos\/roseana-sarney-debate-com-ministro-apoio-federal-a-cidades-atingidas-por-desastres-no-maranhao\/\" \/>\n<meta property=\"og:locale\" content=\"pt_BR\" \/>\n<meta property=\"og:type\" content=\"article\" \/>\n<meta property=\"og:title\" content=\"Roseana Sarney debate com ministro apoio federal a cidades atingidas por desastres no Maranh\u00e3o - Daniel Matos\" \/>\n<meta property=\"og:description\" content=\"A deputada federal foi recebida pelo titular do Minist\u00e9rio da Integra\u00e7\u00e3o e Desenvolvimento Regional, Waldez G\u00f3es. Desde janeiro, j\u00e1 foram [&hellip;]\" \/>\n<meta property=\"og:url\" content=\"https:\/\/www.blogsoestado.com\/danielmatos\/roseana-sarney-debate-com-ministro-apoio-federal-a-cidades-atingidas-por-desastres-no-maranhao\/\" \/>\n<meta property=\"og:site_name\" content=\"Daniel Matos\" \/>\n<meta property=\"article:published_time\" content=\"2023-04-17T20:26:57+00:00\" \/>\n<meta property=\"og:image\" content=\"https:\/\/www.blogsoestado.com\/danielmatos\/files\/2023\/04\/Screenshot_20230417-1724222.png\" \/>\n<meta name=\"twitter:card\" content=\"summary_large_image\" \/>\n<meta name=\"twitter:label1\" content=\"Est. tempo de leitura\" \/>\n\t<meta name=\"twitter:data1\" content=\"2 minutos\" \/>\n<script type=\"application\/ld+json\" class=\"yoast-schema-graph\">{\"@context\":\"https:\/\/schema.org\",\"@graph\":[{\"@type\":\"WebPage\",\"@id\":\"https:\/\/www.blogsoestado.com\/danielmatos\/roseana-sarney-debate-com-ministro-apoio-federal-a-cidades-atingidas-por-desastres-no-maranhao\/\",\"url\":\"https:\/\/www.blogsoestado.com\/danielmatos\/roseana-sarney-debate-com-ministro-apoio-federal-a-cidades-atingidas-por-desastres-no-maranhao\/\",\"name\":\"Roseana Sarney debate com ministro apoio federal a cidades atingidas por desastres no Maranh\u00e3o - Daniel Matos\",\"isPartOf\":{\"@id\":\"https:\/\/www.blogsoestado.com\/danielmatos\/#website\"},\"primaryImageOfPage\":{\"@id\":\"https:\/\/www.blogsoestado.com\/danielmatos\/roseana-sarney-debate-com-ministro-apoio-federal-a-cidades-atingidas-por-desastres-no-maranhao\/#primaryimage\"},\"image\":{\"@id\":\"https:\/\/www.blogsoestado.com\/danielmatos\/roseana-sarney-debate-com-ministro-apoio-federal-a-cidades-atingidas-por-desastres-no-maranhao\/#primaryimage\"},\"thumbnailUrl\":\"https:\/\/www.blogsoestado.com\/danielmatos\/files\/2023\/04\/Screenshot_20230417-1724222.png\",\"datePublished\":\"2023-04-17T20:26:57+00:00\",\"author\":{\"@id\":\"\"},\"breadcrumb\":{\"@id\":\"https:\/\/www.blogsoestado.com\/danielmatos\/roseana-sarney-debate-com-ministro-apoio-federal-a-cidades-atingidas-por-desastres-no-maranhao\/#breadcrumb\"},\"inLanguage\":\"pt-BR\",\"potentialAction\":[{\"@type\":\"ReadAction\",\"target\":[\"https:\/\/www.blogsoestado.com\/danielmatos\/roseana-sarney-debate-com-ministro-apoio-federal-a-cidades-atingidas-por-desastres-no-maranhao\/\"]}]},{\"@type\":\"ImageObject\",\"inLanguage\":\"pt-BR\",\"@id\":\"https:\/\/www.blogsoestado.com\/danielmatos\/roseana-sarney-debate-com-ministro-apoio-federal-a-cidades-atingidas-por-desastres-no-maranhao\/#primaryimage\",\"url\":\"https:\/\/www.blogsoestado.com\/danielmatos\/files\/2023\/04\/Screenshot_20230417-1724222.png\",\"contentUrl\":\"https:\/\/www.blogsoestado.com\/danielmatos\/files\/2023\/04\/Screenshot_20230417-1724222.png\"},{\"@type\":\"BreadcrumbList\",\"@id\":\"https:\/\/www.blogsoestado.com\/danielmatos\/roseana-sarney-debate-com-ministro-apoio-federal-a-cidades-atingidas-por-desastres-no-maranhao\/#breadcrumb\",\"itemListElement\":[{\"@type\":\"ListItem\",\"position\":1,\"name\":\"In\u00edcio\",\"item\":\"https:\/\/www.blogsoestado.com\/danielmatos\/\"},{\"@type\":\"ListItem\",\"position\":2,\"name\":\"Roseana Sarney debate com ministro apoio federal a cidades atingidas por desastres no Maranh\u00e3o\"}]},{\"@type\":\"WebSite\",\"@id\":\"https:\/\/www.blogsoestado.com\/danielmatos\/#website\",\"url\":\"https:\/\/www.blogsoestado.com\/danielmatos\/\",\"name\":\"Daniel Matos\",\"description\":\"\",\"potentialAction\":[{\"@type\":\"SearchAction\",\"target\":{\"@type\":\"EntryPoint\",\"urlTemplate\":\"https:\/\/www.blogsoestado.com\/danielmatos\/?s={search_term_string}\"},\"query-input\":{\"@type\":\"PropertyValueSpecification\",\"valueRequired\":true,\"valueName\":\"search_term_string\"}}],\"inLanguage\":\"pt-BR\"}]}<\/script>\n<!-- \/ Yoast SEO plugin. -->","yoast_head_json":{"title":"Roseana Sarney debate com ministro apoio federal a cidades atingidas por desastres no Maranh\u00e3o - Daniel Matos","robots":{"index":"index","follow":"follow","max-snippet":"max-snippet:-1","max-image-preview":"max-image-preview:large","max-video-preview":"max-video-preview:-1"},"canonical":"https:\/\/www.blogsoestado.com\/danielmatos\/roseana-sarney-debate-com-ministro-apoio-federal-a-cidades-atingidas-por-desastres-no-maranhao\/","og_locale":"pt_BR","og_type":"article","og_title":"Roseana Sarney debate com ministro apoio federal a cidades atingidas por desastres no Maranh\u00e3o - Daniel Matos","og_description":"A deputada federal foi recebida pelo titular do Minist\u00e9rio da Integra\u00e7\u00e3o e Desenvolvimento Regional, Waldez G\u00f3es. Desde janeiro, j\u00e1 foram [&hellip;]","og_url":"https:\/\/www.blogsoestado.com\/danielmatos\/roseana-sarney-debate-com-ministro-apoio-federal-a-cidades-atingidas-por-desastres-no-maranhao\/","og_site_name":"Daniel Matos","article_published_time":"2023-04-17T20:26:57+00:00","og_image":[{"url":"https:\/\/www.blogsoestado.com\/danielmatos\/files\/2023\/04\/Screenshot_20230417-1724222.png","type":"","width":"","height":""}],"twitter_card":"summary_large_image","twitter_misc":{"Est. tempo de leitura":"2 minutos"},"schema":{"@context":"https:\/\/schema.org","@graph":[{"@type":"WebPage","@id":"https:\/\/www.blogsoestado.com\/danielmatos\/roseana-sarney-debate-com-ministro-apoio-federal-a-cidades-atingidas-por-desastres-no-maranhao\/","url":"https:\/\/www.blogsoestado.com\/danielmatos\/roseana-sarney-debate-com-ministro-apoio-federal-a-cidades-atingidas-por-desastres-no-maranhao\/","name":"Roseana Sarney debate com ministro apoio federal a cidades atingidas por desastres no Maranh\u00e3o - Daniel Matos","isPartOf":{"@id":"https:\/\/www.blogsoestado.com\/danielmatos\/#website"},"primaryImageOfPage":{"@id":"https:\/\/www.blogsoestado.com\/danielmatos\/roseana-sarney-debate-com-ministro-apoio-federal-a-cidades-atingidas-por-desastres-no-maranhao\/#primaryimage"},"image":{"@id":"https:\/\/www.blogsoestado.com\/danielmatos\/roseana-sarney-debate-com-ministro-apoio-federal-a-cidades-atingidas-por-desastres-no-maranhao\/#primaryimage"},"thumbnailUrl":"https:\/\/www.blogsoestado.com\/danielmatos\/files\/2023\/04\/Screenshot_20230417-1724222.png","datePublished":"2023-04-17T20:26:57+00:00","author":{"@id":""},"breadcrumb":{"@id":"https:\/\/www.blogsoestado.com\/danielmatos\/roseana-sarney-debate-com-ministro-apoio-federal-a-cidades-atingidas-por-desastres-no-maranhao\/#breadcrumb"},"inLanguage":"pt-BR","potentialAction":[{"@type":"ReadAction","target":["https:\/\/www.blogsoestado.com\/danielmatos\/roseana-sarney-debate-com-ministro-apoio-federal-a-cidades-atingidas-por-desastres-no-maranhao\/"]}]},{"@type":"ImageObject","inLanguage":"pt-BR","@id":"https:\/\/www.blogsoestado.com\/danielmatos\/roseana-sarney-debate-com-ministro-apoio-federal-a-cidades-atingidas-por-desastres-no-maranhao\/#primaryimage","url":"https:\/\/www.blogsoestado.com\/danielmatos\/files\/2023\/04\/Screenshot_20230417-1724222.png","contentUrl":"https:\/\/www.blogsoestado.com\/danielmatos\/files\/2023\/04\/Screenshot_20230417-1724222.png"},{"@type":"BreadcrumbList","@id":"https:\/\/www.blogsoestado.com\/danielmatos\/roseana-sarney-debate-com-ministro-apoio-federal-a-cidades-atingidas-por-desastres-no-maranhao\/#breadcrumb","itemListElement":[{"@type":"ListItem","position":1,"name":"In\u00edcio","item":"https:\/\/www.blogsoestado.com\/danielmatos\/"},{"@type":"ListItem","position":2,"name":"Roseana Sarney debate com ministro apoio federal a cidades atingidas por desastres no Maranh\u00e3o"}]},{"@type":"WebSite","@id":"https:\/\/www.blogsoestado.com\/danielmatos\/#website","url":"https:\/\/www.blogsoestado.com\/danielmatos\/","name":"Daniel Matos","description":"","potentialAction":[{"@type":"SearchAction","target":{"@type":"EntryPoint","urlTemplate":"https:\/\/www.blogsoestado.com\/danielmatos\/?s={search_term_string}"},"query-input":{"@type":"PropertyValueSpecification","valueRequired":true,"valueName":"search_term_string"}}],"inLanguage":"pt-BR"}]}},"jetpack_featured_media_url":"","_links":{"self":[{"href":"https:\/\/www.blogsoestado.com\/danielmatos\/wp-json\/wp\/v2\/posts\/108479","targetHints":{"allow":["GET"]}}],"collection":[{"href":"https:\/\/www.blogsoestado.com\/danielmatos\/wp-json\/wp\/v2\/posts"}],"about":[{"href":"https:\/\/www.blogsoestado.com\/danielmatos\/wp-json\/wp\/v2\/types\/post"}],"replies":[{"embeddable":true,"href":"https:\/\/www.blogsoestado.com\/danielmatos\/wp-json\/wp\/v2\/comments?post=108479"}],"version-history":[{"count":0,"href":"https:\/\/www.blogsoestado.com\/danielmatos\/wp-json\/wp\/v2\/posts\/108479\/revisions"}],"wp:attachment":[{"href":"https:\/\/www.blogsoestado.com\/danielmatos\/wp-json\/wp\/v2\/media?parent=108479"}],"wp:term":[{"taxonomy":"category","embeddable":true,"href":"https:\/\/www.blogsoestado.com\/danielmatos\/wp-json\/wp\/v2\/categories?post=108479"},{"taxonomy":"post_tag","embeddable":true,"href":"https:\/\/www.blogsoestado.com\/danielmatos\/wp-json\/wp\/v2\/tags?post=108479"}],"curies":[{"name":"wp","href":"https:\/\/api.w.org\/{rel}","templated":true}]}}