{"id":108515,"date":"2023-04-18T12:21:42","date_gmt":"2023-04-18T15:21:42","guid":{"rendered":"https:\/\/www.blogsoestado.com\/danielmatos\/?p=108515"},"modified":"2023-04-18T12:21:42","modified_gmt":"2023-04-18T15:21:42","slug":"rodoviarios-ameacam-deflagrar-greve-do-transporte-em-72-horas-na-grande-sao-luis","status":"publish","type":"post","link":"https:\/\/www.blogsoestado.com\/danielmatos\/rodoviarios-ameacam-deflagrar-greve-do-transporte-em-72-horas-na-grande-sao-luis\/","title":{"rendered":"Rodovi\u00e1rios amea\u00e7am deflagrar greve do transporte em 72 horas na Grande S\u00e3o Lu\u00eds"},"content":{"rendered":"\n<div class=\"wp-block-image\"><figure class=\"aligncenter size-large\"><a href=\"https:\/\/www.blogsoestado.com\/danielmatos\/files\/2023\/04\/Screenshot_20230418-1201592.png\"><img decoding=\"async\" src=\"https:\/\/www.blogsoestado.com\/danielmatos\/files\/2023\/04\/Screenshot_20230418-1201592.png\" alt=\"\" class=\"wp-image-108516\"\/><\/a><\/figure><\/div>\n\n\n\n<p>Em comunicado p\u00fablico, o Sindicato dos Trabalhadores em Transporte Rodovi\u00e1rio do Maranh\u00e3o (STTREMA) deu prazo de 72 horas para que o Sindicato das Empresas de Transporte de Passageiros de S\u00e3o Lu\u00eds (SET) assine a \u00faltima conven\u00e7\u00e3o coletiva de trabalho, que prev\u00ea a concess\u00e3o de melhoria salarial e outros direitos \u00e0 categoria. Se a demanda n\u00e3o for atendida no prazo proposto, motoristas, cobradores e fiscais das empresas e cons\u00f3rcios que operam as linhas de \u00f4nibus que servem \u00e0 capital e aos demais munic\u00edpios da regi\u00e3o metropolitana de S\u00e3o Lu\u00eds voltar\u00e3o a deflagrar greve.<\/p>\n\n\n\n<p>Abaixo, o comunicado:<\/p>\n\n\n\n<p><strong>INFORMATIVO SIND. RODOVI\u00c1RIOS &#8211; MA<\/strong><\/p>\n\n\n\n<p><em>O Sindicato dos Rodovi\u00e1rios do Estado do Maranh\u00e3o vem a p\u00fablico comunicar a tonaofda sociedade, em especial aos usu\u00e1rios do transporte p\u00fablico da Grande S\u00e3o Lu\u00eds, que at\u00e9 a presente data os empres\u00e1rios n\u00e3o assinaram a Conven\u00e7\u00e3o Coletiva de Trabalho, que assegura os direitos da categoria, para o ano de 2023.<\/em><\/p>\n\n\n\n<p><em>O sindicato tem reiterado aos empres\u00e1rios a necessidade da devida assinatura, afinal, existem empresas que n\u00e3o est\u00e3o cumprindo com suas obriga\u00e7\u00f5es, alegando desconhecerem o teor acertado entre as partes, causando assim, preju\u00edzos aos trabalhadores. Por outro lado, a entidade se reuniu com a patronal na \u00faltima sexta-feira (14), no sentido de solucionar o problema, contudo, os empres\u00e1rios informaram que n\u00e3o assinariam a Conven\u00e7\u00e3o, em virtude do Governo do Estado e a Prefeitura de S\u00e3o Lu\u00eds, n\u00e3o estarem honrando com os pagamentos de subs\u00eddios ao sistema de transporte de passageiros urbano e semiurbano da Grande S\u00e3o Lu\u00eds.<\/em><\/p>\n\n\n\n<p><em>Diante deste posicionamento da patronal, o Sindicato dos Rodovi\u00e1rios do Maranh\u00e3o ressalta que n\u00e3o ir\u00e1 aceitar, que os empres\u00e1rios deixem de cumprir com suas obriga\u00e7\u00f5es de sal\u00e1rios, ticket alimenta\u00e7\u00e3o, plano de sa\u00fade e encargos sociais, afinal, temos uma ata do acordo firmado entre as partes e isso para n\u00f3s, j\u00e1 \u00e9 suficiente pra exigir o cumprimento do acordo. <\/em><\/p>\n\n\n\n<p><em>O presidente da entidade, Marcelo Brito, informa que caso o sindicato patronal n\u00e3o assine a Conven\u00e7\u00e3o Coletiva de Trabalho no prazo de 72 horas, a contar desta segunda-feira (17), a categoria ser\u00e1 convocada em car\u00e1ter de urg\u00eancia para uma Assembleia Geral, para decidir qual o caminho a seguir. Essa postura irrespons\u00e1vel dos empres\u00e1rios ser\u00e1 recha\u00e7ada com a organiza\u00e7\u00e3o e a mobiliza\u00e7\u00e3o dos operadores do sistema. <\/em><\/p>\n\n\n\n<p><em>O Sindicato dos Rodovi\u00e1rios do Estado do Maranh\u00e3o espera que o sindicato patronal cumpra com as suas obriga\u00e7\u00f5es. Caso isso n\u00e3o aconte\u00e7a, n\u00e3o restar\u00e1 outra alternativa a n\u00e3o ser, retomar o movimento grevista na Grande Ilha.<\/em><\/p>\n","protected":false},"excerpt":{"rendered":"<p>Em comunicado p\u00fablico, o Sindicato dos Trabalhadores em Transporte Rodovi\u00e1rio do Maranh\u00e3o (STTREMA) deu prazo de 72 horas para que [&hellip;]<\/p>\n","protected":false},"author":0,"featured_media":0,"comment_status":"open","ping_status":"open","sticky":false,"template":"","format":"standard","meta":{"site-sidebar-layout":"default","site-content-layout":"","ast-site-content-layout":"default","site-content-style":"default","site-sidebar-style":"default","ast-global-header-display":"","ast-banner-title-visibility":"","ast-main-header-display":"","ast-hfb-above-header-display":"","ast-hfb-below-header-display":"","ast-hfb-mobile-header-display":"","site-post-title":"","ast-breadcrumbs-content":"","ast-featured-img":"","footer-sml-layout":"","ast-disable-related-posts":"","theme-transparent-header-meta":"","adv-header-id-meta":"","stick-header-meta":"","header-above-stick-meta":"","header-main-stick-meta":"","header-below-stick-meta":"","astra-migrate-meta-layouts":"default","ast-page-background-enabled":"default","ast-page-background-meta":{"desktop":{"background-color":"var(--ast-global-color-5)","background-image":"","background-repeat":"repeat","background-position":"center center","background-size":"auto","background-attachment":"scroll","background-type":"","background-media":"","overlay-type":"","overlay-color":"","overlay-opacity":"","overlay-gradient":""},"tablet":{"background-color":"","background-image":"","background-repeat":"repeat","background-position":"center center","background-size":"auto","background-attachment":"scroll","background-type":"","background-media":"","overlay-type":"","overlay-color":"","overlay-opacity":"","overlay-gradient":""},"mobile":{"background-color":"","background-image":"","background-repeat":"repeat","background-position":"center center","background-size":"auto","background-attachment":"scroll","background-type":"","background-media":"","overlay-type":"","overlay-color":"","overlay-opacity":"","overlay-gradient":""}},"ast-content-background-meta":{"desktop":{"background-color":"var(--ast-global-color-4)","background-image":"","background-repeat":"repeat","background-position":"center center","background-size":"auto","background-attachment":"scroll","background-type":"","background-media":"","overlay-type":"","overlay-color":"","overlay-opacity":"","overlay-gradient":""},"tablet":{"background-color":"var(--ast-global-color-4)","background-image":"","background-repeat":"repeat","background-position":"center center","background-size":"auto","background-attachment":"scroll","background-type":"","background-media":"","overlay-type":"","overlay-color":"","overlay-opacity":"","overlay-gradient":""},"mobile":{"background-color":"var(--ast-global-color-4)","background-image":"","background-repeat":"repeat","background-position":"center center","background-size":"auto","background-attachment":"scroll","background-type":"","background-media":"","overlay-type":"","overlay-color":"","overlay-opacity":"","overlay-gradient":""}},"footnotes":""},"categories":[1],"tags":[],"class_list":["post-108515","post","type-post","status-publish","format-standard","hentry","category-sem-categoria"],"yoast_head":"<!-- This site is optimized with the Yoast SEO plugin v26.6 - https:\/\/yoast.com\/wordpress\/plugins\/seo\/ -->\n<title>Rodovi\u00e1rios amea\u00e7am deflagrar greve do transporte em 72 horas na Grande S\u00e3o Lu\u00eds - Daniel Matos<\/title>\n<meta name=\"robots\" content=\"index, follow, max-snippet:-1, max-image-preview:large, max-video-preview:-1\" \/>\n<link rel=\"canonical\" href=\"https:\/\/www.blogsoestado.com\/danielmatos\/rodoviarios-ameacam-deflagrar-greve-do-transporte-em-72-horas-na-grande-sao-luis\/\" \/>\n<meta property=\"og:locale\" content=\"pt_BR\" \/>\n<meta property=\"og:type\" content=\"article\" \/>\n<meta property=\"og:title\" content=\"Rodovi\u00e1rios amea\u00e7am deflagrar greve do transporte em 72 horas na Grande S\u00e3o Lu\u00eds - Daniel Matos\" \/>\n<meta property=\"og:description\" content=\"Em comunicado p\u00fablico, o Sindicato dos Trabalhadores em Transporte Rodovi\u00e1rio do Maranh\u00e3o (STTREMA) deu prazo de 72 horas para que [&hellip;]\" \/>\n<meta property=\"og:url\" content=\"https:\/\/www.blogsoestado.com\/danielmatos\/rodoviarios-ameacam-deflagrar-greve-do-transporte-em-72-horas-na-grande-sao-luis\/\" \/>\n<meta property=\"og:site_name\" content=\"Daniel Matos\" \/>\n<meta property=\"article:published_time\" content=\"2023-04-18T15:21:42+00:00\" \/>\n<meta property=\"og:image\" content=\"https:\/\/www.blogsoestado.com\/danielmatos\/files\/2023\/04\/Screenshot_20230418-1201592.png\" \/>\n<meta name=\"twitter:card\" content=\"summary_large_image\" \/>\n<meta name=\"twitter:label1\" content=\"Est. tempo de leitura\" \/>\n\t<meta name=\"twitter:data1\" content=\"2 minutos\" \/>\n<script type=\"application\/ld+json\" class=\"yoast-schema-graph\">{\"@context\":\"https:\/\/schema.org\",\"@graph\":[{\"@type\":\"WebPage\",\"@id\":\"https:\/\/www.blogsoestado.com\/danielmatos\/rodoviarios-ameacam-deflagrar-greve-do-transporte-em-72-horas-na-grande-sao-luis\/\",\"url\":\"https:\/\/www.blogsoestado.com\/danielmatos\/rodoviarios-ameacam-deflagrar-greve-do-transporte-em-72-horas-na-grande-sao-luis\/\",\"name\":\"Rodovi\u00e1rios amea\u00e7am deflagrar greve do transporte em 72 horas na Grande S\u00e3o Lu\u00eds - Daniel Matos\",\"isPartOf\":{\"@id\":\"https:\/\/www.blogsoestado.com\/danielmatos\/#website\"},\"primaryImageOfPage\":{\"@id\":\"https:\/\/www.blogsoestado.com\/danielmatos\/rodoviarios-ameacam-deflagrar-greve-do-transporte-em-72-horas-na-grande-sao-luis\/#primaryimage\"},\"image\":{\"@id\":\"https:\/\/www.blogsoestado.com\/danielmatos\/rodoviarios-ameacam-deflagrar-greve-do-transporte-em-72-horas-na-grande-sao-luis\/#primaryimage\"},\"thumbnailUrl\":\"https:\/\/www.blogsoestado.com\/danielmatos\/files\/2023\/04\/Screenshot_20230418-1201592.png\",\"datePublished\":\"2023-04-18T15:21:42+00:00\",\"author\":{\"@id\":\"\"},\"breadcrumb\":{\"@id\":\"https:\/\/www.blogsoestado.com\/danielmatos\/rodoviarios-ameacam-deflagrar-greve-do-transporte-em-72-horas-na-grande-sao-luis\/#breadcrumb\"},\"inLanguage\":\"pt-BR\",\"potentialAction\":[{\"@type\":\"ReadAction\",\"target\":[\"https:\/\/www.blogsoestado.com\/danielmatos\/rodoviarios-ameacam-deflagrar-greve-do-transporte-em-72-horas-na-grande-sao-luis\/\"]}]},{\"@type\":\"ImageObject\",\"inLanguage\":\"pt-BR\",\"@id\":\"https:\/\/www.blogsoestado.com\/danielmatos\/rodoviarios-ameacam-deflagrar-greve-do-transporte-em-72-horas-na-grande-sao-luis\/#primaryimage\",\"url\":\"https:\/\/www.blogsoestado.com\/danielmatos\/files\/2023\/04\/Screenshot_20230418-1201592.png\",\"contentUrl\":\"https:\/\/www.blogsoestado.com\/danielmatos\/files\/2023\/04\/Screenshot_20230418-1201592.png\"},{\"@type\":\"BreadcrumbList\",\"@id\":\"https:\/\/www.blogsoestado.com\/danielmatos\/rodoviarios-ameacam-deflagrar-greve-do-transporte-em-72-horas-na-grande-sao-luis\/#breadcrumb\",\"itemListElement\":[{\"@type\":\"ListItem\",\"position\":1,\"name\":\"In\u00edcio\",\"item\":\"https:\/\/www.blogsoestado.com\/danielmatos\/\"},{\"@type\":\"ListItem\",\"position\":2,\"name\":\"Rodovi\u00e1rios amea\u00e7am deflagrar greve do transporte em 72 horas na Grande S\u00e3o Lu\u00eds\"}]},{\"@type\":\"WebSite\",\"@id\":\"https:\/\/www.blogsoestado.com\/danielmatos\/#website\",\"url\":\"https:\/\/www.blogsoestado.com\/danielmatos\/\",\"name\":\"Daniel Matos\",\"description\":\"\",\"potentialAction\":[{\"@type\":\"SearchAction\",\"target\":{\"@type\":\"EntryPoint\",\"urlTemplate\":\"https:\/\/www.blogsoestado.com\/danielmatos\/?s={search_term_string}\"},\"query-input\":{\"@type\":\"PropertyValueSpecification\",\"valueRequired\":true,\"valueName\":\"search_term_string\"}}],\"inLanguage\":\"pt-BR\"}]}<\/script>\n<!-- \/ Yoast SEO plugin. -->","yoast_head_json":{"title":"Rodovi\u00e1rios amea\u00e7am deflagrar greve do transporte em 72 horas na Grande S\u00e3o Lu\u00eds - Daniel Matos","robots":{"index":"index","follow":"follow","max-snippet":"max-snippet:-1","max-image-preview":"max-image-preview:large","max-video-preview":"max-video-preview:-1"},"canonical":"https:\/\/www.blogsoestado.com\/danielmatos\/rodoviarios-ameacam-deflagrar-greve-do-transporte-em-72-horas-na-grande-sao-luis\/","og_locale":"pt_BR","og_type":"article","og_title":"Rodovi\u00e1rios amea\u00e7am deflagrar greve do transporte em 72 horas na Grande S\u00e3o Lu\u00eds - Daniel Matos","og_description":"Em comunicado p\u00fablico, o Sindicato dos Trabalhadores em Transporte Rodovi\u00e1rio do Maranh\u00e3o (STTREMA) deu prazo de 72 horas para que [&hellip;]","og_url":"https:\/\/www.blogsoestado.com\/danielmatos\/rodoviarios-ameacam-deflagrar-greve-do-transporte-em-72-horas-na-grande-sao-luis\/","og_site_name":"Daniel Matos","article_published_time":"2023-04-18T15:21:42+00:00","og_image":[{"url":"https:\/\/www.blogsoestado.com\/danielmatos\/files\/2023\/04\/Screenshot_20230418-1201592.png","type":"","width":"","height":""}],"twitter_card":"summary_large_image","twitter_misc":{"Est. tempo de leitura":"2 minutos"},"schema":{"@context":"https:\/\/schema.org","@graph":[{"@type":"WebPage","@id":"https:\/\/www.blogsoestado.com\/danielmatos\/rodoviarios-ameacam-deflagrar-greve-do-transporte-em-72-horas-na-grande-sao-luis\/","url":"https:\/\/www.blogsoestado.com\/danielmatos\/rodoviarios-ameacam-deflagrar-greve-do-transporte-em-72-horas-na-grande-sao-luis\/","name":"Rodovi\u00e1rios amea\u00e7am deflagrar greve do transporte em 72 horas na Grande S\u00e3o Lu\u00eds - Daniel Matos","isPartOf":{"@id":"https:\/\/www.blogsoestado.com\/danielmatos\/#website"},"primaryImageOfPage":{"@id":"https:\/\/www.blogsoestado.com\/danielmatos\/rodoviarios-ameacam-deflagrar-greve-do-transporte-em-72-horas-na-grande-sao-luis\/#primaryimage"},"image":{"@id":"https:\/\/www.blogsoestado.com\/danielmatos\/rodoviarios-ameacam-deflagrar-greve-do-transporte-em-72-horas-na-grande-sao-luis\/#primaryimage"},"thumbnailUrl":"https:\/\/www.blogsoestado.com\/danielmatos\/files\/2023\/04\/Screenshot_20230418-1201592.png","datePublished":"2023-04-18T15:21:42+00:00","author":{"@id":""},"breadcrumb":{"@id":"https:\/\/www.blogsoestado.com\/danielmatos\/rodoviarios-ameacam-deflagrar-greve-do-transporte-em-72-horas-na-grande-sao-luis\/#breadcrumb"},"inLanguage":"pt-BR","potentialAction":[{"@type":"ReadAction","target":["https:\/\/www.blogsoestado.com\/danielmatos\/rodoviarios-ameacam-deflagrar-greve-do-transporte-em-72-horas-na-grande-sao-luis\/"]}]},{"@type":"ImageObject","inLanguage":"pt-BR","@id":"https:\/\/www.blogsoestado.com\/danielmatos\/rodoviarios-ameacam-deflagrar-greve-do-transporte-em-72-horas-na-grande-sao-luis\/#primaryimage","url":"https:\/\/www.blogsoestado.com\/danielmatos\/files\/2023\/04\/Screenshot_20230418-1201592.png","contentUrl":"https:\/\/www.blogsoestado.com\/danielmatos\/files\/2023\/04\/Screenshot_20230418-1201592.png"},{"@type":"BreadcrumbList","@id":"https:\/\/www.blogsoestado.com\/danielmatos\/rodoviarios-ameacam-deflagrar-greve-do-transporte-em-72-horas-na-grande-sao-luis\/#breadcrumb","itemListElement":[{"@type":"ListItem","position":1,"name":"In\u00edcio","item":"https:\/\/www.blogsoestado.com\/danielmatos\/"},{"@type":"ListItem","position":2,"name":"Rodovi\u00e1rios amea\u00e7am deflagrar greve do transporte em 72 horas na Grande S\u00e3o Lu\u00eds"}]},{"@type":"WebSite","@id":"https:\/\/www.blogsoestado.com\/danielmatos\/#website","url":"https:\/\/www.blogsoestado.com\/danielmatos\/","name":"Daniel Matos","description":"","potentialAction":[{"@type":"SearchAction","target":{"@type":"EntryPoint","urlTemplate":"https:\/\/www.blogsoestado.com\/danielmatos\/?s={search_term_string}"},"query-input":{"@type":"PropertyValueSpecification","valueRequired":true,"valueName":"search_term_string"}}],"inLanguage":"pt-BR"}]}},"jetpack_featured_media_url":"","_links":{"self":[{"href":"https:\/\/www.blogsoestado.com\/danielmatos\/wp-json\/wp\/v2\/posts\/108515","targetHints":{"allow":["GET"]}}],"collection":[{"href":"https:\/\/www.blogsoestado.com\/danielmatos\/wp-json\/wp\/v2\/posts"}],"about":[{"href":"https:\/\/www.blogsoestado.com\/danielmatos\/wp-json\/wp\/v2\/types\/post"}],"replies":[{"embeddable":true,"href":"https:\/\/www.blogsoestado.com\/danielmatos\/wp-json\/wp\/v2\/comments?post=108515"}],"version-history":[{"count":0,"href":"https:\/\/www.blogsoestado.com\/danielmatos\/wp-json\/wp\/v2\/posts\/108515\/revisions"}],"wp:attachment":[{"href":"https:\/\/www.blogsoestado.com\/danielmatos\/wp-json\/wp\/v2\/media?parent=108515"}],"wp:term":[{"taxonomy":"category","embeddable":true,"href":"https:\/\/www.blogsoestado.com\/danielmatos\/wp-json\/wp\/v2\/categories?post=108515"},{"taxonomy":"post_tag","embeddable":true,"href":"https:\/\/www.blogsoestado.com\/danielmatos\/wp-json\/wp\/v2\/tags?post=108515"}],"curies":[{"name":"wp","href":"https:\/\/api.w.org\/{rel}","templated":true}]}}