{"id":108521,"date":"2023-04-18T16:16:52","date_gmt":"2023-04-18T19:16:52","guid":{"rendered":"https:\/\/www.blogsoestado.com\/danielmatos\/?p=108521"},"modified":"2023-04-18T16:16:52","modified_gmt":"2023-04-18T19:16:52","slug":"raposa-apos-ameacas-de-ataques-mp-recomenda-a-prefeito-medidas-de-seguranca-em-escolas","status":"publish","type":"post","link":"https:\/\/www.blogsoestado.com\/danielmatos\/raposa-apos-ameacas-de-ataques-mp-recomenda-a-prefeito-medidas-de-seguranca-em-escolas\/","title":{"rendered":"Raposa: ap\u00f3s amea\u00e7as de ataques, MP recomenda a prefeito medidas de seguran\u00e7a em escolas"},"content":{"rendered":"\n<div class=\"wp-block-image\"><figure class=\"aligncenter size-large\"><a href=\"https:\/\/www.blogsoestado.com\/danielmatos\/files\/2023\/04\/Screenshot_20230418-1612572.png\"><img decoding=\"async\" src=\"https:\/\/www.blogsoestado.com\/danielmatos\/files\/2023\/04\/Screenshot_20230418-1612572.png\" alt=\"\" class=\"wp-image-108522\"\/><\/a><figcaption>Prefeito Eudes Barros deve atender com urg\u00eancia recomenda\u00e7\u00e3o do Minist\u00e9rio P\u00fablico e garantir seguran\u00e7a em todas as escolas p\u00fablicas e particulares de Raposa<\/figcaption><\/figure><\/div>\n\n\n\n<p>O Minist\u00e9rio P\u00fablico do Maranh\u00e3o emitiu, na sexta-feira, 14, uma recomenda\u00e7\u00e3o ao prefeito Eudes Barros e \u00e0 secret\u00e1ria de Educa\u00e7\u00e3o do Munic\u00edpio de Raposa, Verismar Gomes da Silva, para que adotem provid\u00eancias a fim de garantir a seguran\u00e7a das escolas p\u00fablicas e particulares em raz\u00e3o da s\u00e9rie de amea\u00e7as e ataques a estes ambientes.<\/p>\n\n\n\n<p>De autoria do promotor de justi\u00e7a de Raposa, Reinaldo Campos Castro J\u00fanior, o documento requer a implementa\u00e7\u00e3o de um rigoroso controle de acesso e circula\u00e7\u00e3o de pessoas nas depend\u00eancias das escolas, bem como a instala\u00e7\u00e3o de sistemas de monitoramento e\/ou contrata\u00e7\u00e3o de vigias, mobilizando ainda a Guarda Municipal de Raposa para a realiza\u00e7\u00e3o de rondas de rotina durante o hor\u00e1rio letivo.<\/p>\n\n\n\n<p>O promotor de justi\u00e7a requisita que o munic\u00edpio d\u00ea publicidade no site institucional e nas redes sociais acerca da Recomenda\u00e7\u00e3o, bem como do canal de den\u00fancias criado no \u00e2mbito da Opera\u00e7\u00e3o Escola Segura (<a href=\"http:\/\/www.gov.br\/mj\/pt-br\/escolasegura\" target=\"_blank\" rel=\"noreferrer noopener\">www.gov.br\/mj\/pt-br\/escolasegura<\/a>). A iniciativa \u00e9 do Minist\u00e9rio da Justi\u00e7a e Seguran\u00e7a P\u00fablica, em parceria com a ONG SaferNet Brasil, e busca garantir o recebimento de informa\u00e7\u00f5es de amea\u00e7as e ataques contra as escolas. Todas as den\u00fancias s\u00e3o an\u00f4nimas e as informa\u00e7\u00f5es enviadas ser\u00e3o mantidas sob sigilo.<\/p>\n\n\n\n<p>A Recomenda\u00e7\u00e3o tamb\u00e9m se estende ao presidente do Conselho Municipal dos Direitos da Crian\u00e7a e do Adolescente (CMDCA) e ao coordenador do Conselho Tutelar para que desenvolvam programas e induzam pol\u00edticas p\u00fablicas voltadas ao combate \u00e0 viol\u00eancia e ao bullying nas escolas.<\/p>\n\n\n\n<p>O documento faz, ainda, um pedido \u00e0s autoridades para que, com o apoio da C\u00e2mara Municipal e a coordena\u00e7\u00e3o do prefeito de Raposa, seja criado um comit\u00ea municipal de seguran\u00e7a escolar com intuito de adotar medidas de preven\u00e7\u00e3o e combate a epis\u00f3dios de viol\u00eancia nas escolas, incluindo a cria\u00e7\u00e3o de protocolo de seguran\u00e7a.<\/p>\n\n\n\n<p>Foi fixado prazo de 72 horas para que as autoridades \u00e0s quais a Recomenda\u00e7\u00e3o se destina se manifestem, informando sobre as provid\u00eancias j\u00e1 eventualmente adotadas a respeito da seguran\u00e7a nas escolas.<\/p>\n","protected":false},"excerpt":{"rendered":"<p>O Minist\u00e9rio P\u00fablico do Maranh\u00e3o emitiu, na sexta-feira, 14, uma recomenda\u00e7\u00e3o ao prefeito Eudes Barros e \u00e0 secret\u00e1ria de Educa\u00e7\u00e3o [&hellip;]<\/p>\n","protected":false},"author":0,"featured_media":0,"comment_status":"open","ping_status":"open","sticky":false,"template":"","format":"standard","meta":{"site-sidebar-layout":"default","site-content-layout":"","ast-site-content-layout":"default","site-content-style":"default","site-sidebar-style":"default","ast-global-header-display":"","ast-banner-title-visibility":"","ast-main-header-display":"","ast-hfb-above-header-display":"","ast-hfb-below-header-display":"","ast-hfb-mobile-header-display":"","site-post-title":"","ast-breadcrumbs-content":"","ast-featured-img":"","footer-sml-layout":"","ast-disable-related-posts":"","theme-transparent-header-meta":"","adv-header-id-meta":"","stick-header-meta":"","header-above-stick-meta":"","header-main-stick-meta":"","header-below-stick-meta":"","astra-migrate-meta-layouts":"default","ast-page-background-enabled":"default","ast-page-background-meta":{"desktop":{"background-color":"var(--ast-global-color-5)","background-image":"","background-repeat":"repeat","background-position":"center center","background-size":"auto","background-attachment":"scroll","background-type":"","background-media":"","overlay-type":"","overlay-color":"","overlay-opacity":"","overlay-gradient":""},"tablet":{"background-color":"","background-image":"","background-repeat":"repeat","background-position":"center center","background-size":"auto","background-attachment":"scroll","background-type":"","background-media":"","overlay-type":"","overlay-color":"","overlay-opacity":"","overlay-gradient":""},"mobile":{"background-color":"","background-image":"","background-repeat":"repeat","background-position":"center center","background-size":"auto","background-attachment":"scroll","background-type":"","background-media":"","overlay-type":"","overlay-color":"","overlay-opacity":"","overlay-gradient":""}},"ast-content-background-meta":{"desktop":{"background-color":"var(--ast-global-color-4)","background-image":"","background-repeat":"repeat","background-position":"center center","background-size":"auto","background-attachment":"scroll","background-type":"","background-media":"","overlay-type":"","overlay-color":"","overlay-opacity":"","overlay-gradient":""},"tablet":{"background-color":"var(--ast-global-color-4)","background-image":"","background-repeat":"repeat","background-position":"center center","background-size":"auto","background-attachment":"scroll","background-type":"","background-media":"","overlay-type":"","overlay-color":"","overlay-opacity":"","overlay-gradient":""},"mobile":{"background-color":"var(--ast-global-color-4)","background-image":"","background-repeat":"repeat","background-position":"center center","background-size":"auto","background-attachment":"scroll","background-type":"","background-media":"","overlay-type":"","overlay-color":"","overlay-opacity":"","overlay-gradient":""}},"footnotes":""},"categories":[1],"tags":[],"class_list":["post-108521","post","type-post","status-publish","format-standard","hentry","category-sem-categoria"],"yoast_head":"<!-- This site is optimized with the Yoast SEO plugin v26.6 - https:\/\/yoast.com\/wordpress\/plugins\/seo\/ -->\n<title>Raposa: ap\u00f3s amea\u00e7as de ataques, MP recomenda a prefeito medidas de seguran\u00e7a em escolas - Daniel Matos<\/title>\n<meta name=\"robots\" content=\"index, follow, max-snippet:-1, max-image-preview:large, max-video-preview:-1\" \/>\n<link rel=\"canonical\" href=\"https:\/\/www.blogsoestado.com\/danielmatos\/raposa-apos-ameacas-de-ataques-mp-recomenda-a-prefeito-medidas-de-seguranca-em-escolas\/\" \/>\n<meta property=\"og:locale\" content=\"pt_BR\" \/>\n<meta property=\"og:type\" content=\"article\" \/>\n<meta property=\"og:title\" content=\"Raposa: ap\u00f3s amea\u00e7as de ataques, MP recomenda a prefeito medidas de seguran\u00e7a em escolas - Daniel Matos\" \/>\n<meta property=\"og:description\" content=\"O Minist\u00e9rio P\u00fablico do Maranh\u00e3o emitiu, na sexta-feira, 14, uma recomenda\u00e7\u00e3o ao prefeito Eudes Barros e \u00e0 secret\u00e1ria de Educa\u00e7\u00e3o [&hellip;]\" \/>\n<meta property=\"og:url\" content=\"https:\/\/www.blogsoestado.com\/danielmatos\/raposa-apos-ameacas-de-ataques-mp-recomenda-a-prefeito-medidas-de-seguranca-em-escolas\/\" \/>\n<meta property=\"og:site_name\" content=\"Daniel Matos\" \/>\n<meta property=\"article:published_time\" content=\"2023-04-18T19:16:52+00:00\" \/>\n<meta property=\"og:image\" content=\"https:\/\/www.blogsoestado.com\/danielmatos\/files\/2023\/04\/Screenshot_20230418-1612572.png\" \/>\n<meta name=\"twitter:card\" content=\"summary_large_image\" \/>\n<meta name=\"twitter:label1\" content=\"Est. tempo de leitura\" \/>\n\t<meta name=\"twitter:data1\" content=\"2 minutos\" \/>\n<script type=\"application\/ld+json\" class=\"yoast-schema-graph\">{\"@context\":\"https:\/\/schema.org\",\"@graph\":[{\"@type\":\"WebPage\",\"@id\":\"https:\/\/www.blogsoestado.com\/danielmatos\/raposa-apos-ameacas-de-ataques-mp-recomenda-a-prefeito-medidas-de-seguranca-em-escolas\/\",\"url\":\"https:\/\/www.blogsoestado.com\/danielmatos\/raposa-apos-ameacas-de-ataques-mp-recomenda-a-prefeito-medidas-de-seguranca-em-escolas\/\",\"name\":\"Raposa: ap\u00f3s amea\u00e7as de ataques, MP recomenda a prefeito medidas de seguran\u00e7a em escolas - Daniel Matos\",\"isPartOf\":{\"@id\":\"https:\/\/www.blogsoestado.com\/danielmatos\/#website\"},\"primaryImageOfPage\":{\"@id\":\"https:\/\/www.blogsoestado.com\/danielmatos\/raposa-apos-ameacas-de-ataques-mp-recomenda-a-prefeito-medidas-de-seguranca-em-escolas\/#primaryimage\"},\"image\":{\"@id\":\"https:\/\/www.blogsoestado.com\/danielmatos\/raposa-apos-ameacas-de-ataques-mp-recomenda-a-prefeito-medidas-de-seguranca-em-escolas\/#primaryimage\"},\"thumbnailUrl\":\"https:\/\/www.blogsoestado.com\/danielmatos\/files\/2023\/04\/Screenshot_20230418-1612572.png\",\"datePublished\":\"2023-04-18T19:16:52+00:00\",\"author\":{\"@id\":\"\"},\"breadcrumb\":{\"@id\":\"https:\/\/www.blogsoestado.com\/danielmatos\/raposa-apos-ameacas-de-ataques-mp-recomenda-a-prefeito-medidas-de-seguranca-em-escolas\/#breadcrumb\"},\"inLanguage\":\"pt-BR\",\"potentialAction\":[{\"@type\":\"ReadAction\",\"target\":[\"https:\/\/www.blogsoestado.com\/danielmatos\/raposa-apos-ameacas-de-ataques-mp-recomenda-a-prefeito-medidas-de-seguranca-em-escolas\/\"]}]},{\"@type\":\"ImageObject\",\"inLanguage\":\"pt-BR\",\"@id\":\"https:\/\/www.blogsoestado.com\/danielmatos\/raposa-apos-ameacas-de-ataques-mp-recomenda-a-prefeito-medidas-de-seguranca-em-escolas\/#primaryimage\",\"url\":\"https:\/\/www.blogsoestado.com\/danielmatos\/files\/2023\/04\/Screenshot_20230418-1612572.png\",\"contentUrl\":\"https:\/\/www.blogsoestado.com\/danielmatos\/files\/2023\/04\/Screenshot_20230418-1612572.png\"},{\"@type\":\"BreadcrumbList\",\"@id\":\"https:\/\/www.blogsoestado.com\/danielmatos\/raposa-apos-ameacas-de-ataques-mp-recomenda-a-prefeito-medidas-de-seguranca-em-escolas\/#breadcrumb\",\"itemListElement\":[{\"@type\":\"ListItem\",\"position\":1,\"name\":\"In\u00edcio\",\"item\":\"https:\/\/www.blogsoestado.com\/danielmatos\/\"},{\"@type\":\"ListItem\",\"position\":2,\"name\":\"Raposa: ap\u00f3s amea\u00e7as de ataques, MP recomenda a prefeito medidas de seguran\u00e7a em escolas\"}]},{\"@type\":\"WebSite\",\"@id\":\"https:\/\/www.blogsoestado.com\/danielmatos\/#website\",\"url\":\"https:\/\/www.blogsoestado.com\/danielmatos\/\",\"name\":\"Daniel Matos\",\"description\":\"\",\"potentialAction\":[{\"@type\":\"SearchAction\",\"target\":{\"@type\":\"EntryPoint\",\"urlTemplate\":\"https:\/\/www.blogsoestado.com\/danielmatos\/?s={search_term_string}\"},\"query-input\":{\"@type\":\"PropertyValueSpecification\",\"valueRequired\":true,\"valueName\":\"search_term_string\"}}],\"inLanguage\":\"pt-BR\"}]}<\/script>\n<!-- \/ Yoast SEO plugin. -->","yoast_head_json":{"title":"Raposa: ap\u00f3s amea\u00e7as de ataques, MP recomenda a prefeito medidas de seguran\u00e7a em escolas - Daniel Matos","robots":{"index":"index","follow":"follow","max-snippet":"max-snippet:-1","max-image-preview":"max-image-preview:large","max-video-preview":"max-video-preview:-1"},"canonical":"https:\/\/www.blogsoestado.com\/danielmatos\/raposa-apos-ameacas-de-ataques-mp-recomenda-a-prefeito-medidas-de-seguranca-em-escolas\/","og_locale":"pt_BR","og_type":"article","og_title":"Raposa: ap\u00f3s amea\u00e7as de ataques, MP recomenda a prefeito medidas de seguran\u00e7a em escolas - Daniel Matos","og_description":"O Minist\u00e9rio P\u00fablico do Maranh\u00e3o emitiu, na sexta-feira, 14, uma recomenda\u00e7\u00e3o ao prefeito Eudes Barros e \u00e0 secret\u00e1ria de Educa\u00e7\u00e3o [&hellip;]","og_url":"https:\/\/www.blogsoestado.com\/danielmatos\/raposa-apos-ameacas-de-ataques-mp-recomenda-a-prefeito-medidas-de-seguranca-em-escolas\/","og_site_name":"Daniel Matos","article_published_time":"2023-04-18T19:16:52+00:00","og_image":[{"url":"https:\/\/www.blogsoestado.com\/danielmatos\/files\/2023\/04\/Screenshot_20230418-1612572.png","type":"","width":"","height":""}],"twitter_card":"summary_large_image","twitter_misc":{"Est. tempo de leitura":"2 minutos"},"schema":{"@context":"https:\/\/schema.org","@graph":[{"@type":"WebPage","@id":"https:\/\/www.blogsoestado.com\/danielmatos\/raposa-apos-ameacas-de-ataques-mp-recomenda-a-prefeito-medidas-de-seguranca-em-escolas\/","url":"https:\/\/www.blogsoestado.com\/danielmatos\/raposa-apos-ameacas-de-ataques-mp-recomenda-a-prefeito-medidas-de-seguranca-em-escolas\/","name":"Raposa: ap\u00f3s amea\u00e7as de ataques, MP recomenda a prefeito medidas de seguran\u00e7a em escolas - Daniel Matos","isPartOf":{"@id":"https:\/\/www.blogsoestado.com\/danielmatos\/#website"},"primaryImageOfPage":{"@id":"https:\/\/www.blogsoestado.com\/danielmatos\/raposa-apos-ameacas-de-ataques-mp-recomenda-a-prefeito-medidas-de-seguranca-em-escolas\/#primaryimage"},"image":{"@id":"https:\/\/www.blogsoestado.com\/danielmatos\/raposa-apos-ameacas-de-ataques-mp-recomenda-a-prefeito-medidas-de-seguranca-em-escolas\/#primaryimage"},"thumbnailUrl":"https:\/\/www.blogsoestado.com\/danielmatos\/files\/2023\/04\/Screenshot_20230418-1612572.png","datePublished":"2023-04-18T19:16:52+00:00","author":{"@id":""},"breadcrumb":{"@id":"https:\/\/www.blogsoestado.com\/danielmatos\/raposa-apos-ameacas-de-ataques-mp-recomenda-a-prefeito-medidas-de-seguranca-em-escolas\/#breadcrumb"},"inLanguage":"pt-BR","potentialAction":[{"@type":"ReadAction","target":["https:\/\/www.blogsoestado.com\/danielmatos\/raposa-apos-ameacas-de-ataques-mp-recomenda-a-prefeito-medidas-de-seguranca-em-escolas\/"]}]},{"@type":"ImageObject","inLanguage":"pt-BR","@id":"https:\/\/www.blogsoestado.com\/danielmatos\/raposa-apos-ameacas-de-ataques-mp-recomenda-a-prefeito-medidas-de-seguranca-em-escolas\/#primaryimage","url":"https:\/\/www.blogsoestado.com\/danielmatos\/files\/2023\/04\/Screenshot_20230418-1612572.png","contentUrl":"https:\/\/www.blogsoestado.com\/danielmatos\/files\/2023\/04\/Screenshot_20230418-1612572.png"},{"@type":"BreadcrumbList","@id":"https:\/\/www.blogsoestado.com\/danielmatos\/raposa-apos-ameacas-de-ataques-mp-recomenda-a-prefeito-medidas-de-seguranca-em-escolas\/#breadcrumb","itemListElement":[{"@type":"ListItem","position":1,"name":"In\u00edcio","item":"https:\/\/www.blogsoestado.com\/danielmatos\/"},{"@type":"ListItem","position":2,"name":"Raposa: ap\u00f3s amea\u00e7as de ataques, MP recomenda a prefeito medidas de seguran\u00e7a em escolas"}]},{"@type":"WebSite","@id":"https:\/\/www.blogsoestado.com\/danielmatos\/#website","url":"https:\/\/www.blogsoestado.com\/danielmatos\/","name":"Daniel Matos","description":"","potentialAction":[{"@type":"SearchAction","target":{"@type":"EntryPoint","urlTemplate":"https:\/\/www.blogsoestado.com\/danielmatos\/?s={search_term_string}"},"query-input":{"@type":"PropertyValueSpecification","valueRequired":true,"valueName":"search_term_string"}}],"inLanguage":"pt-BR"}]}},"jetpack_featured_media_url":"","_links":{"self":[{"href":"https:\/\/www.blogsoestado.com\/danielmatos\/wp-json\/wp\/v2\/posts\/108521","targetHints":{"allow":["GET"]}}],"collection":[{"href":"https:\/\/www.blogsoestado.com\/danielmatos\/wp-json\/wp\/v2\/posts"}],"about":[{"href":"https:\/\/www.blogsoestado.com\/danielmatos\/wp-json\/wp\/v2\/types\/post"}],"replies":[{"embeddable":true,"href":"https:\/\/www.blogsoestado.com\/danielmatos\/wp-json\/wp\/v2\/comments?post=108521"}],"version-history":[{"count":0,"href":"https:\/\/www.blogsoestado.com\/danielmatos\/wp-json\/wp\/v2\/posts\/108521\/revisions"}],"wp:attachment":[{"href":"https:\/\/www.blogsoestado.com\/danielmatos\/wp-json\/wp\/v2\/media?parent=108521"}],"wp:term":[{"taxonomy":"category","embeddable":true,"href":"https:\/\/www.blogsoestado.com\/danielmatos\/wp-json\/wp\/v2\/categories?post=108521"},{"taxonomy":"post_tag","embeddable":true,"href":"https:\/\/www.blogsoestado.com\/danielmatos\/wp-json\/wp\/v2\/tags?post=108521"}],"curies":[{"name":"wp","href":"https:\/\/api.w.org\/{rel}","templated":true}]}}