{"id":108530,"date":"2023-04-18T20:14:12","date_gmt":"2023-04-18T23:14:12","guid":{"rendered":"https:\/\/www.blogsoestado.com\/danielmatos\/?p=108530"},"modified":"2023-04-18T20:14:12","modified_gmt":"2023-04-18T23:14:12","slug":"proposta-de-resgate-da-frente-parlamentar-da-mpe-foi-destaque-em-encontro-do-sebrae-na-alema","status":"publish","type":"post","link":"https:\/\/www.blogsoestado.com\/danielmatos\/proposta-de-resgate-da-frente-parlamentar-da-mpe-foi-destaque-em-encontro-do-sebrae-na-alema\/","title":{"rendered":"Proposta de resgate da Frente Parlamentar da MPE foi destaque em encontro do Sebrae na Alema"},"content":{"rendered":"\n<p><strong><span class=\"has-inline-color has-vivid-red-color\">No caf\u00e9 da manh\u00e3 oferecido pela institui\u00e7\u00e3o aos deputados estaduais maranhenses, foram discutidas demandas do setor produtivo e sugeridas estrat\u00e9gias de atua\u00e7\u00e3o conjunta para desenvolvimento do estado por meio do incentivo ao empreendedorismo<\/span><\/strong> <\/p>\n\n\n\n<div class=\"wp-block-image\"><figure class=\"aligncenter size-large\"><a href=\"https:\/\/www.blogsoestado.com\/danielmatos\/files\/2023\/04\/Screenshot_20230418-2030242.png\"><img decoding=\"async\" src=\"https:\/\/www.blogsoestado.com\/danielmatos\/files\/2023\/04\/Screenshot_20230418-2030242.png\" alt=\"\" class=\"wp-image-108532\"\/><\/a><figcaption><strong>: <\/strong><em>Ao lado da presidente da Alema, deputada estadual Iracema Vale (Alema), o presidente do Conselho Deliberativo do Sebrae, Celso Gon\u00e7alo, refor\u00e7ou o trabalho do Sebrae no Maranh\u00e3o<\/em> (<strong>Fotos: <\/strong>Veruska Oliveira)<\/figcaption><\/figure><\/div>\n\n\n\n<p>Na manh\u00e3 desta ter\u00e7a-feira, no Sal\u00e3o Nobre da Assembleia Legislativa do Maranh\u00e3o, a presidente da Casa, Iracema Vale, recebeu os dirigentes t\u00e9cnicos e conselheiros deliberativos do Sebrae Maranh\u00e3o e demais deputados estaduais maranhenses para o Caf\u00e9 com Parlamentares. A iniciativa teve por objetivo aproximar e estreitar a parceria da institui\u00e7\u00e3o com o Legislativo estadual, propondo a\u00e7\u00f5es conjuntas a favor do fortalecimento dos pequenos neg\u00f3cios e do desenvolvimento do Maranh\u00e3o.&nbsp;<\/p>\n\n\n\n<p>Dentre os assuntos discutidos no evento, o deputado Wellington do Curso, ao ressaltar o quanto o Sebrae tem a sua import\u00e2ncia para o desenvolvimento do estado, falou sobre o resgate da Frente Parlamentar da Micro e Pequena Empresa, proposta e presidida pelo ex-deputado estadual Adriano Sarney.<\/p>\n\n\n\n<div class=\"wp-block-image\"><figure class=\"aligncenter size-large\"><a href=\"https:\/\/www.blogsoestado.com\/danielmatos\/files\/2023\/04\/Screenshot_20230418-2031252.png\"><img decoding=\"async\" src=\"https:\/\/www.blogsoestado.com\/danielmatos\/files\/2023\/04\/Screenshot_20230418-2031252.png\" alt=\"\" class=\"wp-image-108534\"\/><\/a><figcaption>Com o decano, deputado Arnaldo Melo, que lidera a Frente de Combate \u00e0 Pobreza da Alema, os dirigentes do Sebrae Maranh\u00e3o Albertino Leal (diretor superintendente) e Celso Gon\u00e7alo (presidente do CDE)<\/figcaption><\/figure><\/div>\n\n\n\n<p>\u201cDessa maneira, temos um colegiado na Casa para discutir e tratar de assuntos voltados ao empreendedorismo para que, junto ao Governo do Estado, \u00e0s institui\u00e7\u00f5es do Sistema S e demais entidades empresariais, possamos fortalecer os pequenos neg\u00f3cios maranhenses, apoiar as a\u00e7\u00f5es de formaliza\u00e7\u00e3o de empreendedores e desenvolver a economia do nosso estado, favorecendo mais emprego e renda\u201d, pontuou o deputado que falou, tamb\u00e9m, sobre o fortalecimento do Conselho Empresarial do Maranh\u00e3o, ligado ao Governo do Estado e com participa\u00e7\u00e3o de entidades empresariais e institui\u00e7\u00f5es&nbsp; de fomento.&nbsp;<\/p>\n\n\n\n<p>Para o presidente do Conselho do Sebrae Maranh\u00e3o, Celso Gon\u00e7alo de Sousa, a parceria da institui\u00e7\u00e3o com a Casa Legislativa \u00e9 de suma import\u00e2ncia, principalmente, para refor\u00e7ar o trabalho que o Sebrae j\u00e1 desenvolve pelo empreendedorismo no estado. \u201cAtendemos os&nbsp; pequenos neg\u00f3cios de todos os nichos, com solu\u00e7\u00f5es em planejamento e gest\u00e3o, inova\u00e7\u00e3o e tecnologia, apoio ao setor prim\u00e1rio, \u00e0 pequena ind\u00fastria, ao com\u00e9rcio e empresas de presta\u00e7\u00e3o de servi\u00e7os. O nosso objetivo \u00e9 tornar os pequenos neg\u00f3cios mais competitivos no mercado para que possam crescer, gerar mais emprego e renda e, assim, ajudar a nossa economia a se fortalecer\u201d, sinalizou Gon\u00e7alo, ressaltando que a institui\u00e7\u00e3o ainda trabalha para apoiar a cria\u00e7\u00e3o de um ambiente mais favor\u00e1vel aos pequenos neg\u00f3cios, com o incentivo de pol\u00edticas p\u00fablicas.&nbsp;&nbsp;<\/p>\n\n\n\n<div class=\"wp-block-image\"><figure class=\"aligncenter size-large\"><a href=\"https:\/\/www.blogsoestado.com\/danielmatos\/files\/2023\/04\/Screenshot_20230418-2031592.png\"><img decoding=\"async\" src=\"https:\/\/www.blogsoestado.com\/danielmatos\/files\/2023\/04\/Screenshot_20230418-2031592.png\" alt=\"\" class=\"wp-image-108533\"\/><\/a><figcaption><em>diretor superintendente, Albertino Leal, ratificou a for\u00e7a do Parlamento para apoiar o desenvolvimento do Maranh\u00e3o<\/em><\/figcaption><\/figure><\/div>\n\n\n\n<p>A fala do presidente do CDE do Sebrae foi endossada pelo deputado J\u00falio Mendon\u00e7a, que refor\u00e7ou o trabalho da institui\u00e7\u00e3o, ressaltou que o Parlamento estadual pode, sim, somar esfor\u00e7os para expandir o empreendedorismo no estado e pediu aos deputados e ao Sebrae, para que atentem \u00e0s cadeias produtivas do mel e da mandiocultura&nbsp; \u2013 que, ali\u00e1s, o Sebrae j\u00e1 contribui tendo realizado a\u00e7\u00f5es de relevantes, principalmente, junto aos produtores de mel nas regi\u00f5es do Alto Turi e no munic\u00edpio de Bacabeira, com o apoio \u00e0 Casa do Mel.&nbsp;&nbsp;<\/p>\n\n\n\n<div class=\"wp-block-image\"><figure class=\"aligncenter size-large\"><a href=\"https:\/\/www.blogsoestado.com\/danielmatos\/files\/2023\/04\/Screenshot_20230418-2032382.png\"><img decoding=\"async\" src=\"https:\/\/www.blogsoestado.com\/danielmatos\/files\/2023\/04\/Screenshot_20230418-2032382.png\" alt=\"\" class=\"wp-image-108535\"\/><\/a><figcaption><em>Dirigentes do Sebrae, Albertino Leal e Celso Gon\u00e7alo com aos deputados estaduais Iracema Vale (presidente da Alema), Arnaldo Melo, Carlos Lula e Ariston<\/em><\/figcaption><\/figure><\/div>\n\n\n\n<p>Al\u00e9m dos deputados estaduais Wellington do Curso e J\u00falio Mendon\u00e7a, destacaram positivamente a a\u00e7\u00e3o do Sebrae de aproxima\u00e7\u00e3o do Parlamento, os deputados Ariston Ribeiro, Carlos Lula, Francisco Nagib (presidente da Comiss\u00e3o de Assuntos Econ\u00f4micos da Alema) e Daniella.&nbsp; Os deputados Ana do g\u00e1s, Ygl\u00e9sio Moyses, Arnaldo Melo, Ant\u00f4nio Pereira, Glaubert Cutrim, Osmar Filho, Mical Damasceno, J\u00fanior Cascaria, Ricardo Arruda, Andrea Rezende, Solange Almeida, Dra. Viviane, Rafael, Ricardo Rios, Leandro Bello, Neto Evangelista, Par\u00e1 Figueiredo, Claudia Coutinho, Roberto Costa e Flor\u00eancio Neto tamb\u00e9m marcaram presen\u00e7a no evento promovido pelo Sebrae.<\/p>\n\n\n\n<p><strong>Sustentabilidade empresarial e desenvolvimento dos territ\u00f3rios&nbsp;<\/strong><\/p>\n\n\n\n<div class=\"wp-block-image\"><figure class=\"aligncenter size-large\"><a href=\"https:\/\/www.blogsoestado.com\/danielmatos\/files\/2023\/04\/Screenshot_20230418-2033132.png\"><img decoding=\"async\" src=\"https:\/\/www.blogsoestado.com\/danielmatos\/files\/2023\/04\/Screenshot_20230418-2033132.png\" alt=\"\" class=\"wp-image-108536\"\/><\/a><figcaption><em>O diretor T\u00e9cnico, Mauro Borralho, com a presidente da Alema, deputada Iracema Vale<\/em><\/figcaption><\/figure><\/div>\n\n\n\n<p>Presente ao Caf\u00e9 com Parlamentares, o diretor superintendente do Sebrae Maranh\u00e3o, Albertino Leal, juntamente com o diretor T\u00e9cnico, Mauro Borralho de Andrade, enfatizaram&nbsp; a for\u00e7a do Parlamento e do quanto este pode apoiar as a\u00e7\u00f5es da institui\u00e7\u00e3o a favor do empreendedorismo e desenvolvimento do estado.&nbsp;<\/p>\n\n\n\n<p>Albertino Leal comentou que o Brasil possui um universo de 20 milh\u00f5es de pequenos neg\u00f3cios e o Maranh\u00e3o tem pouco mais de 300 mil empresas ativas, sendo 264mil pequenos neg\u00f3cios, n\u00famero bastante significativo que a institui\u00e7\u00e3o n\u00e3o consegue atender em sua totalidade.<\/p>\n\n\n\n<div class=\"wp-block-image\"><figure class=\"aligncenter size-large\"><a href=\"https:\/\/www.blogsoestado.com\/danielmatos\/files\/2023\/04\/Screenshot_20230418-2049322.png\"><img decoding=\"async\" src=\"https:\/\/www.blogsoestado.com\/danielmatos\/files\/2023\/04\/Screenshot_20230418-2049322.png\" alt=\"\" class=\"wp-image-108538\"\/><\/a><figcaption>O presidente do Conselho Deliberativo do Sebrae, Celso Gon\u00e7alo, com os conselheiros Socorro Noronha (Federa\u00e7\u00e3o das C\u00e2maras de Dirigentes Lojistas do Maranh\u00e3o) e Felipe Mussal\u00e9m (Federa\u00e7\u00e3o das Associa\u00e7\u00f5es Empresariais do Maranh\u00e3o)<\/figcaption><\/figure><\/div>\n\n\n\n<p>\u00a0\u00a0\u201cPor isso, buscamos estreitar as parcerias p\u00fablico e privadas, ajudar as gest\u00f5es p\u00fablicas municipais a tamb\u00e9m promover o empreendedorismo local. Nesse contexto, j\u00e1 favorecemos a abertura de 141 Salas do Empreendedor para dar suporte e capacita\u00e7\u00e3o aos empreendimentos municipais; realizamos o Programa Cidade Empreendedora em 70 munic\u00edpios, parte deles em parceria com o Governo do Estado e j\u00e1 estamos com mais 70 para dar andamento neste ano de 2023; disseminamos a Educa\u00e7\u00e3o Empreendedora para incluir os mais jovens no processo e trabalhamos, diuturnamente, para promover a sustentabilidade dos pequenos neg\u00f3cios. Essa nossa aproxima\u00e7\u00e3o \u00e9, ao mesmo tempo, um congra\u00e7amento com o Parlamento e um pedido de cont\u00ednuo apoio dos senhores em nossos projetos e a\u00e7\u00f5es de desenvolvimento do Maranh\u00e3o\u201d, garantiu o executivo.\u00a0<\/p>\n\n\n\n<div class=\"wp-block-image\"><figure class=\"aligncenter size-large\"><a href=\"https:\/\/www.blogsoestado.com\/danielmatos\/files\/2023\/04\/Screenshot_20230418-2033502.png\"><img decoding=\"async\" src=\"https:\/\/www.blogsoestado.com\/danielmatos\/files\/2023\/04\/Screenshot_20230418-2033502.png\" alt=\"\" class=\"wp-image-108537\"\/><\/a><figcaption><em>Dirigentes, conselheiros e gerentes do Sebrae<\/em><\/figcaption><\/figure><\/div>\n\n\n\n<p>Encerrando a solenidade, a presidente da Alema, Iracema Vale, declarou que o momento com o Sebrae foi de reflex\u00e3o para o Parlamento e de est\u00edmulo. \u201cMuito mais do que anotarmos e pontuarmos o que podemos levar de proposi\u00e7\u00e3o ao governador Carlos Brand\u00e3o, que \u00e9 um entusiasta do empreendedorismo, precisamos refletir o que n\u00f3s, enquanto deputados estaduais, podemos fazer em nossas bases para tamb\u00e9m favorecermos o desenvolvimento por meio do empreendedorismo. E garanto: podemos ajudar e muito o nosso Maranh\u00e3o! Ao Sebrae, reafirmo que esta Casa Legislativa est\u00e1 de portas abertas e que, juntos, podemos pensar e realizar in\u00fameros projetos e a\u00e7\u00f5es conjuntas para fazermos um Maranh\u00e3o melhor para todos n\u00f3s\u201d.<\/p>\n","protected":false},"excerpt":{"rendered":"<p>No caf\u00e9 da manh\u00e3 oferecido pela institui\u00e7\u00e3o aos deputados estaduais maranhenses, foram discutidas demandas do setor produtivo e sugeridas estrat\u00e9gias [&hellip;]<\/p>\n","protected":false},"author":0,"featured_media":0,"comment_status":"open","ping_status":"open","sticky":false,"template":"","format":"standard","meta":{"site-sidebar-layout":"default","site-content-layout":"","ast-site-content-layout":"default","site-content-style":"default","site-sidebar-style":"default","ast-global-header-display":"","ast-banner-title-visibility":"","ast-main-header-display":"","ast-hfb-above-header-display":"","ast-hfb-below-header-display":"","ast-hfb-mobile-header-display":"","site-post-title":"","ast-breadcrumbs-content":"","ast-featured-img":"","footer-sml-layout":"","ast-disable-related-posts":"","theme-transparent-header-meta":"","adv-header-id-meta":"","stick-header-meta":"","header-above-stick-meta":"","header-main-stick-meta":"","header-below-stick-meta":"","astra-migrate-meta-layouts":"default","ast-page-background-enabled":"default","ast-page-background-meta":{"desktop":{"background-color":"var(--ast-global-color-5)","background-image":"","background-repeat":"repeat","background-position":"center center","background-size":"auto","background-attachment":"scroll","background-type":"","background-media":"","overlay-type":"","overlay-color":"","overlay-opacity":"","overlay-gradient":""},"tablet":{"background-color":"","background-image":"","background-repeat":"repeat","background-position":"center center","background-size":"auto","background-attachment":"scroll","background-type":"","background-media":"","overlay-type":"","overlay-color":"","overlay-opacity":"","overlay-gradient":""},"mobile":{"background-color":"","background-image":"","background-repeat":"repeat","background-position":"center center","background-size":"auto","background-attachment":"scroll","background-type":"","background-media":"","overlay-type":"","overlay-color":"","overlay-opacity":"","overlay-gradient":""}},"ast-content-background-meta":{"desktop":{"background-color":"var(--ast-global-color-4)","background-image":"","background-repeat":"repeat","background-position":"center center","background-size":"auto","background-attachment":"scroll","background-type":"","background-media":"","overlay-type":"","overlay-color":"","overlay-opacity":"","overlay-gradient":""},"tablet":{"background-color":"var(--ast-global-color-4)","background-image":"","background-repeat":"repeat","background-position":"center center","background-size":"auto","background-attachment":"scroll","background-type":"","background-media":"","overlay-type":"","overlay-color":"","overlay-opacity":"","overlay-gradient":""},"mobile":{"background-color":"var(--ast-global-color-4)","background-image":"","background-repeat":"repeat","background-position":"center center","background-size":"auto","background-attachment":"scroll","background-type":"","background-media":"","overlay-type":"","overlay-color":"","overlay-opacity":"","overlay-gradient":""}},"footnotes":""},"categories":[1],"tags":[],"class_list":["post-108530","post","type-post","status-publish","format-standard","hentry","category-sem-categoria"],"yoast_head":"<!-- This site is optimized with the Yoast SEO plugin v26.6 - https:\/\/yoast.com\/wordpress\/plugins\/seo\/ -->\n<title>Proposta de resgate da Frente Parlamentar da MPE foi destaque em encontro do Sebrae na Alema - Daniel Matos<\/title>\n<meta name=\"robots\" content=\"index, follow, max-snippet:-1, max-image-preview:large, max-video-preview:-1\" \/>\n<link rel=\"canonical\" href=\"https:\/\/www.blogsoestado.com\/danielmatos\/proposta-de-resgate-da-frente-parlamentar-da-mpe-foi-destaque-em-encontro-do-sebrae-na-alema\/\" \/>\n<meta property=\"og:locale\" content=\"pt_BR\" \/>\n<meta property=\"og:type\" content=\"article\" \/>\n<meta property=\"og:title\" content=\"Proposta de resgate da Frente Parlamentar da MPE foi destaque em encontro do Sebrae na Alema - Daniel Matos\" \/>\n<meta property=\"og:description\" content=\"No caf\u00e9 da manh\u00e3 oferecido pela institui\u00e7\u00e3o aos deputados estaduais maranhenses, foram discutidas demandas do setor produtivo e sugeridas estrat\u00e9gias [&hellip;]\" \/>\n<meta property=\"og:url\" content=\"https:\/\/www.blogsoestado.com\/danielmatos\/proposta-de-resgate-da-frente-parlamentar-da-mpe-foi-destaque-em-encontro-do-sebrae-na-alema\/\" \/>\n<meta property=\"og:site_name\" content=\"Daniel Matos\" \/>\n<meta property=\"article:published_time\" content=\"2023-04-18T23:14:12+00:00\" \/>\n<meta property=\"og:image\" content=\"https:\/\/www.blogsoestado.com\/danielmatos\/files\/2023\/04\/Screenshot_20230418-2030242.png\" \/>\n<meta name=\"twitter:card\" content=\"summary_large_image\" \/>\n<meta name=\"twitter:label1\" content=\"Est. tempo de leitura\" \/>\n\t<meta name=\"twitter:data1\" content=\"6 minutos\" \/>\n<script type=\"application\/ld+json\" class=\"yoast-schema-graph\">{\"@context\":\"https:\/\/schema.org\",\"@graph\":[{\"@type\":\"WebPage\",\"@id\":\"https:\/\/www.blogsoestado.com\/danielmatos\/proposta-de-resgate-da-frente-parlamentar-da-mpe-foi-destaque-em-encontro-do-sebrae-na-alema\/\",\"url\":\"https:\/\/www.blogsoestado.com\/danielmatos\/proposta-de-resgate-da-frente-parlamentar-da-mpe-foi-destaque-em-encontro-do-sebrae-na-alema\/\",\"name\":\"Proposta de resgate da Frente Parlamentar da MPE foi destaque em encontro do Sebrae na Alema - Daniel Matos\",\"isPartOf\":{\"@id\":\"https:\/\/www.blogsoestado.com\/danielmatos\/#website\"},\"primaryImageOfPage\":{\"@id\":\"https:\/\/www.blogsoestado.com\/danielmatos\/proposta-de-resgate-da-frente-parlamentar-da-mpe-foi-destaque-em-encontro-do-sebrae-na-alema\/#primaryimage\"},\"image\":{\"@id\":\"https:\/\/www.blogsoestado.com\/danielmatos\/proposta-de-resgate-da-frente-parlamentar-da-mpe-foi-destaque-em-encontro-do-sebrae-na-alema\/#primaryimage\"},\"thumbnailUrl\":\"https:\/\/www.blogsoestado.com\/danielmatos\/files\/2023\/04\/Screenshot_20230418-2030242.png\",\"datePublished\":\"2023-04-18T23:14:12+00:00\",\"author\":{\"@id\":\"\"},\"breadcrumb\":{\"@id\":\"https:\/\/www.blogsoestado.com\/danielmatos\/proposta-de-resgate-da-frente-parlamentar-da-mpe-foi-destaque-em-encontro-do-sebrae-na-alema\/#breadcrumb\"},\"inLanguage\":\"pt-BR\",\"potentialAction\":[{\"@type\":\"ReadAction\",\"target\":[\"https:\/\/www.blogsoestado.com\/danielmatos\/proposta-de-resgate-da-frente-parlamentar-da-mpe-foi-destaque-em-encontro-do-sebrae-na-alema\/\"]}]},{\"@type\":\"ImageObject\",\"inLanguage\":\"pt-BR\",\"@id\":\"https:\/\/www.blogsoestado.com\/danielmatos\/proposta-de-resgate-da-frente-parlamentar-da-mpe-foi-destaque-em-encontro-do-sebrae-na-alema\/#primaryimage\",\"url\":\"https:\/\/www.blogsoestado.com\/danielmatos\/files\/2023\/04\/Screenshot_20230418-2030242.png\",\"contentUrl\":\"https:\/\/www.blogsoestado.com\/danielmatos\/files\/2023\/04\/Screenshot_20230418-2030242.png\"},{\"@type\":\"BreadcrumbList\",\"@id\":\"https:\/\/www.blogsoestado.com\/danielmatos\/proposta-de-resgate-da-frente-parlamentar-da-mpe-foi-destaque-em-encontro-do-sebrae-na-alema\/#breadcrumb\",\"itemListElement\":[{\"@type\":\"ListItem\",\"position\":1,\"name\":\"In\u00edcio\",\"item\":\"https:\/\/www.blogsoestado.com\/danielmatos\/\"},{\"@type\":\"ListItem\",\"position\":2,\"name\":\"Proposta de resgate da Frente Parlamentar da MPE foi destaque em encontro do Sebrae na Alema\"}]},{\"@type\":\"WebSite\",\"@id\":\"https:\/\/www.blogsoestado.com\/danielmatos\/#website\",\"url\":\"https:\/\/www.blogsoestado.com\/danielmatos\/\",\"name\":\"Daniel Matos\",\"description\":\"\",\"potentialAction\":[{\"@type\":\"SearchAction\",\"target\":{\"@type\":\"EntryPoint\",\"urlTemplate\":\"https:\/\/www.blogsoestado.com\/danielmatos\/?s={search_term_string}\"},\"query-input\":{\"@type\":\"PropertyValueSpecification\",\"valueRequired\":true,\"valueName\":\"search_term_string\"}}],\"inLanguage\":\"pt-BR\"}]}<\/script>\n<!-- \/ Yoast SEO plugin. -->","yoast_head_json":{"title":"Proposta de resgate da Frente Parlamentar da MPE foi destaque em encontro do Sebrae na Alema - Daniel Matos","robots":{"index":"index","follow":"follow","max-snippet":"max-snippet:-1","max-image-preview":"max-image-preview:large","max-video-preview":"max-video-preview:-1"},"canonical":"https:\/\/www.blogsoestado.com\/danielmatos\/proposta-de-resgate-da-frente-parlamentar-da-mpe-foi-destaque-em-encontro-do-sebrae-na-alema\/","og_locale":"pt_BR","og_type":"article","og_title":"Proposta de resgate da Frente Parlamentar da MPE foi destaque em encontro do Sebrae na Alema - Daniel Matos","og_description":"No caf\u00e9 da manh\u00e3 oferecido pela institui\u00e7\u00e3o aos deputados estaduais maranhenses, foram discutidas demandas do setor produtivo e sugeridas estrat\u00e9gias [&hellip;]","og_url":"https:\/\/www.blogsoestado.com\/danielmatos\/proposta-de-resgate-da-frente-parlamentar-da-mpe-foi-destaque-em-encontro-do-sebrae-na-alema\/","og_site_name":"Daniel Matos","article_published_time":"2023-04-18T23:14:12+00:00","og_image":[{"url":"https:\/\/www.blogsoestado.com\/danielmatos\/files\/2023\/04\/Screenshot_20230418-2030242.png","type":"","width":"","height":""}],"twitter_card":"summary_large_image","twitter_misc":{"Est. tempo de leitura":"6 minutos"},"schema":{"@context":"https:\/\/schema.org","@graph":[{"@type":"WebPage","@id":"https:\/\/www.blogsoestado.com\/danielmatos\/proposta-de-resgate-da-frente-parlamentar-da-mpe-foi-destaque-em-encontro-do-sebrae-na-alema\/","url":"https:\/\/www.blogsoestado.com\/danielmatos\/proposta-de-resgate-da-frente-parlamentar-da-mpe-foi-destaque-em-encontro-do-sebrae-na-alema\/","name":"Proposta de resgate da Frente Parlamentar da MPE foi destaque em encontro do Sebrae na Alema - Daniel Matos","isPartOf":{"@id":"https:\/\/www.blogsoestado.com\/danielmatos\/#website"},"primaryImageOfPage":{"@id":"https:\/\/www.blogsoestado.com\/danielmatos\/proposta-de-resgate-da-frente-parlamentar-da-mpe-foi-destaque-em-encontro-do-sebrae-na-alema\/#primaryimage"},"image":{"@id":"https:\/\/www.blogsoestado.com\/danielmatos\/proposta-de-resgate-da-frente-parlamentar-da-mpe-foi-destaque-em-encontro-do-sebrae-na-alema\/#primaryimage"},"thumbnailUrl":"https:\/\/www.blogsoestado.com\/danielmatos\/files\/2023\/04\/Screenshot_20230418-2030242.png","datePublished":"2023-04-18T23:14:12+00:00","author":{"@id":""},"breadcrumb":{"@id":"https:\/\/www.blogsoestado.com\/danielmatos\/proposta-de-resgate-da-frente-parlamentar-da-mpe-foi-destaque-em-encontro-do-sebrae-na-alema\/#breadcrumb"},"inLanguage":"pt-BR","potentialAction":[{"@type":"ReadAction","target":["https:\/\/www.blogsoestado.com\/danielmatos\/proposta-de-resgate-da-frente-parlamentar-da-mpe-foi-destaque-em-encontro-do-sebrae-na-alema\/"]}]},{"@type":"ImageObject","inLanguage":"pt-BR","@id":"https:\/\/www.blogsoestado.com\/danielmatos\/proposta-de-resgate-da-frente-parlamentar-da-mpe-foi-destaque-em-encontro-do-sebrae-na-alema\/#primaryimage","url":"https:\/\/www.blogsoestado.com\/danielmatos\/files\/2023\/04\/Screenshot_20230418-2030242.png","contentUrl":"https:\/\/www.blogsoestado.com\/danielmatos\/files\/2023\/04\/Screenshot_20230418-2030242.png"},{"@type":"BreadcrumbList","@id":"https:\/\/www.blogsoestado.com\/danielmatos\/proposta-de-resgate-da-frente-parlamentar-da-mpe-foi-destaque-em-encontro-do-sebrae-na-alema\/#breadcrumb","itemListElement":[{"@type":"ListItem","position":1,"name":"In\u00edcio","item":"https:\/\/www.blogsoestado.com\/danielmatos\/"},{"@type":"ListItem","position":2,"name":"Proposta de resgate da Frente Parlamentar da MPE foi destaque em encontro do Sebrae na Alema"}]},{"@type":"WebSite","@id":"https:\/\/www.blogsoestado.com\/danielmatos\/#website","url":"https:\/\/www.blogsoestado.com\/danielmatos\/","name":"Daniel Matos","description":"","potentialAction":[{"@type":"SearchAction","target":{"@type":"EntryPoint","urlTemplate":"https:\/\/www.blogsoestado.com\/danielmatos\/?s={search_term_string}"},"query-input":{"@type":"PropertyValueSpecification","valueRequired":true,"valueName":"search_term_string"}}],"inLanguage":"pt-BR"}]}},"jetpack_featured_media_url":"","_links":{"self":[{"href":"https:\/\/www.blogsoestado.com\/danielmatos\/wp-json\/wp\/v2\/posts\/108530","targetHints":{"allow":["GET"]}}],"collection":[{"href":"https:\/\/www.blogsoestado.com\/danielmatos\/wp-json\/wp\/v2\/posts"}],"about":[{"href":"https:\/\/www.blogsoestado.com\/danielmatos\/wp-json\/wp\/v2\/types\/post"}],"replies":[{"embeddable":true,"href":"https:\/\/www.blogsoestado.com\/danielmatos\/wp-json\/wp\/v2\/comments?post=108530"}],"version-history":[{"count":0,"href":"https:\/\/www.blogsoestado.com\/danielmatos\/wp-json\/wp\/v2\/posts\/108530\/revisions"}],"wp:attachment":[{"href":"https:\/\/www.blogsoestado.com\/danielmatos\/wp-json\/wp\/v2\/media?parent=108530"}],"wp:term":[{"taxonomy":"category","embeddable":true,"href":"https:\/\/www.blogsoestado.com\/danielmatos\/wp-json\/wp\/v2\/categories?post=108530"},{"taxonomy":"post_tag","embeddable":true,"href":"https:\/\/www.blogsoestado.com\/danielmatos\/wp-json\/wp\/v2\/tags?post=108530"}],"curies":[{"name":"wp","href":"https:\/\/api.w.org\/{rel}","templated":true}]}}