{"id":108552,"date":"2023-04-19T12:05:29","date_gmt":"2023-04-19T15:05:29","guid":{"rendered":"https:\/\/www.blogsoestado.com\/danielmatos\/?p=108552"},"modified":"2023-04-19T12:05:29","modified_gmt":"2023-04-19T15:05:29","slug":"barreirinhas-policia-apreende-segundo-adolescente-em-uma-semana-por-ameacas-de-ataques-a-escolas","status":"publish","type":"post","link":"https:\/\/www.blogsoestado.com\/danielmatos\/barreirinhas-policia-apreende-segundo-adolescente-em-uma-semana-por-ameacas-de-ataques-a-escolas\/","title":{"rendered":"Barreirinhas: pol\u00edcia apreende segundo adolescente em  uma semana por amea\u00e7as de ataques a escolas"},"content":{"rendered":"\n<div class=\"wp-block-image\"><figure class=\"aligncenter size-large\"><a href=\"https:\/\/www.blogsoestado.com\/danielmatos\/files\/2023\/04\/Screenshot_20230419-1207362.png\"><img decoding=\"async\" src=\"https:\/\/www.blogsoestado.com\/danielmatos\/files\/2023\/04\/Screenshot_20230419-1207362.png\" alt=\"\" class=\"wp-image-108556\"\/><\/a><figcaption>Delegacia de Pol\u00edcia Civil de Barreirinhas segue investigando amea\u00e7as de ataques a escolas com uso de ferramentas tecnol\u00f3gicas <\/figcaption><\/figure><\/div>\n\n\n\n<p>A Pol\u00edcia Civil do Maranh\u00e3o, por meio da 20\u00aa Delegacia Regional de Barreirinhas, conseguiu, identificar e apreender, nessa ter\u00e7a-feira(18), um adolescente, de 14 anos, suspeito de ter criado um perfil falso em uma rede social para praticar amea\u00e7as contra escolas do munic\u00edpio de Barreirinhas.<\/p>\n\n\n\n<p>Segundo o delegado Ricardo Carneiro, ap\u00f3s o registro do boletim de ocorr\u00eancia, foram realizadas dilig\u00eancias com as ferramentas tecnol\u00f3gicas \u00e0 disposi\u00e7\u00e3o da Pol\u00edcia Civil, sempre contando com apoio do Centro de Intelig\u00eancia da Pol\u00edcia Civil, combina\u00e7\u00e3o que possibilitou a identifica\u00e7\u00e3o do criador do perfil suspeito. O adolescente foi localizado em uma escola, sendo.conduzido \u00e0 Delegacia de Pol\u00edcia para esclarecimento.<\/p>\n\n\n\n<p>J\u00e1 na delegacia, acompanhado de seus pais, o adolescente confessou a cria\u00e7\u00e3o do perfil resultando cria\u00e7\u00e3o do boletim de ocorr\u00eancia circunstanciada por ter cometido o ato infracional de &#8220;falso alarma&#8221;, que \u00e9 tipificado no art. 41 do Decreto-Lei n. 3.688\/1941, e ser\u00e1 responsabilizado na forma da lei. Seguindo o procedimento do Estatuto da Crian\u00e7a e do Adolescente (ECA), foi lavrado o Boletim de Ocorr\u00eancia Circunstanciada (BOC) e o adolescente foi entregue aos pais, com o compromisso de apresenta\u00e7\u00e3o na Promotoria de Justi\u00e7a de Barreirinhas.<\/p>\n\n\n\n<p>Vale lembrar que esse foi o segundo caso registrado na Delegacia de Pol\u00edcia de Barreirinhas em uma semana . No \u00faltimo dia 11, a Pol\u00edcia Civil do munic\u00edpio conseguiu  identificar e capturar uma adolescente que tamb\u00e9m anunciou em rede social que realizaria ataques em escolas.<\/p>\n","protected":false},"excerpt":{"rendered":"<p>A Pol\u00edcia Civil do Maranh\u00e3o, por meio da 20\u00aa Delegacia Regional de Barreirinhas, conseguiu, identificar e apreender, nessa ter\u00e7a-feira(18), um [&hellip;]<\/p>\n","protected":false},"author":0,"featured_media":0,"comment_status":"open","ping_status":"open","sticky":false,"template":"","format":"standard","meta":{"site-sidebar-layout":"default","site-content-layout":"","ast-site-content-layout":"default","site-content-style":"default","site-sidebar-style":"default","ast-global-header-display":"","ast-banner-title-visibility":"","ast-main-header-display":"","ast-hfb-above-header-display":"","ast-hfb-below-header-display":"","ast-hfb-mobile-header-display":"","site-post-title":"","ast-breadcrumbs-content":"","ast-featured-img":"","footer-sml-layout":"","ast-disable-related-posts":"","theme-transparent-header-meta":"","adv-header-id-meta":"","stick-header-meta":"","header-above-stick-meta":"","header-main-stick-meta":"","header-below-stick-meta":"","astra-migrate-meta-layouts":"default","ast-page-background-enabled":"default","ast-page-background-meta":{"desktop":{"background-color":"var(--ast-global-color-5)","background-image":"","background-repeat":"repeat","background-position":"center center","background-size":"auto","background-attachment":"scroll","background-type":"","background-media":"","overlay-type":"","overlay-color":"","overlay-opacity":"","overlay-gradient":""},"tablet":{"background-color":"","background-image":"","background-repeat":"repeat","background-position":"center center","background-size":"auto","background-attachment":"scroll","background-type":"","background-media":"","overlay-type":"","overlay-color":"","overlay-opacity":"","overlay-gradient":""},"mobile":{"background-color":"","background-image":"","background-repeat":"repeat","background-position":"center center","background-size":"auto","background-attachment":"scroll","background-type":"","background-media":"","overlay-type":"","overlay-color":"","overlay-opacity":"","overlay-gradient":""}},"ast-content-background-meta":{"desktop":{"background-color":"var(--ast-global-color-4)","background-image":"","background-repeat":"repeat","background-position":"center center","background-size":"auto","background-attachment":"scroll","background-type":"","background-media":"","overlay-type":"","overlay-color":"","overlay-opacity":"","overlay-gradient":""},"tablet":{"background-color":"var(--ast-global-color-4)","background-image":"","background-repeat":"repeat","background-position":"center center","background-size":"auto","background-attachment":"scroll","background-type":"","background-media":"","overlay-type":"","overlay-color":"","overlay-opacity":"","overlay-gradient":""},"mobile":{"background-color":"var(--ast-global-color-4)","background-image":"","background-repeat":"repeat","background-position":"center center","background-size":"auto","background-attachment":"scroll","background-type":"","background-media":"","overlay-type":"","overlay-color":"","overlay-opacity":"","overlay-gradient":""}},"footnotes":""},"categories":[1],"tags":[],"class_list":["post-108552","post","type-post","status-publish","format-standard","hentry","category-sem-categoria"],"yoast_head":"<!-- This site is optimized with the Yoast SEO plugin v26.6 - https:\/\/yoast.com\/wordpress\/plugins\/seo\/ -->\n<title>Barreirinhas: pol\u00edcia apreende segundo adolescente em uma semana por amea\u00e7as de ataques a escolas - Daniel Matos<\/title>\n<meta name=\"robots\" content=\"index, follow, max-snippet:-1, max-image-preview:large, max-video-preview:-1\" \/>\n<link rel=\"canonical\" href=\"https:\/\/www.blogsoestado.com\/danielmatos\/barreirinhas-policia-apreende-segundo-adolescente-em-uma-semana-por-ameacas-de-ataques-a-escolas\/\" \/>\n<meta property=\"og:locale\" content=\"pt_BR\" \/>\n<meta property=\"og:type\" content=\"article\" \/>\n<meta property=\"og:title\" content=\"Barreirinhas: pol\u00edcia apreende segundo adolescente em uma semana por amea\u00e7as de ataques a escolas - Daniel Matos\" \/>\n<meta property=\"og:description\" content=\"A Pol\u00edcia Civil do Maranh\u00e3o, por meio da 20\u00aa Delegacia Regional de Barreirinhas, conseguiu, identificar e apreender, nessa ter\u00e7a-feira(18), um [&hellip;]\" \/>\n<meta property=\"og:url\" content=\"https:\/\/www.blogsoestado.com\/danielmatos\/barreirinhas-policia-apreende-segundo-adolescente-em-uma-semana-por-ameacas-de-ataques-a-escolas\/\" \/>\n<meta property=\"og:site_name\" content=\"Daniel Matos\" \/>\n<meta property=\"article:published_time\" content=\"2023-04-19T15:05:29+00:00\" \/>\n<meta property=\"og:image\" content=\"https:\/\/www.blogsoestado.com\/danielmatos\/files\/2023\/04\/Screenshot_20230419-1207362.png\" \/>\n<meta name=\"twitter:card\" content=\"summary_large_image\" \/>\n<meta name=\"twitter:label1\" content=\"Est. tempo de leitura\" \/>\n\t<meta name=\"twitter:data1\" content=\"2 minutos\" \/>\n<script type=\"application\/ld+json\" class=\"yoast-schema-graph\">{\"@context\":\"https:\/\/schema.org\",\"@graph\":[{\"@type\":\"WebPage\",\"@id\":\"https:\/\/www.blogsoestado.com\/danielmatos\/barreirinhas-policia-apreende-segundo-adolescente-em-uma-semana-por-ameacas-de-ataques-a-escolas\/\",\"url\":\"https:\/\/www.blogsoestado.com\/danielmatos\/barreirinhas-policia-apreende-segundo-adolescente-em-uma-semana-por-ameacas-de-ataques-a-escolas\/\",\"name\":\"Barreirinhas: pol\u00edcia apreende segundo adolescente em uma semana por amea\u00e7as de ataques a escolas - Daniel Matos\",\"isPartOf\":{\"@id\":\"https:\/\/www.blogsoestado.com\/danielmatos\/#website\"},\"primaryImageOfPage\":{\"@id\":\"https:\/\/www.blogsoestado.com\/danielmatos\/barreirinhas-policia-apreende-segundo-adolescente-em-uma-semana-por-ameacas-de-ataques-a-escolas\/#primaryimage\"},\"image\":{\"@id\":\"https:\/\/www.blogsoestado.com\/danielmatos\/barreirinhas-policia-apreende-segundo-adolescente-em-uma-semana-por-ameacas-de-ataques-a-escolas\/#primaryimage\"},\"thumbnailUrl\":\"https:\/\/www.blogsoestado.com\/danielmatos\/files\/2023\/04\/Screenshot_20230419-1207362.png\",\"datePublished\":\"2023-04-19T15:05:29+00:00\",\"author\":{\"@id\":\"\"},\"breadcrumb\":{\"@id\":\"https:\/\/www.blogsoestado.com\/danielmatos\/barreirinhas-policia-apreende-segundo-adolescente-em-uma-semana-por-ameacas-de-ataques-a-escolas\/#breadcrumb\"},\"inLanguage\":\"pt-BR\",\"potentialAction\":[{\"@type\":\"ReadAction\",\"target\":[\"https:\/\/www.blogsoestado.com\/danielmatos\/barreirinhas-policia-apreende-segundo-adolescente-em-uma-semana-por-ameacas-de-ataques-a-escolas\/\"]}]},{\"@type\":\"ImageObject\",\"inLanguage\":\"pt-BR\",\"@id\":\"https:\/\/www.blogsoestado.com\/danielmatos\/barreirinhas-policia-apreende-segundo-adolescente-em-uma-semana-por-ameacas-de-ataques-a-escolas\/#primaryimage\",\"url\":\"https:\/\/www.blogsoestado.com\/danielmatos\/files\/2023\/04\/Screenshot_20230419-1207362.png\",\"contentUrl\":\"https:\/\/www.blogsoestado.com\/danielmatos\/files\/2023\/04\/Screenshot_20230419-1207362.png\"},{\"@type\":\"BreadcrumbList\",\"@id\":\"https:\/\/www.blogsoestado.com\/danielmatos\/barreirinhas-policia-apreende-segundo-adolescente-em-uma-semana-por-ameacas-de-ataques-a-escolas\/#breadcrumb\",\"itemListElement\":[{\"@type\":\"ListItem\",\"position\":1,\"name\":\"In\u00edcio\",\"item\":\"https:\/\/www.blogsoestado.com\/danielmatos\/\"},{\"@type\":\"ListItem\",\"position\":2,\"name\":\"Barreirinhas: pol\u00edcia apreende segundo adolescente em uma semana por amea\u00e7as de ataques a escolas\"}]},{\"@type\":\"WebSite\",\"@id\":\"https:\/\/www.blogsoestado.com\/danielmatos\/#website\",\"url\":\"https:\/\/www.blogsoestado.com\/danielmatos\/\",\"name\":\"Daniel Matos\",\"description\":\"\",\"potentialAction\":[{\"@type\":\"SearchAction\",\"target\":{\"@type\":\"EntryPoint\",\"urlTemplate\":\"https:\/\/www.blogsoestado.com\/danielmatos\/?s={search_term_string}\"},\"query-input\":{\"@type\":\"PropertyValueSpecification\",\"valueRequired\":true,\"valueName\":\"search_term_string\"}}],\"inLanguage\":\"pt-BR\"}]}<\/script>\n<!-- \/ Yoast SEO plugin. -->","yoast_head_json":{"title":"Barreirinhas: pol\u00edcia apreende segundo adolescente em uma semana por amea\u00e7as de ataques a escolas - Daniel Matos","robots":{"index":"index","follow":"follow","max-snippet":"max-snippet:-1","max-image-preview":"max-image-preview:large","max-video-preview":"max-video-preview:-1"},"canonical":"https:\/\/www.blogsoestado.com\/danielmatos\/barreirinhas-policia-apreende-segundo-adolescente-em-uma-semana-por-ameacas-de-ataques-a-escolas\/","og_locale":"pt_BR","og_type":"article","og_title":"Barreirinhas: pol\u00edcia apreende segundo adolescente em uma semana por amea\u00e7as de ataques a escolas - Daniel Matos","og_description":"A Pol\u00edcia Civil do Maranh\u00e3o, por meio da 20\u00aa Delegacia Regional de Barreirinhas, conseguiu, identificar e apreender, nessa ter\u00e7a-feira(18), um [&hellip;]","og_url":"https:\/\/www.blogsoestado.com\/danielmatos\/barreirinhas-policia-apreende-segundo-adolescente-em-uma-semana-por-ameacas-de-ataques-a-escolas\/","og_site_name":"Daniel Matos","article_published_time":"2023-04-19T15:05:29+00:00","og_image":[{"url":"https:\/\/www.blogsoestado.com\/danielmatos\/files\/2023\/04\/Screenshot_20230419-1207362.png","type":"","width":"","height":""}],"twitter_card":"summary_large_image","twitter_misc":{"Est. tempo de leitura":"2 minutos"},"schema":{"@context":"https:\/\/schema.org","@graph":[{"@type":"WebPage","@id":"https:\/\/www.blogsoestado.com\/danielmatos\/barreirinhas-policia-apreende-segundo-adolescente-em-uma-semana-por-ameacas-de-ataques-a-escolas\/","url":"https:\/\/www.blogsoestado.com\/danielmatos\/barreirinhas-policia-apreende-segundo-adolescente-em-uma-semana-por-ameacas-de-ataques-a-escolas\/","name":"Barreirinhas: pol\u00edcia apreende segundo adolescente em uma semana por amea\u00e7as de ataques a escolas - Daniel Matos","isPartOf":{"@id":"https:\/\/www.blogsoestado.com\/danielmatos\/#website"},"primaryImageOfPage":{"@id":"https:\/\/www.blogsoestado.com\/danielmatos\/barreirinhas-policia-apreende-segundo-adolescente-em-uma-semana-por-ameacas-de-ataques-a-escolas\/#primaryimage"},"image":{"@id":"https:\/\/www.blogsoestado.com\/danielmatos\/barreirinhas-policia-apreende-segundo-adolescente-em-uma-semana-por-ameacas-de-ataques-a-escolas\/#primaryimage"},"thumbnailUrl":"https:\/\/www.blogsoestado.com\/danielmatos\/files\/2023\/04\/Screenshot_20230419-1207362.png","datePublished":"2023-04-19T15:05:29+00:00","author":{"@id":""},"breadcrumb":{"@id":"https:\/\/www.blogsoestado.com\/danielmatos\/barreirinhas-policia-apreende-segundo-adolescente-em-uma-semana-por-ameacas-de-ataques-a-escolas\/#breadcrumb"},"inLanguage":"pt-BR","potentialAction":[{"@type":"ReadAction","target":["https:\/\/www.blogsoestado.com\/danielmatos\/barreirinhas-policia-apreende-segundo-adolescente-em-uma-semana-por-ameacas-de-ataques-a-escolas\/"]}]},{"@type":"ImageObject","inLanguage":"pt-BR","@id":"https:\/\/www.blogsoestado.com\/danielmatos\/barreirinhas-policia-apreende-segundo-adolescente-em-uma-semana-por-ameacas-de-ataques-a-escolas\/#primaryimage","url":"https:\/\/www.blogsoestado.com\/danielmatos\/files\/2023\/04\/Screenshot_20230419-1207362.png","contentUrl":"https:\/\/www.blogsoestado.com\/danielmatos\/files\/2023\/04\/Screenshot_20230419-1207362.png"},{"@type":"BreadcrumbList","@id":"https:\/\/www.blogsoestado.com\/danielmatos\/barreirinhas-policia-apreende-segundo-adolescente-em-uma-semana-por-ameacas-de-ataques-a-escolas\/#breadcrumb","itemListElement":[{"@type":"ListItem","position":1,"name":"In\u00edcio","item":"https:\/\/www.blogsoestado.com\/danielmatos\/"},{"@type":"ListItem","position":2,"name":"Barreirinhas: pol\u00edcia apreende segundo adolescente em uma semana por amea\u00e7as de ataques a escolas"}]},{"@type":"WebSite","@id":"https:\/\/www.blogsoestado.com\/danielmatos\/#website","url":"https:\/\/www.blogsoestado.com\/danielmatos\/","name":"Daniel Matos","description":"","potentialAction":[{"@type":"SearchAction","target":{"@type":"EntryPoint","urlTemplate":"https:\/\/www.blogsoestado.com\/danielmatos\/?s={search_term_string}"},"query-input":{"@type":"PropertyValueSpecification","valueRequired":true,"valueName":"search_term_string"}}],"inLanguage":"pt-BR"}]}},"jetpack_featured_media_url":"","_links":{"self":[{"href":"https:\/\/www.blogsoestado.com\/danielmatos\/wp-json\/wp\/v2\/posts\/108552","targetHints":{"allow":["GET"]}}],"collection":[{"href":"https:\/\/www.blogsoestado.com\/danielmatos\/wp-json\/wp\/v2\/posts"}],"about":[{"href":"https:\/\/www.blogsoestado.com\/danielmatos\/wp-json\/wp\/v2\/types\/post"}],"replies":[{"embeddable":true,"href":"https:\/\/www.blogsoestado.com\/danielmatos\/wp-json\/wp\/v2\/comments?post=108552"}],"version-history":[{"count":0,"href":"https:\/\/www.blogsoestado.com\/danielmatos\/wp-json\/wp\/v2\/posts\/108552\/revisions"}],"wp:attachment":[{"href":"https:\/\/www.blogsoestado.com\/danielmatos\/wp-json\/wp\/v2\/media?parent=108552"}],"wp:term":[{"taxonomy":"category","embeddable":true,"href":"https:\/\/www.blogsoestado.com\/danielmatos\/wp-json\/wp\/v2\/categories?post=108552"},{"taxonomy":"post_tag","embeddable":true,"href":"https:\/\/www.blogsoestado.com\/danielmatos\/wp-json\/wp\/v2\/tags?post=108552"}],"curies":[{"name":"wp","href":"https:\/\/api.w.org\/{rel}","templated":true}]}}