{"id":108568,"date":"2023-04-19T20:45:06","date_gmt":"2023-04-19T23:45:06","guid":{"rendered":"https:\/\/www.blogsoestado.com\/danielmatos\/?p=108568"},"modified":"2023-04-19T20:45:06","modified_gmt":"2023-04-19T23:45:06","slug":"vereadores-denunciam-precariedade-do-hospital-da-crianca-apos-morte-de-bebe-por-falta-de-atendimento","status":"publish","type":"post","link":"https:\/\/www.blogsoestado.com\/danielmatos\/vereadores-denunciam-precariedade-do-hospital-da-crianca-apos-morte-de-bebe-por-falta-de-atendimento\/","title":{"rendered":"Vereadores denunciam precariedade do Hospital da Crian\u00e7a ap\u00f3s morte de beb\u00ea por falta de atendimento"},"content":{"rendered":"\n<p><em><strong><span class=\"has-inline-color has-vivid-red-color\">Parlamentares afirmaram que prefeito Eduardo Braide precisa rever de forma urgente os problemas da unidade hospitalar visando melhorar o atendimento \u00e0 popula\u00e7\u00e3o infantil<\/span><\/strong><\/em><\/p>\n\n\n\n<div class=\"wp-block-image\"><figure class=\"aligncenter size-large\"><a href=\"https:\/\/www.blogsoestado.com\/danielmatos\/files\/2023\/04\/Screenshot_20230419-2053402.png\"><img decoding=\"async\" src=\"https:\/\/www.blogsoestado.com\/danielmatos\/files\/2023\/04\/Screenshot_20230419-2053402.png\" alt=\"\" class=\"wp-image-108574\"\/><\/a><figcaption>Plen\u00e1rio da Casa aprovou convoca\u00e7\u00e3o dos secret\u00e1rios municipais de sa\u00fade e obras para falar sobre a situa\u00e7\u00e3o do Hospital da Crian\u00e7a na pr\u00f3xima ter\u00e7a-feira, dia 25 (<strong>Foto: <\/strong>Leonardo Mendon\u00e7a)<\/figcaption><\/figure><\/div>\n\n\n\n<p id=\"E52\">A morte de um beb\u00ea ind\u00edgena de 10 meses de vida na \u00faltima segunda-feira (17), ao dar entrada na UPA do Ara\u00e7agi, em S\u00e3o Jos\u00e9 de Ribamar, na Regi\u00e3o Metropolitana de S\u00e3o Lu\u00eds, ap\u00f3s ter atendimento negado no Hospital Dr. Odorico Amaral de Mattos (Hospital da Crian\u00e7a), na capital maranhense, sensibilizou os vereadores ludovicenses na manh\u00e3 desta quarta-feira, na C\u00e2mara Municipal. V\u00e1rios parlamentares foram \u00e0 tribuna para se solidarizar com as fam\u00edlias e pedir melhorias no atendimento \u00e0 popula\u00e7\u00e3o infantil.<\/p>\n\n\n\n<p id=\"E56\">O vereador Raimundo Penha (PDT) abriu o discurso demonstrando preocupa\u00e7\u00e3o \u00e0 situa\u00e7\u00e3o do Hospital da Crian\u00e7a e falou que o epis\u00f3dio ocorrido na unidade de sa\u00fade fez a cidade estampar capa de diversos jornais. Ele lembrou, inclusive, uma reuni\u00e3o com o secret\u00e1rio Joel (Semus) para tratar sobre o tema.<\/p>\n\n\n\n<p id=\"E60\">\u201cO Hospital da Crian\u00e7a, em S\u00e3o Lu\u00eds, virou capa de diversos jornais, entre eles O Imparcial. Por isso, hoje eu n\u00e3o subo nesta tribuna com alegria. Subo aqui com muita tristeza. Por que exatamente h\u00e1 uma semana, eu estive com a vereadora Silvana Noely, juntamente com o co-vereador Jhonatan Soares, do Coletivo N\u00f3s, como integrantes da Comiss\u00e3o de Direitos Humanos, reunidos com o secret\u00e1rio Joel (Semus) para tratar sobre as obras do Hospital da Crian\u00e7a. Na oportunidade, eu cheguei a advertir o secret\u00e1rio por uma fala inadequada, lembro-o que a quest\u00e3o na unidade n\u00e3o \u00e9 s\u00f3 os transtornos pela reforma, mas a falta de vaga\u201d, declarou.<\/p>\n\n\n\n<p id=\"E65\">Penha criticou a forma de governar de Braide e afirmou que n\u00e3o estava culpando o gestor pela morte da crian\u00e7a. No entanto, segundo ele, mais do que tocar obra, o prefeito pode liderar essa cidade.<\/p>\n\n\n\n<p id=\"E69\">\u201cEu, quando era l\u00edder do governo, cheguei a avisar o prefeito. Com esse estilo, o gestor n\u00e3o est\u00e1 mais se isolando. Isolado ele j\u00e1 est\u00e1 h\u00e1 muito tempo, pois basta ver aqui no Parlamento. Com a forma dele governar, ele acaba isolando a cidade de S\u00e3o Lu\u00eds. Braide foi ao Hospital [Odorico Amaral], gravou um v\u00eddeo anunciando a reforma e tentou ser o \u2018pai da crian\u00e7a\u2019 sozinho. O problema, entretanto, \u00e9 que o fardo come\u00e7ou a pesar e agora n\u00f3s temos mais um \u00f3bito essa semana de uma crian\u00e7a que morreu em outra unidade porque o hospital municipal n\u00e3o conseguiu atender. O prefeito tem que ser humilde e n\u00e3o pode atuar como salvador da p\u00e1tria. Eu n\u00e3o estou dizendo que o prefeito \u00e9 culpado pela morte da crian\u00e7a. No entanto, mais do que tocar obra, ele pode liderar essa cidade\u201d, completou.<\/p>\n\n\n\n<p id=\"E74\"><strong>Posi\u00e7\u00e3o da C\u00e2mara \u2013&nbsp;<\/strong>Ao encerrar o discurso, o parlamentar pediu uma posi\u00e7\u00e3o firme do Legislativo para buscar uma solu\u00e7\u00e3o para o caos no Hospital da Crian\u00e7a. Segundo ele, os secret\u00e1rios de sa\u00fade e obras precisam detalhar aos vereadores o cronograma de obras na unidade de sa\u00fade.<\/p>\n\n\n\n<p id=\"E79\">\u201cQuero dizer tamb\u00e9m que essa Casa n\u00e3o pode ficar omissa. Al\u00e9m da reuni\u00e3o que tivemos pela Comiss\u00e3o de Direitos Humanos com o secret\u00e1rio Joel, mas que sa\u00edmos de l\u00e1 sem nenhuma<\/p>\n\n\n\n<p>resposta concreta. Conversando agora com o vereador Edson Gaguinho, fui informado de um requerimento que ele est\u00e1 apresentando para convocar os titulares da Semus<\/p>\n\n\n\n<p>da Semosp para que possam detalhar o cronograma de obras, pois n\u00e3o sabemos qual o prazo para que essa reforma seja conclu\u00edda neste hospital\u201d, afirmou.<\/p>\n\n\n\n<p id=\"E84\"><strong>Cria\u00e7\u00e3o de novos leitos \u2013&nbsp;<\/strong>O vereador Edson Gaguinho (Uni\u00e3o) parabenizou o colega pelo discurso e lembrou o gesto do governador Carlos Brand\u00e3o que anunciou a cria\u00e7\u00e3o de 25 novos leitos de UTI, Unidades Semi-Intensiva, leitos cl\u00ednicos e de estabiliza\u00e7\u00e3o que estar\u00e3o dispon\u00edveis nos hospitais Dr. Juv\u00eancio Mattos e da Ilha, ambos em S\u00e3o Lu\u00eds, para atender as crian\u00e7as.<\/p>\n\n\n\n<p id=\"E89\">\u201cO governador se sensibilizou e criou 25 leitos visando \u00e0 amplia\u00e7\u00e3o da assist\u00eancia pedi\u00e1trica em nossa cidade. O que n\u00f3s n\u00e3o queremos \u00e9 que aconte\u00e7am novas v\u00edtimas\u201d, declarou o parlamentar.<\/p>\n\n\n\n<p id=\"E94\"><strong>Burocracia que atrapalha \u2013&nbsp;<\/strong>No mesmo sentido, o vereador Beto Castro (PMB) apontou a burocracia como um grande problema e lembrou que a reforma do estabelecimento j\u00e1 passa dos 10 anos, tendo in\u00edcio ainda na gest\u00e3o do prefeito Edivaldo.<\/p>\n\n\n\n<p id=\"E99\">\u201cO que vejo \u00e9 muita burocracia para pouca a\u00e7\u00e3o. \u00c0s vezes a gente se esbarra nessas quest\u00f5es burocr\u00e1ticas que acabam atrapalhando. Aquela obra do Hospital da Crian\u00e7a tem 10 anos e teve in\u00edcio na gest\u00e3o do prefeito Edivaldo, mas at\u00e9 hoje n\u00e3o se tem definido um cronograma de conclus\u00e3o dos servi\u00e7os, bem como n\u00e3o se consegue um atendimento \u00e0 altura dos pacientes. Infelizmente, \u00e9 uma situa\u00e7\u00e3o preocupante e que inevitavelmente pode contribuir para que outros pacientes venham perder suas vidas\u201d, disse.<\/p>\n\n\n\n<p id=\"E104\"><strong>Prefeito rejeitou ajuda \u2013&nbsp;<\/strong>O vereador Nato J\u00fanior (PDT) relembrou que, quando o deputado Carlos Lula foi secret\u00e1rio de Estado da Sa\u00fade, ofereceu \u00e0 prefeitura de S\u00e3o Lu\u00eds, em janeiro do ano passado, o Hospital Dr. Gen\u00e9sio R\u00eago para receber os pacientes do Hospital da Crian\u00e7a. No entanto, segundo o pedetista, o prefeito optou em n\u00e3o aceitar a parceria.<\/p>\n\n\n\n<p id=\"E109\">\u201cOntem, na Assembleia Legislativa, o deputado Carlos Lula revelou que na \u00e9poca em que estava como secret\u00e1rio estadual de sa\u00fade, se reuniu com o titular da Semus e ofereceu o Centro de Sa\u00fade Gen\u00e9sio Rego para que as crian\u00e7as do Hospital Odorico Amaral fossem pra l\u00e1, visando \u00e0 continuidade das obras pelo governo de uma forma mais r\u00e1pida. Ficou acertado isso, mas quando a proposta foi levada ao prefeito Braide, o chefe do Executivo municipal despachou e afirmou que era a pr\u00f3pria prefeitura que iria concluir a reforma. Ou seja, o Estado se ofereceu, mas foi o Munic\u00edpio que n\u00e3o quis a ajuda. Com base nisso, eu pergunto: como \u00e9 que essa reforma vai ser conclu\u00edda com crian\u00e7as dentro da unidade?\u201d, questionou.<\/p>\n\n\n\n<p id=\"E114\"><strong>Visita ao secret\u00e1rio&nbsp;<\/strong>\u2013 Em sua fala, a vereadora Concita Pinto (PCdoB) trouxe \u00e0 tona situa\u00e7\u00f5es que tamb\u00e9m afetam outras unidades de sa\u00fade do munic\u00edpio. De acordo com a parlamentar, a situa\u00e7\u00e3o envolvendo os Socorr\u00f5es I e II tamb\u00e9m \u00e9 preocupante. \u201cTemos visto como preocupa\u00e7\u00e3o algumas quest\u00f5es e precisamos buscar uma sa\u00edda para algumas situa\u00e7\u00f5es como a quest\u00e3o da superlota\u00e7\u00e3o\u201d, frisou.<\/p>\n\n\n\n<p id=\"E119\">Durante os pronunciamentos, o vereador Umbelino J\u00fanior (PL) aproveitou para convidar os membros da Comiss\u00e3o de Sa\u00fade para, ap\u00f3s a sess\u00e3o ordin\u00e1ria, o grupo possa se deslocar at\u00e9 a Secretaria Municipal de Sa\u00fade, para uma audi\u00eancia com o secret\u00e1rio Joel Nunes. \u201cEu j\u00e1 protocolei um of\u00edcio e aproveito para convidar todos os membros para participar dessa reuni\u00e3o\u201d, afirmou.<\/p>\n\n\n\n<p id=\"E123\"><strong>Convoca\u00e7\u00e3o de secret\u00e1rios \u2013&nbsp;<\/strong>Ao final dos pronunciamentos, o plen\u00e1rio da Casa aprovou, em regime de urg\u00eancia, um requerimento de autoria do vereador Edson Gaguinho (Uni\u00e3o), convocando os secret\u00e1rios Joel Nunes (Semus) e Davi Col Debela (Semosp) para falar sobre a situa\u00e7\u00e3o do Hospital da Crian\u00e7a. A audi\u00eancia de convoca\u00e7\u00e3o ficou agendada para a pr\u00f3xima ter\u00e7a-feira, dia 25.<\/p>\n","protected":false},"excerpt":{"rendered":"<p>Parlamentares afirmaram que prefeito Eduardo Braide precisa rever de forma urgente os problemas da unidade hospitalar visando melhorar o atendimento [&hellip;]<\/p>\n","protected":false},"author":0,"featured_media":0,"comment_status":"open","ping_status":"open","sticky":false,"template":"","format":"standard","meta":{"site-sidebar-layout":"default","site-content-layout":"","ast-site-content-layout":"default","site-content-style":"default","site-sidebar-style":"default","ast-global-header-display":"","ast-banner-title-visibility":"","ast-main-header-display":"","ast-hfb-above-header-display":"","ast-hfb-below-header-display":"","ast-hfb-mobile-header-display":"","site-post-title":"","ast-breadcrumbs-content":"","ast-featured-img":"","footer-sml-layout":"","ast-disable-related-posts":"","theme-transparent-header-meta":"","adv-header-id-meta":"","stick-header-meta":"","header-above-stick-meta":"","header-main-stick-meta":"","header-below-stick-meta":"","astra-migrate-meta-layouts":"default","ast-page-background-enabled":"default","ast-page-background-meta":{"desktop":{"background-color":"var(--ast-global-color-5)","background-image":"","background-repeat":"repeat","background-position":"center center","background-size":"auto","background-attachment":"scroll","background-type":"","background-media":"","overlay-type":"","overlay-color":"","overlay-opacity":"","overlay-gradient":""},"tablet":{"background-color":"","background-image":"","background-repeat":"repeat","background-position":"center center","background-size":"auto","background-attachment":"scroll","background-type":"","background-media":"","overlay-type":"","overlay-color":"","overlay-opacity":"","overlay-gradient":""},"mobile":{"background-color":"","background-image":"","background-repeat":"repeat","background-position":"center center","background-size":"auto","background-attachment":"scroll","background-type":"","background-media":"","overlay-type":"","overlay-color":"","overlay-opacity":"","overlay-gradient":""}},"ast-content-background-meta":{"desktop":{"background-color":"var(--ast-global-color-4)","background-image":"","background-repeat":"repeat","background-position":"center center","background-size":"auto","background-attachment":"scroll","background-type":"","background-media":"","overlay-type":"","overlay-color":"","overlay-opacity":"","overlay-gradient":""},"tablet":{"background-color":"var(--ast-global-color-4)","background-image":"","background-repeat":"repeat","background-position":"center center","background-size":"auto","background-attachment":"scroll","background-type":"","background-media":"","overlay-type":"","overlay-color":"","overlay-opacity":"","overlay-gradient":""},"mobile":{"background-color":"var(--ast-global-color-4)","background-image":"","background-repeat":"repeat","background-position":"center center","background-size":"auto","background-attachment":"scroll","background-type":"","background-media":"","overlay-type":"","overlay-color":"","overlay-opacity":"","overlay-gradient":""}},"footnotes":""},"categories":[1],"tags":[],"class_list":["post-108568","post","type-post","status-publish","format-standard","hentry","category-sem-categoria"],"yoast_head":"<!-- This site is optimized with the Yoast SEO plugin v26.6 - https:\/\/yoast.com\/wordpress\/plugins\/seo\/ -->\n<title>Vereadores denunciam precariedade do Hospital da Crian\u00e7a ap\u00f3s morte de beb\u00ea por falta de atendimento - Daniel Matos<\/title>\n<meta name=\"robots\" content=\"index, follow, max-snippet:-1, max-image-preview:large, max-video-preview:-1\" \/>\n<link rel=\"canonical\" href=\"https:\/\/www.blogsoestado.com\/danielmatos\/vereadores-denunciam-precariedade-do-hospital-da-crianca-apos-morte-de-bebe-por-falta-de-atendimento\/\" \/>\n<meta property=\"og:locale\" content=\"pt_BR\" \/>\n<meta property=\"og:type\" content=\"article\" \/>\n<meta property=\"og:title\" content=\"Vereadores denunciam precariedade do Hospital da Crian\u00e7a ap\u00f3s morte de beb\u00ea por falta de atendimento - Daniel Matos\" \/>\n<meta property=\"og:description\" content=\"Parlamentares afirmaram que prefeito Eduardo Braide precisa rever de forma urgente os problemas da unidade hospitalar visando melhorar o atendimento [&hellip;]\" \/>\n<meta property=\"og:url\" content=\"https:\/\/www.blogsoestado.com\/danielmatos\/vereadores-denunciam-precariedade-do-hospital-da-crianca-apos-morte-de-bebe-por-falta-de-atendimento\/\" \/>\n<meta property=\"og:site_name\" content=\"Daniel Matos\" \/>\n<meta property=\"article:published_time\" content=\"2023-04-19T23:45:06+00:00\" \/>\n<meta property=\"og:image\" content=\"https:\/\/www.blogsoestado.com\/danielmatos\/files\/2023\/04\/Screenshot_20230419-2053402.png\" \/>\n<meta name=\"twitter:card\" content=\"summary_large_image\" \/>\n<meta name=\"twitter:label1\" content=\"Est. tempo de leitura\" \/>\n\t<meta name=\"twitter:data1\" content=\"6 minutos\" \/>\n<script type=\"application\/ld+json\" class=\"yoast-schema-graph\">{\"@context\":\"https:\/\/schema.org\",\"@graph\":[{\"@type\":\"WebPage\",\"@id\":\"https:\/\/www.blogsoestado.com\/danielmatos\/vereadores-denunciam-precariedade-do-hospital-da-crianca-apos-morte-de-bebe-por-falta-de-atendimento\/\",\"url\":\"https:\/\/www.blogsoestado.com\/danielmatos\/vereadores-denunciam-precariedade-do-hospital-da-crianca-apos-morte-de-bebe-por-falta-de-atendimento\/\",\"name\":\"Vereadores denunciam precariedade do Hospital da Crian\u00e7a ap\u00f3s morte de beb\u00ea por falta de atendimento - Daniel Matos\",\"isPartOf\":{\"@id\":\"https:\/\/www.blogsoestado.com\/danielmatos\/#website\"},\"primaryImageOfPage\":{\"@id\":\"https:\/\/www.blogsoestado.com\/danielmatos\/vereadores-denunciam-precariedade-do-hospital-da-crianca-apos-morte-de-bebe-por-falta-de-atendimento\/#primaryimage\"},\"image\":{\"@id\":\"https:\/\/www.blogsoestado.com\/danielmatos\/vereadores-denunciam-precariedade-do-hospital-da-crianca-apos-morte-de-bebe-por-falta-de-atendimento\/#primaryimage\"},\"thumbnailUrl\":\"https:\/\/www.blogsoestado.com\/danielmatos\/files\/2023\/04\/Screenshot_20230419-2053402.png\",\"datePublished\":\"2023-04-19T23:45:06+00:00\",\"author\":{\"@id\":\"\"},\"breadcrumb\":{\"@id\":\"https:\/\/www.blogsoestado.com\/danielmatos\/vereadores-denunciam-precariedade-do-hospital-da-crianca-apos-morte-de-bebe-por-falta-de-atendimento\/#breadcrumb\"},\"inLanguage\":\"pt-BR\",\"potentialAction\":[{\"@type\":\"ReadAction\",\"target\":[\"https:\/\/www.blogsoestado.com\/danielmatos\/vereadores-denunciam-precariedade-do-hospital-da-crianca-apos-morte-de-bebe-por-falta-de-atendimento\/\"]}]},{\"@type\":\"ImageObject\",\"inLanguage\":\"pt-BR\",\"@id\":\"https:\/\/www.blogsoestado.com\/danielmatos\/vereadores-denunciam-precariedade-do-hospital-da-crianca-apos-morte-de-bebe-por-falta-de-atendimento\/#primaryimage\",\"url\":\"https:\/\/www.blogsoestado.com\/danielmatos\/files\/2023\/04\/Screenshot_20230419-2053402.png\",\"contentUrl\":\"https:\/\/www.blogsoestado.com\/danielmatos\/files\/2023\/04\/Screenshot_20230419-2053402.png\"},{\"@type\":\"BreadcrumbList\",\"@id\":\"https:\/\/www.blogsoestado.com\/danielmatos\/vereadores-denunciam-precariedade-do-hospital-da-crianca-apos-morte-de-bebe-por-falta-de-atendimento\/#breadcrumb\",\"itemListElement\":[{\"@type\":\"ListItem\",\"position\":1,\"name\":\"In\u00edcio\",\"item\":\"https:\/\/www.blogsoestado.com\/danielmatos\/\"},{\"@type\":\"ListItem\",\"position\":2,\"name\":\"Vereadores denunciam precariedade do Hospital da Crian\u00e7a ap\u00f3s morte de beb\u00ea por falta de atendimento\"}]},{\"@type\":\"WebSite\",\"@id\":\"https:\/\/www.blogsoestado.com\/danielmatos\/#website\",\"url\":\"https:\/\/www.blogsoestado.com\/danielmatos\/\",\"name\":\"Daniel Matos\",\"description\":\"\",\"potentialAction\":[{\"@type\":\"SearchAction\",\"target\":{\"@type\":\"EntryPoint\",\"urlTemplate\":\"https:\/\/www.blogsoestado.com\/danielmatos\/?s={search_term_string}\"},\"query-input\":{\"@type\":\"PropertyValueSpecification\",\"valueRequired\":true,\"valueName\":\"search_term_string\"}}],\"inLanguage\":\"pt-BR\"}]}<\/script>\n<!-- \/ Yoast SEO plugin. -->","yoast_head_json":{"title":"Vereadores denunciam precariedade do Hospital da Crian\u00e7a ap\u00f3s morte de beb\u00ea por falta de atendimento - Daniel Matos","robots":{"index":"index","follow":"follow","max-snippet":"max-snippet:-1","max-image-preview":"max-image-preview:large","max-video-preview":"max-video-preview:-1"},"canonical":"https:\/\/www.blogsoestado.com\/danielmatos\/vereadores-denunciam-precariedade-do-hospital-da-crianca-apos-morte-de-bebe-por-falta-de-atendimento\/","og_locale":"pt_BR","og_type":"article","og_title":"Vereadores denunciam precariedade do Hospital da Crian\u00e7a ap\u00f3s morte de beb\u00ea por falta de atendimento - Daniel Matos","og_description":"Parlamentares afirmaram que prefeito Eduardo Braide precisa rever de forma urgente os problemas da unidade hospitalar visando melhorar o atendimento [&hellip;]","og_url":"https:\/\/www.blogsoestado.com\/danielmatos\/vereadores-denunciam-precariedade-do-hospital-da-crianca-apos-morte-de-bebe-por-falta-de-atendimento\/","og_site_name":"Daniel Matos","article_published_time":"2023-04-19T23:45:06+00:00","og_image":[{"url":"https:\/\/www.blogsoestado.com\/danielmatos\/files\/2023\/04\/Screenshot_20230419-2053402.png","type":"","width":"","height":""}],"twitter_card":"summary_large_image","twitter_misc":{"Est. tempo de leitura":"6 minutos"},"schema":{"@context":"https:\/\/schema.org","@graph":[{"@type":"WebPage","@id":"https:\/\/www.blogsoestado.com\/danielmatos\/vereadores-denunciam-precariedade-do-hospital-da-crianca-apos-morte-de-bebe-por-falta-de-atendimento\/","url":"https:\/\/www.blogsoestado.com\/danielmatos\/vereadores-denunciam-precariedade-do-hospital-da-crianca-apos-morte-de-bebe-por-falta-de-atendimento\/","name":"Vereadores denunciam precariedade do Hospital da Crian\u00e7a ap\u00f3s morte de beb\u00ea por falta de atendimento - Daniel Matos","isPartOf":{"@id":"https:\/\/www.blogsoestado.com\/danielmatos\/#website"},"primaryImageOfPage":{"@id":"https:\/\/www.blogsoestado.com\/danielmatos\/vereadores-denunciam-precariedade-do-hospital-da-crianca-apos-morte-de-bebe-por-falta-de-atendimento\/#primaryimage"},"image":{"@id":"https:\/\/www.blogsoestado.com\/danielmatos\/vereadores-denunciam-precariedade-do-hospital-da-crianca-apos-morte-de-bebe-por-falta-de-atendimento\/#primaryimage"},"thumbnailUrl":"https:\/\/www.blogsoestado.com\/danielmatos\/files\/2023\/04\/Screenshot_20230419-2053402.png","datePublished":"2023-04-19T23:45:06+00:00","author":{"@id":""},"breadcrumb":{"@id":"https:\/\/www.blogsoestado.com\/danielmatos\/vereadores-denunciam-precariedade-do-hospital-da-crianca-apos-morte-de-bebe-por-falta-de-atendimento\/#breadcrumb"},"inLanguage":"pt-BR","potentialAction":[{"@type":"ReadAction","target":["https:\/\/www.blogsoestado.com\/danielmatos\/vereadores-denunciam-precariedade-do-hospital-da-crianca-apos-morte-de-bebe-por-falta-de-atendimento\/"]}]},{"@type":"ImageObject","inLanguage":"pt-BR","@id":"https:\/\/www.blogsoestado.com\/danielmatos\/vereadores-denunciam-precariedade-do-hospital-da-crianca-apos-morte-de-bebe-por-falta-de-atendimento\/#primaryimage","url":"https:\/\/www.blogsoestado.com\/danielmatos\/files\/2023\/04\/Screenshot_20230419-2053402.png","contentUrl":"https:\/\/www.blogsoestado.com\/danielmatos\/files\/2023\/04\/Screenshot_20230419-2053402.png"},{"@type":"BreadcrumbList","@id":"https:\/\/www.blogsoestado.com\/danielmatos\/vereadores-denunciam-precariedade-do-hospital-da-crianca-apos-morte-de-bebe-por-falta-de-atendimento\/#breadcrumb","itemListElement":[{"@type":"ListItem","position":1,"name":"In\u00edcio","item":"https:\/\/www.blogsoestado.com\/danielmatos\/"},{"@type":"ListItem","position":2,"name":"Vereadores denunciam precariedade do Hospital da Crian\u00e7a ap\u00f3s morte de beb\u00ea por falta de atendimento"}]},{"@type":"WebSite","@id":"https:\/\/www.blogsoestado.com\/danielmatos\/#website","url":"https:\/\/www.blogsoestado.com\/danielmatos\/","name":"Daniel Matos","description":"","potentialAction":[{"@type":"SearchAction","target":{"@type":"EntryPoint","urlTemplate":"https:\/\/www.blogsoestado.com\/danielmatos\/?s={search_term_string}"},"query-input":{"@type":"PropertyValueSpecification","valueRequired":true,"valueName":"search_term_string"}}],"inLanguage":"pt-BR"}]}},"jetpack_featured_media_url":"","_links":{"self":[{"href":"https:\/\/www.blogsoestado.com\/danielmatos\/wp-json\/wp\/v2\/posts\/108568","targetHints":{"allow":["GET"]}}],"collection":[{"href":"https:\/\/www.blogsoestado.com\/danielmatos\/wp-json\/wp\/v2\/posts"}],"about":[{"href":"https:\/\/www.blogsoestado.com\/danielmatos\/wp-json\/wp\/v2\/types\/post"}],"replies":[{"embeddable":true,"href":"https:\/\/www.blogsoestado.com\/danielmatos\/wp-json\/wp\/v2\/comments?post=108568"}],"version-history":[{"count":0,"href":"https:\/\/www.blogsoestado.com\/danielmatos\/wp-json\/wp\/v2\/posts\/108568\/revisions"}],"wp:attachment":[{"href":"https:\/\/www.blogsoestado.com\/danielmatos\/wp-json\/wp\/v2\/media?parent=108568"}],"wp:term":[{"taxonomy":"category","embeddable":true,"href":"https:\/\/www.blogsoestado.com\/danielmatos\/wp-json\/wp\/v2\/categories?post=108568"},{"taxonomy":"post_tag","embeddable":true,"href":"https:\/\/www.blogsoestado.com\/danielmatos\/wp-json\/wp\/v2\/tags?post=108568"}],"curies":[{"name":"wp","href":"https:\/\/api.w.org\/{rel}","templated":true}]}}