{"id":108641,"date":"2023-04-21T11:39:34","date_gmt":"2023-04-21T14:39:34","guid":{"rendered":"https:\/\/www.blogsoestado.com\/danielmatos\/?p=108641"},"modified":"2023-04-21T11:39:34","modified_gmt":"2023-04-21T14:39:34","slug":"5-reus-serao-julgados-por-morte-de-9-estudantes-em-acidente-com-pau-de-arara-em-bacuri","status":"publish","type":"post","link":"https:\/\/www.blogsoestado.com\/danielmatos\/5-reus-serao-julgados-por-morte-de-9-estudantes-em-acidente-com-pau-de-arara-em-bacuri\/","title":{"rendered":"5 r\u00e9us ser\u00e3o julgados por morte de 9 estudantes em acidente com pau de arara em Bacuri"},"content":{"rendered":"\n<div class=\"wp-block-image\"><figure class=\"aligncenter size-large\"><a href=\"https:\/\/www.blogsoestado.com\/danielmatos\/files\/2023\/04\/Screenshot_20230421-1147142.png\"><img decoding=\"async\" src=\"https:\/\/www.blogsoestado.com\/danielmatos\/files\/2023\/04\/Screenshot_20230421-1147142.png\" alt=\"\" class=\"wp-image-108644\"\/><\/a><figcaption>Caminhonete que transportava as nove v\u00edtimas mortas logo ap\u00f3s o acidente<\/figcaption><\/figure><\/div>\n\n\n\n<p>Ser\u00e3o levados ao Tribunal do J\u00fari da comarca de Bacuri, os cinco denunciados pelo Minist\u00e9rio P\u00fablico do Maranh\u00e3o (MPMA), em dezembro de 2018, envolvidos no acidente com um ve\u00edculo de transporte escolar (conhecido popularmente como \u201cpau de arara\u201d), em abril de 2014, no povoado Madragoa, no munic\u00edpio.<\/p>\n\n\n\n<p>Nesta segunda-feira, 17, o juiz Humberto Alves J\u00fanior proferiu senten\u00e7a de pron\u00fancia (aceita\u00e7\u00e3o de acusa\u00e7\u00f5es e encaminhamento do processo para julgamento no Tribunal do J\u00fari), deferindo as alega\u00e7\u00f5es finais apresentadas, em outubro de 2022, pelo promotor de justi\u00e7a Igor Adriano Trinta Marques.<\/p>\n\n\n\n<p>O desastre causou a morte de nove estudantes e les\u00f5es corporais em oito alunos, devido \u00e0 precariedade do transporte escolar municipal. Na ocasi\u00e3o, o propriet\u00e1rio do ve\u00edculo, Rog\u00e9rio Rocha tamb\u00e9m morreu.<\/p>\n\n\n\n<p>Foram pronunciados o ex-prefeito Baldo\u00edno Nery; a ex-secret\u00e1ria municipal de Educa\u00e7\u00e3o, C\u00e9lia Nery; o ent\u00e3o chefe da comiss\u00e3o de Licita\u00e7\u00e3o, Gersen James; o ex-pregoeiro municipal, Wagno Set\u00fabal, e o s\u00f3cio-diretor da empresa Conservis (contratada pela Prefeitura de Bacuri para prestar servi\u00e7os de transporte escolar), Andrew Santos. Ainda n\u00e3o h\u00e1 previs\u00e3o para o julgamento.<\/p>\n\n\n\n<p><strong>MORTE E LES\u00d5ES CORPORAIS<\/strong><\/p>\n\n\n\n<p>Os estudantes Ana Raquel Borges, Clenilde Asevedo, Aldal\u00e9ia Gomes, Nayara Costa, Carlos Vinicius Almeida, Jefferson Silva e as irm\u00e3s Emyly e Samyly Farias, morreram no desastre. O incidente tamb\u00e9m provocou les\u00f5es corporais em oito alunos.<\/p>\n\n\n\n<p>O ve\u00edculo, uma picape, havia sido contratado ilegalmente, em 2013, pela administra\u00e7\u00e3o municipal por meio de procedimento licitat\u00f3rio, vencido pela empresa Conservis Constru\u00e7\u00f5es e Servi\u00e7os Ltda.<\/p>\n\n\n\n<p>A picape estava sendo conduzida pelo adolescente Alan Almeida (filho de Rog\u00e9rio Rocha), que n\u00e3o tinha carteira de habilita\u00e7\u00e3o. O pai dele estava pendurado na porta do motorista e os alunos, na carroceria. O ve\u00edculo colidiu com um caminh\u00e3o de carga, que vinha no sentido oposto.<\/p>\n\n\n\n<p>O transporte possu\u00eda carroceria aberta com bancos de madeira improvisados. Muitos alunos estavam conduzidos em p\u00e9 na carroceria porque havia poucos bancos para todos. N\u00e3o havia respons\u00e1vel para acompanhar os estudantes durante o trajeto.<\/p>\n\n\n\n<p>\u201cO senhor Rog\u00e9rio foi um dos respons\u00e1veis por esta trag\u00e9dia anunciada, porque deixou seu filho dirigir um ve\u00edculo sem habilita\u00e7\u00e3o e idade para dirigir. O motorista \u00e9 somente a face vis\u00edvel do grupo de respons\u00e1veis pelas mortes dos oito estudantes e do pr\u00f3prio Rog\u00e9rio\u201d, argumentou o promotor de justi\u00e7a, nas alega\u00e7\u00f5es finais.<\/p>\n\n\n\n<p><strong>LICITA\u00c7\u00c3O<\/strong><\/p>\n\n\n\n<p>Em 2013, o Munic\u00edpio abriu um preg\u00e3o presencial para contratar servi\u00e7os de transporte escolar. O MPMA constatou fraude no procedimento licitat\u00f3rio. Foram verificadas inconsist\u00eancias, incluindo irregularidades na documenta\u00e7\u00e3o, subcontrata\u00e7\u00e3o integral de servi\u00e7os e condi\u00e7\u00f5es do transporte escolar, entre outras.<\/p>\n\n\n\n<p>Al\u00e9m do fato da Conservis pertencer a Andrew Santos (sobrinho do ex-vice-prefeito de Bacuri, \u00e0 \u00e9poca, Richard Nixon), a Promotoria de Justi\u00e7a de Bacuri verificou que a empresa n\u00e3o possu\u00eda capacidade t\u00e9cnica, material, econ\u00f4mico-financeira e humana, para prestar o servi\u00e7o de transporte escolar.<\/p>\n\n\n\n<p>Os atos constitutivos da empresa n\u00e3o inclu\u00edam loca\u00e7\u00e3o de ve\u00edculos para transporte escolar. Documentos encaminhados pelo Detran\/MA comprovaram subcontrata\u00e7\u00e3o integral, porque a empresa n\u00e3o possu\u00eda ve\u00edculos para transporte escolar, apenas uma picape comum.<\/p>\n\n\n\n<p>Da mesma forma, documenta\u00e7\u00e3o da Prefeitura de Bacuri demonstrou que os ve\u00edculos usados no transporte escolar pertenciam aos pr\u00f3prios motoristas e n\u00e3o tinham v\u00ednculos com a Conservis. Os ve\u00edculos utilizados n\u00e3o eram os que haviam sido licitados pelo Munic\u00edpio.<\/p>\n\n\n\n<p>A empresa recebia os valores do Munic\u00edpio e repassava 90% aos condutores. Os 10% restantes ficavam com a Conservis, que era somente intermedi\u00e1ria entre os prestadores do servi\u00e7o e a Prefeitura de Bacuri.<br \/><strong><br \/>CONTRATO<\/strong><\/p>\n\n\n\n<p>A Conservis firmou contrato com o Munic\u00edpio de Bacuri, pelo prazo de 10 meses, pelo valor de R$ 1.092.700,00, dos quais R$ 600 mil eram destinados para manuten\u00e7\u00e3o do transporte escolar no Munic\u00edpio.<\/p>\n\n\n\n<p>Entre os 33 ve\u00edculos utilizados como meio de transporte escolar, havia sete picapes \u201cpau de arara\u201d e 12 motocicletas. Ou seja, mais da metade da frota contratada era composta por ve\u00edculos inapropriados para a atividade.<\/p>\n\n\n\n<p>As sete picapes utilizadas n\u00e3o podiam ser consideradas ve\u00edculos de transporte escolar. Eram ve\u00edculos de carga, antigos e improvisados com bancos de madeira, sem cinto de seguran\u00e7a e sem inscri\u00e7\u00e3o \u2019ESCOLAR\u2019 na lateral. As motocicletas n\u00e3o ofereciam o m\u00ednimo de seguran\u00e7a.<\/p>\n\n\n\n<p>Apenas 10 condutores possu\u00edam Carteira Nacional de Habilita\u00e7\u00e3o. Quatro estavam vencidas e somente cinco eram da categoria adequada para transporte escolar.<\/p>\n\n\n\n<p>\u201cForam diretamente beneficiados Jos\u00e9 Baldo\u00edno da Silva Nery, C\u00e9lia Vit\u00f3ria Nery da Silva e Andrew Santos. Os demais r\u00e9us auxiliaram os outros denunciados nos intentos criminosos. Houve conluio para montar um procedimento licitat\u00f3rio ardiloso para justificar o contrato com o parente do vice-prefeito de Bacuri \u00e0 \u00e9poca dos fatos\u201d, destaca Igor Marques.<\/p>\n\n\n\n<p>Os envolvidos foram denunciados por homic\u00eddio qualificado e les\u00e3o corporal<\/p>\n\n\n\n<p><strong>PR\u00caMIO<\/strong><\/p>\n\n\n\n<p>O acidente no povoado Madragoa levou o Minist\u00e9rio P\u00fablico do Maranh\u00e3o e o Minist\u00e9rio P\u00fablico Federal a lan\u00e7ar, em agosto de 2018, o projeto \u201cPau de Arara Nunca Mais: o MP na defesa do transporte escolar de qualidade\u201d, com o objetivo de combater este tipo de transporte p\u00fablico escolar no estado do Maranh\u00e3o.<\/p>\n\n\n\n<p>A iniciativa venceu o segundo lugar da edi\u00e7\u00e3o de 2018 do Pr\u00eamio do Conselho Nacional do Minist\u00e9rio P\u00fablico (CNMP).<\/p>\n","protected":false},"excerpt":{"rendered":"<p>Ser\u00e3o levados ao Tribunal do J\u00fari da comarca de Bacuri, os cinco denunciados pelo Minist\u00e9rio P\u00fablico do Maranh\u00e3o (MPMA), em [&hellip;]<\/p>\n","protected":false},"author":0,"featured_media":0,"comment_status":"open","ping_status":"open","sticky":false,"template":"","format":"standard","meta":{"site-sidebar-layout":"default","site-content-layout":"","ast-site-content-layout":"default","site-content-style":"default","site-sidebar-style":"default","ast-global-header-display":"","ast-banner-title-visibility":"","ast-main-header-display":"","ast-hfb-above-header-display":"","ast-hfb-below-header-display":"","ast-hfb-mobile-header-display":"","site-post-title":"","ast-breadcrumbs-content":"","ast-featured-img":"","footer-sml-layout":"","ast-disable-related-posts":"","theme-transparent-header-meta":"","adv-header-id-meta":"","stick-header-meta":"","header-above-stick-meta":"","header-main-stick-meta":"","header-below-stick-meta":"","astra-migrate-meta-layouts":"default","ast-page-background-enabled":"default","ast-page-background-meta":{"desktop":{"background-color":"var(--ast-global-color-5)","background-image":"","background-repeat":"repeat","background-position":"center center","background-size":"auto","background-attachment":"scroll","background-type":"","background-media":"","overlay-type":"","overlay-color":"","overlay-opacity":"","overlay-gradient":""},"tablet":{"background-color":"","background-image":"","background-repeat":"repeat","background-position":"center center","background-size":"auto","background-attachment":"scroll","background-type":"","background-media":"","overlay-type":"","overlay-color":"","overlay-opacity":"","overlay-gradient":""},"mobile":{"background-color":"","background-image":"","background-repeat":"repeat","background-position":"center center","background-size":"auto","background-attachment":"scroll","background-type":"","background-media":"","overlay-type":"","overlay-color":"","overlay-opacity":"","overlay-gradient":""}},"ast-content-background-meta":{"desktop":{"background-color":"var(--ast-global-color-4)","background-image":"","background-repeat":"repeat","background-position":"center center","background-size":"auto","background-attachment":"scroll","background-type":"","background-media":"","overlay-type":"","overlay-color":"","overlay-opacity":"","overlay-gradient":""},"tablet":{"background-color":"var(--ast-global-color-4)","background-image":"","background-repeat":"repeat","background-position":"center center","background-size":"auto","background-attachment":"scroll","background-type":"","background-media":"","overlay-type":"","overlay-color":"","overlay-opacity":"","overlay-gradient":""},"mobile":{"background-color":"var(--ast-global-color-4)","background-image":"","background-repeat":"repeat","background-position":"center center","background-size":"auto","background-attachment":"scroll","background-type":"","background-media":"","overlay-type":"","overlay-color":"","overlay-opacity":"","overlay-gradient":""}},"footnotes":""},"categories":[1],"tags":[],"class_list":["post-108641","post","type-post","status-publish","format-standard","hentry","category-sem-categoria"],"yoast_head":"<!-- This site is optimized with the Yoast SEO plugin v26.6 - https:\/\/yoast.com\/wordpress\/plugins\/seo\/ -->\n<title>5 r\u00e9us ser\u00e3o julgados por morte de 9 estudantes em acidente com pau de arara em Bacuri - Daniel Matos<\/title>\n<meta name=\"robots\" content=\"index, follow, max-snippet:-1, max-image-preview:large, max-video-preview:-1\" \/>\n<link rel=\"canonical\" href=\"https:\/\/www.blogsoestado.com\/danielmatos\/5-reus-serao-julgados-por-morte-de-9-estudantes-em-acidente-com-pau-de-arara-em-bacuri\/\" \/>\n<meta property=\"og:locale\" content=\"pt_BR\" \/>\n<meta property=\"og:type\" content=\"article\" \/>\n<meta property=\"og:title\" content=\"5 r\u00e9us ser\u00e3o julgados por morte de 9 estudantes em acidente com pau de arara em Bacuri - Daniel Matos\" \/>\n<meta property=\"og:description\" content=\"Ser\u00e3o levados ao Tribunal do J\u00fari da comarca de Bacuri, os cinco denunciados pelo Minist\u00e9rio P\u00fablico do Maranh\u00e3o (MPMA), em [&hellip;]\" \/>\n<meta property=\"og:url\" content=\"https:\/\/www.blogsoestado.com\/danielmatos\/5-reus-serao-julgados-por-morte-de-9-estudantes-em-acidente-com-pau-de-arara-em-bacuri\/\" \/>\n<meta property=\"og:site_name\" content=\"Daniel Matos\" \/>\n<meta property=\"article:published_time\" content=\"2023-04-21T14:39:34+00:00\" \/>\n<meta property=\"og:image\" content=\"https:\/\/www.blogsoestado.com\/danielmatos\/files\/2023\/04\/Screenshot_20230421-1147142.png\" \/>\n<meta name=\"twitter:card\" content=\"summary_large_image\" \/>\n<meta name=\"twitter:label1\" content=\"Est. tempo de leitura\" \/>\n\t<meta name=\"twitter:data1\" content=\"4 minutos\" \/>\n<script type=\"application\/ld+json\" class=\"yoast-schema-graph\">{\"@context\":\"https:\/\/schema.org\",\"@graph\":[{\"@type\":\"WebPage\",\"@id\":\"https:\/\/www.blogsoestado.com\/danielmatos\/5-reus-serao-julgados-por-morte-de-9-estudantes-em-acidente-com-pau-de-arara-em-bacuri\/\",\"url\":\"https:\/\/www.blogsoestado.com\/danielmatos\/5-reus-serao-julgados-por-morte-de-9-estudantes-em-acidente-com-pau-de-arara-em-bacuri\/\",\"name\":\"5 r\u00e9us ser\u00e3o julgados por morte de 9 estudantes em acidente com pau de arara em Bacuri - Daniel Matos\",\"isPartOf\":{\"@id\":\"https:\/\/www.blogsoestado.com\/danielmatos\/#website\"},\"primaryImageOfPage\":{\"@id\":\"https:\/\/www.blogsoestado.com\/danielmatos\/5-reus-serao-julgados-por-morte-de-9-estudantes-em-acidente-com-pau-de-arara-em-bacuri\/#primaryimage\"},\"image\":{\"@id\":\"https:\/\/www.blogsoestado.com\/danielmatos\/5-reus-serao-julgados-por-morte-de-9-estudantes-em-acidente-com-pau-de-arara-em-bacuri\/#primaryimage\"},\"thumbnailUrl\":\"https:\/\/www.blogsoestado.com\/danielmatos\/files\/2023\/04\/Screenshot_20230421-1147142.png\",\"datePublished\":\"2023-04-21T14:39:34+00:00\",\"author\":{\"@id\":\"\"},\"breadcrumb\":{\"@id\":\"https:\/\/www.blogsoestado.com\/danielmatos\/5-reus-serao-julgados-por-morte-de-9-estudantes-em-acidente-com-pau-de-arara-em-bacuri\/#breadcrumb\"},\"inLanguage\":\"pt-BR\",\"potentialAction\":[{\"@type\":\"ReadAction\",\"target\":[\"https:\/\/www.blogsoestado.com\/danielmatos\/5-reus-serao-julgados-por-morte-de-9-estudantes-em-acidente-com-pau-de-arara-em-bacuri\/\"]}]},{\"@type\":\"ImageObject\",\"inLanguage\":\"pt-BR\",\"@id\":\"https:\/\/www.blogsoestado.com\/danielmatos\/5-reus-serao-julgados-por-morte-de-9-estudantes-em-acidente-com-pau-de-arara-em-bacuri\/#primaryimage\",\"url\":\"https:\/\/www.blogsoestado.com\/danielmatos\/files\/2023\/04\/Screenshot_20230421-1147142.png\",\"contentUrl\":\"https:\/\/www.blogsoestado.com\/danielmatos\/files\/2023\/04\/Screenshot_20230421-1147142.png\"},{\"@type\":\"BreadcrumbList\",\"@id\":\"https:\/\/www.blogsoestado.com\/danielmatos\/5-reus-serao-julgados-por-morte-de-9-estudantes-em-acidente-com-pau-de-arara-em-bacuri\/#breadcrumb\",\"itemListElement\":[{\"@type\":\"ListItem\",\"position\":1,\"name\":\"In\u00edcio\",\"item\":\"https:\/\/www.blogsoestado.com\/danielmatos\/\"},{\"@type\":\"ListItem\",\"position\":2,\"name\":\"5 r\u00e9us ser\u00e3o julgados por morte de 9 estudantes em acidente com pau de arara em Bacuri\"}]},{\"@type\":\"WebSite\",\"@id\":\"https:\/\/www.blogsoestado.com\/danielmatos\/#website\",\"url\":\"https:\/\/www.blogsoestado.com\/danielmatos\/\",\"name\":\"Daniel Matos\",\"description\":\"\",\"potentialAction\":[{\"@type\":\"SearchAction\",\"target\":{\"@type\":\"EntryPoint\",\"urlTemplate\":\"https:\/\/www.blogsoestado.com\/danielmatos\/?s={search_term_string}\"},\"query-input\":{\"@type\":\"PropertyValueSpecification\",\"valueRequired\":true,\"valueName\":\"search_term_string\"}}],\"inLanguage\":\"pt-BR\"}]}<\/script>\n<!-- \/ Yoast SEO plugin. -->","yoast_head_json":{"title":"5 r\u00e9us ser\u00e3o julgados por morte de 9 estudantes em acidente com pau de arara em Bacuri - Daniel Matos","robots":{"index":"index","follow":"follow","max-snippet":"max-snippet:-1","max-image-preview":"max-image-preview:large","max-video-preview":"max-video-preview:-1"},"canonical":"https:\/\/www.blogsoestado.com\/danielmatos\/5-reus-serao-julgados-por-morte-de-9-estudantes-em-acidente-com-pau-de-arara-em-bacuri\/","og_locale":"pt_BR","og_type":"article","og_title":"5 r\u00e9us ser\u00e3o julgados por morte de 9 estudantes em acidente com pau de arara em Bacuri - Daniel Matos","og_description":"Ser\u00e3o levados ao Tribunal do J\u00fari da comarca de Bacuri, os cinco denunciados pelo Minist\u00e9rio P\u00fablico do Maranh\u00e3o (MPMA), em [&hellip;]","og_url":"https:\/\/www.blogsoestado.com\/danielmatos\/5-reus-serao-julgados-por-morte-de-9-estudantes-em-acidente-com-pau-de-arara-em-bacuri\/","og_site_name":"Daniel Matos","article_published_time":"2023-04-21T14:39:34+00:00","og_image":[{"url":"https:\/\/www.blogsoestado.com\/danielmatos\/files\/2023\/04\/Screenshot_20230421-1147142.png","type":"","width":"","height":""}],"twitter_card":"summary_large_image","twitter_misc":{"Est. tempo de leitura":"4 minutos"},"schema":{"@context":"https:\/\/schema.org","@graph":[{"@type":"WebPage","@id":"https:\/\/www.blogsoestado.com\/danielmatos\/5-reus-serao-julgados-por-morte-de-9-estudantes-em-acidente-com-pau-de-arara-em-bacuri\/","url":"https:\/\/www.blogsoestado.com\/danielmatos\/5-reus-serao-julgados-por-morte-de-9-estudantes-em-acidente-com-pau-de-arara-em-bacuri\/","name":"5 r\u00e9us ser\u00e3o julgados por morte de 9 estudantes em acidente com pau de arara em Bacuri - Daniel Matos","isPartOf":{"@id":"https:\/\/www.blogsoestado.com\/danielmatos\/#website"},"primaryImageOfPage":{"@id":"https:\/\/www.blogsoestado.com\/danielmatos\/5-reus-serao-julgados-por-morte-de-9-estudantes-em-acidente-com-pau-de-arara-em-bacuri\/#primaryimage"},"image":{"@id":"https:\/\/www.blogsoestado.com\/danielmatos\/5-reus-serao-julgados-por-morte-de-9-estudantes-em-acidente-com-pau-de-arara-em-bacuri\/#primaryimage"},"thumbnailUrl":"https:\/\/www.blogsoestado.com\/danielmatos\/files\/2023\/04\/Screenshot_20230421-1147142.png","datePublished":"2023-04-21T14:39:34+00:00","author":{"@id":""},"breadcrumb":{"@id":"https:\/\/www.blogsoestado.com\/danielmatos\/5-reus-serao-julgados-por-morte-de-9-estudantes-em-acidente-com-pau-de-arara-em-bacuri\/#breadcrumb"},"inLanguage":"pt-BR","potentialAction":[{"@type":"ReadAction","target":["https:\/\/www.blogsoestado.com\/danielmatos\/5-reus-serao-julgados-por-morte-de-9-estudantes-em-acidente-com-pau-de-arara-em-bacuri\/"]}]},{"@type":"ImageObject","inLanguage":"pt-BR","@id":"https:\/\/www.blogsoestado.com\/danielmatos\/5-reus-serao-julgados-por-morte-de-9-estudantes-em-acidente-com-pau-de-arara-em-bacuri\/#primaryimage","url":"https:\/\/www.blogsoestado.com\/danielmatos\/files\/2023\/04\/Screenshot_20230421-1147142.png","contentUrl":"https:\/\/www.blogsoestado.com\/danielmatos\/files\/2023\/04\/Screenshot_20230421-1147142.png"},{"@type":"BreadcrumbList","@id":"https:\/\/www.blogsoestado.com\/danielmatos\/5-reus-serao-julgados-por-morte-de-9-estudantes-em-acidente-com-pau-de-arara-em-bacuri\/#breadcrumb","itemListElement":[{"@type":"ListItem","position":1,"name":"In\u00edcio","item":"https:\/\/www.blogsoestado.com\/danielmatos\/"},{"@type":"ListItem","position":2,"name":"5 r\u00e9us ser\u00e3o julgados por morte de 9 estudantes em acidente com pau de arara em Bacuri"}]},{"@type":"WebSite","@id":"https:\/\/www.blogsoestado.com\/danielmatos\/#website","url":"https:\/\/www.blogsoestado.com\/danielmatos\/","name":"Daniel Matos","description":"","potentialAction":[{"@type":"SearchAction","target":{"@type":"EntryPoint","urlTemplate":"https:\/\/www.blogsoestado.com\/danielmatos\/?s={search_term_string}"},"query-input":{"@type":"PropertyValueSpecification","valueRequired":true,"valueName":"search_term_string"}}],"inLanguage":"pt-BR"}]}},"jetpack_featured_media_url":"","_links":{"self":[{"href":"https:\/\/www.blogsoestado.com\/danielmatos\/wp-json\/wp\/v2\/posts\/108641","targetHints":{"allow":["GET"]}}],"collection":[{"href":"https:\/\/www.blogsoestado.com\/danielmatos\/wp-json\/wp\/v2\/posts"}],"about":[{"href":"https:\/\/www.blogsoestado.com\/danielmatos\/wp-json\/wp\/v2\/types\/post"}],"replies":[{"embeddable":true,"href":"https:\/\/www.blogsoestado.com\/danielmatos\/wp-json\/wp\/v2\/comments?post=108641"}],"version-history":[{"count":0,"href":"https:\/\/www.blogsoestado.com\/danielmatos\/wp-json\/wp\/v2\/posts\/108641\/revisions"}],"wp:attachment":[{"href":"https:\/\/www.blogsoestado.com\/danielmatos\/wp-json\/wp\/v2\/media?parent=108641"}],"wp:term":[{"taxonomy":"category","embeddable":true,"href":"https:\/\/www.blogsoestado.com\/danielmatos\/wp-json\/wp\/v2\/categories?post=108641"},{"taxonomy":"post_tag","embeddable":true,"href":"https:\/\/www.blogsoestado.com\/danielmatos\/wp-json\/wp\/v2\/tags?post=108641"}],"curies":[{"name":"wp","href":"https:\/\/api.w.org\/{rel}","templated":true}]}}