{"id":108655,"date":"2023-04-21T18:12:44","date_gmt":"2023-04-21T21:12:44","guid":{"rendered":"https:\/\/www.blogsoestado.com\/danielmatos\/?p=108655"},"modified":"2023-04-21T18:12:44","modified_gmt":"2023-04-21T21:12:44","slug":"grupo-potiguar-comemora-dia-da-terra-nesse-sabado-22-com-acoes-de-sustentabilidade","status":"publish","type":"post","link":"https:\/\/www.blogsoestado.com\/danielmatos\/grupo-potiguar-comemora-dia-da-terra-nesse-sabado-22-com-acoes-de-sustentabilidade\/","title":{"rendered":"Grupo Potiguar comemora Dia da Terra nesse s\u00e1bado (22) com a\u00e7\u00f5es de sustentabilidade"},"content":{"rendered":"\n<p><strong><span class=\"has-inline-color has-vivid-red-color\">Data foi institu\u00edda com a inten\u00e7\u00e3o de sensibilizar o mundo sobre a necessidade urgente de preservar o planeta <\/span><\/strong><\/p>\n\n\n\n<div class=\"wp-block-image\"><figure class=\"aligncenter size-large\"><a href=\"https:\/\/www.blogsoestado.com\/danielmatos\/files\/2023\/04\/Screenshot_20230421-1803472.png\"><img decoding=\"async\" src=\"https:\/\/www.blogsoestado.com\/danielmatos\/files\/2023\/04\/Screenshot_20230421-1803472.png\" alt=\"\" class=\"wp-image-108656\"\/><\/a><figcaption>A s\u00f3cia e Dir. de MKt do Grupo Potiguar Camila Brasil e o Coord. de MKT Anderson Penha exibem orgulhosos uma bolsa feita com banner pl\u00e1stico reciclado, confeccionada por alunas do projeto social da empresa<\/figcaption><\/figure><\/div>\n\n\n\n<p>Nesse s\u00e1bado, dia\u00a0<strong>22 de abril, \u00e9 comemorado o Dia da Terra<\/strong>; data foi estabelecida em 2009 pela Assembleia Geral das Na\u00e7\u00f5es Unidas (ONU).O Dia da Terra tem como prop\u00f3sito informar a popula\u00e7\u00e3o sobre os danos ao meio ambiente e a import\u00e2ncia da preserva\u00e7\u00e3o dos ecossistemas. Trata-se de uma data que visa dar visibilidade \u00e0s causas ligadas ao meio ambiente e provocar uma ampla reflex\u00e3o sobre como as a\u00e7\u00f5es do dia a dia afetam o planeta.<\/p>\n\n\n\n<p><strong>Antes da oficializa\u00e7\u00e3o pela ONU, o primeiro Dia da Terra na d\u00e9cada de 70, mobilizou universit\u00e1rios<\/strong>\u00a0da universidade americana de Harvard, para ajudar a promover a data junto com o ex-senador Gaylord Nelson. Ao longo dos anos, v\u00e1rios\u00a0<strong>pa\u00edses t\u00eam se mobilizado em prol da data<\/strong>, com a\u00e7\u00f5es de impacto: 28 milh\u00f5es de \u00e1rvores j\u00e1 foram plantadas no Afeganist\u00e3o no Dia da Terra; na comemora\u00e7\u00e3o de 2012, mais de 100.000 pessoas andaram de bicicleta na China para reduzir as emiss\u00f5es de CO2 e economizar combust\u00edvel. J\u00e1 no Panam\u00e1, 100 esp\u00e9cies amea\u00e7adas de orqu\u00eddeas foram plantadas e mantidas para evitar sua extin\u00e7\u00e3o, em homenagem ao Dia da Terra.<\/p>\n\n\n\n<p>Mas n\u00e3o basta ser ativo somente em uma data comemorativa. A crise ambiental e as mudan\u00e7as clim\u00e1ticas globais s\u00e3o uma prova do quanto o planeta pede socorro para continuarmos existindo. A a\u00e7\u00e3o de transforma\u00e7\u00e3o precisa ser coletiva; com pequenos, mas importantes gestos de toda sociedade, s\u00f3 assim poderemos reverter os problemas ambientais. Como bem disse o ativista e autor Paul Polman \u201co custo da ina\u00e7\u00e3o se torna significativamente maior do que o custo da a\u00e7\u00e3o\u201d.<\/p>\n\n\n\n<div class=\"wp-block-image\"><figure class=\"aligncenter size-large\"><a href=\"https:\/\/www.blogsoestado.com\/danielmatos\/files\/2023\/04\/Screenshot_20230421-1804212.png\"><img decoding=\"async\" src=\"https:\/\/www.blogsoestado.com\/danielmatos\/files\/2023\/04\/Screenshot_20230421-1804212.png\" alt=\"\" class=\"wp-image-108657\"\/><\/a><figcaption>A artes\u00e3 Maria Divina ensina a arte da costura a mulheres da periferia de S\u00e3o Lu\u00eds em projeto social do Grupo Potiguar, que recicla lonas pl\u00e1sticas doadas pela empresa<\/figcaption><\/figure><\/div>\n\n\n\n<p>E todos podem ajudar a salvar o Planeta Terra, simplesmente adotando novos h\u00e1bitos, consumindo com responsabilidade e adotando novos produtos mais sustent\u00e1veis, por exemplo. Algumas a\u00e7\u00f5es podem ser adotadas de forma imediata para pessoas e empresas, tais como: usar menos papel e s\u00f3 imprimir o que for essencial; trocar o carro pela bicicleta ou pela caminhada quando poss\u00edvel; substituir o pl\u00e1stico por outros materiais; e trocar produtos de limpeza que agridam o meio ambiente por outros ecol\u00f3gicos, entre outras a\u00e7\u00f5es. <\/p>\n\n\n\n<p>O consumo de todos os bens deve ser mais consciente e planejado, a exemplo da \u00e1gua, que \u00e9 um recurso natural essencial para a vida, mas cuja escassez pode amea\u00e7ar a todos na Terra. Portanto, \u00e9 preciso fazer uso de \u00e1gua de forma racional \u2013 ao lavar a lou\u00e7a, limpar a casa, e tomar banho de forma mais otimizada, gastando menos \u00e1gua e adotando torneiras e vasos sanit\u00e1rios mais sustent\u00e1veis e com dispositivos reguladores por exemplo.<\/p>\n\n\n\n<p>Em todas as lojas do Grupo Potiguar h\u00e1 linhas de produtos com essa pegada mais ecol\u00f3gica: Torneiras com sistema de arejador, que misturam ar com a \u00e1gua e reduzem o consumo; Torneiras com acionamento de \u00bc de volta, que tamb\u00e9m diminuem o consumo; al\u00e9m de vasos sanit\u00e1rios com acionamento duplo, reduzindo em at\u00e9 35% da \u00e1gua a ser utilizada. J\u00e1 na parte de el\u00e9trica, a dica \u00e9 economizar energia com o uso de l\u00e2mpadas mais eficientes que consomem menos energia; e aparelhos de ar- condicionado com selo do Procel, que indica o uso mais eficiente da energia.<\/p>\n\n\n\n<div class=\"wp-block-image\"><figure class=\"aligncenter size-large\"><a href=\"https:\/\/www.blogsoestado.com\/danielmatos\/files\/2023\/04\/Screenshot_20230421-1804432.png\"><img decoding=\"async\" src=\"https:\/\/www.blogsoestado.com\/danielmatos\/files\/2023\/04\/Screenshot_20230421-1804432-582x1024.png\" alt=\"\" class=\"wp-image-108658\"\/><\/a><figcaption>Coletores para descarte ecol\u00f3gico de l\u00e2mpadas fluorescentes est\u00e3o \u00e0 disposi\u00e7\u00e3o da popula\u00e7\u00e3o nas lojas de Imperatriz e de S\u00e3o Lu\u00eds Centro, Cohama, Cohafuma e Forquilha)<\/figcaption><\/figure><\/div>\n\n\n\n<p>Outra quest\u00e3o de suma import\u00e2ncia diz respeito ao descarte adequado de materiais. Ao dar uma destina\u00e7\u00e3o correta para certos tipos de materiais, evita-se o descarte incorreto, o que evita poluir ainda mais a natureza. E outro bom exemplo nesse quesito vem do Grupo Potiguar. A empresa,&nbsp;por iniciativa pr\u00f3pria,&nbsp;fez uma parceria com a Reciclus (<a href=\"http:\/\/reciclus.org.br\/\" target=\"_blank\" rel=\"noreferrer noopener\">reciclus.org.br<\/a>) &#8211; uma associa\u00e7\u00e3o sem fins lucrativos de reciclagem de l\u00e2mpadas fluorescentes. E instalou diversos coletores onde as pessoas podem levar suas l\u00e2mpadas fluorescentes queimadas para descartar com seguran\u00e7a.&nbsp;As l\u00e2mpadas recolhidas s\u00e3o enviadas pela Potiguar para a Reciclus dar a destina\u00e7\u00e3o final ao material.&nbsp;Esses coletores j\u00e1 est\u00e3o \u00e0 disposi\u00e7\u00e3o de todos, nas lojas Potiguar da Forquilha, Centro, Cohama e Cohafuma em S\u00e3o Lu\u00eds; e tamb\u00e9m,&nbsp;na loja Potiguar Imperatriz. &nbsp;<\/p>\n\n\n\n<p>\u201cSomos uma empresa cem por cento maranhense, e como tal entendemos que nossa miss\u00e3o \u00e9 ajudar a desenvolver o nosso estado, e isso inclui tamb\u00e9m preservar o meio ambiente ao m\u00e1ximo. Estamos muito sensibilizados com a causa ambiental e atentos no dia a dia da nossa opera\u00e7\u00e3o como varejistas, para mudarmos h\u00e1bitos, adotar medidas mais ecol\u00f3gicas. Tamb\u00e9m apostamos na reciclagem e na reutiliza\u00e7\u00e3o nobre de materiais descartados, a exemplo do nosso projeto socioambiental das oficinas de reciclagem de lonas. Estamos abertos \u00e0 inova\u00e7\u00e3o e preocupados em fazer a nossa parte em prol do meio ambiente\u201d disse Camila Brasil, s\u00f3cia e diretora de marketing do Grupo Potiguar.<\/p>\n\n\n\n<p>O projeto \u201cOficina de Costura &amp; Reciclagem de Lonas\u201d&nbsp;que Camila Brasil mencionou acontece desde 2017 por iniciativa pr\u00f3pria da empresa, e&nbsp;re\u00fane sustentabilidade, reciclagem e empoderamento feminino. E abra\u00e7a duas causas importantes \u2013 a do empoderamento feminino atrav\u00e9s da capacita\u00e7\u00e3o de mulheres para o trabalho e o respeito ao meio ambiente, com o fomento \u00e0 reciclagem atrav\u00e9s do modelo de&nbsp;<strong>upcycling (<\/strong>dar um novo prop\u00f3sito a materiais que seriam descartados).<\/p>\n\n\n\n<div class=\"wp-block-image\"><figure class=\"aligncenter size-large\"><a href=\"https:\/\/www.blogsoestado.com\/danielmatos\/files\/2023\/04\/Screenshot_20230421-1805072.png\"><img decoding=\"async\" src=\"https:\/\/www.blogsoestado.com\/danielmatos\/files\/2023\/04\/Screenshot_20230421-1805072.png\" alt=\"\" class=\"wp-image-108659\"\/><\/a><figcaption>Nas lojas Potiguar h\u00e1 diversos produtos com pegada ecol\u00f3gica, como torneiras que regulam e reduzem o jato de \u00e1gua, ajudando a economizar<\/figcaption><\/figure><\/div>\n\n\n\n<p>Trata-se de um mini-curso de corte e costura ofertado gratuitamente pela Potiguar para mulheres de baixa renda em comunidades de vulnerabilidade social da cidade sazonalmente. As mulheres aprendem uma nova habilidade \u2013 a costura, e usam as lonas pl\u00e1sticas doadas pela empresa para confeccionar diversos materiais como aventais, bolsas e mochilas que podem ser revendidas por elas. As lonas pl\u00e1sticas de propaganda que o Grupo Potiguar antes descartava, com o projeto ganharam um novo e nobre destino: Servir de mat\u00e9ria prima para gerar trabalho e renda, e mais dignidade social. A Potiguar contrata a artes\u00e3 Maria Divina para ministrar as aulas, e ela tamb\u00e9m recebe regularmente banners doados pela Potiguar para a reciclagem junto a outros grupos que a profissional coordena.<\/p>\n\n\n\n<p>Esses exemplos mostram claramente que mais empresas e pessoas f\u00edsicas tamb\u00e9m podem, e devem, ajudar a preservar e regenerar o meio ambiente. Que o Dia da Terra sirva para sensibilizar mais pessoas para essa causa que \u00e9 de toda a sociedade.<\/p>\n","protected":false},"excerpt":{"rendered":"<p>Data foi institu\u00edda com a inten\u00e7\u00e3o de sensibilizar o mundo sobre a necessidade urgente de preservar o planeta Nesse s\u00e1bado, [&hellip;]<\/p>\n","protected":false},"author":0,"featured_media":0,"comment_status":"open","ping_status":"open","sticky":false,"template":"","format":"standard","meta":{"site-sidebar-layout":"default","site-content-layout":"","ast-site-content-layout":"default","site-content-style":"default","site-sidebar-style":"default","ast-global-header-display":"","ast-banner-title-visibility":"","ast-main-header-display":"","ast-hfb-above-header-display":"","ast-hfb-below-header-display":"","ast-hfb-mobile-header-display":"","site-post-title":"","ast-breadcrumbs-content":"","ast-featured-img":"","footer-sml-layout":"","ast-disable-related-posts":"","theme-transparent-header-meta":"","adv-header-id-meta":"","stick-header-meta":"","header-above-stick-meta":"","header-main-stick-meta":"","header-below-stick-meta":"","astra-migrate-meta-layouts":"default","ast-page-background-enabled":"default","ast-page-background-meta":{"desktop":{"background-color":"var(--ast-global-color-5)","background-image":"","background-repeat":"repeat","background-position":"center center","background-size":"auto","background-attachment":"scroll","background-type":"","background-media":"","overlay-type":"","overlay-color":"","overlay-opacity":"","overlay-gradient":""},"tablet":{"background-color":"","background-image":"","background-repeat":"repeat","background-position":"center center","background-size":"auto","background-attachment":"scroll","background-type":"","background-media":"","overlay-type":"","overlay-color":"","overlay-opacity":"","overlay-gradient":""},"mobile":{"background-color":"","background-image":"","background-repeat":"repeat","background-position":"center center","background-size":"auto","background-attachment":"scroll","background-type":"","background-media":"","overlay-type":"","overlay-color":"","overlay-opacity":"","overlay-gradient":""}},"ast-content-background-meta":{"desktop":{"background-color":"var(--ast-global-color-4)","background-image":"","background-repeat":"repeat","background-position":"center center","background-size":"auto","background-attachment":"scroll","background-type":"","background-media":"","overlay-type":"","overlay-color":"","overlay-opacity":"","overlay-gradient":""},"tablet":{"background-color":"var(--ast-global-color-4)","background-image":"","background-repeat":"repeat","background-position":"center center","background-size":"auto","background-attachment":"scroll","background-type":"","background-media":"","overlay-type":"","overlay-color":"","overlay-opacity":"","overlay-gradient":""},"mobile":{"background-color":"var(--ast-global-color-4)","background-image":"","background-repeat":"repeat","background-position":"center center","background-size":"auto","background-attachment":"scroll","background-type":"","background-media":"","overlay-type":"","overlay-color":"","overlay-opacity":"","overlay-gradient":""}},"footnotes":""},"categories":[1],"tags":[],"class_list":["post-108655","post","type-post","status-publish","format-standard","hentry","category-sem-categoria"],"yoast_head":"<!-- This site is optimized with the Yoast SEO plugin v26.6 - https:\/\/yoast.com\/wordpress\/plugins\/seo\/ -->\n<title>Grupo Potiguar comemora Dia da Terra nesse s\u00e1bado (22) com a\u00e7\u00f5es de sustentabilidade - Daniel Matos<\/title>\n<meta name=\"robots\" content=\"index, follow, max-snippet:-1, max-image-preview:large, max-video-preview:-1\" \/>\n<link rel=\"canonical\" href=\"https:\/\/www.blogsoestado.com\/danielmatos\/grupo-potiguar-comemora-dia-da-terra-nesse-sabado-22-com-acoes-de-sustentabilidade\/\" \/>\n<meta property=\"og:locale\" content=\"pt_BR\" \/>\n<meta property=\"og:type\" content=\"article\" \/>\n<meta property=\"og:title\" content=\"Grupo Potiguar comemora Dia da Terra nesse s\u00e1bado (22) com a\u00e7\u00f5es de sustentabilidade - Daniel Matos\" \/>\n<meta property=\"og:description\" content=\"Data foi institu\u00edda com a inten\u00e7\u00e3o de sensibilizar o mundo sobre a necessidade urgente de preservar o planeta Nesse s\u00e1bado, [&hellip;]\" \/>\n<meta property=\"og:url\" content=\"https:\/\/www.blogsoestado.com\/danielmatos\/grupo-potiguar-comemora-dia-da-terra-nesse-sabado-22-com-acoes-de-sustentabilidade\/\" \/>\n<meta property=\"og:site_name\" content=\"Daniel Matos\" \/>\n<meta property=\"article:published_time\" content=\"2023-04-21T21:12:44+00:00\" \/>\n<meta property=\"og:image\" content=\"https:\/\/www.blogsoestado.com\/danielmatos\/files\/2023\/04\/Screenshot_20230421-1803472.png\" \/>\n<meta name=\"twitter:card\" content=\"summary_large_image\" \/>\n<meta name=\"twitter:label1\" content=\"Est. tempo de leitura\" \/>\n\t<meta name=\"twitter:data1\" content=\"6 minutos\" \/>\n<script type=\"application\/ld+json\" class=\"yoast-schema-graph\">{\"@context\":\"https:\/\/schema.org\",\"@graph\":[{\"@type\":\"WebPage\",\"@id\":\"https:\/\/www.blogsoestado.com\/danielmatos\/grupo-potiguar-comemora-dia-da-terra-nesse-sabado-22-com-acoes-de-sustentabilidade\/\",\"url\":\"https:\/\/www.blogsoestado.com\/danielmatos\/grupo-potiguar-comemora-dia-da-terra-nesse-sabado-22-com-acoes-de-sustentabilidade\/\",\"name\":\"Grupo Potiguar comemora Dia da Terra nesse s\u00e1bado (22) com a\u00e7\u00f5es de sustentabilidade - Daniel Matos\",\"isPartOf\":{\"@id\":\"https:\/\/www.blogsoestado.com\/danielmatos\/#website\"},\"primaryImageOfPage\":{\"@id\":\"https:\/\/www.blogsoestado.com\/danielmatos\/grupo-potiguar-comemora-dia-da-terra-nesse-sabado-22-com-acoes-de-sustentabilidade\/#primaryimage\"},\"image\":{\"@id\":\"https:\/\/www.blogsoestado.com\/danielmatos\/grupo-potiguar-comemora-dia-da-terra-nesse-sabado-22-com-acoes-de-sustentabilidade\/#primaryimage\"},\"thumbnailUrl\":\"https:\/\/www.blogsoestado.com\/danielmatos\/files\/2023\/04\/Screenshot_20230421-1803472.png\",\"datePublished\":\"2023-04-21T21:12:44+00:00\",\"author\":{\"@id\":\"\"},\"breadcrumb\":{\"@id\":\"https:\/\/www.blogsoestado.com\/danielmatos\/grupo-potiguar-comemora-dia-da-terra-nesse-sabado-22-com-acoes-de-sustentabilidade\/#breadcrumb\"},\"inLanguage\":\"pt-BR\",\"potentialAction\":[{\"@type\":\"ReadAction\",\"target\":[\"https:\/\/www.blogsoestado.com\/danielmatos\/grupo-potiguar-comemora-dia-da-terra-nesse-sabado-22-com-acoes-de-sustentabilidade\/\"]}]},{\"@type\":\"ImageObject\",\"inLanguage\":\"pt-BR\",\"@id\":\"https:\/\/www.blogsoestado.com\/danielmatos\/grupo-potiguar-comemora-dia-da-terra-nesse-sabado-22-com-acoes-de-sustentabilidade\/#primaryimage\",\"url\":\"https:\/\/www.blogsoestado.com\/danielmatos\/files\/2023\/04\/Screenshot_20230421-1803472.png\",\"contentUrl\":\"https:\/\/www.blogsoestado.com\/danielmatos\/files\/2023\/04\/Screenshot_20230421-1803472.png\"},{\"@type\":\"BreadcrumbList\",\"@id\":\"https:\/\/www.blogsoestado.com\/danielmatos\/grupo-potiguar-comemora-dia-da-terra-nesse-sabado-22-com-acoes-de-sustentabilidade\/#breadcrumb\",\"itemListElement\":[{\"@type\":\"ListItem\",\"position\":1,\"name\":\"In\u00edcio\",\"item\":\"https:\/\/www.blogsoestado.com\/danielmatos\/\"},{\"@type\":\"ListItem\",\"position\":2,\"name\":\"Grupo Potiguar comemora Dia da Terra nesse s\u00e1bado (22) com a\u00e7\u00f5es de sustentabilidade\"}]},{\"@type\":\"WebSite\",\"@id\":\"https:\/\/www.blogsoestado.com\/danielmatos\/#website\",\"url\":\"https:\/\/www.blogsoestado.com\/danielmatos\/\",\"name\":\"Daniel Matos\",\"description\":\"\",\"potentialAction\":[{\"@type\":\"SearchAction\",\"target\":{\"@type\":\"EntryPoint\",\"urlTemplate\":\"https:\/\/www.blogsoestado.com\/danielmatos\/?s={search_term_string}\"},\"query-input\":{\"@type\":\"PropertyValueSpecification\",\"valueRequired\":true,\"valueName\":\"search_term_string\"}}],\"inLanguage\":\"pt-BR\"}]}<\/script>\n<!-- \/ Yoast SEO plugin. -->","yoast_head_json":{"title":"Grupo Potiguar comemora Dia da Terra nesse s\u00e1bado (22) com a\u00e7\u00f5es de sustentabilidade - Daniel Matos","robots":{"index":"index","follow":"follow","max-snippet":"max-snippet:-1","max-image-preview":"max-image-preview:large","max-video-preview":"max-video-preview:-1"},"canonical":"https:\/\/www.blogsoestado.com\/danielmatos\/grupo-potiguar-comemora-dia-da-terra-nesse-sabado-22-com-acoes-de-sustentabilidade\/","og_locale":"pt_BR","og_type":"article","og_title":"Grupo Potiguar comemora Dia da Terra nesse s\u00e1bado (22) com a\u00e7\u00f5es de sustentabilidade - Daniel Matos","og_description":"Data foi institu\u00edda com a inten\u00e7\u00e3o de sensibilizar o mundo sobre a necessidade urgente de preservar o planeta Nesse s\u00e1bado, [&hellip;]","og_url":"https:\/\/www.blogsoestado.com\/danielmatos\/grupo-potiguar-comemora-dia-da-terra-nesse-sabado-22-com-acoes-de-sustentabilidade\/","og_site_name":"Daniel Matos","article_published_time":"2023-04-21T21:12:44+00:00","og_image":[{"url":"https:\/\/www.blogsoestado.com\/danielmatos\/files\/2023\/04\/Screenshot_20230421-1803472.png","type":"","width":"","height":""}],"twitter_card":"summary_large_image","twitter_misc":{"Est. tempo de leitura":"6 minutos"},"schema":{"@context":"https:\/\/schema.org","@graph":[{"@type":"WebPage","@id":"https:\/\/www.blogsoestado.com\/danielmatos\/grupo-potiguar-comemora-dia-da-terra-nesse-sabado-22-com-acoes-de-sustentabilidade\/","url":"https:\/\/www.blogsoestado.com\/danielmatos\/grupo-potiguar-comemora-dia-da-terra-nesse-sabado-22-com-acoes-de-sustentabilidade\/","name":"Grupo Potiguar comemora Dia da Terra nesse s\u00e1bado (22) com a\u00e7\u00f5es de sustentabilidade - Daniel Matos","isPartOf":{"@id":"https:\/\/www.blogsoestado.com\/danielmatos\/#website"},"primaryImageOfPage":{"@id":"https:\/\/www.blogsoestado.com\/danielmatos\/grupo-potiguar-comemora-dia-da-terra-nesse-sabado-22-com-acoes-de-sustentabilidade\/#primaryimage"},"image":{"@id":"https:\/\/www.blogsoestado.com\/danielmatos\/grupo-potiguar-comemora-dia-da-terra-nesse-sabado-22-com-acoes-de-sustentabilidade\/#primaryimage"},"thumbnailUrl":"https:\/\/www.blogsoestado.com\/danielmatos\/files\/2023\/04\/Screenshot_20230421-1803472.png","datePublished":"2023-04-21T21:12:44+00:00","author":{"@id":""},"breadcrumb":{"@id":"https:\/\/www.blogsoestado.com\/danielmatos\/grupo-potiguar-comemora-dia-da-terra-nesse-sabado-22-com-acoes-de-sustentabilidade\/#breadcrumb"},"inLanguage":"pt-BR","potentialAction":[{"@type":"ReadAction","target":["https:\/\/www.blogsoestado.com\/danielmatos\/grupo-potiguar-comemora-dia-da-terra-nesse-sabado-22-com-acoes-de-sustentabilidade\/"]}]},{"@type":"ImageObject","inLanguage":"pt-BR","@id":"https:\/\/www.blogsoestado.com\/danielmatos\/grupo-potiguar-comemora-dia-da-terra-nesse-sabado-22-com-acoes-de-sustentabilidade\/#primaryimage","url":"https:\/\/www.blogsoestado.com\/danielmatos\/files\/2023\/04\/Screenshot_20230421-1803472.png","contentUrl":"https:\/\/www.blogsoestado.com\/danielmatos\/files\/2023\/04\/Screenshot_20230421-1803472.png"},{"@type":"BreadcrumbList","@id":"https:\/\/www.blogsoestado.com\/danielmatos\/grupo-potiguar-comemora-dia-da-terra-nesse-sabado-22-com-acoes-de-sustentabilidade\/#breadcrumb","itemListElement":[{"@type":"ListItem","position":1,"name":"In\u00edcio","item":"https:\/\/www.blogsoestado.com\/danielmatos\/"},{"@type":"ListItem","position":2,"name":"Grupo Potiguar comemora Dia da Terra nesse s\u00e1bado (22) com a\u00e7\u00f5es de sustentabilidade"}]},{"@type":"WebSite","@id":"https:\/\/www.blogsoestado.com\/danielmatos\/#website","url":"https:\/\/www.blogsoestado.com\/danielmatos\/","name":"Daniel Matos","description":"","potentialAction":[{"@type":"SearchAction","target":{"@type":"EntryPoint","urlTemplate":"https:\/\/www.blogsoestado.com\/danielmatos\/?s={search_term_string}"},"query-input":{"@type":"PropertyValueSpecification","valueRequired":true,"valueName":"search_term_string"}}],"inLanguage":"pt-BR"}]}},"jetpack_featured_media_url":"","_links":{"self":[{"href":"https:\/\/www.blogsoestado.com\/danielmatos\/wp-json\/wp\/v2\/posts\/108655","targetHints":{"allow":["GET"]}}],"collection":[{"href":"https:\/\/www.blogsoestado.com\/danielmatos\/wp-json\/wp\/v2\/posts"}],"about":[{"href":"https:\/\/www.blogsoestado.com\/danielmatos\/wp-json\/wp\/v2\/types\/post"}],"replies":[{"embeddable":true,"href":"https:\/\/www.blogsoestado.com\/danielmatos\/wp-json\/wp\/v2\/comments?post=108655"}],"version-history":[{"count":0,"href":"https:\/\/www.blogsoestado.com\/danielmatos\/wp-json\/wp\/v2\/posts\/108655\/revisions"}],"wp:attachment":[{"href":"https:\/\/www.blogsoestado.com\/danielmatos\/wp-json\/wp\/v2\/media?parent=108655"}],"wp:term":[{"taxonomy":"category","embeddable":true,"href":"https:\/\/www.blogsoestado.com\/danielmatos\/wp-json\/wp\/v2\/categories?post=108655"},{"taxonomy":"post_tag","embeddable":true,"href":"https:\/\/www.blogsoestado.com\/danielmatos\/wp-json\/wp\/v2\/tags?post=108655"}],"curies":[{"name":"wp","href":"https:\/\/api.w.org\/{rel}","templated":true}]}}