{"id":108673,"date":"2023-04-22T09:00:00","date_gmt":"2023-04-22T12:00:00","guid":{"rendered":"https:\/\/www.blogsoestado.com\/danielmatos\/?p=108673"},"modified":"2023-04-22T09:00:00","modified_gmt":"2023-04-22T12:00:00","slug":"universidade-ceuma-inscreve-para-o-vestibular-de-medicina","status":"publish","type":"post","link":"https:\/\/www.blogsoestado.com\/danielmatos\/universidade-ceuma-inscreve-para-o-vestibular-de-medicina\/","title":{"rendered":"Universidade Ceuma abre inscri\u00e7\u00f5es para mais um vestibular de Medicina"},"content":{"rendered":"\n<p><strong><span class=\"has-inline-color has-vivid-cyan-blue-color\">Prova ser\u00e1 aplicada no dia 28 de maio; candidatos tamb\u00e9m podem usar a nota no Enem<\/span><\/strong><\/p>\n\n\n\n<div class=\"wp-block-image\"><figure class=\"aligncenter size-large\"><a href=\"https:\/\/www.blogsoestado.com\/danielmatos\/files\/2023\/04\/Screenshot_20230422-0339482.png\"><img decoding=\"async\" src=\"https:\/\/www.blogsoestado.com\/danielmatos\/files\/2023\/04\/Screenshot_20230422-0339482-649x1024.png\" alt=\"\" class=\"wp-image-108674\"\/><\/a><\/figure><\/div>\n\n\n\n<p>A Universidade Ceuma abriu inscri\u00e7\u00f5es para o Vestibular de Medicina. Para participar do certame e cursar a gradua\u00e7\u00e3o com professores altamente capacitados, a melhor estrutura acad\u00eamica e garantia de ingresso no mercado de trabalho, <strong>clique <a href=\"https:\/\/www.extranet.ceuma.br\/novoportal\/vestibular\/ceuma?utm_source=google&amp;utm_medium=cpc&amp;utm_campaign=ceuma_sao-luis_medicina_2023_oxy&amp;gclid=Cj0KCQjwi46iBhDyARIsAE3nVrYKWG_3Lt8i5V_xVkUcdVWZL8UiWb0rcIrXi0e4rJALaijGsNULHdEaAj5pEALw_wcB\">aqui<\/a><\/strong>. As provas ser\u00e3o aplicadas no dia 28 de maio. Os candidatos tamb\u00e9m t\u00eam a op\u00e7\u00e3o de usar a nota no Exame Nacional do Ensino M\u00e9dio (Enem).<\/p>\n\n\n\n<p>Saiba mais:<\/p>\n\n\n\n<p><strong>O que faz um m\u00e9dico?<\/strong><\/p>\n\n\n\n<p>Para qualquer problema na sa\u00fade humana, \u00e9 preciso haver algu\u00e9m pra tratar e curar. Seja crian\u00e7a, adulto ou idoso, cirurgia ou terapia, rotina ou caso raro. Precisa de pessoas pra identificar sintomas, diagnosticar causas, prescrever exames, indicar medica\u00e7\u00e3o, acompanhar a recupera\u00e7\u00e3o, avaliar procedimentos, monitorar os efeitos e coordenar auxiliares. S\u00e3o conhecimentos cient\u00edficos e habilidades humanas apuradas que garantem sa\u00fade integral \u00e0s pessoas e tratamento eficaz aos pacientes.<\/p>\n\n\n\n<p><strong>Por que cursar Medicina na Universidade Ceuma?<\/strong><\/p>\n\n\n\n<p>No Maranh\u00e3o, o curso de Medicina da Universidade Ceuma \u00e9 o \u00fanico em uma institui\u00e7\u00e3o particular de ensino superior. Tem abordagem focada no preparo t\u00e9cnico-cient\u00edfico e na habilidade humana de lidar com a dor, ou seja, a sensibilidade humana \u00e9 crit\u00e9rio central na forma\u00e7\u00e3o dos alunos. Conta com o Laborat\u00f3rio de Simula\u00e7\u00e3o Real\u00edstica, equipado com rob\u00f4 e softwares que reproduzem nas aulas pr\u00e1ticas a viv\u00eancia de tratamentos eletivos ou de urg\u00eancia e emerg\u00eancia hospitalar. Os professores t\u00eam forma\u00e7\u00e3o de mestrado e doutorado e s\u00e3o renomados na pr\u00e1tica de suas especializa\u00e7\u00f5es. <\/p>\n\n\n\n<p>O curso disp\u00f5e de Laborat\u00f3rios Did\u00e1ticos: o de Habilidades M\u00e9dicas, o Morfofuncional e o de Habilidades Cir\u00fargicas (Biot\u00e9rio). Na Cl\u00ednica-Escola, os alunos prestam atendimento \u00e0 popula\u00e7\u00e3o supervisionados por professores. Do 1\u00ba ao 8\u00ba Z\u00e9per\u00edodos, eles acompanham ou executam atendimentos em unidades p\u00fablicas de sa\u00fade por meio do Programa de Integra\u00e7\u00e3o B\u00e1sica em Sa\u00fade (PIBS). Do 9\u00ba ao 12\u00ba per\u00edodos, ingressam no Internato M\u00e9dico (est\u00e1gio) nas \u00e1reas de Sa\u00fade do Adulto e Idoso, Sa\u00fade da Mulher, Sa\u00fade Mental, Sa\u00fade da Crian\u00e7a, Sa\u00fade Coletiva e Planejamento\/Gest\u00e3o em Sa\u00fade.<\/p>\n\n\n\n<p><strong>Aprendizado<\/strong><\/p>\n\n\n\n<p>No ciclo b\u00e1sico, conhecimentos cient\u00edficos em Anatomia, Histologia, Patologia, Microbiologia, Imunologia, Semiologia, Embriologia, al\u00e9m dos espec\u00edficos em Sa\u00fade da Crian\u00e7a, da Mulher, do Adulto e Idoso. Outro enfoque \u00e9 o aperfei\u00e7oamento das habilidades humanas em viv\u00eancias di\u00e1rias de aulas pr\u00e1ticas e est\u00e1gios que preparam os alunos para lidar com situa\u00e7\u00f5es de morte, doen\u00e7as cr\u00f4nicas e degenerativas. O curso valoriza tanto o preparo t\u00e9cnico e cient\u00edfico da profiss\u00e3o quanto o aspecto da sensibilidade humana para com a dor e a fragilidade do paciente e de familiares.<\/p>\n\n\n\n<p><strong>Melhor prepara\u00e7\u00e3o<\/strong><\/p>\n\n\n\n<p>A Universidade Ceuma garante a melhor qualifica\u00e7\u00e3o para voc\u00ea trabalhar em consult\u00f3rios, c\u00ednicas, hospitais gerais e especializados ou em centros privados de sa\u00fade, nos quais o atendimento se ramifica em Fam\u00edlia, Mulher, Crian\u00e7a e Adolescente, Adulto e Idoso. As especializa\u00e7\u00f5es m\u00e9dicas s\u00e3o muitas, de Cl\u00ednica Geral a Cirurgia, Pediatria, Geriatria, Medicina Legal, Medicina do Trabalho, entre muitas outras. A pesquisa cient\u00edfica e a carreira acad\u00eamica s\u00e3o outros campos promissores. Fora do ambiente das unidades de sa\u00fade, voc\u00ea tamb\u00e9m pode trabalhar com equipes de resgate em acidentes.<\/p>\n","protected":false},"excerpt":{"rendered":"<p>Prova ser\u00e1 aplicada no dia 28 de maio; candidatos tamb\u00e9m podem usar a nota no Enem A Universidade Ceuma abriu [&hellip;]<\/p>\n","protected":false},"author":0,"featured_media":0,"comment_status":"open","ping_status":"open","sticky":false,"template":"","format":"standard","meta":{"site-sidebar-layout":"default","site-content-layout":"","ast-site-content-layout":"default","site-content-style":"default","site-sidebar-style":"default","ast-global-header-display":"","ast-banner-title-visibility":"","ast-main-header-display":"","ast-hfb-above-header-display":"","ast-hfb-below-header-display":"","ast-hfb-mobile-header-display":"","site-post-title":"","ast-breadcrumbs-content":"","ast-featured-img":"","footer-sml-layout":"","ast-disable-related-posts":"","theme-transparent-header-meta":"","adv-header-id-meta":"","stick-header-meta":"","header-above-stick-meta":"","header-main-stick-meta":"","header-below-stick-meta":"","astra-migrate-meta-layouts":"default","ast-page-background-enabled":"default","ast-page-background-meta":{"desktop":{"background-color":"var(--ast-global-color-5)","background-image":"","background-repeat":"repeat","background-position":"center center","background-size":"auto","background-attachment":"scroll","background-type":"","background-media":"","overlay-type":"","overlay-color":"","overlay-opacity":"","overlay-gradient":""},"tablet":{"background-color":"","background-image":"","background-repeat":"repeat","background-position":"center center","background-size":"auto","background-attachment":"scroll","background-type":"","background-media":"","overlay-type":"","overlay-color":"","overlay-opacity":"","overlay-gradient":""},"mobile":{"background-color":"","background-image":"","background-repeat":"repeat","background-position":"center center","background-size":"auto","background-attachment":"scroll","background-type":"","background-media":"","overlay-type":"","overlay-color":"","overlay-opacity":"","overlay-gradient":""}},"ast-content-background-meta":{"desktop":{"background-color":"var(--ast-global-color-4)","background-image":"","background-repeat":"repeat","background-position":"center center","background-size":"auto","background-attachment":"scroll","background-type":"","background-media":"","overlay-type":"","overlay-color":"","overlay-opacity":"","overlay-gradient":""},"tablet":{"background-color":"var(--ast-global-color-4)","background-image":"","background-repeat":"repeat","background-position":"center center","background-size":"auto","background-attachment":"scroll","background-type":"","background-media":"","overlay-type":"","overlay-color":"","overlay-opacity":"","overlay-gradient":""},"mobile":{"background-color":"var(--ast-global-color-4)","background-image":"","background-repeat":"repeat","background-position":"center center","background-size":"auto","background-attachment":"scroll","background-type":"","background-media":"","overlay-type":"","overlay-color":"","overlay-opacity":"","overlay-gradient":""}},"footnotes":""},"categories":[1],"tags":[],"class_list":["post-108673","post","type-post","status-publish","format-standard","hentry","category-sem-categoria"],"yoast_head":"<!-- This site is optimized with the Yoast SEO plugin v26.6 - https:\/\/yoast.com\/wordpress\/plugins\/seo\/ -->\n<title>Universidade Ceuma abre inscri\u00e7\u00f5es para mais um vestibular de Medicina - Daniel Matos<\/title>\n<meta name=\"robots\" content=\"index, follow, max-snippet:-1, max-image-preview:large, max-video-preview:-1\" \/>\n<link rel=\"canonical\" href=\"https:\/\/www.blogsoestado.com\/danielmatos\/universidade-ceuma-inscreve-para-o-vestibular-de-medicina\/\" \/>\n<meta property=\"og:locale\" content=\"pt_BR\" \/>\n<meta property=\"og:type\" content=\"article\" \/>\n<meta property=\"og:title\" content=\"Universidade Ceuma abre inscri\u00e7\u00f5es para mais um vestibular de Medicina - Daniel Matos\" \/>\n<meta property=\"og:description\" content=\"Prova ser\u00e1 aplicada no dia 28 de maio; candidatos tamb\u00e9m podem usar a nota no Enem A Universidade Ceuma abriu [&hellip;]\" \/>\n<meta property=\"og:url\" content=\"https:\/\/www.blogsoestado.com\/danielmatos\/universidade-ceuma-inscreve-para-o-vestibular-de-medicina\/\" \/>\n<meta property=\"og:site_name\" content=\"Daniel Matos\" \/>\n<meta property=\"article:published_time\" content=\"2023-04-22T12:00:00+00:00\" \/>\n<meta property=\"og:image\" content=\"https:\/\/www.blogsoestado.com\/danielmatos\/files\/2023\/04\/Screenshot_20230422-0339482-649x1024.png\" \/>\n<meta name=\"twitter:card\" content=\"summary_large_image\" \/>\n<meta name=\"twitter:label1\" content=\"Est. tempo de leitura\" \/>\n\t<meta name=\"twitter:data1\" content=\"3 minutos\" \/>\n<script type=\"application\/ld+json\" class=\"yoast-schema-graph\">{\"@context\":\"https:\/\/schema.org\",\"@graph\":[{\"@type\":\"WebPage\",\"@id\":\"https:\/\/www.blogsoestado.com\/danielmatos\/universidade-ceuma-inscreve-para-o-vestibular-de-medicina\/\",\"url\":\"https:\/\/www.blogsoestado.com\/danielmatos\/universidade-ceuma-inscreve-para-o-vestibular-de-medicina\/\",\"name\":\"Universidade Ceuma abre inscri\u00e7\u00f5es para mais um vestibular de Medicina - Daniel Matos\",\"isPartOf\":{\"@id\":\"https:\/\/www.blogsoestado.com\/danielmatos\/#website\"},\"primaryImageOfPage\":{\"@id\":\"https:\/\/www.blogsoestado.com\/danielmatos\/universidade-ceuma-inscreve-para-o-vestibular-de-medicina\/#primaryimage\"},\"image\":{\"@id\":\"https:\/\/www.blogsoestado.com\/danielmatos\/universidade-ceuma-inscreve-para-o-vestibular-de-medicina\/#primaryimage\"},\"thumbnailUrl\":\"https:\/\/www.blogsoestado.com\/danielmatos\/files\/2023\/04\/Screenshot_20230422-0339482-649x1024.png\",\"datePublished\":\"2023-04-22T12:00:00+00:00\",\"author\":{\"@id\":\"\"},\"breadcrumb\":{\"@id\":\"https:\/\/www.blogsoestado.com\/danielmatos\/universidade-ceuma-inscreve-para-o-vestibular-de-medicina\/#breadcrumb\"},\"inLanguage\":\"pt-BR\",\"potentialAction\":[{\"@type\":\"ReadAction\",\"target\":[\"https:\/\/www.blogsoestado.com\/danielmatos\/universidade-ceuma-inscreve-para-o-vestibular-de-medicina\/\"]}]},{\"@type\":\"ImageObject\",\"inLanguage\":\"pt-BR\",\"@id\":\"https:\/\/www.blogsoestado.com\/danielmatos\/universidade-ceuma-inscreve-para-o-vestibular-de-medicina\/#primaryimage\",\"url\":\"https:\/\/www.blogsoestado.com\/danielmatos\/files\/2023\/04\/Screenshot_20230422-0339482-649x1024.png\",\"contentUrl\":\"https:\/\/www.blogsoestado.com\/danielmatos\/files\/2023\/04\/Screenshot_20230422-0339482-649x1024.png\"},{\"@type\":\"BreadcrumbList\",\"@id\":\"https:\/\/www.blogsoestado.com\/danielmatos\/universidade-ceuma-inscreve-para-o-vestibular-de-medicina\/#breadcrumb\",\"itemListElement\":[{\"@type\":\"ListItem\",\"position\":1,\"name\":\"In\u00edcio\",\"item\":\"https:\/\/www.blogsoestado.com\/danielmatos\/\"},{\"@type\":\"ListItem\",\"position\":2,\"name\":\"Universidade Ceuma abre inscri\u00e7\u00f5es para mais um vestibular de Medicina\"}]},{\"@type\":\"WebSite\",\"@id\":\"https:\/\/www.blogsoestado.com\/danielmatos\/#website\",\"url\":\"https:\/\/www.blogsoestado.com\/danielmatos\/\",\"name\":\"Daniel Matos\",\"description\":\"\",\"potentialAction\":[{\"@type\":\"SearchAction\",\"target\":{\"@type\":\"EntryPoint\",\"urlTemplate\":\"https:\/\/www.blogsoestado.com\/danielmatos\/?s={search_term_string}\"},\"query-input\":{\"@type\":\"PropertyValueSpecification\",\"valueRequired\":true,\"valueName\":\"search_term_string\"}}],\"inLanguage\":\"pt-BR\"}]}<\/script>\n<!-- \/ Yoast SEO plugin. -->","yoast_head_json":{"title":"Universidade Ceuma abre inscri\u00e7\u00f5es para mais um vestibular de Medicina - Daniel Matos","robots":{"index":"index","follow":"follow","max-snippet":"max-snippet:-1","max-image-preview":"max-image-preview:large","max-video-preview":"max-video-preview:-1"},"canonical":"https:\/\/www.blogsoestado.com\/danielmatos\/universidade-ceuma-inscreve-para-o-vestibular-de-medicina\/","og_locale":"pt_BR","og_type":"article","og_title":"Universidade Ceuma abre inscri\u00e7\u00f5es para mais um vestibular de Medicina - Daniel Matos","og_description":"Prova ser\u00e1 aplicada no dia 28 de maio; candidatos tamb\u00e9m podem usar a nota no Enem A Universidade Ceuma abriu [&hellip;]","og_url":"https:\/\/www.blogsoestado.com\/danielmatos\/universidade-ceuma-inscreve-para-o-vestibular-de-medicina\/","og_site_name":"Daniel Matos","article_published_time":"2023-04-22T12:00:00+00:00","og_image":[{"url":"https:\/\/www.blogsoestado.com\/danielmatos\/files\/2023\/04\/Screenshot_20230422-0339482-649x1024.png","type":"","width":"","height":""}],"twitter_card":"summary_large_image","twitter_misc":{"Est. tempo de leitura":"3 minutos"},"schema":{"@context":"https:\/\/schema.org","@graph":[{"@type":"WebPage","@id":"https:\/\/www.blogsoestado.com\/danielmatos\/universidade-ceuma-inscreve-para-o-vestibular-de-medicina\/","url":"https:\/\/www.blogsoestado.com\/danielmatos\/universidade-ceuma-inscreve-para-o-vestibular-de-medicina\/","name":"Universidade Ceuma abre inscri\u00e7\u00f5es para mais um vestibular de Medicina - Daniel Matos","isPartOf":{"@id":"https:\/\/www.blogsoestado.com\/danielmatos\/#website"},"primaryImageOfPage":{"@id":"https:\/\/www.blogsoestado.com\/danielmatos\/universidade-ceuma-inscreve-para-o-vestibular-de-medicina\/#primaryimage"},"image":{"@id":"https:\/\/www.blogsoestado.com\/danielmatos\/universidade-ceuma-inscreve-para-o-vestibular-de-medicina\/#primaryimage"},"thumbnailUrl":"https:\/\/www.blogsoestado.com\/danielmatos\/files\/2023\/04\/Screenshot_20230422-0339482-649x1024.png","datePublished":"2023-04-22T12:00:00+00:00","author":{"@id":""},"breadcrumb":{"@id":"https:\/\/www.blogsoestado.com\/danielmatos\/universidade-ceuma-inscreve-para-o-vestibular-de-medicina\/#breadcrumb"},"inLanguage":"pt-BR","potentialAction":[{"@type":"ReadAction","target":["https:\/\/www.blogsoestado.com\/danielmatos\/universidade-ceuma-inscreve-para-o-vestibular-de-medicina\/"]}]},{"@type":"ImageObject","inLanguage":"pt-BR","@id":"https:\/\/www.blogsoestado.com\/danielmatos\/universidade-ceuma-inscreve-para-o-vestibular-de-medicina\/#primaryimage","url":"https:\/\/www.blogsoestado.com\/danielmatos\/files\/2023\/04\/Screenshot_20230422-0339482-649x1024.png","contentUrl":"https:\/\/www.blogsoestado.com\/danielmatos\/files\/2023\/04\/Screenshot_20230422-0339482-649x1024.png"},{"@type":"BreadcrumbList","@id":"https:\/\/www.blogsoestado.com\/danielmatos\/universidade-ceuma-inscreve-para-o-vestibular-de-medicina\/#breadcrumb","itemListElement":[{"@type":"ListItem","position":1,"name":"In\u00edcio","item":"https:\/\/www.blogsoestado.com\/danielmatos\/"},{"@type":"ListItem","position":2,"name":"Universidade Ceuma abre inscri\u00e7\u00f5es para mais um vestibular de Medicina"}]},{"@type":"WebSite","@id":"https:\/\/www.blogsoestado.com\/danielmatos\/#website","url":"https:\/\/www.blogsoestado.com\/danielmatos\/","name":"Daniel Matos","description":"","potentialAction":[{"@type":"SearchAction","target":{"@type":"EntryPoint","urlTemplate":"https:\/\/www.blogsoestado.com\/danielmatos\/?s={search_term_string}"},"query-input":{"@type":"PropertyValueSpecification","valueRequired":true,"valueName":"search_term_string"}}],"inLanguage":"pt-BR"}]}},"jetpack_featured_media_url":"","_links":{"self":[{"href":"https:\/\/www.blogsoestado.com\/danielmatos\/wp-json\/wp\/v2\/posts\/108673","targetHints":{"allow":["GET"]}}],"collection":[{"href":"https:\/\/www.blogsoestado.com\/danielmatos\/wp-json\/wp\/v2\/posts"}],"about":[{"href":"https:\/\/www.blogsoestado.com\/danielmatos\/wp-json\/wp\/v2\/types\/post"}],"replies":[{"embeddable":true,"href":"https:\/\/www.blogsoestado.com\/danielmatos\/wp-json\/wp\/v2\/comments?post=108673"}],"version-history":[{"count":0,"href":"https:\/\/www.blogsoestado.com\/danielmatos\/wp-json\/wp\/v2\/posts\/108673\/revisions"}],"wp:attachment":[{"href":"https:\/\/www.blogsoestado.com\/danielmatos\/wp-json\/wp\/v2\/media?parent=108673"}],"wp:term":[{"taxonomy":"category","embeddable":true,"href":"https:\/\/www.blogsoestado.com\/danielmatos\/wp-json\/wp\/v2\/categories?post=108673"},{"taxonomy":"post_tag","embeddable":true,"href":"https:\/\/www.blogsoestado.com\/danielmatos\/wp-json\/wp\/v2\/tags?post=108673"}],"curies":[{"name":"wp","href":"https:\/\/api.w.org\/{rel}","templated":true}]}}