{"id":108695,"date":"2023-04-23T15:57:25","date_gmt":"2023-04-23T18:57:25","guid":{"rendered":"https:\/\/www.blogsoestado.com\/danielmatos\/?p=108695"},"modified":"2023-04-23T15:57:25","modified_gmt":"2023-04-23T18:57:25","slug":"prf-aborda-condutores-na-br-135-na-volta-para-casa-apos-o-feriado-prolongado","status":"publish","type":"post","link":"https:\/\/www.blogsoestado.com\/danielmatos\/prf-aborda-condutores-na-br-135-na-volta-para-casa-apos-o-feriado-prolongado\/","title":{"rendered":"PRF aborda condutores na BR-135 na volta para casa ap\u00f3s o feriado prolongado"},"content":{"rendered":"\n<div class=\"wp-block-image\"><figure class=\"aligncenter size-large\"><a href=\"https:\/\/www.blogsoestado.com\/danielmatos\/files\/2023\/04\/Screenshot_20230423-1537592.png\"><img decoding=\"async\" src=\"https:\/\/www.blogsoestado.com\/danielmatos\/files\/2023\/04\/Screenshot_20230423-1537592.png\" alt=\"\" class=\"wp-image-108696\"\/><\/a><figcaption>Policial rodovi\u00e1rio federal verifica documenta\u00e7\u00e3o de motorista e ve\u00edculo em abordagem em BR no Maranh\u00e3o<\/figcaption><\/figure><\/div>\n\n\n\n<p>A Pol\u00edcia Rodovi\u00e1ria Federal (PRF) intensificou as abordagens a condutores neste domingo (23) por causa do aumento expressivo do fluxo de tr\u00e1fego de ve\u00edculos na volta para casa ap\u00f3s o feriado prolongado de Tiradentes. O foco principal das a\u00e7\u00f5es \u00e9 o trecho da BR-135 que d\u00e1 acesso a S\u00e3o Lu\u00eds, onde \u00e9 registrado maior movimento, no sentido interior- capital. <\/p>\n\n\n\n<p>Os patrulheiros verificam, sobretudo, documentos, condi\u00e7\u00f5es dos ve\u00edculos e o transporte de passageiros e ve\u00edculos, a fim de coibir pr\u00e1ticas que estejam em desacordo com a lei.<\/p>\n\n\n\n<p>O resultado da Opera\u00e7\u00e3o Tiradentes, deflagrado pela PRF na \u00faltima quinta-feira (21), deve ser divulgado nessa segunda-feira (24).<\/p>\n","protected":false},"excerpt":{"rendered":"<p>A Pol\u00edcia Rodovi\u00e1ria Federal (PRF) intensificou as abordagens a condutores neste domingo (23) por causa do aumento expressivo do fluxo [&hellip;]<\/p>\n","protected":false},"author":0,"featured_media":0,"comment_status":"open","ping_status":"open","sticky":false,"template":"","format":"standard","meta":{"site-sidebar-layout":"default","site-content-layout":"","ast-site-content-layout":"default","site-content-style":"default","site-sidebar-style":"default","ast-global-header-display":"","ast-banner-title-visibility":"","ast-main-header-display":"","ast-hfb-above-header-display":"","ast-hfb-below-header-display":"","ast-hfb-mobile-header-display":"","site-post-title":"","ast-breadcrumbs-content":"","ast-featured-img":"","footer-sml-layout":"","ast-disable-related-posts":"","theme-transparent-header-meta":"","adv-header-id-meta":"","stick-header-meta":"","header-above-stick-meta":"","header-main-stick-meta":"","header-below-stick-meta":"","astra-migrate-meta-layouts":"default","ast-page-background-enabled":"default","ast-page-background-meta":{"desktop":{"background-color":"var(--ast-global-color-5)","background-image":"","background-repeat":"repeat","background-position":"center center","background-size":"auto","background-attachment":"scroll","background-type":"","background-media":"","overlay-type":"","overlay-color":"","overlay-opacity":"","overlay-gradient":""},"tablet":{"background-color":"","background-image":"","background-repeat":"repeat","background-position":"center center","background-size":"auto","background-attachment":"scroll","background-type":"","background-media":"","overlay-type":"","overlay-color":"","overlay-opacity":"","overlay-gradient":""},"mobile":{"background-color":"","background-image":"","background-repeat":"repeat","background-position":"center center","background-size":"auto","background-attachment":"scroll","background-type":"","background-media":"","overlay-type":"","overlay-color":"","overlay-opacity":"","overlay-gradient":""}},"ast-content-background-meta":{"desktop":{"background-color":"var(--ast-global-color-4)","background-image":"","background-repeat":"repeat","background-position":"center center","background-size":"auto","background-attachment":"scroll","background-type":"","background-media":"","overlay-type":"","overlay-color":"","overlay-opacity":"","overlay-gradient":""},"tablet":{"background-color":"var(--ast-global-color-4)","background-image":"","background-repeat":"repeat","background-position":"center center","background-size":"auto","background-attachment":"scroll","background-type":"","background-media":"","overlay-type":"","overlay-color":"","overlay-opacity":"","overlay-gradient":""},"mobile":{"background-color":"var(--ast-global-color-4)","background-image":"","background-repeat":"repeat","background-position":"center center","background-size":"auto","background-attachment":"scroll","background-type":"","background-media":"","overlay-type":"","overlay-color":"","overlay-opacity":"","overlay-gradient":""}},"footnotes":""},"categories":[1],"tags":[],"class_list":["post-108695","post","type-post","status-publish","format-standard","hentry","category-sem-categoria"],"yoast_head":"<!-- This site is optimized with the Yoast SEO plugin v26.6 - https:\/\/yoast.com\/wordpress\/plugins\/seo\/ -->\n<title>PRF aborda condutores na BR-135 na volta para casa ap\u00f3s o feriado prolongado - Daniel Matos<\/title>\n<meta name=\"robots\" content=\"index, follow, max-snippet:-1, max-image-preview:large, max-video-preview:-1\" \/>\n<link rel=\"canonical\" href=\"https:\/\/www.blogsoestado.com\/danielmatos\/prf-aborda-condutores-na-br-135-na-volta-para-casa-apos-o-feriado-prolongado\/\" \/>\n<meta property=\"og:locale\" content=\"pt_BR\" \/>\n<meta property=\"og:type\" content=\"article\" \/>\n<meta property=\"og:title\" content=\"PRF aborda condutores na BR-135 na volta para casa ap\u00f3s o feriado prolongado - Daniel Matos\" \/>\n<meta property=\"og:description\" content=\"A Pol\u00edcia Rodovi\u00e1ria Federal (PRF) intensificou as abordagens a condutores neste domingo (23) por causa do aumento expressivo do fluxo [&hellip;]\" \/>\n<meta property=\"og:url\" content=\"https:\/\/www.blogsoestado.com\/danielmatos\/prf-aborda-condutores-na-br-135-na-volta-para-casa-apos-o-feriado-prolongado\/\" \/>\n<meta property=\"og:site_name\" content=\"Daniel Matos\" \/>\n<meta property=\"article:published_time\" content=\"2023-04-23T18:57:25+00:00\" \/>\n<meta property=\"og:image\" content=\"https:\/\/www.blogsoestado.com\/danielmatos\/files\/2023\/04\/Screenshot_20230423-1537592.png\" \/>\n<meta name=\"twitter:card\" content=\"summary_large_image\" \/>\n<meta name=\"twitter:label1\" content=\"Est. tempo de leitura\" \/>\n\t<meta name=\"twitter:data1\" content=\"1 minuto\" \/>\n<script type=\"application\/ld+json\" class=\"yoast-schema-graph\">{\"@context\":\"https:\/\/schema.org\",\"@graph\":[{\"@type\":\"WebPage\",\"@id\":\"https:\/\/www.blogsoestado.com\/danielmatos\/prf-aborda-condutores-na-br-135-na-volta-para-casa-apos-o-feriado-prolongado\/\",\"url\":\"https:\/\/www.blogsoestado.com\/danielmatos\/prf-aborda-condutores-na-br-135-na-volta-para-casa-apos-o-feriado-prolongado\/\",\"name\":\"PRF aborda condutores na BR-135 na volta para casa ap\u00f3s o feriado prolongado - Daniel Matos\",\"isPartOf\":{\"@id\":\"https:\/\/www.blogsoestado.com\/danielmatos\/#website\"},\"primaryImageOfPage\":{\"@id\":\"https:\/\/www.blogsoestado.com\/danielmatos\/prf-aborda-condutores-na-br-135-na-volta-para-casa-apos-o-feriado-prolongado\/#primaryimage\"},\"image\":{\"@id\":\"https:\/\/www.blogsoestado.com\/danielmatos\/prf-aborda-condutores-na-br-135-na-volta-para-casa-apos-o-feriado-prolongado\/#primaryimage\"},\"thumbnailUrl\":\"https:\/\/www.blogsoestado.com\/danielmatos\/files\/2023\/04\/Screenshot_20230423-1537592.png\",\"datePublished\":\"2023-04-23T18:57:25+00:00\",\"author\":{\"@id\":\"\"},\"breadcrumb\":{\"@id\":\"https:\/\/www.blogsoestado.com\/danielmatos\/prf-aborda-condutores-na-br-135-na-volta-para-casa-apos-o-feriado-prolongado\/#breadcrumb\"},\"inLanguage\":\"pt-BR\",\"potentialAction\":[{\"@type\":\"ReadAction\",\"target\":[\"https:\/\/www.blogsoestado.com\/danielmatos\/prf-aborda-condutores-na-br-135-na-volta-para-casa-apos-o-feriado-prolongado\/\"]}]},{\"@type\":\"ImageObject\",\"inLanguage\":\"pt-BR\",\"@id\":\"https:\/\/www.blogsoestado.com\/danielmatos\/prf-aborda-condutores-na-br-135-na-volta-para-casa-apos-o-feriado-prolongado\/#primaryimage\",\"url\":\"https:\/\/www.blogsoestado.com\/danielmatos\/files\/2023\/04\/Screenshot_20230423-1537592.png\",\"contentUrl\":\"https:\/\/www.blogsoestado.com\/danielmatos\/files\/2023\/04\/Screenshot_20230423-1537592.png\"},{\"@type\":\"BreadcrumbList\",\"@id\":\"https:\/\/www.blogsoestado.com\/danielmatos\/prf-aborda-condutores-na-br-135-na-volta-para-casa-apos-o-feriado-prolongado\/#breadcrumb\",\"itemListElement\":[{\"@type\":\"ListItem\",\"position\":1,\"name\":\"In\u00edcio\",\"item\":\"https:\/\/www.blogsoestado.com\/danielmatos\/\"},{\"@type\":\"ListItem\",\"position\":2,\"name\":\"PRF aborda condutores na BR-135 na volta para casa ap\u00f3s o feriado prolongado\"}]},{\"@type\":\"WebSite\",\"@id\":\"https:\/\/www.blogsoestado.com\/danielmatos\/#website\",\"url\":\"https:\/\/www.blogsoestado.com\/danielmatos\/\",\"name\":\"Daniel Matos\",\"description\":\"\",\"potentialAction\":[{\"@type\":\"SearchAction\",\"target\":{\"@type\":\"EntryPoint\",\"urlTemplate\":\"https:\/\/www.blogsoestado.com\/danielmatos\/?s={search_term_string}\"},\"query-input\":{\"@type\":\"PropertyValueSpecification\",\"valueRequired\":true,\"valueName\":\"search_term_string\"}}],\"inLanguage\":\"pt-BR\"}]}<\/script>\n<!-- \/ Yoast SEO plugin. -->","yoast_head_json":{"title":"PRF aborda condutores na BR-135 na volta para casa ap\u00f3s o feriado prolongado - Daniel Matos","robots":{"index":"index","follow":"follow","max-snippet":"max-snippet:-1","max-image-preview":"max-image-preview:large","max-video-preview":"max-video-preview:-1"},"canonical":"https:\/\/www.blogsoestado.com\/danielmatos\/prf-aborda-condutores-na-br-135-na-volta-para-casa-apos-o-feriado-prolongado\/","og_locale":"pt_BR","og_type":"article","og_title":"PRF aborda condutores na BR-135 na volta para casa ap\u00f3s o feriado prolongado - Daniel Matos","og_description":"A Pol\u00edcia Rodovi\u00e1ria Federal (PRF) intensificou as abordagens a condutores neste domingo (23) por causa do aumento expressivo do fluxo [&hellip;]","og_url":"https:\/\/www.blogsoestado.com\/danielmatos\/prf-aborda-condutores-na-br-135-na-volta-para-casa-apos-o-feriado-prolongado\/","og_site_name":"Daniel Matos","article_published_time":"2023-04-23T18:57:25+00:00","og_image":[{"url":"https:\/\/www.blogsoestado.com\/danielmatos\/files\/2023\/04\/Screenshot_20230423-1537592.png","type":"","width":"","height":""}],"twitter_card":"summary_large_image","twitter_misc":{"Est. tempo de leitura":"1 minuto"},"schema":{"@context":"https:\/\/schema.org","@graph":[{"@type":"WebPage","@id":"https:\/\/www.blogsoestado.com\/danielmatos\/prf-aborda-condutores-na-br-135-na-volta-para-casa-apos-o-feriado-prolongado\/","url":"https:\/\/www.blogsoestado.com\/danielmatos\/prf-aborda-condutores-na-br-135-na-volta-para-casa-apos-o-feriado-prolongado\/","name":"PRF aborda condutores na BR-135 na volta para casa ap\u00f3s o feriado prolongado - Daniel Matos","isPartOf":{"@id":"https:\/\/www.blogsoestado.com\/danielmatos\/#website"},"primaryImageOfPage":{"@id":"https:\/\/www.blogsoestado.com\/danielmatos\/prf-aborda-condutores-na-br-135-na-volta-para-casa-apos-o-feriado-prolongado\/#primaryimage"},"image":{"@id":"https:\/\/www.blogsoestado.com\/danielmatos\/prf-aborda-condutores-na-br-135-na-volta-para-casa-apos-o-feriado-prolongado\/#primaryimage"},"thumbnailUrl":"https:\/\/www.blogsoestado.com\/danielmatos\/files\/2023\/04\/Screenshot_20230423-1537592.png","datePublished":"2023-04-23T18:57:25+00:00","author":{"@id":""},"breadcrumb":{"@id":"https:\/\/www.blogsoestado.com\/danielmatos\/prf-aborda-condutores-na-br-135-na-volta-para-casa-apos-o-feriado-prolongado\/#breadcrumb"},"inLanguage":"pt-BR","potentialAction":[{"@type":"ReadAction","target":["https:\/\/www.blogsoestado.com\/danielmatos\/prf-aborda-condutores-na-br-135-na-volta-para-casa-apos-o-feriado-prolongado\/"]}]},{"@type":"ImageObject","inLanguage":"pt-BR","@id":"https:\/\/www.blogsoestado.com\/danielmatos\/prf-aborda-condutores-na-br-135-na-volta-para-casa-apos-o-feriado-prolongado\/#primaryimage","url":"https:\/\/www.blogsoestado.com\/danielmatos\/files\/2023\/04\/Screenshot_20230423-1537592.png","contentUrl":"https:\/\/www.blogsoestado.com\/danielmatos\/files\/2023\/04\/Screenshot_20230423-1537592.png"},{"@type":"BreadcrumbList","@id":"https:\/\/www.blogsoestado.com\/danielmatos\/prf-aborda-condutores-na-br-135-na-volta-para-casa-apos-o-feriado-prolongado\/#breadcrumb","itemListElement":[{"@type":"ListItem","position":1,"name":"In\u00edcio","item":"https:\/\/www.blogsoestado.com\/danielmatos\/"},{"@type":"ListItem","position":2,"name":"PRF aborda condutores na BR-135 na volta para casa ap\u00f3s o feriado prolongado"}]},{"@type":"WebSite","@id":"https:\/\/www.blogsoestado.com\/danielmatos\/#website","url":"https:\/\/www.blogsoestado.com\/danielmatos\/","name":"Daniel Matos","description":"","potentialAction":[{"@type":"SearchAction","target":{"@type":"EntryPoint","urlTemplate":"https:\/\/www.blogsoestado.com\/danielmatos\/?s={search_term_string}"},"query-input":{"@type":"PropertyValueSpecification","valueRequired":true,"valueName":"search_term_string"}}],"inLanguage":"pt-BR"}]}},"jetpack_featured_media_url":"","_links":{"self":[{"href":"https:\/\/www.blogsoestado.com\/danielmatos\/wp-json\/wp\/v2\/posts\/108695","targetHints":{"allow":["GET"]}}],"collection":[{"href":"https:\/\/www.blogsoestado.com\/danielmatos\/wp-json\/wp\/v2\/posts"}],"about":[{"href":"https:\/\/www.blogsoestado.com\/danielmatos\/wp-json\/wp\/v2\/types\/post"}],"replies":[{"embeddable":true,"href":"https:\/\/www.blogsoestado.com\/danielmatos\/wp-json\/wp\/v2\/comments?post=108695"}],"version-history":[{"count":0,"href":"https:\/\/www.blogsoestado.com\/danielmatos\/wp-json\/wp\/v2\/posts\/108695\/revisions"}],"wp:attachment":[{"href":"https:\/\/www.blogsoestado.com\/danielmatos\/wp-json\/wp\/v2\/media?parent=108695"}],"wp:term":[{"taxonomy":"category","embeddable":true,"href":"https:\/\/www.blogsoestado.com\/danielmatos\/wp-json\/wp\/v2\/categories?post=108695"},{"taxonomy":"post_tag","embeddable":true,"href":"https:\/\/www.blogsoestado.com\/danielmatos\/wp-json\/wp\/v2\/tags?post=108695"}],"curies":[{"name":"wp","href":"https:\/\/api.w.org\/{rel}","templated":true}]}}