{"id":108719,"date":"2023-04-24T16:59:38","date_gmt":"2023-04-24T19:59:38","guid":{"rendered":"https:\/\/www.blogsoestado.com\/danielmatos\/?p=108719"},"modified":"2023-04-24T16:59:38","modified_gmt":"2023-04-24T19:59:38","slug":"famem-defende-prefeitos-maranhenses-envolvidos-em-escandalo-de-corrupcao-na-saude-denunciado-pelo-fantastico","status":"publish","type":"post","link":"https:\/\/www.blogsoestado.com\/danielmatos\/famem-defende-prefeitos-maranhenses-envolvidos-em-escandalo-de-corrupcao-na-saude-denunciado-pelo-fantastico\/","title":{"rendered":"Famem defende prefeitos maranhenses envolvidos em esc\u00e2ndalo de corrup\u00e7\u00e3o na sa\u00fade denunciado pelo Fant\u00e1stico"},"content":{"rendered":"\n<div class=\"wp-block-image\"><figure class=\"aligncenter size-large\"><a href=\"https:\/\/www.blogsoestado.com\/danielmatos\/files\/2023\/04\/Screenshot_20230424-1655372.png\"><img decoding=\"async\" src=\"https:\/\/www.blogsoestado.com\/danielmatos\/files\/2023\/04\/Screenshot_20230424-1655372.png\" alt=\"\" class=\"wp-image-108722\"\/><\/a><figcaption>O presidente da Famem, Ivo Rezende, n\u00e3o assinou a nota emitida pela entidade, o que causou estranheza<\/figcaption><\/figure><\/div>\n\n\n\n<p>Em nota emitida nesta segunda-feira (24), a Federa\u00e7\u00e3o dos Munic\u00edpios do Estado do Maranh\u00e3o (Famem) manifestou solidariedade \u00e0s prefeituras envolvidas em <a href=\"https:\/\/g1-globo-com.cdn.ampproject.org\/v\/s\/g1.globo.com\/google\/amp\/fantastico\/noticia\/2023\/04\/23\/esquema-milionario-desvia-dinheiro-da-saude-destinado-ao-tratamento-de-sequelas-da-covid-no-maranhao.ghtml?amp_gsa=1&amp;amp_js_v=a9&amp;usqp=mq331AQGsAEggAID#amp_tf=De%20%251%24s&amp;aoh=16823077464924&amp;csi=1&amp;referrer=https%3A%2F%2Fwww.google.com&amp;ampshare=https%3A%2F%2Fg1.globo.com%2Ffantastico%2Fnoticia%2F2023%2F04%2F23%2Fesquema-milionario-desvia-dinheiro-da-saude-destinado-ao-tratamento-de-sequelas-da-covid-no-maranhao.ghtml\">esc\u00e2ndalo de corrup\u00e7\u00e3o na sa\u00fade p\u00fablica, com desvio milion\u00e1rio de verbas federais destinadas ao tratamento p\u00f3s-Covid, denunciado nesse domingo (23) pelo programa Fant\u00e1stico<\/a>, da Rede Globo. Estranhamente, a nota n\u00e3o cont\u00e9m a assinatura do presidente da entidade, Ivo Rezende, prefeito de S\u00e3o Mateus, como \u00e9 de praxe nesse tipo de comunica\u00e7\u00e3o.<\/p>\n\n\n\n<p>Em resposta \u00e0 mat\u00e9ria jornal\u00edstica, a Famem reiterou sua total confian\u00e7a de que as den\u00fancias apresentadas em rede nacional ser\u00e3o esclarecidas. A entidade classificou os fatos noticiados e respaldados por farta documenta\u00e7\u00e3o e depoimentos, como mera suspeita. Detalhe: a investiga\u00e7\u00e3o, realizada pelo Minist\u00e9rio P\u00fablico Federal (MPF) e pela Controladora Geral da Uni\u00e3o (CGU) apontou fraude contra o Sistema \u00danico de Sa\u00fade (SUS), por meio da inser\u00e7\u00e3o de dados falsos sobre atendimentos, em quase 50 prefeituras maranhenses.<\/p>\n\n\n\n<p>Al\u00e9m de se solidarizar com os prefeitos acusados de participa\u00e7\u00e3o no esquema de corrup\u00e7\u00e3o, a Famem reconheceu o &#8220;bom trabalho que os gestores citados v\u00eam realizando em suas cidades, assim como seus esfor\u00e7os na busca da apura\u00e7\u00e3o incondicional da verdade&#8221;.<\/p>\n\n\n\n<p>Por fim, a Famem se colocou \u00e0 disposi\u00e7\u00e3o dos prefeitos para contribuir para que tudo seja esclarecido o mais r\u00e1pido poss\u00edvel. <\/p>\n\n\n\n<p>Abaixa, a nota da Famem:<\/p>\n\n\n\n<div class=\"wp-block-image\"><figure class=\"aligncenter size-large\"><a href=\"https:\/\/www.blogsoestado.com\/danielmatos\/files\/2023\/04\/Screenshot_20230424-1618113.png\"><img decoding=\"async\" src=\"https:\/\/www.blogsoestado.com\/danielmatos\/files\/2023\/04\/Screenshot_20230424-1618113.png\" alt=\"\" class=\"wp-image-108721\"\/><\/a><\/figure><\/div>\n","protected":false},"excerpt":{"rendered":"<p>Em nota emitida nesta segunda-feira (24), a Federa\u00e7\u00e3o dos Munic\u00edpios do Estado do Maranh\u00e3o (Famem) manifestou solidariedade \u00e0s prefeituras envolvidas [&hellip;]<\/p>\n","protected":false},"author":0,"featured_media":0,"comment_status":"open","ping_status":"open","sticky":false,"template":"","format":"standard","meta":{"site-sidebar-layout":"default","site-content-layout":"","ast-site-content-layout":"default","site-content-style":"default","site-sidebar-style":"default","ast-global-header-display":"","ast-banner-title-visibility":"","ast-main-header-display":"","ast-hfb-above-header-display":"","ast-hfb-below-header-display":"","ast-hfb-mobile-header-display":"","site-post-title":"","ast-breadcrumbs-content":"","ast-featured-img":"","footer-sml-layout":"","ast-disable-related-posts":"","theme-transparent-header-meta":"","adv-header-id-meta":"","stick-header-meta":"","header-above-stick-meta":"","header-main-stick-meta":"","header-below-stick-meta":"","astra-migrate-meta-layouts":"default","ast-page-background-enabled":"default","ast-page-background-meta":{"desktop":{"background-color":"var(--ast-global-color-5)","background-image":"","background-repeat":"repeat","background-position":"center center","background-size":"auto","background-attachment":"scroll","background-type":"","background-media":"","overlay-type":"","overlay-color":"","overlay-opacity":"","overlay-gradient":""},"tablet":{"background-color":"","background-image":"","background-repeat":"repeat","background-position":"center center","background-size":"auto","background-attachment":"scroll","background-type":"","background-media":"","overlay-type":"","overlay-color":"","overlay-opacity":"","overlay-gradient":""},"mobile":{"background-color":"","background-image":"","background-repeat":"repeat","background-position":"center center","background-size":"auto","background-attachment":"scroll","background-type":"","background-media":"","overlay-type":"","overlay-color":"","overlay-opacity":"","overlay-gradient":""}},"ast-content-background-meta":{"desktop":{"background-color":"var(--ast-global-color-4)","background-image":"","background-repeat":"repeat","background-position":"center center","background-size":"auto","background-attachment":"scroll","background-type":"","background-media":"","overlay-type":"","overlay-color":"","overlay-opacity":"","overlay-gradient":""},"tablet":{"background-color":"var(--ast-global-color-4)","background-image":"","background-repeat":"repeat","background-position":"center center","background-size":"auto","background-attachment":"scroll","background-type":"","background-media":"","overlay-type":"","overlay-color":"","overlay-opacity":"","overlay-gradient":""},"mobile":{"background-color":"var(--ast-global-color-4)","background-image":"","background-repeat":"repeat","background-position":"center center","background-size":"auto","background-attachment":"scroll","background-type":"","background-media":"","overlay-type":"","overlay-color":"","overlay-opacity":"","overlay-gradient":""}},"footnotes":""},"categories":[1],"tags":[],"class_list":["post-108719","post","type-post","status-publish","format-standard","hentry","category-sem-categoria"],"yoast_head":"<!-- This site is optimized with the Yoast SEO plugin v26.6 - https:\/\/yoast.com\/wordpress\/plugins\/seo\/ -->\n<title>Famem defende prefeitos maranhenses envolvidos em esc\u00e2ndalo de corrup\u00e7\u00e3o na sa\u00fade denunciado pelo Fant\u00e1stico - Daniel Matos<\/title>\n<meta name=\"robots\" content=\"index, follow, max-snippet:-1, max-image-preview:large, max-video-preview:-1\" \/>\n<link rel=\"canonical\" href=\"https:\/\/www.blogsoestado.com\/danielmatos\/famem-defende-prefeitos-maranhenses-envolvidos-em-escandalo-de-corrupcao-na-saude-denunciado-pelo-fantastico\/\" \/>\n<meta property=\"og:locale\" content=\"pt_BR\" \/>\n<meta property=\"og:type\" content=\"article\" \/>\n<meta property=\"og:title\" content=\"Famem defende prefeitos maranhenses envolvidos em esc\u00e2ndalo de corrup\u00e7\u00e3o na sa\u00fade denunciado pelo Fant\u00e1stico - Daniel Matos\" \/>\n<meta property=\"og:description\" content=\"Em nota emitida nesta segunda-feira (24), a Federa\u00e7\u00e3o dos Munic\u00edpios do Estado do Maranh\u00e3o (Famem) manifestou solidariedade \u00e0s prefeituras envolvidas [&hellip;]\" \/>\n<meta property=\"og:url\" content=\"https:\/\/www.blogsoestado.com\/danielmatos\/famem-defende-prefeitos-maranhenses-envolvidos-em-escandalo-de-corrupcao-na-saude-denunciado-pelo-fantastico\/\" \/>\n<meta property=\"og:site_name\" content=\"Daniel Matos\" \/>\n<meta property=\"article:published_time\" content=\"2023-04-24T19:59:38+00:00\" \/>\n<meta property=\"og:image\" content=\"https:\/\/www.blogsoestado.com\/danielmatos\/files\/2023\/04\/Screenshot_20230424-1655372.png\" \/>\n<meta name=\"twitter:card\" content=\"summary_large_image\" \/>\n<meta name=\"twitter:label1\" content=\"Est. tempo de leitura\" \/>\n\t<meta name=\"twitter:data1\" content=\"2 minutos\" \/>\n<script type=\"application\/ld+json\" class=\"yoast-schema-graph\">{\"@context\":\"https:\/\/schema.org\",\"@graph\":[{\"@type\":\"WebPage\",\"@id\":\"https:\/\/www.blogsoestado.com\/danielmatos\/famem-defende-prefeitos-maranhenses-envolvidos-em-escandalo-de-corrupcao-na-saude-denunciado-pelo-fantastico\/\",\"url\":\"https:\/\/www.blogsoestado.com\/danielmatos\/famem-defende-prefeitos-maranhenses-envolvidos-em-escandalo-de-corrupcao-na-saude-denunciado-pelo-fantastico\/\",\"name\":\"Famem defende prefeitos maranhenses envolvidos em esc\u00e2ndalo de corrup\u00e7\u00e3o na sa\u00fade denunciado pelo Fant\u00e1stico - Daniel Matos\",\"isPartOf\":{\"@id\":\"https:\/\/www.blogsoestado.com\/danielmatos\/#website\"},\"primaryImageOfPage\":{\"@id\":\"https:\/\/www.blogsoestado.com\/danielmatos\/famem-defende-prefeitos-maranhenses-envolvidos-em-escandalo-de-corrupcao-na-saude-denunciado-pelo-fantastico\/#primaryimage\"},\"image\":{\"@id\":\"https:\/\/www.blogsoestado.com\/danielmatos\/famem-defende-prefeitos-maranhenses-envolvidos-em-escandalo-de-corrupcao-na-saude-denunciado-pelo-fantastico\/#primaryimage\"},\"thumbnailUrl\":\"https:\/\/www.blogsoestado.com\/danielmatos\/files\/2023\/04\/Screenshot_20230424-1655372.png\",\"datePublished\":\"2023-04-24T19:59:38+00:00\",\"author\":{\"@id\":\"\"},\"breadcrumb\":{\"@id\":\"https:\/\/www.blogsoestado.com\/danielmatos\/famem-defende-prefeitos-maranhenses-envolvidos-em-escandalo-de-corrupcao-na-saude-denunciado-pelo-fantastico\/#breadcrumb\"},\"inLanguage\":\"pt-BR\",\"potentialAction\":[{\"@type\":\"ReadAction\",\"target\":[\"https:\/\/www.blogsoestado.com\/danielmatos\/famem-defende-prefeitos-maranhenses-envolvidos-em-escandalo-de-corrupcao-na-saude-denunciado-pelo-fantastico\/\"]}]},{\"@type\":\"ImageObject\",\"inLanguage\":\"pt-BR\",\"@id\":\"https:\/\/www.blogsoestado.com\/danielmatos\/famem-defende-prefeitos-maranhenses-envolvidos-em-escandalo-de-corrupcao-na-saude-denunciado-pelo-fantastico\/#primaryimage\",\"url\":\"https:\/\/www.blogsoestado.com\/danielmatos\/files\/2023\/04\/Screenshot_20230424-1655372.png\",\"contentUrl\":\"https:\/\/www.blogsoestado.com\/danielmatos\/files\/2023\/04\/Screenshot_20230424-1655372.png\"},{\"@type\":\"BreadcrumbList\",\"@id\":\"https:\/\/www.blogsoestado.com\/danielmatos\/famem-defende-prefeitos-maranhenses-envolvidos-em-escandalo-de-corrupcao-na-saude-denunciado-pelo-fantastico\/#breadcrumb\",\"itemListElement\":[{\"@type\":\"ListItem\",\"position\":1,\"name\":\"In\u00edcio\",\"item\":\"https:\/\/www.blogsoestado.com\/danielmatos\/\"},{\"@type\":\"ListItem\",\"position\":2,\"name\":\"Famem defende prefeitos maranhenses envolvidos em esc\u00e2ndalo de corrup\u00e7\u00e3o na sa\u00fade denunciado pelo Fant\u00e1stico\"}]},{\"@type\":\"WebSite\",\"@id\":\"https:\/\/www.blogsoestado.com\/danielmatos\/#website\",\"url\":\"https:\/\/www.blogsoestado.com\/danielmatos\/\",\"name\":\"Daniel Matos\",\"description\":\"\",\"potentialAction\":[{\"@type\":\"SearchAction\",\"target\":{\"@type\":\"EntryPoint\",\"urlTemplate\":\"https:\/\/www.blogsoestado.com\/danielmatos\/?s={search_term_string}\"},\"query-input\":{\"@type\":\"PropertyValueSpecification\",\"valueRequired\":true,\"valueName\":\"search_term_string\"}}],\"inLanguage\":\"pt-BR\"}]}<\/script>\n<!-- \/ Yoast SEO plugin. -->","yoast_head_json":{"title":"Famem defende prefeitos maranhenses envolvidos em esc\u00e2ndalo de corrup\u00e7\u00e3o na sa\u00fade denunciado pelo Fant\u00e1stico - Daniel Matos","robots":{"index":"index","follow":"follow","max-snippet":"max-snippet:-1","max-image-preview":"max-image-preview:large","max-video-preview":"max-video-preview:-1"},"canonical":"https:\/\/www.blogsoestado.com\/danielmatos\/famem-defende-prefeitos-maranhenses-envolvidos-em-escandalo-de-corrupcao-na-saude-denunciado-pelo-fantastico\/","og_locale":"pt_BR","og_type":"article","og_title":"Famem defende prefeitos maranhenses envolvidos em esc\u00e2ndalo de corrup\u00e7\u00e3o na sa\u00fade denunciado pelo Fant\u00e1stico - Daniel Matos","og_description":"Em nota emitida nesta segunda-feira (24), a Federa\u00e7\u00e3o dos Munic\u00edpios do Estado do Maranh\u00e3o (Famem) manifestou solidariedade \u00e0s prefeituras envolvidas [&hellip;]","og_url":"https:\/\/www.blogsoestado.com\/danielmatos\/famem-defende-prefeitos-maranhenses-envolvidos-em-escandalo-de-corrupcao-na-saude-denunciado-pelo-fantastico\/","og_site_name":"Daniel Matos","article_published_time":"2023-04-24T19:59:38+00:00","og_image":[{"url":"https:\/\/www.blogsoestado.com\/danielmatos\/files\/2023\/04\/Screenshot_20230424-1655372.png","type":"","width":"","height":""}],"twitter_card":"summary_large_image","twitter_misc":{"Est. tempo de leitura":"2 minutos"},"schema":{"@context":"https:\/\/schema.org","@graph":[{"@type":"WebPage","@id":"https:\/\/www.blogsoestado.com\/danielmatos\/famem-defende-prefeitos-maranhenses-envolvidos-em-escandalo-de-corrupcao-na-saude-denunciado-pelo-fantastico\/","url":"https:\/\/www.blogsoestado.com\/danielmatos\/famem-defende-prefeitos-maranhenses-envolvidos-em-escandalo-de-corrupcao-na-saude-denunciado-pelo-fantastico\/","name":"Famem defende prefeitos maranhenses envolvidos em esc\u00e2ndalo de corrup\u00e7\u00e3o na sa\u00fade denunciado pelo Fant\u00e1stico - Daniel Matos","isPartOf":{"@id":"https:\/\/www.blogsoestado.com\/danielmatos\/#website"},"primaryImageOfPage":{"@id":"https:\/\/www.blogsoestado.com\/danielmatos\/famem-defende-prefeitos-maranhenses-envolvidos-em-escandalo-de-corrupcao-na-saude-denunciado-pelo-fantastico\/#primaryimage"},"image":{"@id":"https:\/\/www.blogsoestado.com\/danielmatos\/famem-defende-prefeitos-maranhenses-envolvidos-em-escandalo-de-corrupcao-na-saude-denunciado-pelo-fantastico\/#primaryimage"},"thumbnailUrl":"https:\/\/www.blogsoestado.com\/danielmatos\/files\/2023\/04\/Screenshot_20230424-1655372.png","datePublished":"2023-04-24T19:59:38+00:00","author":{"@id":""},"breadcrumb":{"@id":"https:\/\/www.blogsoestado.com\/danielmatos\/famem-defende-prefeitos-maranhenses-envolvidos-em-escandalo-de-corrupcao-na-saude-denunciado-pelo-fantastico\/#breadcrumb"},"inLanguage":"pt-BR","potentialAction":[{"@type":"ReadAction","target":["https:\/\/www.blogsoestado.com\/danielmatos\/famem-defende-prefeitos-maranhenses-envolvidos-em-escandalo-de-corrupcao-na-saude-denunciado-pelo-fantastico\/"]}]},{"@type":"ImageObject","inLanguage":"pt-BR","@id":"https:\/\/www.blogsoestado.com\/danielmatos\/famem-defende-prefeitos-maranhenses-envolvidos-em-escandalo-de-corrupcao-na-saude-denunciado-pelo-fantastico\/#primaryimage","url":"https:\/\/www.blogsoestado.com\/danielmatos\/files\/2023\/04\/Screenshot_20230424-1655372.png","contentUrl":"https:\/\/www.blogsoestado.com\/danielmatos\/files\/2023\/04\/Screenshot_20230424-1655372.png"},{"@type":"BreadcrumbList","@id":"https:\/\/www.blogsoestado.com\/danielmatos\/famem-defende-prefeitos-maranhenses-envolvidos-em-escandalo-de-corrupcao-na-saude-denunciado-pelo-fantastico\/#breadcrumb","itemListElement":[{"@type":"ListItem","position":1,"name":"In\u00edcio","item":"https:\/\/www.blogsoestado.com\/danielmatos\/"},{"@type":"ListItem","position":2,"name":"Famem defende prefeitos maranhenses envolvidos em esc\u00e2ndalo de corrup\u00e7\u00e3o na sa\u00fade denunciado pelo Fant\u00e1stico"}]},{"@type":"WebSite","@id":"https:\/\/www.blogsoestado.com\/danielmatos\/#website","url":"https:\/\/www.blogsoestado.com\/danielmatos\/","name":"Daniel Matos","description":"","potentialAction":[{"@type":"SearchAction","target":{"@type":"EntryPoint","urlTemplate":"https:\/\/www.blogsoestado.com\/danielmatos\/?s={search_term_string}"},"query-input":{"@type":"PropertyValueSpecification","valueRequired":true,"valueName":"search_term_string"}}],"inLanguage":"pt-BR"}]}},"jetpack_featured_media_url":"","_links":{"self":[{"href":"https:\/\/www.blogsoestado.com\/danielmatos\/wp-json\/wp\/v2\/posts\/108719","targetHints":{"allow":["GET"]}}],"collection":[{"href":"https:\/\/www.blogsoestado.com\/danielmatos\/wp-json\/wp\/v2\/posts"}],"about":[{"href":"https:\/\/www.blogsoestado.com\/danielmatos\/wp-json\/wp\/v2\/types\/post"}],"replies":[{"embeddable":true,"href":"https:\/\/www.blogsoestado.com\/danielmatos\/wp-json\/wp\/v2\/comments?post=108719"}],"version-history":[{"count":0,"href":"https:\/\/www.blogsoestado.com\/danielmatos\/wp-json\/wp\/v2\/posts\/108719\/revisions"}],"wp:attachment":[{"href":"https:\/\/www.blogsoestado.com\/danielmatos\/wp-json\/wp\/v2\/media?parent=108719"}],"wp:term":[{"taxonomy":"category","embeddable":true,"href":"https:\/\/www.blogsoestado.com\/danielmatos\/wp-json\/wp\/v2\/categories?post=108719"},{"taxonomy":"post_tag","embeddable":true,"href":"https:\/\/www.blogsoestado.com\/danielmatos\/wp-json\/wp\/v2\/tags?post=108719"}],"curies":[{"name":"wp","href":"https:\/\/api.w.org\/{rel}","templated":true}]}}