{"id":108724,"date":"2023-04-24T18:15:47","date_gmt":"2023-04-24T21:15:47","guid":{"rendered":"https:\/\/www.blogsoestado.com\/danielmatos\/?p=108724"},"modified":"2023-04-24T18:15:47","modified_gmt":"2023-04-24T21:15:47","slug":"sem-entendimento-com-patroes-rodoviarios-vao-deflagrar-greve-nesta-terca-feira-25-na-grande-sao-luis","status":"publish","type":"post","link":"https:\/\/www.blogsoestado.com\/danielmatos\/sem-entendimento-com-patroes-rodoviarios-vao-deflagrar-greve-nesta-terca-feira-25-na-grande-sao-luis\/","title":{"rendered":"Sem entendimento com patr\u00f5es, rodovi\u00e1rios v\u00e3o deflagrar greve nesta ter\u00e7a-feira (25), na Grande S\u00e3o Lu\u00eds"},"content":{"rendered":"\n<div class=\"wp-block-image\"><figure class=\"aligncenter size-large\"><a href=\"https:\/\/www.blogsoestado.com\/danielmatos\/files\/2023\/04\/Screenshot_20230424-1754112.png\"><img decoding=\"async\" src=\"https:\/\/www.blogsoestado.com\/danielmatos\/files\/2023\/04\/Screenshot_20230424-1754112.png\" alt=\"\" class=\"wp-image-108725\"\/><\/a><figcaption>Rodovi\u00e1rios e representantes das empresas e cons\u00f3rcios que operam o transporte p\u00fablico na Grande S\u00e3o Lu\u00eds n\u00e3o chegaram a entendimento na audi\u00eancia de media\u00e7\u00e3o no MPT-MA, que tamb\u00e9m contou com a participa\u00e7\u00e3o da SMTT e da MOB<\/figcaption><\/figure><\/div>\n\n\n\n<p>Rodovi\u00e1rios e representantes das empresas e cons\u00f3rcios que operam as linhas de transporte p\u00fablico na Grande S\u00e3o Lu\u00eds n\u00e3o entraram em acordo durante audi\u00eancia de media\u00e7\u00e3o realizada no Minist\u00e9rio P\u00fablico do Trabalho (MPT), na tarde desta segunda-feira (24). Diante do fracasso de mais uma tentativa de entendimento, os trabalhadores do transporte p\u00fablico da capital e dos demais munic\u00edpios da Ilha decidiram deflagrar greve nesta ter\u00e7a-feira (25). <\/p>\n\n\n\n<p>A audi\u00eancia de media\u00e7\u00e3o foi conduzida pelo procurador regional do Trabalho, Maur\u00edcio Pessoa Lima. O objetivo do encontro foi tentar fazer com que o sindicato patronal (SET) cumpra o acordo firmado com os rodovi\u00e1rios e assine a Conven\u00e7\u00e3o Coletiva de Trabalho, documento que garante os direitos dos trabalhadores.<\/p>\n\n\n\n<p>Na audi\u00eancia, o SET, que ainda n\u00e3o efetuou o pagamento dos trabalhadores, alegou n\u00e3o ter caixa para garantir os sal\u00e1rios deste m\u00eas. A entidade patronal alegou que a situa\u00e7\u00e3o chegou ao ponto insustent\u00e1vel devido \u00e0 falta de repasse dos subs\u00eddios que vinham sendo destinados pela Prefeitura de S\u00e3o Lu\u00eds e pelo Governo do Estado para manter a viabilidade do transporte p\u00fablico urbano e semiurbano.<\/p>\n\n\n\n<p>Munic\u00edpio e Governo, representados na media\u00e7\u00e3o pela Secretaria Municipal de Tr\u00e2nsito e Transporte (SMTT) e pela Ag\u00eancia de Mobilidade Urbana (MOB), n\u00e3o deram qualquer posicionamento sobre quando v\u00e3o regularizar os repasses dos referidos subs\u00eddios. Diante do impasse, o SET reafirmou que nessas condi\u00e7\u00f5es n\u00e3o assinaria o acordo.<\/p>\n\n\n\n<p> Sem entendimento, os rodovi\u00e1rios se reuniram ap\u00f3s a media\u00e7\u00e3o e decidiram pela paralisa\u00e7\u00e3o do transporte p\u00fablico j\u00e1 nesta ter\u00e7a-feira (25). \u201cN\u00e3o podemos concordar com esse posicionamento dos empres\u00e1rios. Temos um acordo firmado, que garante, entre outros direitos, a recomposi\u00e7\u00e3o salarial dos nossos companheiros e companheiras. Sem o cumprimento efetivo da nossa Conven\u00e7\u00e3o Coletiva de Trabalhos, n\u00e3o nos resta outra alternativa. Iremos, sim, partir para a greve no transporte p\u00fablico em toda a Grande S\u00e3o Lu\u00eds, j\u00e1 nas primeiras horas desta ter\u00e7a-feira (25)\u201d, anunciou o presidente do Sindicato dos Rodovi\u00e1rios do Maranh\u00e3o, Marcelo Brito.<\/p>\n","protected":false},"excerpt":{"rendered":"<p>Rodovi\u00e1rios e representantes das empresas e cons\u00f3rcios que operam as linhas de transporte p\u00fablico na Grande S\u00e3o Lu\u00eds n\u00e3o entraram [&hellip;]<\/p>\n","protected":false},"author":0,"featured_media":0,"comment_status":"open","ping_status":"open","sticky":false,"template":"","format":"standard","meta":{"site-sidebar-layout":"default","site-content-layout":"","ast-site-content-layout":"default","site-content-style":"default","site-sidebar-style":"default","ast-global-header-display":"","ast-banner-title-visibility":"","ast-main-header-display":"","ast-hfb-above-header-display":"","ast-hfb-below-header-display":"","ast-hfb-mobile-header-display":"","site-post-title":"","ast-breadcrumbs-content":"","ast-featured-img":"","footer-sml-layout":"","ast-disable-related-posts":"","theme-transparent-header-meta":"","adv-header-id-meta":"","stick-header-meta":"","header-above-stick-meta":"","header-main-stick-meta":"","header-below-stick-meta":"","astra-migrate-meta-layouts":"default","ast-page-background-enabled":"default","ast-page-background-meta":{"desktop":{"background-color":"var(--ast-global-color-5)","background-image":"","background-repeat":"repeat","background-position":"center center","background-size":"auto","background-attachment":"scroll","background-type":"","background-media":"","overlay-type":"","overlay-color":"","overlay-opacity":"","overlay-gradient":""},"tablet":{"background-color":"","background-image":"","background-repeat":"repeat","background-position":"center center","background-size":"auto","background-attachment":"scroll","background-type":"","background-media":"","overlay-type":"","overlay-color":"","overlay-opacity":"","overlay-gradient":""},"mobile":{"background-color":"","background-image":"","background-repeat":"repeat","background-position":"center center","background-size":"auto","background-attachment":"scroll","background-type":"","background-media":"","overlay-type":"","overlay-color":"","overlay-opacity":"","overlay-gradient":""}},"ast-content-background-meta":{"desktop":{"background-color":"var(--ast-global-color-4)","background-image":"","background-repeat":"repeat","background-position":"center center","background-size":"auto","background-attachment":"scroll","background-type":"","background-media":"","overlay-type":"","overlay-color":"","overlay-opacity":"","overlay-gradient":""},"tablet":{"background-color":"var(--ast-global-color-4)","background-image":"","background-repeat":"repeat","background-position":"center center","background-size":"auto","background-attachment":"scroll","background-type":"","background-media":"","overlay-type":"","overlay-color":"","overlay-opacity":"","overlay-gradient":""},"mobile":{"background-color":"var(--ast-global-color-4)","background-image":"","background-repeat":"repeat","background-position":"center center","background-size":"auto","background-attachment":"scroll","background-type":"","background-media":"","overlay-type":"","overlay-color":"","overlay-opacity":"","overlay-gradient":""}},"footnotes":""},"categories":[1],"tags":[],"class_list":["post-108724","post","type-post","status-publish","format-standard","hentry","category-sem-categoria"],"yoast_head":"<!-- This site is optimized with the Yoast SEO plugin v26.6 - https:\/\/yoast.com\/wordpress\/plugins\/seo\/ -->\n<title>Sem entendimento com patr\u00f5es, rodovi\u00e1rios v\u00e3o deflagrar greve nesta ter\u00e7a-feira (25), na Grande S\u00e3o Lu\u00eds - Daniel Matos<\/title>\n<meta name=\"robots\" content=\"index, follow, max-snippet:-1, max-image-preview:large, max-video-preview:-1\" \/>\n<link rel=\"canonical\" href=\"https:\/\/www.blogsoestado.com\/danielmatos\/sem-entendimento-com-patroes-rodoviarios-vao-deflagrar-greve-nesta-terca-feira-25-na-grande-sao-luis\/\" \/>\n<meta property=\"og:locale\" content=\"pt_BR\" \/>\n<meta property=\"og:type\" content=\"article\" \/>\n<meta property=\"og:title\" content=\"Sem entendimento com patr\u00f5es, rodovi\u00e1rios v\u00e3o deflagrar greve nesta ter\u00e7a-feira (25), na Grande S\u00e3o Lu\u00eds - Daniel Matos\" \/>\n<meta property=\"og:description\" content=\"Rodovi\u00e1rios e representantes das empresas e cons\u00f3rcios que operam as linhas de transporte p\u00fablico na Grande S\u00e3o Lu\u00eds n\u00e3o entraram [&hellip;]\" \/>\n<meta property=\"og:url\" content=\"https:\/\/www.blogsoestado.com\/danielmatos\/sem-entendimento-com-patroes-rodoviarios-vao-deflagrar-greve-nesta-terca-feira-25-na-grande-sao-luis\/\" \/>\n<meta property=\"og:site_name\" content=\"Daniel Matos\" \/>\n<meta property=\"article:published_time\" content=\"2023-04-24T21:15:47+00:00\" \/>\n<meta property=\"og:image\" content=\"https:\/\/www.blogsoestado.com\/danielmatos\/files\/2023\/04\/Screenshot_20230424-1754112.png\" \/>\n<meta name=\"twitter:card\" content=\"summary_large_image\" \/>\n<meta name=\"twitter:label1\" content=\"Est. tempo de leitura\" \/>\n\t<meta name=\"twitter:data1\" content=\"2 minutos\" \/>\n<script type=\"application\/ld+json\" class=\"yoast-schema-graph\">{\"@context\":\"https:\/\/schema.org\",\"@graph\":[{\"@type\":\"WebPage\",\"@id\":\"https:\/\/www.blogsoestado.com\/danielmatos\/sem-entendimento-com-patroes-rodoviarios-vao-deflagrar-greve-nesta-terca-feira-25-na-grande-sao-luis\/\",\"url\":\"https:\/\/www.blogsoestado.com\/danielmatos\/sem-entendimento-com-patroes-rodoviarios-vao-deflagrar-greve-nesta-terca-feira-25-na-grande-sao-luis\/\",\"name\":\"Sem entendimento com patr\u00f5es, rodovi\u00e1rios v\u00e3o deflagrar greve nesta ter\u00e7a-feira (25), na Grande S\u00e3o Lu\u00eds - Daniel Matos\",\"isPartOf\":{\"@id\":\"https:\/\/www.blogsoestado.com\/danielmatos\/#website\"},\"primaryImageOfPage\":{\"@id\":\"https:\/\/www.blogsoestado.com\/danielmatos\/sem-entendimento-com-patroes-rodoviarios-vao-deflagrar-greve-nesta-terca-feira-25-na-grande-sao-luis\/#primaryimage\"},\"image\":{\"@id\":\"https:\/\/www.blogsoestado.com\/danielmatos\/sem-entendimento-com-patroes-rodoviarios-vao-deflagrar-greve-nesta-terca-feira-25-na-grande-sao-luis\/#primaryimage\"},\"thumbnailUrl\":\"https:\/\/www.blogsoestado.com\/danielmatos\/files\/2023\/04\/Screenshot_20230424-1754112.png\",\"datePublished\":\"2023-04-24T21:15:47+00:00\",\"author\":{\"@id\":\"\"},\"breadcrumb\":{\"@id\":\"https:\/\/www.blogsoestado.com\/danielmatos\/sem-entendimento-com-patroes-rodoviarios-vao-deflagrar-greve-nesta-terca-feira-25-na-grande-sao-luis\/#breadcrumb\"},\"inLanguage\":\"pt-BR\",\"potentialAction\":[{\"@type\":\"ReadAction\",\"target\":[\"https:\/\/www.blogsoestado.com\/danielmatos\/sem-entendimento-com-patroes-rodoviarios-vao-deflagrar-greve-nesta-terca-feira-25-na-grande-sao-luis\/\"]}]},{\"@type\":\"ImageObject\",\"inLanguage\":\"pt-BR\",\"@id\":\"https:\/\/www.blogsoestado.com\/danielmatos\/sem-entendimento-com-patroes-rodoviarios-vao-deflagrar-greve-nesta-terca-feira-25-na-grande-sao-luis\/#primaryimage\",\"url\":\"https:\/\/www.blogsoestado.com\/danielmatos\/files\/2023\/04\/Screenshot_20230424-1754112.png\",\"contentUrl\":\"https:\/\/www.blogsoestado.com\/danielmatos\/files\/2023\/04\/Screenshot_20230424-1754112.png\"},{\"@type\":\"BreadcrumbList\",\"@id\":\"https:\/\/www.blogsoestado.com\/danielmatos\/sem-entendimento-com-patroes-rodoviarios-vao-deflagrar-greve-nesta-terca-feira-25-na-grande-sao-luis\/#breadcrumb\",\"itemListElement\":[{\"@type\":\"ListItem\",\"position\":1,\"name\":\"In\u00edcio\",\"item\":\"https:\/\/www.blogsoestado.com\/danielmatos\/\"},{\"@type\":\"ListItem\",\"position\":2,\"name\":\"Sem entendimento com patr\u00f5es, rodovi\u00e1rios v\u00e3o deflagrar greve nesta ter\u00e7a-feira (25), na Grande S\u00e3o Lu\u00eds\"}]},{\"@type\":\"WebSite\",\"@id\":\"https:\/\/www.blogsoestado.com\/danielmatos\/#website\",\"url\":\"https:\/\/www.blogsoestado.com\/danielmatos\/\",\"name\":\"Daniel Matos\",\"description\":\"\",\"potentialAction\":[{\"@type\":\"SearchAction\",\"target\":{\"@type\":\"EntryPoint\",\"urlTemplate\":\"https:\/\/www.blogsoestado.com\/danielmatos\/?s={search_term_string}\"},\"query-input\":{\"@type\":\"PropertyValueSpecification\",\"valueRequired\":true,\"valueName\":\"search_term_string\"}}],\"inLanguage\":\"pt-BR\"}]}<\/script>\n<!-- \/ Yoast SEO plugin. -->","yoast_head_json":{"title":"Sem entendimento com patr\u00f5es, rodovi\u00e1rios v\u00e3o deflagrar greve nesta ter\u00e7a-feira (25), na Grande S\u00e3o Lu\u00eds - Daniel Matos","robots":{"index":"index","follow":"follow","max-snippet":"max-snippet:-1","max-image-preview":"max-image-preview:large","max-video-preview":"max-video-preview:-1"},"canonical":"https:\/\/www.blogsoestado.com\/danielmatos\/sem-entendimento-com-patroes-rodoviarios-vao-deflagrar-greve-nesta-terca-feira-25-na-grande-sao-luis\/","og_locale":"pt_BR","og_type":"article","og_title":"Sem entendimento com patr\u00f5es, rodovi\u00e1rios v\u00e3o deflagrar greve nesta ter\u00e7a-feira (25), na Grande S\u00e3o Lu\u00eds - Daniel Matos","og_description":"Rodovi\u00e1rios e representantes das empresas e cons\u00f3rcios que operam as linhas de transporte p\u00fablico na Grande S\u00e3o Lu\u00eds n\u00e3o entraram [&hellip;]","og_url":"https:\/\/www.blogsoestado.com\/danielmatos\/sem-entendimento-com-patroes-rodoviarios-vao-deflagrar-greve-nesta-terca-feira-25-na-grande-sao-luis\/","og_site_name":"Daniel Matos","article_published_time":"2023-04-24T21:15:47+00:00","og_image":[{"url":"https:\/\/www.blogsoestado.com\/danielmatos\/files\/2023\/04\/Screenshot_20230424-1754112.png","type":"","width":"","height":""}],"twitter_card":"summary_large_image","twitter_misc":{"Est. tempo de leitura":"2 minutos"},"schema":{"@context":"https:\/\/schema.org","@graph":[{"@type":"WebPage","@id":"https:\/\/www.blogsoestado.com\/danielmatos\/sem-entendimento-com-patroes-rodoviarios-vao-deflagrar-greve-nesta-terca-feira-25-na-grande-sao-luis\/","url":"https:\/\/www.blogsoestado.com\/danielmatos\/sem-entendimento-com-patroes-rodoviarios-vao-deflagrar-greve-nesta-terca-feira-25-na-grande-sao-luis\/","name":"Sem entendimento com patr\u00f5es, rodovi\u00e1rios v\u00e3o deflagrar greve nesta ter\u00e7a-feira (25), na Grande S\u00e3o Lu\u00eds - Daniel Matos","isPartOf":{"@id":"https:\/\/www.blogsoestado.com\/danielmatos\/#website"},"primaryImageOfPage":{"@id":"https:\/\/www.blogsoestado.com\/danielmatos\/sem-entendimento-com-patroes-rodoviarios-vao-deflagrar-greve-nesta-terca-feira-25-na-grande-sao-luis\/#primaryimage"},"image":{"@id":"https:\/\/www.blogsoestado.com\/danielmatos\/sem-entendimento-com-patroes-rodoviarios-vao-deflagrar-greve-nesta-terca-feira-25-na-grande-sao-luis\/#primaryimage"},"thumbnailUrl":"https:\/\/www.blogsoestado.com\/danielmatos\/files\/2023\/04\/Screenshot_20230424-1754112.png","datePublished":"2023-04-24T21:15:47+00:00","author":{"@id":""},"breadcrumb":{"@id":"https:\/\/www.blogsoestado.com\/danielmatos\/sem-entendimento-com-patroes-rodoviarios-vao-deflagrar-greve-nesta-terca-feira-25-na-grande-sao-luis\/#breadcrumb"},"inLanguage":"pt-BR","potentialAction":[{"@type":"ReadAction","target":["https:\/\/www.blogsoestado.com\/danielmatos\/sem-entendimento-com-patroes-rodoviarios-vao-deflagrar-greve-nesta-terca-feira-25-na-grande-sao-luis\/"]}]},{"@type":"ImageObject","inLanguage":"pt-BR","@id":"https:\/\/www.blogsoestado.com\/danielmatos\/sem-entendimento-com-patroes-rodoviarios-vao-deflagrar-greve-nesta-terca-feira-25-na-grande-sao-luis\/#primaryimage","url":"https:\/\/www.blogsoestado.com\/danielmatos\/files\/2023\/04\/Screenshot_20230424-1754112.png","contentUrl":"https:\/\/www.blogsoestado.com\/danielmatos\/files\/2023\/04\/Screenshot_20230424-1754112.png"},{"@type":"BreadcrumbList","@id":"https:\/\/www.blogsoestado.com\/danielmatos\/sem-entendimento-com-patroes-rodoviarios-vao-deflagrar-greve-nesta-terca-feira-25-na-grande-sao-luis\/#breadcrumb","itemListElement":[{"@type":"ListItem","position":1,"name":"In\u00edcio","item":"https:\/\/www.blogsoestado.com\/danielmatos\/"},{"@type":"ListItem","position":2,"name":"Sem entendimento com patr\u00f5es, rodovi\u00e1rios v\u00e3o deflagrar greve nesta ter\u00e7a-feira (25), na Grande S\u00e3o Lu\u00eds"}]},{"@type":"WebSite","@id":"https:\/\/www.blogsoestado.com\/danielmatos\/#website","url":"https:\/\/www.blogsoestado.com\/danielmatos\/","name":"Daniel Matos","description":"","potentialAction":[{"@type":"SearchAction","target":{"@type":"EntryPoint","urlTemplate":"https:\/\/www.blogsoestado.com\/danielmatos\/?s={search_term_string}"},"query-input":{"@type":"PropertyValueSpecification","valueRequired":true,"valueName":"search_term_string"}}],"inLanguage":"pt-BR"}]}},"jetpack_featured_media_url":"","_links":{"self":[{"href":"https:\/\/www.blogsoestado.com\/danielmatos\/wp-json\/wp\/v2\/posts\/108724","targetHints":{"allow":["GET"]}}],"collection":[{"href":"https:\/\/www.blogsoestado.com\/danielmatos\/wp-json\/wp\/v2\/posts"}],"about":[{"href":"https:\/\/www.blogsoestado.com\/danielmatos\/wp-json\/wp\/v2\/types\/post"}],"replies":[{"embeddable":true,"href":"https:\/\/www.blogsoestado.com\/danielmatos\/wp-json\/wp\/v2\/comments?post=108724"}],"version-history":[{"count":0,"href":"https:\/\/www.blogsoestado.com\/danielmatos\/wp-json\/wp\/v2\/posts\/108724\/revisions"}],"wp:attachment":[{"href":"https:\/\/www.blogsoestado.com\/danielmatos\/wp-json\/wp\/v2\/media?parent=108724"}],"wp:term":[{"taxonomy":"category","embeddable":true,"href":"https:\/\/www.blogsoestado.com\/danielmatos\/wp-json\/wp\/v2\/categories?post=108724"},{"taxonomy":"post_tag","embeddable":true,"href":"https:\/\/www.blogsoestado.com\/danielmatos\/wp-json\/wp\/v2\/tags?post=108724"}],"curies":[{"name":"wp","href":"https:\/\/api.w.org\/{rel}","templated":true}]}}