{"id":108739,"date":"2023-04-24T22:42:25","date_gmt":"2023-04-25T01:42:25","guid":{"rendered":"https:\/\/www.blogsoestado.com\/danielmatos\/?p=108739"},"modified":"2023-04-24T22:42:25","modified_gmt":"2023-04-25T01:42:25","slug":"set-explica-que-suspensao-de-subsidio-pago-pela-prefeitura-de-sao-luis-inviabilizou-acordo-com-rodoviarios-e-motivou-greve-do-transporte","status":"publish","type":"post","link":"https:\/\/www.blogsoestado.com\/danielmatos\/set-explica-que-suspensao-de-subsidio-pago-pela-prefeitura-de-sao-luis-inviabilizou-acordo-com-rodoviarios-e-motivou-greve-do-transporte\/","title":{"rendered":"SET explica que corte de subs\u00eddio da Prefeitura de S\u00e3o Lu\u00eds inviabilizou acordo com rodovi\u00e1rios e motivou greve do transporte"},"content":{"rendered":"\n<div class=\"wp-block-image\"><figure class=\"aligncenter size-large\"><a href=\"https:\/\/www.blogsoestado.com\/danielmatos\/files\/2023\/04\/Screenshot_20230424-2245382.png\"><img decoding=\"async\" src=\"https:\/\/www.blogsoestado.com\/danielmatos\/files\/2023\/04\/Screenshot_20230424-2245382.png\" alt=\"\" class=\"wp-image-108741\"\/><\/a><figcaption>Rodovi\u00e1rios voltar\u00e3o a cruzar os bra\u00e7os na Grande S\u00e3o Lu\u00eds em meio a impasse sobre acordo com empresas<\/figcaption><\/figure><\/div>\n\n\n\n<p>O Sindicato das Empresas de Transporte vem a p\u00fablico esclarecer acerca das not\u00edcias que informam que o Sindicato dos Rodovi\u00e1rios do Maranh\u00e3o decidiu pela paralisa\u00e7\u00e3o do transporte p\u00fablico na Grande Ilha. Acerca dessa not\u00edcia, o SET tem a esclarecer:<\/p>\n\n\n\n<p>Foi celebrado um acordo entre o Sindicato das Empresas de Transporte (SET), as empresas concession\u00e1rias e o Munic\u00edpio de S\u00e3o Lu\u00eds, em 15 de fevereiro de 2023, por meio do qual ficou determinado que as empresas fariam um repasse de aumento de 7% (sete por cento), linearmente, tanto nos sal\u00e1rios, quanto nos t\u00edquetes-alimenta\u00e7\u00e3o para todos os funcion\u00e1rios do sistema, sendo que a maioria das empresas do sistema n\u00e3o s\u00f3 cumpriu o acordado, como ainda pagaram valores retroativos; embora o Estado do Maranh\u00e3o n\u00e3o tenha participado do acordo, a este anuiu posteriormente, assim como o Sindicato dos Trabalhadores em Transportes Rodovi\u00e1rios no Estado do Maranh\u00e3o (STTREMA);<\/p>\n\n\n\n<p>Infelizmente, o Munic\u00edpio de S\u00e3o Lu\u00eds, numa postura anti\u00e9tica e intransigente, contrariando a postura sinalizada quando da assinatura do acordo, s\u00f3 pagou o m\u00eas de fevereiro, correspondente a janeiro, sem contemplar o reajuste ao qual se comprometeu, sem nenhuma explica\u00e7\u00e3o a mais, de quando e como regularizar\u00e1 os repasses dos subs\u00eddios devidos. E mais: sequer abre espa\u00e7o de di\u00e1logo com os demais envolvidos na quest\u00e3o; <\/p>\n\n\n\n<p><strong>Inadimpl\u00eancia da prefeitura <\/strong><\/p>\n\n\n\n<p>A bem da verdade, embora o Estado e o Munic\u00edpio de S\u00e3o Lu\u00eds estejam devendo o repasse dos subs\u00eddios, apenas o Estado acenou com alternativas para quitar o d\u00e9bito na audi\u00eancia de media\u00e7\u00e3o conduzida pelo Minist\u00e9rio P\u00fablico do Trabalho nesta segunda-feira, dia 24, comprometendo-se a adotar medidas que permitam o adimplemento de seu d\u00e9bito at\u00e9 o final do m\u00eas, mantendo-se o Munic\u00edpio de S\u00e3o Lu\u00eds silente e contr\u00e1rio a cumprir sua parte no acordado;<\/p>\n\n\n\n<p>O SET lamenta o descumprimento por parte desses atores fundamentais, bem como a postura que n\u00e3o acena para a resolu\u00e7\u00e3o do problema por parte do Munic\u00edpio de S\u00e3o Lu\u00eds. O SET esclarece \u00e0 sociedade que envidou todos os esfor\u00e7os para cumprir a parte que lhe cabia e acena para a sensibilidade dos gestores p\u00fablicos para que milhares de pessoas n\u00e3o sejam prejudicadas, inclusos os trabalhadores e usu\u00e1rios do sistema de transporte p\u00fablico.<\/p>\n","protected":false},"excerpt":{"rendered":"<p>O Sindicato das Empresas de Transporte vem a p\u00fablico esclarecer acerca das not\u00edcias que informam que o Sindicato dos Rodovi\u00e1rios [&hellip;]<\/p>\n","protected":false},"author":0,"featured_media":0,"comment_status":"open","ping_status":"open","sticky":false,"template":"","format":"standard","meta":{"site-sidebar-layout":"default","site-content-layout":"","ast-site-content-layout":"default","site-content-style":"default","site-sidebar-style":"default","ast-global-header-display":"","ast-banner-title-visibility":"","ast-main-header-display":"","ast-hfb-above-header-display":"","ast-hfb-below-header-display":"","ast-hfb-mobile-header-display":"","site-post-title":"","ast-breadcrumbs-content":"","ast-featured-img":"","footer-sml-layout":"","ast-disable-related-posts":"","theme-transparent-header-meta":"","adv-header-id-meta":"","stick-header-meta":"","header-above-stick-meta":"","header-main-stick-meta":"","header-below-stick-meta":"","astra-migrate-meta-layouts":"default","ast-page-background-enabled":"default","ast-page-background-meta":{"desktop":{"background-color":"var(--ast-global-color-5)","background-image":"","background-repeat":"repeat","background-position":"center center","background-size":"auto","background-attachment":"scroll","background-type":"","background-media":"","overlay-type":"","overlay-color":"","overlay-opacity":"","overlay-gradient":""},"tablet":{"background-color":"","background-image":"","background-repeat":"repeat","background-position":"center center","background-size":"auto","background-attachment":"scroll","background-type":"","background-media":"","overlay-type":"","overlay-color":"","overlay-opacity":"","overlay-gradient":""},"mobile":{"background-color":"","background-image":"","background-repeat":"repeat","background-position":"center center","background-size":"auto","background-attachment":"scroll","background-type":"","background-media":"","overlay-type":"","overlay-color":"","overlay-opacity":"","overlay-gradient":""}},"ast-content-background-meta":{"desktop":{"background-color":"var(--ast-global-color-4)","background-image":"","background-repeat":"repeat","background-position":"center center","background-size":"auto","background-attachment":"scroll","background-type":"","background-media":"","overlay-type":"","overlay-color":"","overlay-opacity":"","overlay-gradient":""},"tablet":{"background-color":"var(--ast-global-color-4)","background-image":"","background-repeat":"repeat","background-position":"center center","background-size":"auto","background-attachment":"scroll","background-type":"","background-media":"","overlay-type":"","overlay-color":"","overlay-opacity":"","overlay-gradient":""},"mobile":{"background-color":"var(--ast-global-color-4)","background-image":"","background-repeat":"repeat","background-position":"center center","background-size":"auto","background-attachment":"scroll","background-type":"","background-media":"","overlay-type":"","overlay-color":"","overlay-opacity":"","overlay-gradient":""}},"footnotes":""},"categories":[1],"tags":[],"class_list":["post-108739","post","type-post","status-publish","format-standard","hentry","category-sem-categoria"],"yoast_head":"<!-- This site is optimized with the Yoast SEO plugin v26.6 - https:\/\/yoast.com\/wordpress\/plugins\/seo\/ -->\n<title>SET explica que corte de subs\u00eddio da Prefeitura de S\u00e3o Lu\u00eds inviabilizou acordo com rodovi\u00e1rios e motivou greve do transporte - Daniel Matos<\/title>\n<meta name=\"robots\" content=\"index, follow, max-snippet:-1, max-image-preview:large, max-video-preview:-1\" \/>\n<link rel=\"canonical\" href=\"https:\/\/www.blogsoestado.com\/danielmatos\/set-explica-que-suspensao-de-subsidio-pago-pela-prefeitura-de-sao-luis-inviabilizou-acordo-com-rodoviarios-e-motivou-greve-do-transporte\/\" \/>\n<meta property=\"og:locale\" content=\"pt_BR\" \/>\n<meta property=\"og:type\" content=\"article\" \/>\n<meta property=\"og:title\" content=\"SET explica que corte de subs\u00eddio da Prefeitura de S\u00e3o Lu\u00eds inviabilizou acordo com rodovi\u00e1rios e motivou greve do transporte - Daniel Matos\" \/>\n<meta property=\"og:description\" content=\"O Sindicato das Empresas de Transporte vem a p\u00fablico esclarecer acerca das not\u00edcias que informam que o Sindicato dos Rodovi\u00e1rios [&hellip;]\" \/>\n<meta property=\"og:url\" content=\"https:\/\/www.blogsoestado.com\/danielmatos\/set-explica-que-suspensao-de-subsidio-pago-pela-prefeitura-de-sao-luis-inviabilizou-acordo-com-rodoviarios-e-motivou-greve-do-transporte\/\" \/>\n<meta property=\"og:site_name\" content=\"Daniel Matos\" \/>\n<meta property=\"article:published_time\" content=\"2023-04-25T01:42:25+00:00\" \/>\n<meta property=\"og:image\" content=\"https:\/\/www.blogsoestado.com\/danielmatos\/files\/2023\/04\/Screenshot_20230424-2245382.png\" \/>\n<meta name=\"twitter:card\" content=\"summary_large_image\" \/>\n<meta name=\"twitter:label1\" content=\"Est. tempo de leitura\" \/>\n\t<meta name=\"twitter:data1\" content=\"2 minutos\" \/>\n<script type=\"application\/ld+json\" class=\"yoast-schema-graph\">{\"@context\":\"https:\/\/schema.org\",\"@graph\":[{\"@type\":\"WebPage\",\"@id\":\"https:\/\/www.blogsoestado.com\/danielmatos\/set-explica-que-suspensao-de-subsidio-pago-pela-prefeitura-de-sao-luis-inviabilizou-acordo-com-rodoviarios-e-motivou-greve-do-transporte\/\",\"url\":\"https:\/\/www.blogsoestado.com\/danielmatos\/set-explica-que-suspensao-de-subsidio-pago-pela-prefeitura-de-sao-luis-inviabilizou-acordo-com-rodoviarios-e-motivou-greve-do-transporte\/\",\"name\":\"SET explica que corte de subs\u00eddio da Prefeitura de S\u00e3o Lu\u00eds inviabilizou acordo com rodovi\u00e1rios e motivou greve do transporte - Daniel Matos\",\"isPartOf\":{\"@id\":\"https:\/\/www.blogsoestado.com\/danielmatos\/#website\"},\"primaryImageOfPage\":{\"@id\":\"https:\/\/www.blogsoestado.com\/danielmatos\/set-explica-que-suspensao-de-subsidio-pago-pela-prefeitura-de-sao-luis-inviabilizou-acordo-com-rodoviarios-e-motivou-greve-do-transporte\/#primaryimage\"},\"image\":{\"@id\":\"https:\/\/www.blogsoestado.com\/danielmatos\/set-explica-que-suspensao-de-subsidio-pago-pela-prefeitura-de-sao-luis-inviabilizou-acordo-com-rodoviarios-e-motivou-greve-do-transporte\/#primaryimage\"},\"thumbnailUrl\":\"https:\/\/www.blogsoestado.com\/danielmatos\/files\/2023\/04\/Screenshot_20230424-2245382.png\",\"datePublished\":\"2023-04-25T01:42:25+00:00\",\"author\":{\"@id\":\"\"},\"breadcrumb\":{\"@id\":\"https:\/\/www.blogsoestado.com\/danielmatos\/set-explica-que-suspensao-de-subsidio-pago-pela-prefeitura-de-sao-luis-inviabilizou-acordo-com-rodoviarios-e-motivou-greve-do-transporte\/#breadcrumb\"},\"inLanguage\":\"pt-BR\",\"potentialAction\":[{\"@type\":\"ReadAction\",\"target\":[\"https:\/\/www.blogsoestado.com\/danielmatos\/set-explica-que-suspensao-de-subsidio-pago-pela-prefeitura-de-sao-luis-inviabilizou-acordo-com-rodoviarios-e-motivou-greve-do-transporte\/\"]}]},{\"@type\":\"ImageObject\",\"inLanguage\":\"pt-BR\",\"@id\":\"https:\/\/www.blogsoestado.com\/danielmatos\/set-explica-que-suspensao-de-subsidio-pago-pela-prefeitura-de-sao-luis-inviabilizou-acordo-com-rodoviarios-e-motivou-greve-do-transporte\/#primaryimage\",\"url\":\"https:\/\/www.blogsoestado.com\/danielmatos\/files\/2023\/04\/Screenshot_20230424-2245382.png\",\"contentUrl\":\"https:\/\/www.blogsoestado.com\/danielmatos\/files\/2023\/04\/Screenshot_20230424-2245382.png\"},{\"@type\":\"BreadcrumbList\",\"@id\":\"https:\/\/www.blogsoestado.com\/danielmatos\/set-explica-que-suspensao-de-subsidio-pago-pela-prefeitura-de-sao-luis-inviabilizou-acordo-com-rodoviarios-e-motivou-greve-do-transporte\/#breadcrumb\",\"itemListElement\":[{\"@type\":\"ListItem\",\"position\":1,\"name\":\"In\u00edcio\",\"item\":\"https:\/\/www.blogsoestado.com\/danielmatos\/\"},{\"@type\":\"ListItem\",\"position\":2,\"name\":\"SET explica que corte de subs\u00eddio da Prefeitura de S\u00e3o Lu\u00eds inviabilizou acordo com rodovi\u00e1rios e motivou greve do transporte\"}]},{\"@type\":\"WebSite\",\"@id\":\"https:\/\/www.blogsoestado.com\/danielmatos\/#website\",\"url\":\"https:\/\/www.blogsoestado.com\/danielmatos\/\",\"name\":\"Daniel Matos\",\"description\":\"\",\"potentialAction\":[{\"@type\":\"SearchAction\",\"target\":{\"@type\":\"EntryPoint\",\"urlTemplate\":\"https:\/\/www.blogsoestado.com\/danielmatos\/?s={search_term_string}\"},\"query-input\":{\"@type\":\"PropertyValueSpecification\",\"valueRequired\":true,\"valueName\":\"search_term_string\"}}],\"inLanguage\":\"pt-BR\"}]}<\/script>\n<!-- \/ Yoast SEO plugin. -->","yoast_head_json":{"title":"SET explica que corte de subs\u00eddio da Prefeitura de S\u00e3o Lu\u00eds inviabilizou acordo com rodovi\u00e1rios e motivou greve do transporte - Daniel Matos","robots":{"index":"index","follow":"follow","max-snippet":"max-snippet:-1","max-image-preview":"max-image-preview:large","max-video-preview":"max-video-preview:-1"},"canonical":"https:\/\/www.blogsoestado.com\/danielmatos\/set-explica-que-suspensao-de-subsidio-pago-pela-prefeitura-de-sao-luis-inviabilizou-acordo-com-rodoviarios-e-motivou-greve-do-transporte\/","og_locale":"pt_BR","og_type":"article","og_title":"SET explica que corte de subs\u00eddio da Prefeitura de S\u00e3o Lu\u00eds inviabilizou acordo com rodovi\u00e1rios e motivou greve do transporte - Daniel Matos","og_description":"O Sindicato das Empresas de Transporte vem a p\u00fablico esclarecer acerca das not\u00edcias que informam que o Sindicato dos Rodovi\u00e1rios [&hellip;]","og_url":"https:\/\/www.blogsoestado.com\/danielmatos\/set-explica-que-suspensao-de-subsidio-pago-pela-prefeitura-de-sao-luis-inviabilizou-acordo-com-rodoviarios-e-motivou-greve-do-transporte\/","og_site_name":"Daniel Matos","article_published_time":"2023-04-25T01:42:25+00:00","og_image":[{"url":"https:\/\/www.blogsoestado.com\/danielmatos\/files\/2023\/04\/Screenshot_20230424-2245382.png","type":"","width":"","height":""}],"twitter_card":"summary_large_image","twitter_misc":{"Est. tempo de leitura":"2 minutos"},"schema":{"@context":"https:\/\/schema.org","@graph":[{"@type":"WebPage","@id":"https:\/\/www.blogsoestado.com\/danielmatos\/set-explica-que-suspensao-de-subsidio-pago-pela-prefeitura-de-sao-luis-inviabilizou-acordo-com-rodoviarios-e-motivou-greve-do-transporte\/","url":"https:\/\/www.blogsoestado.com\/danielmatos\/set-explica-que-suspensao-de-subsidio-pago-pela-prefeitura-de-sao-luis-inviabilizou-acordo-com-rodoviarios-e-motivou-greve-do-transporte\/","name":"SET explica que corte de subs\u00eddio da Prefeitura de S\u00e3o Lu\u00eds inviabilizou acordo com rodovi\u00e1rios e motivou greve do transporte - Daniel Matos","isPartOf":{"@id":"https:\/\/www.blogsoestado.com\/danielmatos\/#website"},"primaryImageOfPage":{"@id":"https:\/\/www.blogsoestado.com\/danielmatos\/set-explica-que-suspensao-de-subsidio-pago-pela-prefeitura-de-sao-luis-inviabilizou-acordo-com-rodoviarios-e-motivou-greve-do-transporte\/#primaryimage"},"image":{"@id":"https:\/\/www.blogsoestado.com\/danielmatos\/set-explica-que-suspensao-de-subsidio-pago-pela-prefeitura-de-sao-luis-inviabilizou-acordo-com-rodoviarios-e-motivou-greve-do-transporte\/#primaryimage"},"thumbnailUrl":"https:\/\/www.blogsoestado.com\/danielmatos\/files\/2023\/04\/Screenshot_20230424-2245382.png","datePublished":"2023-04-25T01:42:25+00:00","author":{"@id":""},"breadcrumb":{"@id":"https:\/\/www.blogsoestado.com\/danielmatos\/set-explica-que-suspensao-de-subsidio-pago-pela-prefeitura-de-sao-luis-inviabilizou-acordo-com-rodoviarios-e-motivou-greve-do-transporte\/#breadcrumb"},"inLanguage":"pt-BR","potentialAction":[{"@type":"ReadAction","target":["https:\/\/www.blogsoestado.com\/danielmatos\/set-explica-que-suspensao-de-subsidio-pago-pela-prefeitura-de-sao-luis-inviabilizou-acordo-com-rodoviarios-e-motivou-greve-do-transporte\/"]}]},{"@type":"ImageObject","inLanguage":"pt-BR","@id":"https:\/\/www.blogsoestado.com\/danielmatos\/set-explica-que-suspensao-de-subsidio-pago-pela-prefeitura-de-sao-luis-inviabilizou-acordo-com-rodoviarios-e-motivou-greve-do-transporte\/#primaryimage","url":"https:\/\/www.blogsoestado.com\/danielmatos\/files\/2023\/04\/Screenshot_20230424-2245382.png","contentUrl":"https:\/\/www.blogsoestado.com\/danielmatos\/files\/2023\/04\/Screenshot_20230424-2245382.png"},{"@type":"BreadcrumbList","@id":"https:\/\/www.blogsoestado.com\/danielmatos\/set-explica-que-suspensao-de-subsidio-pago-pela-prefeitura-de-sao-luis-inviabilizou-acordo-com-rodoviarios-e-motivou-greve-do-transporte\/#breadcrumb","itemListElement":[{"@type":"ListItem","position":1,"name":"In\u00edcio","item":"https:\/\/www.blogsoestado.com\/danielmatos\/"},{"@type":"ListItem","position":2,"name":"SET explica que corte de subs\u00eddio da Prefeitura de S\u00e3o Lu\u00eds inviabilizou acordo com rodovi\u00e1rios e motivou greve do transporte"}]},{"@type":"WebSite","@id":"https:\/\/www.blogsoestado.com\/danielmatos\/#website","url":"https:\/\/www.blogsoestado.com\/danielmatos\/","name":"Daniel Matos","description":"","potentialAction":[{"@type":"SearchAction","target":{"@type":"EntryPoint","urlTemplate":"https:\/\/www.blogsoestado.com\/danielmatos\/?s={search_term_string}"},"query-input":{"@type":"PropertyValueSpecification","valueRequired":true,"valueName":"search_term_string"}}],"inLanguage":"pt-BR"}]}},"jetpack_featured_media_url":"","_links":{"self":[{"href":"https:\/\/www.blogsoestado.com\/danielmatos\/wp-json\/wp\/v2\/posts\/108739","targetHints":{"allow":["GET"]}}],"collection":[{"href":"https:\/\/www.blogsoestado.com\/danielmatos\/wp-json\/wp\/v2\/posts"}],"about":[{"href":"https:\/\/www.blogsoestado.com\/danielmatos\/wp-json\/wp\/v2\/types\/post"}],"replies":[{"embeddable":true,"href":"https:\/\/www.blogsoestado.com\/danielmatos\/wp-json\/wp\/v2\/comments?post=108739"}],"version-history":[{"count":0,"href":"https:\/\/www.blogsoestado.com\/danielmatos\/wp-json\/wp\/v2\/posts\/108739\/revisions"}],"wp:attachment":[{"href":"https:\/\/www.blogsoestado.com\/danielmatos\/wp-json\/wp\/v2\/media?parent=108739"}],"wp:term":[{"taxonomy":"category","embeddable":true,"href":"https:\/\/www.blogsoestado.com\/danielmatos\/wp-json\/wp\/v2\/categories?post=108739"},{"taxonomy":"post_tag","embeddable":true,"href":"https:\/\/www.blogsoestado.com\/danielmatos\/wp-json\/wp\/v2\/tags?post=108739"}],"curies":[{"name":"wp","href":"https:\/\/api.w.org\/{rel}","templated":true}]}}