{"id":108747,"date":"2023-04-25T09:25:58","date_gmt":"2023-04-25T12:25:58","guid":{"rendered":"https:\/\/www.blogsoestado.com\/danielmatos\/?p=108747"},"modified":"2023-04-25T09:25:58","modified_gmt":"2023-04-25T12:25:58","slug":"contra-a-lei-prefeitura-de-santa-ines-descumpre-ordem-judicial-e-nao-convoca-aprovados-em-concurso","status":"publish","type":"post","link":"https:\/\/www.blogsoestado.com\/danielmatos\/contra-a-lei-prefeitura-de-santa-ines-descumpre-ordem-judicial-e-nao-convoca-aprovados-em-concurso\/","title":{"rendered":"Contra a lei: Prefeitura de Santa In\u00eas descumpre ordem judicial e n\u00e3o convoca aprovados em concurso"},"content":{"rendered":"\n<div class=\"wp-block-image\"><figure class=\"aligncenter size-large\"><a href=\"https:\/\/www.blogsoestado.com\/danielmatos\/files\/2023\/04\/Screenshot_20230425-0912542.png\"><img decoding=\"async\" src=\"https:\/\/www.blogsoestado.com\/danielmatos\/files\/2023\/04\/Screenshot_20230425-0912542.png\" alt=\"\" class=\"wp-image-108748\"\/><\/a><figcaption>O prefeito de Santa In\u00eas, Felipe dos Pneus, se nega a cumprir as decis\u00f5es judiciais que ordenam a nomea\u00e7\u00e3o dos aprovados no concurso p\u00fablico <\/figcaption><\/figure><\/div>\n\n\n\n<p>Em recentes decis\u00f5es da 1\u00aa Vara de Santa In\u00eas, foi garantida a nomea\u00e7\u00e3o\u00a0de candidatos aprovados em concurso p\u00fablico municipal na \u00e1rea da Educa\u00e7\u00e3o. De acordo com as decis\u00f5es, dezenas de benefici\u00e1rios devem assumir os cargos de professores da Educa\u00e7\u00e3o Infantil e outros cargos que foram nomeados de forma\u00a0judicial, ficando a convoca\u00e7\u00e3o, nomea\u00e7\u00e3o e posse dos candidatos aos cargos obrigat\u00f3rias ao ente municipal.<\/p>\n\n\n\n<p>A \u00faltima convoca\u00e7\u00e3o foi publicada no Di\u00e1rio Oficial no dia 1\u00b0 de mar\u00e7o de\u00a02023, por\u00e9m, esta n\u00e3o foi a \u00fanica oportunidade em que\u00a0 a gest\u00e3o de Santa In\u00eas foi obrigada a dar posse aos aprovados por determina\u00e7\u00e3o judicial. Ainda em mar\u00e7o deste ano, o Munic\u00edpio teve que incorporar novos servidores admitidos por esse mesmo concurso, por nova decis\u00e3o judicial e ainda n\u00e3o cumpriu a ordem do Judici\u00e1rio.<\/p>\n\n\n\n<p>Segundo o advogado especialista em Direito Administrativo, R\u00f4mulo Frota, a gest\u00e3o de Santa In\u00eas optou por manter contratos tempor\u00e1rios, violando desta forma, o direito dos aprovados no concurso e desobedecendo os preceitos constitucionais.<\/p>\n\n\n\n<p>Conforme previsto em edital, ainda h\u00e1 exist\u00eancia de cargos ainda n\u00e3o preenchidos pelos aprovados. Em mar\u00e7o deste ano, uma nova decis\u00e3o judicial concedeu\u00a0\u00a0nomea\u00e7\u00e3o aos candidatos ao cargo de professor de Educa\u00e7\u00e3o Infantil em Santa In\u00eas, obrigando mais uma vez a Prefeitura a nomear os aprovados em at\u00e9 10 dias, mas a decis\u00e3o at\u00e9 hoje n\u00e3o foi cumprida, apesar de j\u00e1 ter sido esgotado o prazo dado pelo Poder Judici\u00e1rio.\u00a0<\/p>\n\n\n\n<p>Atualmente existem novas decis\u00f5es judiciais determinando \u00e0 gest\u00e3o que nomeie candidatos de outros cargos, tais como: professor da educa\u00e7\u00e3o infantil, professor das s\u00e9ries finais \u2013 L\u00edngua Portuguesa e professor das s\u00e9ries iniciais, ambas proferidas em 24 de abril de 2023 pelo juiz da 1\u00aa Vara de Santa In\u00eas.<\/p>\n\n\n\n<p>Abaixo, c\u00f3pia de uma liminar concedida em favor de candidatos aprovados no concurso p\u00fablico:<\/p>\n\n\n\n<div class=\"wp-block-image\"><figure class=\"aligncenter size-large\"><a href=\"https:\/\/www.blogsoestado.com\/danielmatos\/files\/2023\/04\/Screenshot_20230425-0914352.png\"><img decoding=\"async\" src=\"https:\/\/www.blogsoestado.com\/danielmatos\/files\/2023\/04\/Screenshot_20230425-0914352.png\" alt=\"\" class=\"wp-image-108749\"\/><\/a><\/figure><\/div>\n","protected":false},"excerpt":{"rendered":"<p>Em recentes decis\u00f5es da 1\u00aa Vara de Santa In\u00eas, foi garantida a nomea\u00e7\u00e3o\u00a0de candidatos aprovados em concurso p\u00fablico municipal na [&hellip;]<\/p>\n","protected":false},"author":0,"featured_media":0,"comment_status":"open","ping_status":"open","sticky":false,"template":"","format":"standard","meta":{"site-sidebar-layout":"default","site-content-layout":"","ast-site-content-layout":"default","site-content-style":"default","site-sidebar-style":"default","ast-global-header-display":"","ast-banner-title-visibility":"","ast-main-header-display":"","ast-hfb-above-header-display":"","ast-hfb-below-header-display":"","ast-hfb-mobile-header-display":"","site-post-title":"","ast-breadcrumbs-content":"","ast-featured-img":"","footer-sml-layout":"","ast-disable-related-posts":"","theme-transparent-header-meta":"","adv-header-id-meta":"","stick-header-meta":"","header-above-stick-meta":"","header-main-stick-meta":"","header-below-stick-meta":"","astra-migrate-meta-layouts":"default","ast-page-background-enabled":"default","ast-page-background-meta":{"desktop":{"background-color":"var(--ast-global-color-5)","background-image":"","background-repeat":"repeat","background-position":"center center","background-size":"auto","background-attachment":"scroll","background-type":"","background-media":"","overlay-type":"","overlay-color":"","overlay-opacity":"","overlay-gradient":""},"tablet":{"background-color":"","background-image":"","background-repeat":"repeat","background-position":"center center","background-size":"auto","background-attachment":"scroll","background-type":"","background-media":"","overlay-type":"","overlay-color":"","overlay-opacity":"","overlay-gradient":""},"mobile":{"background-color":"","background-image":"","background-repeat":"repeat","background-position":"center center","background-size":"auto","background-attachment":"scroll","background-type":"","background-media":"","overlay-type":"","overlay-color":"","overlay-opacity":"","overlay-gradient":""}},"ast-content-background-meta":{"desktop":{"background-color":"var(--ast-global-color-4)","background-image":"","background-repeat":"repeat","background-position":"center center","background-size":"auto","background-attachment":"scroll","background-type":"","background-media":"","overlay-type":"","overlay-color":"","overlay-opacity":"","overlay-gradient":""},"tablet":{"background-color":"var(--ast-global-color-4)","background-image":"","background-repeat":"repeat","background-position":"center center","background-size":"auto","background-attachment":"scroll","background-type":"","background-media":"","overlay-type":"","overlay-color":"","overlay-opacity":"","overlay-gradient":""},"mobile":{"background-color":"var(--ast-global-color-4)","background-image":"","background-repeat":"repeat","background-position":"center center","background-size":"auto","background-attachment":"scroll","background-type":"","background-media":"","overlay-type":"","overlay-color":"","overlay-opacity":"","overlay-gradient":""}},"footnotes":""},"categories":[1],"tags":[],"class_list":["post-108747","post","type-post","status-publish","format-standard","hentry","category-sem-categoria"],"yoast_head":"<!-- This site is optimized with the Yoast SEO plugin v26.6 - https:\/\/yoast.com\/wordpress\/plugins\/seo\/ -->\n<title>Contra a lei: Prefeitura de Santa In\u00eas descumpre ordem judicial e n\u00e3o convoca aprovados em concurso - Daniel Matos<\/title>\n<meta name=\"robots\" content=\"index, follow, max-snippet:-1, max-image-preview:large, max-video-preview:-1\" \/>\n<link rel=\"canonical\" href=\"https:\/\/www.blogsoestado.com\/danielmatos\/contra-a-lei-prefeitura-de-santa-ines-descumpre-ordem-judicial-e-nao-convoca-aprovados-em-concurso\/\" \/>\n<meta property=\"og:locale\" content=\"pt_BR\" \/>\n<meta property=\"og:type\" content=\"article\" \/>\n<meta property=\"og:title\" content=\"Contra a lei: Prefeitura de Santa In\u00eas descumpre ordem judicial e n\u00e3o convoca aprovados em concurso - Daniel Matos\" \/>\n<meta property=\"og:description\" content=\"Em recentes decis\u00f5es da 1\u00aa Vara de Santa In\u00eas, foi garantida a nomea\u00e7\u00e3o\u00a0de candidatos aprovados em concurso p\u00fablico municipal na [&hellip;]\" \/>\n<meta property=\"og:url\" content=\"https:\/\/www.blogsoestado.com\/danielmatos\/contra-a-lei-prefeitura-de-santa-ines-descumpre-ordem-judicial-e-nao-convoca-aprovados-em-concurso\/\" \/>\n<meta property=\"og:site_name\" content=\"Daniel Matos\" \/>\n<meta property=\"article:published_time\" content=\"2023-04-25T12:25:58+00:00\" \/>\n<meta property=\"og:image\" content=\"https:\/\/www.blogsoestado.com\/danielmatos\/files\/2023\/04\/Screenshot_20230425-0912542.png\" \/>\n<meta name=\"twitter:card\" content=\"summary_large_image\" \/>\n<meta name=\"twitter:label1\" content=\"Est. tempo de leitura\" \/>\n\t<meta name=\"twitter:data1\" content=\"2 minutos\" \/>\n<script type=\"application\/ld+json\" class=\"yoast-schema-graph\">{\"@context\":\"https:\/\/schema.org\",\"@graph\":[{\"@type\":\"WebPage\",\"@id\":\"https:\/\/www.blogsoestado.com\/danielmatos\/contra-a-lei-prefeitura-de-santa-ines-descumpre-ordem-judicial-e-nao-convoca-aprovados-em-concurso\/\",\"url\":\"https:\/\/www.blogsoestado.com\/danielmatos\/contra-a-lei-prefeitura-de-santa-ines-descumpre-ordem-judicial-e-nao-convoca-aprovados-em-concurso\/\",\"name\":\"Contra a lei: Prefeitura de Santa In\u00eas descumpre ordem judicial e n\u00e3o convoca aprovados em concurso - Daniel Matos\",\"isPartOf\":{\"@id\":\"https:\/\/www.blogsoestado.com\/danielmatos\/#website\"},\"primaryImageOfPage\":{\"@id\":\"https:\/\/www.blogsoestado.com\/danielmatos\/contra-a-lei-prefeitura-de-santa-ines-descumpre-ordem-judicial-e-nao-convoca-aprovados-em-concurso\/#primaryimage\"},\"image\":{\"@id\":\"https:\/\/www.blogsoestado.com\/danielmatos\/contra-a-lei-prefeitura-de-santa-ines-descumpre-ordem-judicial-e-nao-convoca-aprovados-em-concurso\/#primaryimage\"},\"thumbnailUrl\":\"https:\/\/www.blogsoestado.com\/danielmatos\/files\/2023\/04\/Screenshot_20230425-0912542.png\",\"datePublished\":\"2023-04-25T12:25:58+00:00\",\"author\":{\"@id\":\"\"},\"breadcrumb\":{\"@id\":\"https:\/\/www.blogsoestado.com\/danielmatos\/contra-a-lei-prefeitura-de-santa-ines-descumpre-ordem-judicial-e-nao-convoca-aprovados-em-concurso\/#breadcrumb\"},\"inLanguage\":\"pt-BR\",\"potentialAction\":[{\"@type\":\"ReadAction\",\"target\":[\"https:\/\/www.blogsoestado.com\/danielmatos\/contra-a-lei-prefeitura-de-santa-ines-descumpre-ordem-judicial-e-nao-convoca-aprovados-em-concurso\/\"]}]},{\"@type\":\"ImageObject\",\"inLanguage\":\"pt-BR\",\"@id\":\"https:\/\/www.blogsoestado.com\/danielmatos\/contra-a-lei-prefeitura-de-santa-ines-descumpre-ordem-judicial-e-nao-convoca-aprovados-em-concurso\/#primaryimage\",\"url\":\"https:\/\/www.blogsoestado.com\/danielmatos\/files\/2023\/04\/Screenshot_20230425-0912542.png\",\"contentUrl\":\"https:\/\/www.blogsoestado.com\/danielmatos\/files\/2023\/04\/Screenshot_20230425-0912542.png\"},{\"@type\":\"BreadcrumbList\",\"@id\":\"https:\/\/www.blogsoestado.com\/danielmatos\/contra-a-lei-prefeitura-de-santa-ines-descumpre-ordem-judicial-e-nao-convoca-aprovados-em-concurso\/#breadcrumb\",\"itemListElement\":[{\"@type\":\"ListItem\",\"position\":1,\"name\":\"In\u00edcio\",\"item\":\"https:\/\/www.blogsoestado.com\/danielmatos\/\"},{\"@type\":\"ListItem\",\"position\":2,\"name\":\"Contra a lei: Prefeitura de Santa In\u00eas descumpre ordem judicial e n\u00e3o convoca aprovados em concurso\"}]},{\"@type\":\"WebSite\",\"@id\":\"https:\/\/www.blogsoestado.com\/danielmatos\/#website\",\"url\":\"https:\/\/www.blogsoestado.com\/danielmatos\/\",\"name\":\"Daniel Matos\",\"description\":\"\",\"potentialAction\":[{\"@type\":\"SearchAction\",\"target\":{\"@type\":\"EntryPoint\",\"urlTemplate\":\"https:\/\/www.blogsoestado.com\/danielmatos\/?s={search_term_string}\"},\"query-input\":{\"@type\":\"PropertyValueSpecification\",\"valueRequired\":true,\"valueName\":\"search_term_string\"}}],\"inLanguage\":\"pt-BR\"}]}<\/script>\n<!-- \/ Yoast SEO plugin. -->","yoast_head_json":{"title":"Contra a lei: Prefeitura de Santa In\u00eas descumpre ordem judicial e n\u00e3o convoca aprovados em concurso - Daniel Matos","robots":{"index":"index","follow":"follow","max-snippet":"max-snippet:-1","max-image-preview":"max-image-preview:large","max-video-preview":"max-video-preview:-1"},"canonical":"https:\/\/www.blogsoestado.com\/danielmatos\/contra-a-lei-prefeitura-de-santa-ines-descumpre-ordem-judicial-e-nao-convoca-aprovados-em-concurso\/","og_locale":"pt_BR","og_type":"article","og_title":"Contra a lei: Prefeitura de Santa In\u00eas descumpre ordem judicial e n\u00e3o convoca aprovados em concurso - Daniel Matos","og_description":"Em recentes decis\u00f5es da 1\u00aa Vara de Santa In\u00eas, foi garantida a nomea\u00e7\u00e3o\u00a0de candidatos aprovados em concurso p\u00fablico municipal na [&hellip;]","og_url":"https:\/\/www.blogsoestado.com\/danielmatos\/contra-a-lei-prefeitura-de-santa-ines-descumpre-ordem-judicial-e-nao-convoca-aprovados-em-concurso\/","og_site_name":"Daniel Matos","article_published_time":"2023-04-25T12:25:58+00:00","og_image":[{"url":"https:\/\/www.blogsoestado.com\/danielmatos\/files\/2023\/04\/Screenshot_20230425-0912542.png","type":"","width":"","height":""}],"twitter_card":"summary_large_image","twitter_misc":{"Est. tempo de leitura":"2 minutos"},"schema":{"@context":"https:\/\/schema.org","@graph":[{"@type":"WebPage","@id":"https:\/\/www.blogsoestado.com\/danielmatos\/contra-a-lei-prefeitura-de-santa-ines-descumpre-ordem-judicial-e-nao-convoca-aprovados-em-concurso\/","url":"https:\/\/www.blogsoestado.com\/danielmatos\/contra-a-lei-prefeitura-de-santa-ines-descumpre-ordem-judicial-e-nao-convoca-aprovados-em-concurso\/","name":"Contra a lei: Prefeitura de Santa In\u00eas descumpre ordem judicial e n\u00e3o convoca aprovados em concurso - Daniel Matos","isPartOf":{"@id":"https:\/\/www.blogsoestado.com\/danielmatos\/#website"},"primaryImageOfPage":{"@id":"https:\/\/www.blogsoestado.com\/danielmatos\/contra-a-lei-prefeitura-de-santa-ines-descumpre-ordem-judicial-e-nao-convoca-aprovados-em-concurso\/#primaryimage"},"image":{"@id":"https:\/\/www.blogsoestado.com\/danielmatos\/contra-a-lei-prefeitura-de-santa-ines-descumpre-ordem-judicial-e-nao-convoca-aprovados-em-concurso\/#primaryimage"},"thumbnailUrl":"https:\/\/www.blogsoestado.com\/danielmatos\/files\/2023\/04\/Screenshot_20230425-0912542.png","datePublished":"2023-04-25T12:25:58+00:00","author":{"@id":""},"breadcrumb":{"@id":"https:\/\/www.blogsoestado.com\/danielmatos\/contra-a-lei-prefeitura-de-santa-ines-descumpre-ordem-judicial-e-nao-convoca-aprovados-em-concurso\/#breadcrumb"},"inLanguage":"pt-BR","potentialAction":[{"@type":"ReadAction","target":["https:\/\/www.blogsoestado.com\/danielmatos\/contra-a-lei-prefeitura-de-santa-ines-descumpre-ordem-judicial-e-nao-convoca-aprovados-em-concurso\/"]}]},{"@type":"ImageObject","inLanguage":"pt-BR","@id":"https:\/\/www.blogsoestado.com\/danielmatos\/contra-a-lei-prefeitura-de-santa-ines-descumpre-ordem-judicial-e-nao-convoca-aprovados-em-concurso\/#primaryimage","url":"https:\/\/www.blogsoestado.com\/danielmatos\/files\/2023\/04\/Screenshot_20230425-0912542.png","contentUrl":"https:\/\/www.blogsoestado.com\/danielmatos\/files\/2023\/04\/Screenshot_20230425-0912542.png"},{"@type":"BreadcrumbList","@id":"https:\/\/www.blogsoestado.com\/danielmatos\/contra-a-lei-prefeitura-de-santa-ines-descumpre-ordem-judicial-e-nao-convoca-aprovados-em-concurso\/#breadcrumb","itemListElement":[{"@type":"ListItem","position":1,"name":"In\u00edcio","item":"https:\/\/www.blogsoestado.com\/danielmatos\/"},{"@type":"ListItem","position":2,"name":"Contra a lei: Prefeitura de Santa In\u00eas descumpre ordem judicial e n\u00e3o convoca aprovados em concurso"}]},{"@type":"WebSite","@id":"https:\/\/www.blogsoestado.com\/danielmatos\/#website","url":"https:\/\/www.blogsoestado.com\/danielmatos\/","name":"Daniel Matos","description":"","potentialAction":[{"@type":"SearchAction","target":{"@type":"EntryPoint","urlTemplate":"https:\/\/www.blogsoestado.com\/danielmatos\/?s={search_term_string}"},"query-input":{"@type":"PropertyValueSpecification","valueRequired":true,"valueName":"search_term_string"}}],"inLanguage":"pt-BR"}]}},"jetpack_featured_media_url":"","_links":{"self":[{"href":"https:\/\/www.blogsoestado.com\/danielmatos\/wp-json\/wp\/v2\/posts\/108747","targetHints":{"allow":["GET"]}}],"collection":[{"href":"https:\/\/www.blogsoestado.com\/danielmatos\/wp-json\/wp\/v2\/posts"}],"about":[{"href":"https:\/\/www.blogsoestado.com\/danielmatos\/wp-json\/wp\/v2\/types\/post"}],"replies":[{"embeddable":true,"href":"https:\/\/www.blogsoestado.com\/danielmatos\/wp-json\/wp\/v2\/comments?post=108747"}],"version-history":[{"count":0,"href":"https:\/\/www.blogsoestado.com\/danielmatos\/wp-json\/wp\/v2\/posts\/108747\/revisions"}],"wp:attachment":[{"href":"https:\/\/www.blogsoestado.com\/danielmatos\/wp-json\/wp\/v2\/media?parent=108747"}],"wp:term":[{"taxonomy":"category","embeddable":true,"href":"https:\/\/www.blogsoestado.com\/danielmatos\/wp-json\/wp\/v2\/categories?post=108747"},{"taxonomy":"post_tag","embeddable":true,"href":"https:\/\/www.blogsoestado.com\/danielmatos\/wp-json\/wp\/v2\/tags?post=108747"}],"curies":[{"name":"wp","href":"https:\/\/api.w.org\/{rel}","templated":true}]}}